{"id":7216,"date":"2021-05-27T04:51:36","date_gmt":"2021-05-27T04:51:36","guid":{"rendered":"https:\/\/sindromecharge.es\/index.php\/2021\/05\/27\/nos-adherimos-al-dia-de-la-concienciacion-de-las-colagenopatias-tipo-ii\/"},"modified":"2021-05-27T04:51:36","modified_gmt":"2021-05-27T04:51:36","slug":"nos-adherimos-al-dia-de-la-concienciacion-de-las-colagenopatias-tipo-ii","status":"publish","type":"post","link":"https:\/\/sindromecharge.es\/index.php\/2021\/05\/27\/nos-adherimos-al-dia-de-la-concienciacion-de-las-colagenopatias-tipo-ii\/","title":{"rendered":"Nos adherimos al D\u00eda de la Concienciaci\u00f3n de las Colagenopat\u00edas tipo II"},"content":{"rendered":"<p>Leemos en FEDER la siguiente noticia que os reproducimos de forma \u00edntegra: <\/p>\n<p><p>La Federaci\u00f3n Espa\u00f1ola de Enfermedades Raras (FEDER) se suma al D\u00eda de la Concienciaci\u00f3n de las Colagenopat\u00edas de tipo II para potenciarla la sensibilizaci\u00f3n social y mejorar, as\u00ed, la calidad de vida de las personas que conviven con alguna de estas patolog\u00edas poco frecuentes.<\/p>\n<p>Las Colagenopat\u00edas Tipo II se produce por mutaciones en el gen COL2A1, produciendo una serie de des\u00f3rdenes que se caracterizan cl\u00ednicamente por afecciones en el \u00e1mbito ocular, m\u00fasculo-esquel\u00e9tico, oro-facial, y auditivas, dado que el col\u00e1geno tipo II se encuentra en mayor grado en el cart\u00edlago articular, el Humor v\u00edtreo o en el O\u00eddo interno.<\/p>\n<p>\u201cToda la familia FEDER se une a esta jornada para impulsar la transformaci\u00f3n social y reflejar la realidad de las personas que conviven con alguna Colagenopat\u00eda Tipo II. Adem\u00e1s, en esta jornada, queremos trasladar nuestro apoyo a las familias y a las entidades del movimiento asociativo que trabajan diariamente por el colectivo\u201d a\u00f1ade Juan Carri\u00f3n, presidente de FEDER y su Fundaci\u00f3n.<\/p>\n<p>Y es que, las asociaciones de pacientes se conviertes en un pilar fundamental para las personas que conviven con alguna enfermedad poco frecuente, en este caso, con Colagenopat\u00edas de Tipo II. Las entidades trabajan para garantizar el bienestar del colectivo, todo ello, difunden informaci\u00f3n sobre la patolog\u00eda, orientan a los pacientes y a las familias, defienden sus derechos o potencian la investigaci\u00f3n cient\u00edfica.<\/p>\n<p>Todo ello, es gracias a la labor diaria de entidades como Asociaci\u00f3n de Familiares y Afectados por el S\u00edndrome de Stickler, SEDC y otras Colagenopat\u00edas Tipo II (COL2A1) (AFASCOL) y la Asociaci\u00f3n Nacional del S\u00edndrome de Ehlers Danlos, Hiperlaxitud y Colagenopat\u00edas (ANSEDH).<\/p>\n<p>\u00daltima actualizaci\u00f3n 27\/05\/2021<\/p>\n<\/p>\n<p>Fuente: FEDER <a href=\"https:\/\/enfermedades-raras.org\/index.php\/actualidad\/noticias-eventos\/2-feder\/15420-nos-adherimos-al-d%C3%ADa-de-la-concienciaci%C3%B3n-de-las-colagenopat%C3%ADas-tipo-ii\" target=\"_blank\" rel=\"noopener\">Nos adherimos al D\u00eda de la Concienciaci\u00f3n de las Colagenopat\u00edas tipo II<\/a><\/p>\n","protected":false},"excerpt":{"rendered":"<p>Leemos en FEDER la siguiente noticia que os reproducimos de forma \u00edntegra: La Federaci\u00f3n Espa\u00f1ola de Enfermedades Raras (FEDER) se suma al D\u00eda de la Concienciaci\u00f3n de las Colagenopat\u00edas de tipo II para potenciarla la sensibilizaci\u00f3n social y mejorar, as\u00ed, la calidad de vida de las personas que conviven con alguna de estas patolog\u00edas poco [&hellip;]<\/p>\n","protected":false},"author":1,"featured_media":0,"comment_status":"open","ping_status":"closed","sticky":false,"template":"","format":"standard","meta":{"footnotes":""},"categories":[8],"tags":[36],"class_list":["post-7216","post","type-post","status-publish","format-standard","hentry","category-noticias","tag-enfermedades-raras"],"yoast_head":"<!-- This site is optimized with the Yoast SEO plugin v27.4 - https:\/\/yoast.com\/product\/yoast-seo-wordpress\/ -->\n<title>Nos adherimos al D\u00eda de la Concienciaci\u00f3n de las Colagenopat\u00edas tipo II - Asociaci\u00f3n Espa\u00f1ola S\u00edndrome de Charge<\/title>\n<meta name=\"robots\" content=\"index, follow, max-snippet:-1, max-image-preview:large, max-video-preview:-1\" \/>\n<link rel=\"canonical\" href=\"https:\/\/sindromecharge.es\/index.php\/2021\/05\/27\/nos-adherimos-al-dia-de-la-concienciacion-de-las-colagenopatias-tipo-ii\/\" \/>\n<meta property=\"og:locale\" content=\"es_ES\" \/>\n<meta property=\"og:type\" content=\"article\" \/>\n<meta property=\"og:title\" content=\"Nos adherimos al D\u00eda de la Concienciaci\u00f3n de las Colagenopat\u00edas tipo II - Asociaci\u00f3n Espa\u00f1ola S\u00edndrome de Charge\" \/>\n<meta property=\"og:description\" content=\"Leemos en FEDER la siguiente noticia que os reproducimos de forma \u00edntegra: La Federaci\u00f3n Espa\u00f1ola de Enfermedades Raras (FEDER) se suma al D\u00eda de la Concienciaci\u00f3n de las Colagenopat\u00edas de tipo II para potenciarla la sensibilizaci\u00f3n social y mejorar, as\u00ed, la calidad de vida de las personas que conviven con alguna de estas patolog\u00edas poco [&hellip;]\" \/>\n<meta property=\"og:url\" content=\"https:\/\/sindromecharge.es\/index.php\/2021\/05\/27\/nos-adherimos-al-dia-de-la-concienciacion-de-las-colagenopatias-tipo-ii\/\" \/>\n<meta property=\"og:site_name\" content=\"Asociaci\u00f3n Espa\u00f1ola S\u00edndrome de Charge\" \/>\n<meta property=\"article:publisher\" content=\"https:\/\/www.facebook.com\/asociacionsindromecharge\" \/>\n<meta property=\"article:published_time\" content=\"2021-05-27T04:51:36+00:00\" \/>\n<meta property=\"og:image\" content=\"https:\/\/sindromecharge.es\/wp-content\/uploads\/2013\/09\/logodecharge300x98.png\" \/>\n\t<meta property=\"og:image:width\" content=\"300\" \/>\n\t<meta property=\"og:image:height\" content=\"98\" \/>\n\t<meta property=\"og:image:type\" content=\"image\/png\" \/>\n<meta name=\"author\" content=\"Charge\" \/>\n<meta name=\"twitter:card\" content=\"summary_large_image\" \/>\n<meta name=\"twitter:creator\" content=\"@sindromecharge\" \/>\n<meta name=\"twitter:site\" content=\"@sindromecharge\" \/>\n<meta name=\"twitter:label1\" content=\"Escrito por\" \/>\n\t<meta name=\"twitter:data1\" content=\"Charge\" \/>\n\t<meta name=\"twitter:label2\" content=\"Tiempo de lectura\" \/>\n\t<meta name=\"twitter:data2\" content=\"2 minutos\" \/>\n<script type=\"application\/ld+json\" class=\"yoast-schema-graph\">{\"@context\":\"https:\\\/\\\/schema.org\",\"@graph\":[{\"@type\":\"Article\",\"@id\":\"https:\\\/\\\/sindromecharge.es\\\/index.php\\\/2021\\\/05\\\/27\\\/nos-adherimos-al-dia-de-la-concienciacion-de-las-colagenopatias-tipo-ii\\\/#article\",\"isPartOf\":{\"@id\":\"https:\\\/\\\/sindromecharge.es\\\/index.php\\\/2021\\\/05\\\/27\\\/nos-adherimos-al-dia-de-la-concienciacion-de-las-colagenopatias-tipo-ii\\\/\"},\"author\":{\"name\":\"Charge\",\"@id\":\"https:\\\/\\\/sindromecharge.es\\\/#\\\/schema\\\/person\\\/39a60ebe0a2b4d5a11179701e336b039\"},\"headline\":\"Nos adherimos al D\u00eda de la Concienciaci\u00f3n de las Colagenopat\u00edas tipo II\",\"datePublished\":\"2021-05-27T04:51:36+00:00\",\"mainEntityOfPage\":{\"@id\":\"https:\\\/\\\/sindromecharge.es\\\/index.php\\\/2021\\\/05\\\/27\\\/nos-adherimos-al-dia-de-la-concienciacion-de-las-colagenopatias-tipo-ii\\\/\"},\"wordCount\":346,\"commentCount\":0,\"keywords\":[\"enfermedades raras\"],\"articleSection\":[\"noticias\"],\"inLanguage\":\"es\",\"potentialAction\":[{\"@type\":\"CommentAction\",\"name\":\"Comment\",\"target\":[\"https:\\\/\\\/sindromecharge.es\\\/index.php\\\/2021\\\/05\\\/27\\\/nos-adherimos-al-dia-de-la-concienciacion-de-las-colagenopatias-tipo-ii\\\/#respond\"]}]},{\"@type\":\"WebPage\",\"@id\":\"https:\\\/\\\/sindromecharge.es\\\/index.php\\\/2021\\\/05\\\/27\\\/nos-adherimos-al-dia-de-la-concienciacion-de-las-colagenopatias-tipo-ii\\\/\",\"url\":\"https:\\\/\\\/sindromecharge.es\\\/index.php\\\/2021\\\/05\\\/27\\\/nos-adherimos-al-dia-de-la-concienciacion-de-las-colagenopatias-tipo-ii\\\/\",\"name\":\"Nos adherimos al D\u00eda de la Concienciaci\u00f3n de las Colagenopat\u00edas tipo II - Asociaci\u00f3n Espa\u00f1ola S\u00edndrome de Charge\",\"isPartOf\":{\"@id\":\"https:\\\/\\\/sindromecharge.es\\\/#website\"},\"datePublished\":\"2021-05-27T04:51:36+00:00\",\"author\":{\"@id\":\"https:\\\/\\\/sindromecharge.es\\\/#\\\/schema\\\/person\\\/39a60ebe0a2b4d5a11179701e336b039\"},\"breadcrumb\":{\"@id\":\"https:\\\/\\\/sindromecharge.es\\\/index.php\\\/2021\\\/05\\\/27\\\/nos-adherimos-al-dia-de-la-concienciacion-de-las-colagenopatias-tipo-ii\\\/#breadcrumb\"},\"inLanguage\":\"es\",\"potentialAction\":[{\"@type\":\"ReadAction\",\"target\":[\"https:\\\/\\\/sindromecharge.es\\\/index.php\\\/2021\\\/05\\\/27\\\/nos-adherimos-al-dia-de-la-concienciacion-de-las-colagenopatias-tipo-ii\\\/\"]}]},{\"@type\":\"BreadcrumbList\",\"@id\":\"https:\\\/\\\/sindromecharge.es\\\/index.php\\\/2021\\\/05\\\/27\\\/nos-adherimos-al-dia-de-la-concienciacion-de-las-colagenopatias-tipo-ii\\\/#breadcrumb\",\"itemListElement\":[{\"@type\":\"ListItem\",\"position\":1,\"name\":\"Portada\",\"item\":\"https:\\\/\\\/sindromecharge.es\\\/\"},{\"@type\":\"ListItem\",\"position\":2,\"name\":\"Nos adherimos al D\u00eda de la Concienciaci\u00f3n de las Colagenopat\u00edas tipo II\"}]},{\"@type\":\"WebSite\",\"@id\":\"https:\\\/\\\/sindromecharge.es\\\/#website\",\"url\":\"https:\\\/\\\/sindromecharge.es\\\/\",\"name\":\"Asociaci\u00f3n Espa\u00f1ola S\u00edndrome de Charge\",\"description\":\"\",\"potentialAction\":[{\"@type\":\"SearchAction\",\"target\":{\"@type\":\"EntryPoint\",\"urlTemplate\":\"https:\\\/\\\/sindromecharge.es\\\/?s={search_term_string}\"},\"query-input\":{\"@type\":\"PropertyValueSpecification\",\"valueRequired\":true,\"valueName\":\"search_term_string\"}}],\"inLanguage\":\"es\"},{\"@type\":\"Person\",\"@id\":\"https:\\\/\\\/sindromecharge.es\\\/#\\\/schema\\\/person\\\/39a60ebe0a2b4d5a11179701e336b039\",\"name\":\"Charge\",\"image\":{\"@type\":\"ImageObject\",\"inLanguage\":\"es\",\"@id\":\"https:\\\/\\\/secure.gravatar.com\\\/avatar\\\/c3b46e32a0fc3b093a0873fb767bf3293de856293065e84ef06b7ec7a8acfb98?s=96&d=identicon&r=x\",\"url\":\"https:\\\/\\\/secure.gravatar.com\\\/avatar\\\/c3b46e32a0fc3b093a0873fb767bf3293de856293065e84ef06b7ec7a8acfb98?s=96&d=identicon&r=x\",\"contentUrl\":\"https:\\\/\\\/secure.gravatar.com\\\/avatar\\\/c3b46e32a0fc3b093a0873fb767bf3293de856293065e84ef06b7ec7a8acfb98?s=96&d=identicon&r=x\",\"caption\":\"Charge\"},\"url\":\"https:\\\/\\\/sindromecharge.es\\\/index.php\\\/author\\\/admin\\\/\"}]}<\/script>\n<!-- \/ Yoast SEO plugin. -->","yoast_head_json":{"title":"Nos adherimos al D\u00eda de la Concienciaci\u00f3n de las Colagenopat\u00edas tipo II - Asociaci\u00f3n Espa\u00f1ola S\u00edndrome de Charge","robots":{"index":"index","follow":"follow","max-snippet":"max-snippet:-1","max-image-preview":"max-image-preview:large","max-video-preview":"max-video-preview:-1"},"canonical":"https:\/\/sindromecharge.es\/index.php\/2021\/05\/27\/nos-adherimos-al-dia-de-la-concienciacion-de-las-colagenopatias-tipo-ii\/","og_locale":"es_ES","og_type":"article","og_title":"Nos adherimos al D\u00eda de la Concienciaci\u00f3n de las Colagenopat\u00edas tipo II - Asociaci\u00f3n Espa\u00f1ola S\u00edndrome de Charge","og_description":"Leemos en FEDER la siguiente noticia que os reproducimos de forma \u00edntegra: La Federaci\u00f3n Espa\u00f1ola de Enfermedades Raras (FEDER) se suma al D\u00eda de la Concienciaci\u00f3n de las Colagenopat\u00edas de tipo II para potenciarla la sensibilizaci\u00f3n social y mejorar, as\u00ed, la calidad de vida de las personas que conviven con alguna de estas patolog\u00edas poco [&hellip;]","og_url":"https:\/\/sindromecharge.es\/index.php\/2021\/05\/27\/nos-adherimos-al-dia-de-la-concienciacion-de-las-colagenopatias-tipo-ii\/","og_site_name":"Asociaci\u00f3n Espa\u00f1ola S\u00edndrome de Charge","article_publisher":"https:\/\/www.facebook.com\/asociacionsindromecharge","article_published_time":"2021-05-27T04:51:36+00:00","og_image":[{"width":300,"height":98,"url":"https:\/\/sindromecharge.es\/wp-content\/uploads\/2013\/09\/logodecharge300x98.png","type":"image\/png"}],"author":"Charge","twitter_card":"summary_large_image","twitter_creator":"@sindromecharge","twitter_site":"@sindromecharge","twitter_misc":{"Escrito por":"Charge","Tiempo de lectura":"2 minutos"},"schema":{"@context":"https:\/\/schema.org","@graph":[{"@type":"Article","@id":"https:\/\/sindromecharge.es\/index.php\/2021\/05\/27\/nos-adherimos-al-dia-de-la-concienciacion-de-las-colagenopatias-tipo-ii\/#article","isPartOf":{"@id":"https:\/\/sindromecharge.es\/index.php\/2021\/05\/27\/nos-adherimos-al-dia-de-la-concienciacion-de-las-colagenopatias-tipo-ii\/"},"author":{"name":"Charge","@id":"https:\/\/sindromecharge.es\/#\/schema\/person\/39a60ebe0a2b4d5a11179701e336b039"},"headline":"Nos adherimos al D\u00eda de la Concienciaci\u00f3n de las Colagenopat\u00edas tipo II","datePublished":"2021-05-27T04:51:36+00:00","mainEntityOfPage":{"@id":"https:\/\/sindromecharge.es\/index.php\/2021\/05\/27\/nos-adherimos-al-dia-de-la-concienciacion-de-las-colagenopatias-tipo-ii\/"},"wordCount":346,"commentCount":0,"keywords":["enfermedades raras"],"articleSection":["noticias"],"inLanguage":"es","potentialAction":[{"@type":"CommentAction","name":"Comment","target":["https:\/\/sindromecharge.es\/index.php\/2021\/05\/27\/nos-adherimos-al-dia-de-la-concienciacion-de-las-colagenopatias-tipo-ii\/#respond"]}]},{"@type":"WebPage","@id":"https:\/\/sindromecharge.es\/index.php\/2021\/05\/27\/nos-adherimos-al-dia-de-la-concienciacion-de-las-colagenopatias-tipo-ii\/","url":"https:\/\/sindromecharge.es\/index.php\/2021\/05\/27\/nos-adherimos-al-dia-de-la-concienciacion-de-las-colagenopatias-tipo-ii\/","name":"Nos adherimos al D\u00eda de la Concienciaci\u00f3n de las Colagenopat\u00edas tipo II - Asociaci\u00f3n Espa\u00f1ola S\u00edndrome de Charge","isPartOf":{"@id":"https:\/\/sindromecharge.es\/#website"},"datePublished":"2021-05-27T04:51:36+00:00","author":{"@id":"https:\/\/sindromecharge.es\/#\/schema\/person\/39a60ebe0a2b4d5a11179701e336b039"},"breadcrumb":{"@id":"https:\/\/sindromecharge.es\/index.php\/2021\/05\/27\/nos-adherimos-al-dia-de-la-concienciacion-de-las-colagenopatias-tipo-ii\/#breadcrumb"},"inLanguage":"es","potentialAction":[{"@type":"ReadAction","target":["https:\/\/sindromecharge.es\/index.php\/2021\/05\/27\/nos-adherimos-al-dia-de-la-concienciacion-de-las-colagenopatias-tipo-ii\/"]}]},{"@type":"BreadcrumbList","@id":"https:\/\/sindromecharge.es\/index.php\/2021\/05\/27\/nos-adherimos-al-dia-de-la-concienciacion-de-las-colagenopatias-tipo-ii\/#breadcrumb","itemListElement":[{"@type":"ListItem","position":1,"name":"Portada","item":"https:\/\/sindromecharge.es\/"},{"@type":"ListItem","position":2,"name":"Nos adherimos al D\u00eda de la Concienciaci\u00f3n de las Colagenopat\u00edas tipo II"}]},{"@type":"WebSite","@id":"https:\/\/sindromecharge.es\/#website","url":"https:\/\/sindromecharge.es\/","name":"Asociaci\u00f3n Espa\u00f1ola S\u00edndrome de Charge","description":"","potentialAction":[{"@type":"SearchAction","target":{"@type":"EntryPoint","urlTemplate":"https:\/\/sindromecharge.es\/?s={search_term_string}"},"query-input":{"@type":"PropertyValueSpecification","valueRequired":true,"valueName":"search_term_string"}}],"inLanguage":"es"},{"@type":"Person","@id":"https:\/\/sindromecharge.es\/#\/schema\/person\/39a60ebe0a2b4d5a11179701e336b039","name":"Charge","image":{"@type":"ImageObject","inLanguage":"es","@id":"https:\/\/secure.gravatar.com\/avatar\/c3b46e32a0fc3b093a0873fb767bf3293de856293065e84ef06b7ec7a8acfb98?s=96&d=identicon&r=x","url":"https:\/\/secure.gravatar.com\/avatar\/c3b46e32a0fc3b093a0873fb767bf3293de856293065e84ef06b7ec7a8acfb98?s=96&d=identicon&r=x","contentUrl":"https:\/\/secure.gravatar.com\/avatar\/c3b46e32a0fc3b093a0873fb767bf3293de856293065e84ef06b7ec7a8acfb98?s=96&d=identicon&r=x","caption":"Charge"},"url":"https:\/\/sindromecharge.es\/index.php\/author\/admin\/"}]}},"_links":{"self":[{"href":"https:\/\/sindromecharge.es\/index.php\/wp-json\/wp\/v2\/posts\/7216","targetHints":{"allow":["GET"]}}],"collection":[{"href":"https:\/\/sindromecharge.es\/index.php\/wp-json\/wp\/v2\/posts"}],"about":[{"href":"https:\/\/sindromecharge.es\/index.php\/wp-json\/wp\/v2\/types\/post"}],"author":[{"embeddable":true,"href":"https:\/\/sindromecharge.es\/index.php\/wp-json\/wp\/v2\/users\/1"}],"replies":[{"embeddable":true,"href":"https:\/\/sindromecharge.es\/index.php\/wp-json\/wp\/v2\/comments?post=7216"}],"version-history":[{"count":0,"href":"https:\/\/sindromecharge.es\/index.php\/wp-json\/wp\/v2\/posts\/7216\/revisions"}],"wp:attachment":[{"href":"https:\/\/sindromecharge.es\/index.php\/wp-json\/wp\/v2\/media?parent=7216"}],"wp:term":[{"taxonomy":"category","embeddable":true,"href":"https:\/\/sindromecharge.es\/index.php\/wp-json\/wp\/v2\/categories?post=7216"},{"taxonomy":"post_tag","embeddable":true,"href":"https:\/\/sindromecharge.es\/index.php\/wp-json\/wp\/v2\/tags?post=7216"}],"curies":[{"name":"wp","href":"https:\/\/api.w.org\/{rel}","templated":true}]}}