{"id":7215,"date":"2021-05-26T14:36:26","date_gmt":"2021-05-26T14:36:26","guid":{"rendered":"https:\/\/sindromecharge.es\/index.php\/2021\/05\/26\/la-junta-creara-este-ano-158-nuevas-plazas-en-residencias-y-centros-de-dia-para-dependientes-en-granada\/"},"modified":"2021-05-26T14:36:26","modified_gmt":"2021-05-26T14:36:26","slug":"la-junta-creara-este-ano-158-nuevas-plazas-en-residencias-y-centros-de-dia-para-dependientes-en-granada","status":"publish","type":"post","link":"https:\/\/sindromecharge.es\/index.php\/2021\/05\/26\/la-junta-creara-este-ano-158-nuevas-plazas-en-residencias-y-centros-de-dia-para-dependientes-en-granada\/","title":{"rendered":"La Junta crear\u00e1 este a\u00f1o 158 nuevas plazas en residencias y centros de d\u00eda para dependientes en Granada"},"content":{"rendered":"<p>Leemos en 20minutos la siguiente noticia que os reproducimos de forma \u00edntegra: <\/p>\n<p>Montalvo ha explicado que se van a destinar 2,3 millones de euros a concertar 550 nuevas plazas con entidades prestadoras de servicios tanto en residencias como en centros de d\u00eda.  Estas nuevas plazas se suman al incremento de 250 plazas ya contempladas para este 2021.<\/p>\n<p>As\u00ed, en total, se destinar\u00e1n 750 plazas para centros residenciales (350 para personas mayores y 400 para personas con discapacidad), y 50 para atenci\u00f3n a la discapacidad en centros de d\u00eda. En la provincia de Granada ser\u00e1n 158 las plazas residenciales, 84 para personas mayores, 52 para personas con discapacidad y otras 22 para personas con diversidad funcional en centros de d\u00eda.<\/p>\n<p>\u00abCuando llegamos a la Junta, encontramos que tras casi 40 a\u00f1os de gobierno socialista nos encontramos un d\u00e9ficit importante en el sistema de atenci\u00f3n a la dependencia, con apenas 14 centros p\u00fablicos\u00bb, ha enfatizado el delegado.<\/p>\n<p>\u00abEl cambio ha sentado bien a Andaluc\u00eda, porque en s\u00f3lo dos a\u00f1os de legislatura hemos concertado m\u00e1s de 1.565 plazas, frente a las 263 de los cuatro a\u00f1os anteriores\u00bb.<\/p>\n<p>El nuevo incremento de plazas ha sido posible tras la modificaci\u00f3n presupuestaria de 103 millones de euros aprobada este martes por el Consejo de Gobierno. La generaci\u00f3n de cr\u00e9ditos aprobada est\u00e1 encaminada a llevar a cabo las medidas necesarias para suscribir el convenio entre la Comunidad andaluza y el Ministerio de Derechos Sociales y Agenda 2030, tal y como establece el Plan de Choque estatal en materia de Dependencia, en el marco de cooperaci\u00f3n interadministrativa.<\/p>\n<p>De esa cifra, 59 millones ir\u00e1n destinados a incrementar en 17.085 en n\u00famero de beneficiarios del Sistema para la Autonom\u00eda y Atenci\u00f3n de la Dependencia (SAAD), que a 31 de diciembre se situ\u00f3 en 228.551. En Granada la previsi\u00f3n es incorporar a unas 2.620 personas m\u00e1s en este a\u00f1o.<\/p>\n<p>Fuente: 20minutos <a href=\"https:\/\/www.20minutos.es\/noticia\/4709667\/0\/la-junta-creara-este-ano-158-nuevas-plazas-en-residencias-y-centros-de-dia-para-dependientes-en-granada\/\" target=\"_blank\" rel=\"noopener\">La Junta crear\u00e1 este a\u00f1o 158 nuevas plazas en residencias y centros de d\u00eda para dependientes en Granada<\/a><\/p>\n","protected":false},"excerpt":{"rendered":"<p>Leemos en 20minutos la siguiente noticia que os reproducimos de forma \u00edntegra: Montalvo ha explicado que se van a destinar 2,3 millones de euros a concertar 550 nuevas plazas con entidades prestadoras de servicios tanto en residencias como en centros de d\u00eda. Estas nuevas plazas se suman al incremento de 250 plazas ya contempladas para [&hellip;]<\/p>\n","protected":false},"author":1,"featured_media":0,"comment_status":"open","ping_status":"closed","sticky":false,"template":"","format":"standard","meta":{"footnotes":""},"categories":[8],"tags":[31],"class_list":["post-7215","post","type-post","status-publish","format-standard","hentry","category-noticias","tag-discapacidad"],"yoast_head":"<!-- This site is optimized with the Yoast SEO plugin v27.4 - https:\/\/yoast.com\/product\/yoast-seo-wordpress\/ -->\n<title>La Junta crear\u00e1 este a\u00f1o 158 nuevas plazas en residencias y centros de d\u00eda para dependientes en Granada - Asociaci\u00f3n Espa\u00f1ola S\u00edndrome de Charge<\/title>\n<meta name=\"robots\" content=\"index, follow, max-snippet:-1, max-image-preview:large, max-video-preview:-1\" \/>\n<link rel=\"canonical\" href=\"https:\/\/sindromecharge.es\/index.php\/2021\/05\/26\/la-junta-creara-este-ano-158-nuevas-plazas-en-residencias-y-centros-de-dia-para-dependientes-en-granada\/\" \/>\n<meta property=\"og:locale\" content=\"es_ES\" \/>\n<meta property=\"og:type\" content=\"article\" \/>\n<meta property=\"og:title\" content=\"La Junta crear\u00e1 este a\u00f1o 158 nuevas plazas en residencias y centros de d\u00eda para dependientes en Granada - Asociaci\u00f3n Espa\u00f1ola S\u00edndrome de Charge\" \/>\n<meta property=\"og:description\" content=\"Leemos en 20minutos la siguiente noticia que os reproducimos de forma \u00edntegra: Montalvo ha explicado que se van a destinar 2,3 millones de euros a concertar 550 nuevas plazas con entidades prestadoras de servicios tanto en residencias como en centros de d\u00eda. Estas nuevas plazas se suman al incremento de 250 plazas ya contempladas para [&hellip;]\" \/>\n<meta property=\"og:url\" content=\"https:\/\/sindromecharge.es\/index.php\/2021\/05\/26\/la-junta-creara-este-ano-158-nuevas-plazas-en-residencias-y-centros-de-dia-para-dependientes-en-granada\/\" \/>\n<meta property=\"og:site_name\" content=\"Asociaci\u00f3n Espa\u00f1ola S\u00edndrome de Charge\" \/>\n<meta property=\"article:publisher\" content=\"https:\/\/www.facebook.com\/asociacionsindromecharge\" \/>\n<meta property=\"article:published_time\" content=\"2021-05-26T14:36:26+00:00\" \/>\n<meta property=\"og:image\" content=\"https:\/\/sindromecharge.es\/wp-content\/uploads\/2013\/09\/logodecharge300x98.png\" \/>\n\t<meta property=\"og:image:width\" content=\"300\" \/>\n\t<meta property=\"og:image:height\" content=\"98\" \/>\n\t<meta property=\"og:image:type\" content=\"image\/png\" \/>\n<meta name=\"author\" content=\"Charge\" \/>\n<meta name=\"twitter:card\" content=\"summary_large_image\" \/>\n<meta name=\"twitter:creator\" content=\"@sindromecharge\" \/>\n<meta name=\"twitter:site\" content=\"@sindromecharge\" \/>\n<meta name=\"twitter:label1\" content=\"Escrito por\" \/>\n\t<meta name=\"twitter:data1\" content=\"Charge\" \/>\n\t<meta name=\"twitter:label2\" content=\"Tiempo de lectura\" \/>\n\t<meta name=\"twitter:data2\" content=\"2 minutos\" \/>\n<script type=\"application\/ld+json\" class=\"yoast-schema-graph\">{\"@context\":\"https:\\\/\\\/schema.org\",\"@graph\":[{\"@type\":\"Article\",\"@id\":\"https:\\\/\\\/sindromecharge.es\\\/index.php\\\/2021\\\/05\\\/26\\\/la-junta-creara-este-ano-158-nuevas-plazas-en-residencias-y-centros-de-dia-para-dependientes-en-granada\\\/#article\",\"isPartOf\":{\"@id\":\"https:\\\/\\\/sindromecharge.es\\\/index.php\\\/2021\\\/05\\\/26\\\/la-junta-creara-este-ano-158-nuevas-plazas-en-residencias-y-centros-de-dia-para-dependientes-en-granada\\\/\"},\"author\":{\"name\":\"Charge\",\"@id\":\"https:\\\/\\\/sindromecharge.es\\\/#\\\/schema\\\/person\\\/39a60ebe0a2b4d5a11179701e336b039\"},\"headline\":\"La Junta crear\u00e1 este a\u00f1o 158 nuevas plazas en residencias y centros de d\u00eda para dependientes en Granada\",\"datePublished\":\"2021-05-26T14:36:26+00:00\",\"mainEntityOfPage\":{\"@id\":\"https:\\\/\\\/sindromecharge.es\\\/index.php\\\/2021\\\/05\\\/26\\\/la-junta-creara-este-ano-158-nuevas-plazas-en-residencias-y-centros-de-dia-para-dependientes-en-granada\\\/\"},\"wordCount\":351,\"commentCount\":0,\"keywords\":[\"discapacidad\"],\"articleSection\":[\"noticias\"],\"inLanguage\":\"es\",\"potentialAction\":[{\"@type\":\"CommentAction\",\"name\":\"Comment\",\"target\":[\"https:\\\/\\\/sindromecharge.es\\\/index.php\\\/2021\\\/05\\\/26\\\/la-junta-creara-este-ano-158-nuevas-plazas-en-residencias-y-centros-de-dia-para-dependientes-en-granada\\\/#respond\"]}]},{\"@type\":\"WebPage\",\"@id\":\"https:\\\/\\\/sindromecharge.es\\\/index.php\\\/2021\\\/05\\\/26\\\/la-junta-creara-este-ano-158-nuevas-plazas-en-residencias-y-centros-de-dia-para-dependientes-en-granada\\\/\",\"url\":\"https:\\\/\\\/sindromecharge.es\\\/index.php\\\/2021\\\/05\\\/26\\\/la-junta-creara-este-ano-158-nuevas-plazas-en-residencias-y-centros-de-dia-para-dependientes-en-granada\\\/\",\"name\":\"La Junta crear\u00e1 este a\u00f1o 158 nuevas plazas en residencias y centros de d\u00eda para dependientes en Granada - Asociaci\u00f3n Espa\u00f1ola S\u00edndrome de Charge\",\"isPartOf\":{\"@id\":\"https:\\\/\\\/sindromecharge.es\\\/#website\"},\"datePublished\":\"2021-05-26T14:36:26+00:00\",\"author\":{\"@id\":\"https:\\\/\\\/sindromecharge.es\\\/#\\\/schema\\\/person\\\/39a60ebe0a2b4d5a11179701e336b039\"},\"breadcrumb\":{\"@id\":\"https:\\\/\\\/sindromecharge.es\\\/index.php\\\/2021\\\/05\\\/26\\\/la-junta-creara-este-ano-158-nuevas-plazas-en-residencias-y-centros-de-dia-para-dependientes-en-granada\\\/#breadcrumb\"},\"inLanguage\":\"es\",\"potentialAction\":[{\"@type\":\"ReadAction\",\"target\":[\"https:\\\/\\\/sindromecharge.es\\\/index.php\\\/2021\\\/05\\\/26\\\/la-junta-creara-este-ano-158-nuevas-plazas-en-residencias-y-centros-de-dia-para-dependientes-en-granada\\\/\"]}]},{\"@type\":\"BreadcrumbList\",\"@id\":\"https:\\\/\\\/sindromecharge.es\\\/index.php\\\/2021\\\/05\\\/26\\\/la-junta-creara-este-ano-158-nuevas-plazas-en-residencias-y-centros-de-dia-para-dependientes-en-granada\\\/#breadcrumb\",\"itemListElement\":[{\"@type\":\"ListItem\",\"position\":1,\"name\":\"Portada\",\"item\":\"https:\\\/\\\/sindromecharge.es\\\/\"},{\"@type\":\"ListItem\",\"position\":2,\"name\":\"La Junta crear\u00e1 este a\u00f1o 158 nuevas plazas en residencias y centros de d\u00eda para dependientes en Granada\"}]},{\"@type\":\"WebSite\",\"@id\":\"https:\\\/\\\/sindromecharge.es\\\/#website\",\"url\":\"https:\\\/\\\/sindromecharge.es\\\/\",\"name\":\"Asociaci\u00f3n Espa\u00f1ola S\u00edndrome de Charge\",\"description\":\"\",\"potentialAction\":[{\"@type\":\"SearchAction\",\"target\":{\"@type\":\"EntryPoint\",\"urlTemplate\":\"https:\\\/\\\/sindromecharge.es\\\/?s={search_term_string}\"},\"query-input\":{\"@type\":\"PropertyValueSpecification\",\"valueRequired\":true,\"valueName\":\"search_term_string\"}}],\"inLanguage\":\"es\"},{\"@type\":\"Person\",\"@id\":\"https:\\\/\\\/sindromecharge.es\\\/#\\\/schema\\\/person\\\/39a60ebe0a2b4d5a11179701e336b039\",\"name\":\"Charge\",\"image\":{\"@type\":\"ImageObject\",\"inLanguage\":\"es\",\"@id\":\"https:\\\/\\\/secure.gravatar.com\\\/avatar\\\/c3b46e32a0fc3b093a0873fb767bf3293de856293065e84ef06b7ec7a8acfb98?s=96&d=identicon&r=x\",\"url\":\"https:\\\/\\\/secure.gravatar.com\\\/avatar\\\/c3b46e32a0fc3b093a0873fb767bf3293de856293065e84ef06b7ec7a8acfb98?s=96&d=identicon&r=x\",\"contentUrl\":\"https:\\\/\\\/secure.gravatar.com\\\/avatar\\\/c3b46e32a0fc3b093a0873fb767bf3293de856293065e84ef06b7ec7a8acfb98?s=96&d=identicon&r=x\",\"caption\":\"Charge\"},\"url\":\"https:\\\/\\\/sindromecharge.es\\\/index.php\\\/author\\\/admin\\\/\"}]}<\/script>\n<!-- \/ Yoast SEO plugin. -->","yoast_head_json":{"title":"La Junta crear\u00e1 este a\u00f1o 158 nuevas plazas en residencias y centros de d\u00eda para dependientes en Granada - Asociaci\u00f3n Espa\u00f1ola S\u00edndrome de Charge","robots":{"index":"index","follow":"follow","max-snippet":"max-snippet:-1","max-image-preview":"max-image-preview:large","max-video-preview":"max-video-preview:-1"},"canonical":"https:\/\/sindromecharge.es\/index.php\/2021\/05\/26\/la-junta-creara-este-ano-158-nuevas-plazas-en-residencias-y-centros-de-dia-para-dependientes-en-granada\/","og_locale":"es_ES","og_type":"article","og_title":"La Junta crear\u00e1 este a\u00f1o 158 nuevas plazas en residencias y centros de d\u00eda para dependientes en Granada - Asociaci\u00f3n Espa\u00f1ola S\u00edndrome de Charge","og_description":"Leemos en 20minutos la siguiente noticia que os reproducimos de forma \u00edntegra: Montalvo ha explicado que se van a destinar 2,3 millones de euros a concertar 550 nuevas plazas con entidades prestadoras de servicios tanto en residencias como en centros de d\u00eda. Estas nuevas plazas se suman al incremento de 250 plazas ya contempladas para [&hellip;]","og_url":"https:\/\/sindromecharge.es\/index.php\/2021\/05\/26\/la-junta-creara-este-ano-158-nuevas-plazas-en-residencias-y-centros-de-dia-para-dependientes-en-granada\/","og_site_name":"Asociaci\u00f3n Espa\u00f1ola S\u00edndrome de Charge","article_publisher":"https:\/\/www.facebook.com\/asociacionsindromecharge","article_published_time":"2021-05-26T14:36:26+00:00","og_image":[{"width":300,"height":98,"url":"https:\/\/sindromecharge.es\/wp-content\/uploads\/2013\/09\/logodecharge300x98.png","type":"image\/png"}],"author":"Charge","twitter_card":"summary_large_image","twitter_creator":"@sindromecharge","twitter_site":"@sindromecharge","twitter_misc":{"Escrito por":"Charge","Tiempo de lectura":"2 minutos"},"schema":{"@context":"https:\/\/schema.org","@graph":[{"@type":"Article","@id":"https:\/\/sindromecharge.es\/index.php\/2021\/05\/26\/la-junta-creara-este-ano-158-nuevas-plazas-en-residencias-y-centros-de-dia-para-dependientes-en-granada\/#article","isPartOf":{"@id":"https:\/\/sindromecharge.es\/index.php\/2021\/05\/26\/la-junta-creara-este-ano-158-nuevas-plazas-en-residencias-y-centros-de-dia-para-dependientes-en-granada\/"},"author":{"name":"Charge","@id":"https:\/\/sindromecharge.es\/#\/schema\/person\/39a60ebe0a2b4d5a11179701e336b039"},"headline":"La Junta crear\u00e1 este a\u00f1o 158 nuevas plazas en residencias y centros de d\u00eda para dependientes en Granada","datePublished":"2021-05-26T14:36:26+00:00","mainEntityOfPage":{"@id":"https:\/\/sindromecharge.es\/index.php\/2021\/05\/26\/la-junta-creara-este-ano-158-nuevas-plazas-en-residencias-y-centros-de-dia-para-dependientes-en-granada\/"},"wordCount":351,"commentCount":0,"keywords":["discapacidad"],"articleSection":["noticias"],"inLanguage":"es","potentialAction":[{"@type":"CommentAction","name":"Comment","target":["https:\/\/sindromecharge.es\/index.php\/2021\/05\/26\/la-junta-creara-este-ano-158-nuevas-plazas-en-residencias-y-centros-de-dia-para-dependientes-en-granada\/#respond"]}]},{"@type":"WebPage","@id":"https:\/\/sindromecharge.es\/index.php\/2021\/05\/26\/la-junta-creara-este-ano-158-nuevas-plazas-en-residencias-y-centros-de-dia-para-dependientes-en-granada\/","url":"https:\/\/sindromecharge.es\/index.php\/2021\/05\/26\/la-junta-creara-este-ano-158-nuevas-plazas-en-residencias-y-centros-de-dia-para-dependientes-en-granada\/","name":"La Junta crear\u00e1 este a\u00f1o 158 nuevas plazas en residencias y centros de d\u00eda para dependientes en Granada - Asociaci\u00f3n Espa\u00f1ola S\u00edndrome de Charge","isPartOf":{"@id":"https:\/\/sindromecharge.es\/#website"},"datePublished":"2021-05-26T14:36:26+00:00","author":{"@id":"https:\/\/sindromecharge.es\/#\/schema\/person\/39a60ebe0a2b4d5a11179701e336b039"},"breadcrumb":{"@id":"https:\/\/sindromecharge.es\/index.php\/2021\/05\/26\/la-junta-creara-este-ano-158-nuevas-plazas-en-residencias-y-centros-de-dia-para-dependientes-en-granada\/#breadcrumb"},"inLanguage":"es","potentialAction":[{"@type":"ReadAction","target":["https:\/\/sindromecharge.es\/index.php\/2021\/05\/26\/la-junta-creara-este-ano-158-nuevas-plazas-en-residencias-y-centros-de-dia-para-dependientes-en-granada\/"]}]},{"@type":"BreadcrumbList","@id":"https:\/\/sindromecharge.es\/index.php\/2021\/05\/26\/la-junta-creara-este-ano-158-nuevas-plazas-en-residencias-y-centros-de-dia-para-dependientes-en-granada\/#breadcrumb","itemListElement":[{"@type":"ListItem","position":1,"name":"Portada","item":"https:\/\/sindromecharge.es\/"},{"@type":"ListItem","position":2,"name":"La Junta crear\u00e1 este a\u00f1o 158 nuevas plazas en residencias y centros de d\u00eda para dependientes en Granada"}]},{"@type":"WebSite","@id":"https:\/\/sindromecharge.es\/#website","url":"https:\/\/sindromecharge.es\/","name":"Asociaci\u00f3n Espa\u00f1ola S\u00edndrome de Charge","description":"","potentialAction":[{"@type":"SearchAction","target":{"@type":"EntryPoint","urlTemplate":"https:\/\/sindromecharge.es\/?s={search_term_string}"},"query-input":{"@type":"PropertyValueSpecification","valueRequired":true,"valueName":"search_term_string"}}],"inLanguage":"es"},{"@type":"Person","@id":"https:\/\/sindromecharge.es\/#\/schema\/person\/39a60ebe0a2b4d5a11179701e336b039","name":"Charge","image":{"@type":"ImageObject","inLanguage":"es","@id":"https:\/\/secure.gravatar.com\/avatar\/c3b46e32a0fc3b093a0873fb767bf3293de856293065e84ef06b7ec7a8acfb98?s=96&d=identicon&r=x","url":"https:\/\/secure.gravatar.com\/avatar\/c3b46e32a0fc3b093a0873fb767bf3293de856293065e84ef06b7ec7a8acfb98?s=96&d=identicon&r=x","contentUrl":"https:\/\/secure.gravatar.com\/avatar\/c3b46e32a0fc3b093a0873fb767bf3293de856293065e84ef06b7ec7a8acfb98?s=96&d=identicon&r=x","caption":"Charge"},"url":"https:\/\/sindromecharge.es\/index.php\/author\/admin\/"}]}},"_links":{"self":[{"href":"https:\/\/sindromecharge.es\/index.php\/wp-json\/wp\/v2\/posts\/7215","targetHints":{"allow":["GET"]}}],"collection":[{"href":"https:\/\/sindromecharge.es\/index.php\/wp-json\/wp\/v2\/posts"}],"about":[{"href":"https:\/\/sindromecharge.es\/index.php\/wp-json\/wp\/v2\/types\/post"}],"author":[{"embeddable":true,"href":"https:\/\/sindromecharge.es\/index.php\/wp-json\/wp\/v2\/users\/1"}],"replies":[{"embeddable":true,"href":"https:\/\/sindromecharge.es\/index.php\/wp-json\/wp\/v2\/comments?post=7215"}],"version-history":[{"count":0,"href":"https:\/\/sindromecharge.es\/index.php\/wp-json\/wp\/v2\/posts\/7215\/revisions"}],"wp:attachment":[{"href":"https:\/\/sindromecharge.es\/index.php\/wp-json\/wp\/v2\/media?parent=7215"}],"wp:term":[{"taxonomy":"category","embeddable":true,"href":"https:\/\/sindromecharge.es\/index.php\/wp-json\/wp\/v2\/categories?post=7215"},{"taxonomy":"post_tag","embeddable":true,"href":"https:\/\/sindromecharge.es\/index.php\/wp-json\/wp\/v2\/tags?post=7215"}],"curies":[{"name":"wp","href":"https:\/\/api.w.org\/{rel}","templated":true}]}}