{"id":7214,"date":"2021-05-26T12:14:30","date_gmt":"2021-05-26T12:14:30","guid":{"rendered":"https:\/\/sindromecharge.es\/index.php\/2021\/05\/26\/broto-la-vacuna-ha-traido-seguridad-a-las-residencias-y-centros-de-dia\/"},"modified":"2021-05-26T12:14:30","modified_gmt":"2021-05-26T12:14:30","slug":"broto-la-vacuna-ha-traido-seguridad-a-las-residencias-y-centros-de-dia","status":"publish","type":"post","link":"https:\/\/sindromecharge.es\/index.php\/2021\/05\/26\/broto-la-vacuna-ha-traido-seguridad-a-las-residencias-y-centros-de-dia\/","title":{"rendered":"Broto: &quot;La vacuna ha tra\u00eddo seguridad a las residencias y centros de d\u00eda&quot;"},"content":{"rendered":"<p>Leemos en 20minutos la siguiente noticia que os reproducimos de forma \u00edntegra: <\/p>\n<p>Broto se ha pronunciado as\u00ed con motivo de su visita al centro CAMP-CADI para personas con discapacidad intelectual de Zaragoza, en el que actualmente viven 104 residentes. Seg\u00fan ha dicho, en las residencias de personas con discapacidad solo se ha declarado un brote con un \u00fanico afectado -un trabajador- desde que comenz\u00f3 la campa\u00f1a de vacunaci\u00f3n, ha informado el Ejecutivo auton\u00f3mico en una nota de prensa.<\/p>\n<p>De forma paralela a esta situaci\u00f3n, sin bajar la guardia y con las medidas que siguen siendo obligatorias, la consejera ha recordado algunas de las novedades que recoge la nueva orden del Departamento de Ciudadan\u00eda, publicada la semana pasada, y que tiene como objetivo flexibilizar algunas de las restricciones que han regido hasta ahora.<\/p>\n<p>Al respecto, ha dicho que desde esta semana, \u00abse han flexibilizado entradas y salidas y se ha permitido la apertura de los centros de d\u00eda adscritos a residencias, como es el caso del de CAMP-CADI, que ha permanecido cerrado estos meses\u00bb.<\/p>\n<p>Broto ha anunciado que desde el 1 de junio el centro de d\u00eda podr\u00e1 atender a sus usuarios. Cuenta con 15 plazas, pero de momento atender\u00e1 a 11, \u00abhasta que el resto complete la pauta de vacunaci\u00f3n\u00bb, ha contado la consejera, que ha estado acompa\u00f1ada durante la visita por el director del CAMP, Francisco Pitarch, y por la presidenta de la Junta de Participaci\u00f3n, Marisol Betes.<\/p>\n<p>UN ANTES Y DESPU\u00c9S<\/p>\n<p>Francisco Pitarch ha destacado que la vacunaci\u00f3n ha supuesto \u00abun antes y un despu\u00e9s en los centros de personas con discapacidad y ha permitido que, an\u00edmicamente, haya m\u00e1s tranquilidad, aunque se mantengan todas las medidas de precauci\u00f3n que rigen en la actualidad\u00bb.<\/p>\n<p>Sobre la flexibilizaci\u00f3n de restricciones, ha dicho que facilitan la vida a los residentes, que est\u00e1n \u00abmuy contentos\u00bb de poder salir o pasar el fin de semana en casa sin necesidad de hacerse una prueba PCR y, en definitiva, de incrementar el contacto con las familias.<\/p>\n<p>Respecto a la apertura del centro de d\u00eda, Pitarch ha asegurado que es una \u00abalegr\u00eda\u00bb recuperar este servicio por la importancia que tiene para los usuarios y para sus familias. Como representante de estas \u00faltimas, ha dejado constancia de que los usuarios de la residencia est\u00e1n bien y que las familias \u00abhan intentado apoyar siempre al centro, tanto en los momentos iniciales de angustia como despu\u00e9s, cuando las cosas se tranquilizaron\u00bb.<\/p>\n<p>NOVEDADES<\/p>\n<p>El Gobierno de Arag\u00f3n ha mencionado las novedades que se incluyen respecto a las medidas anteriores, como la posibilidad de no usar mascarillas en centros de servicios sociales especializados de naturaleza residencial, cuando las personas residentes vacunadas realicen actividades grupales y salidas en espacio exterior privado o de uso privativo, no resultando de aplicaci\u00f3n durante el desarrollo de visitas en estos espacios.<\/p>\n<p>Adem\u00e1s, se ha reducido la distancia de seguridad interpersonal de dos metros a metro y medio en todos los centros de servicios sociales especializados y se permite reanudar la prestaci\u00f3n del servicio de estancias diurnas en centros de naturaleza residencial, aun cuando no pueda garantizarse un acceso y espacio independiente, a favor de personas usuarias vacunadas, reduciendo las cargas en los centros, al permitir que puedan compartirse trabajadores.<\/p>\n<p>Tambi\u00e9n es posible que las personas residentes vacunadas puedan salir con independencia de los d\u00edas de pernocta domiciliaria ya sea a su domicilio particular o al domicilio de cualquier miembro de la unidad familiar o persona de referencia, es decir, sin limitaciones salvo que no ha de superarse el n\u00famero m\u00e1ximo de seis personas convivientes, incluyendo en el c\u00f3mputo a la persona residente.<\/p>\n<p>Igualmente, se contempla el retorno e ingreso de personas residentes vacunadas sin necesidad de realizar prueba diagn\u00f3stica, ni someterse a aislamiento preventivo, siempre que se cumplan las condiciones previstas en las correspondientes medidas y con la salvedad establecida respecto a si el retorno o ingreso se produce desde el hospital.<\/p>\n<p>VISITAS SEMANALES<\/p>\n<p>Otra flexibilizaci\u00f3n es el aumento del n\u00famero de visitas m\u00ednimo que pasa de dos a tres semanales, con independencia de si la persona residente est\u00e1 o no vacunada y el incremento del n\u00famero de desplazamientos permitidos sin pernocta en espacios de uso p\u00fablico a favor de personas residentes no vacunadas, pasando de un paseo diario a poder ser dos, manteni\u00e9ndose el resto de limitaciones.<\/p>\n<p>La nueva orden permite a las personas residentes vacunadas, sin requerir pernocta, el acceso a domicilios particulares de cualquier miembro de la unidad familiar, allegado o persona de referencia, siempre que no supere el n\u00famero m\u00e1ximo de seis personas incluyendo en el c\u00f3mputo a la persona residentes.<\/p>\n<p>Excepcionalmente, las entidades de acci\u00f3n social podr\u00e1n solicitar a los \u00f3rganos competentes en materia de salud p\u00fablica y de servicios sociales la suspensi\u00f3n o limitaci\u00f3n de medidas, cuando la autoridad sanitaria hubiera decretado el confinamiento perimetral en el \u00e1mbito territorial donde se ubica el centro, debiendo revisar semanalmente el mantenimiento de las medidas adoptadas.<\/p>\n<p>Fuente: 20minutos <a href=\"https:\/\/www.20minutos.es\/noticia\/4709325\/0\/broto-la-vacuna-ha-traido-seguridad-a-las-residencias-y-centros-de-dia\/\" target=\"_blank\" rel=\"noopener\">Broto: &quot;La vacuna ha tra\u00eddo seguridad a las residencias y centros de d\u00eda&quot;<\/a><\/p>\n","protected":false},"excerpt":{"rendered":"<p>Leemos en 20minutos la siguiente noticia que os reproducimos de forma \u00edntegra: Broto se ha pronunciado as\u00ed con motivo de su visita al centro CAMP-CADI para personas con discapacidad intelectual de Zaragoza, en el que actualmente viven 104 residentes. Seg\u00fan ha dicho, en las residencias de personas con discapacidad solo se ha declarado un brote [&hellip;]<\/p>\n","protected":false},"author":1,"featured_media":0,"comment_status":"open","ping_status":"closed","sticky":false,"template":"","format":"standard","meta":{"footnotes":""},"categories":[8],"tags":[31],"class_list":["post-7214","post","type-post","status-publish","format-standard","hentry","category-noticias","tag-discapacidad"],"yoast_head":"<!-- This site is optimized with the Yoast SEO plugin v27.4 - https:\/\/yoast.com\/product\/yoast-seo-wordpress\/ -->\n<title>Broto: &quot;La vacuna ha tra\u00eddo seguridad a las residencias y centros de d\u00eda&quot; - Asociaci\u00f3n Espa\u00f1ola S\u00edndrome de Charge<\/title>\n<meta name=\"robots\" content=\"index, follow, max-snippet:-1, max-image-preview:large, max-video-preview:-1\" \/>\n<link rel=\"canonical\" href=\"https:\/\/sindromecharge.es\/index.php\/2021\/05\/26\/broto-la-vacuna-ha-traido-seguridad-a-las-residencias-y-centros-de-dia\/\" \/>\n<meta property=\"og:locale\" content=\"es_ES\" \/>\n<meta property=\"og:type\" content=\"article\" \/>\n<meta property=\"og:title\" content=\"Broto: &quot;La vacuna ha tra\u00eddo seguridad a las residencias y centros de d\u00eda&quot; - Asociaci\u00f3n Espa\u00f1ola S\u00edndrome de Charge\" \/>\n<meta property=\"og:description\" content=\"Leemos en 20minutos la siguiente noticia que os reproducimos de forma \u00edntegra: Broto se ha pronunciado as\u00ed con motivo de su visita al centro CAMP-CADI para personas con discapacidad intelectual de Zaragoza, en el que actualmente viven 104 residentes. Seg\u00fan ha dicho, en las residencias de personas con discapacidad solo se ha declarado un brote [&hellip;]\" \/>\n<meta property=\"og:url\" content=\"https:\/\/sindromecharge.es\/index.php\/2021\/05\/26\/broto-la-vacuna-ha-traido-seguridad-a-las-residencias-y-centros-de-dia\/\" \/>\n<meta property=\"og:site_name\" content=\"Asociaci\u00f3n Espa\u00f1ola S\u00edndrome de Charge\" \/>\n<meta property=\"article:publisher\" content=\"https:\/\/www.facebook.com\/asociacionsindromecharge\" \/>\n<meta property=\"article:published_time\" content=\"2021-05-26T12:14:30+00:00\" \/>\n<meta property=\"og:image\" content=\"https:\/\/sindromecharge.es\/wp-content\/uploads\/2013\/09\/logodecharge300x98.png\" \/>\n\t<meta property=\"og:image:width\" content=\"300\" \/>\n\t<meta property=\"og:image:height\" content=\"98\" \/>\n\t<meta property=\"og:image:type\" content=\"image\/png\" \/>\n<meta name=\"author\" content=\"Charge\" \/>\n<meta name=\"twitter:card\" content=\"summary_large_image\" \/>\n<meta name=\"twitter:creator\" content=\"@sindromecharge\" \/>\n<meta name=\"twitter:site\" content=\"@sindromecharge\" \/>\n<meta name=\"twitter:label1\" content=\"Escrito por\" \/>\n\t<meta name=\"twitter:data1\" content=\"Charge\" \/>\n\t<meta name=\"twitter:label2\" content=\"Tiempo de lectura\" \/>\n\t<meta name=\"twitter:data2\" content=\"4 minutos\" \/>\n<script type=\"application\/ld+json\" class=\"yoast-schema-graph\">{\"@context\":\"https:\\\/\\\/schema.org\",\"@graph\":[{\"@type\":\"Article\",\"@id\":\"https:\\\/\\\/sindromecharge.es\\\/index.php\\\/2021\\\/05\\\/26\\\/broto-la-vacuna-ha-traido-seguridad-a-las-residencias-y-centros-de-dia\\\/#article\",\"isPartOf\":{\"@id\":\"https:\\\/\\\/sindromecharge.es\\\/index.php\\\/2021\\\/05\\\/26\\\/broto-la-vacuna-ha-traido-seguridad-a-las-residencias-y-centros-de-dia\\\/\"},\"author\":{\"name\":\"Charge\",\"@id\":\"https:\\\/\\\/sindromecharge.es\\\/#\\\/schema\\\/person\\\/39a60ebe0a2b4d5a11179701e336b039\"},\"headline\":\"Broto: &quot;La vacuna ha tra\u00eddo seguridad a las residencias y centros de d\u00eda&quot;\",\"datePublished\":\"2021-05-26T12:14:30+00:00\",\"mainEntityOfPage\":{\"@id\":\"https:\\\/\\\/sindromecharge.es\\\/index.php\\\/2021\\\/05\\\/26\\\/broto-la-vacuna-ha-traido-seguridad-a-las-residencias-y-centros-de-dia\\\/\"},\"wordCount\":892,\"commentCount\":0,\"keywords\":[\"discapacidad\"],\"articleSection\":[\"noticias\"],\"inLanguage\":\"es\",\"potentialAction\":[{\"@type\":\"CommentAction\",\"name\":\"Comment\",\"target\":[\"https:\\\/\\\/sindromecharge.es\\\/index.php\\\/2021\\\/05\\\/26\\\/broto-la-vacuna-ha-traido-seguridad-a-las-residencias-y-centros-de-dia\\\/#respond\"]}]},{\"@type\":\"WebPage\",\"@id\":\"https:\\\/\\\/sindromecharge.es\\\/index.php\\\/2021\\\/05\\\/26\\\/broto-la-vacuna-ha-traido-seguridad-a-las-residencias-y-centros-de-dia\\\/\",\"url\":\"https:\\\/\\\/sindromecharge.es\\\/index.php\\\/2021\\\/05\\\/26\\\/broto-la-vacuna-ha-traido-seguridad-a-las-residencias-y-centros-de-dia\\\/\",\"name\":\"Broto: &quot;La vacuna ha tra\u00eddo seguridad a las residencias y centros de d\u00eda&quot; - Asociaci\u00f3n Espa\u00f1ola S\u00edndrome de Charge\",\"isPartOf\":{\"@id\":\"https:\\\/\\\/sindromecharge.es\\\/#website\"},\"datePublished\":\"2021-05-26T12:14:30+00:00\",\"author\":{\"@id\":\"https:\\\/\\\/sindromecharge.es\\\/#\\\/schema\\\/person\\\/39a60ebe0a2b4d5a11179701e336b039\"},\"breadcrumb\":{\"@id\":\"https:\\\/\\\/sindromecharge.es\\\/index.php\\\/2021\\\/05\\\/26\\\/broto-la-vacuna-ha-traido-seguridad-a-las-residencias-y-centros-de-dia\\\/#breadcrumb\"},\"inLanguage\":\"es\",\"potentialAction\":[{\"@type\":\"ReadAction\",\"target\":[\"https:\\\/\\\/sindromecharge.es\\\/index.php\\\/2021\\\/05\\\/26\\\/broto-la-vacuna-ha-traido-seguridad-a-las-residencias-y-centros-de-dia\\\/\"]}]},{\"@type\":\"BreadcrumbList\",\"@id\":\"https:\\\/\\\/sindromecharge.es\\\/index.php\\\/2021\\\/05\\\/26\\\/broto-la-vacuna-ha-traido-seguridad-a-las-residencias-y-centros-de-dia\\\/#breadcrumb\",\"itemListElement\":[{\"@type\":\"ListItem\",\"position\":1,\"name\":\"Portada\",\"item\":\"https:\\\/\\\/sindromecharge.es\\\/\"},{\"@type\":\"ListItem\",\"position\":2,\"name\":\"Broto: &quot;La vacuna ha tra\u00eddo seguridad a las residencias y centros de d\u00eda&quot;\"}]},{\"@type\":\"WebSite\",\"@id\":\"https:\\\/\\\/sindromecharge.es\\\/#website\",\"url\":\"https:\\\/\\\/sindromecharge.es\\\/\",\"name\":\"Asociaci\u00f3n Espa\u00f1ola S\u00edndrome de Charge\",\"description\":\"\",\"potentialAction\":[{\"@type\":\"SearchAction\",\"target\":{\"@type\":\"EntryPoint\",\"urlTemplate\":\"https:\\\/\\\/sindromecharge.es\\\/?s={search_term_string}\"},\"query-input\":{\"@type\":\"PropertyValueSpecification\",\"valueRequired\":true,\"valueName\":\"search_term_string\"}}],\"inLanguage\":\"es\"},{\"@type\":\"Person\",\"@id\":\"https:\\\/\\\/sindromecharge.es\\\/#\\\/schema\\\/person\\\/39a60ebe0a2b4d5a11179701e336b039\",\"name\":\"Charge\",\"image\":{\"@type\":\"ImageObject\",\"inLanguage\":\"es\",\"@id\":\"https:\\\/\\\/secure.gravatar.com\\\/avatar\\\/c3b46e32a0fc3b093a0873fb767bf3293de856293065e84ef06b7ec7a8acfb98?s=96&d=identicon&r=x\",\"url\":\"https:\\\/\\\/secure.gravatar.com\\\/avatar\\\/c3b46e32a0fc3b093a0873fb767bf3293de856293065e84ef06b7ec7a8acfb98?s=96&d=identicon&r=x\",\"contentUrl\":\"https:\\\/\\\/secure.gravatar.com\\\/avatar\\\/c3b46e32a0fc3b093a0873fb767bf3293de856293065e84ef06b7ec7a8acfb98?s=96&d=identicon&r=x\",\"caption\":\"Charge\"},\"url\":\"https:\\\/\\\/sindromecharge.es\\\/index.php\\\/author\\\/admin\\\/\"}]}<\/script>\n<!-- \/ Yoast SEO plugin. -->","yoast_head_json":{"title":"Broto: &quot;La vacuna ha tra\u00eddo seguridad a las residencias y centros de d\u00eda&quot; - Asociaci\u00f3n Espa\u00f1ola S\u00edndrome de Charge","robots":{"index":"index","follow":"follow","max-snippet":"max-snippet:-1","max-image-preview":"max-image-preview:large","max-video-preview":"max-video-preview:-1"},"canonical":"https:\/\/sindromecharge.es\/index.php\/2021\/05\/26\/broto-la-vacuna-ha-traido-seguridad-a-las-residencias-y-centros-de-dia\/","og_locale":"es_ES","og_type":"article","og_title":"Broto: &quot;La vacuna ha tra\u00eddo seguridad a las residencias y centros de d\u00eda&quot; - Asociaci\u00f3n Espa\u00f1ola S\u00edndrome de Charge","og_description":"Leemos en 20minutos la siguiente noticia que os reproducimos de forma \u00edntegra: Broto se ha pronunciado as\u00ed con motivo de su visita al centro CAMP-CADI para personas con discapacidad intelectual de Zaragoza, en el que actualmente viven 104 residentes. Seg\u00fan ha dicho, en las residencias de personas con discapacidad solo se ha declarado un brote [&hellip;]","og_url":"https:\/\/sindromecharge.es\/index.php\/2021\/05\/26\/broto-la-vacuna-ha-traido-seguridad-a-las-residencias-y-centros-de-dia\/","og_site_name":"Asociaci\u00f3n Espa\u00f1ola S\u00edndrome de Charge","article_publisher":"https:\/\/www.facebook.com\/asociacionsindromecharge","article_published_time":"2021-05-26T12:14:30+00:00","og_image":[{"width":300,"height":98,"url":"https:\/\/sindromecharge.es\/wp-content\/uploads\/2013\/09\/logodecharge300x98.png","type":"image\/png"}],"author":"Charge","twitter_card":"summary_large_image","twitter_creator":"@sindromecharge","twitter_site":"@sindromecharge","twitter_misc":{"Escrito por":"Charge","Tiempo de lectura":"4 minutos"},"schema":{"@context":"https:\/\/schema.org","@graph":[{"@type":"Article","@id":"https:\/\/sindromecharge.es\/index.php\/2021\/05\/26\/broto-la-vacuna-ha-traido-seguridad-a-las-residencias-y-centros-de-dia\/#article","isPartOf":{"@id":"https:\/\/sindromecharge.es\/index.php\/2021\/05\/26\/broto-la-vacuna-ha-traido-seguridad-a-las-residencias-y-centros-de-dia\/"},"author":{"name":"Charge","@id":"https:\/\/sindromecharge.es\/#\/schema\/person\/39a60ebe0a2b4d5a11179701e336b039"},"headline":"Broto: &quot;La vacuna ha tra\u00eddo seguridad a las residencias y centros de d\u00eda&quot;","datePublished":"2021-05-26T12:14:30+00:00","mainEntityOfPage":{"@id":"https:\/\/sindromecharge.es\/index.php\/2021\/05\/26\/broto-la-vacuna-ha-traido-seguridad-a-las-residencias-y-centros-de-dia\/"},"wordCount":892,"commentCount":0,"keywords":["discapacidad"],"articleSection":["noticias"],"inLanguage":"es","potentialAction":[{"@type":"CommentAction","name":"Comment","target":["https:\/\/sindromecharge.es\/index.php\/2021\/05\/26\/broto-la-vacuna-ha-traido-seguridad-a-las-residencias-y-centros-de-dia\/#respond"]}]},{"@type":"WebPage","@id":"https:\/\/sindromecharge.es\/index.php\/2021\/05\/26\/broto-la-vacuna-ha-traido-seguridad-a-las-residencias-y-centros-de-dia\/","url":"https:\/\/sindromecharge.es\/index.php\/2021\/05\/26\/broto-la-vacuna-ha-traido-seguridad-a-las-residencias-y-centros-de-dia\/","name":"Broto: &quot;La vacuna ha tra\u00eddo seguridad a las residencias y centros de d\u00eda&quot; - Asociaci\u00f3n Espa\u00f1ola S\u00edndrome de Charge","isPartOf":{"@id":"https:\/\/sindromecharge.es\/#website"},"datePublished":"2021-05-26T12:14:30+00:00","author":{"@id":"https:\/\/sindromecharge.es\/#\/schema\/person\/39a60ebe0a2b4d5a11179701e336b039"},"breadcrumb":{"@id":"https:\/\/sindromecharge.es\/index.php\/2021\/05\/26\/broto-la-vacuna-ha-traido-seguridad-a-las-residencias-y-centros-de-dia\/#breadcrumb"},"inLanguage":"es","potentialAction":[{"@type":"ReadAction","target":["https:\/\/sindromecharge.es\/index.php\/2021\/05\/26\/broto-la-vacuna-ha-traido-seguridad-a-las-residencias-y-centros-de-dia\/"]}]},{"@type":"BreadcrumbList","@id":"https:\/\/sindromecharge.es\/index.php\/2021\/05\/26\/broto-la-vacuna-ha-traido-seguridad-a-las-residencias-y-centros-de-dia\/#breadcrumb","itemListElement":[{"@type":"ListItem","position":1,"name":"Portada","item":"https:\/\/sindromecharge.es\/"},{"@type":"ListItem","position":2,"name":"Broto: &quot;La vacuna ha tra\u00eddo seguridad a las residencias y centros de d\u00eda&quot;"}]},{"@type":"WebSite","@id":"https:\/\/sindromecharge.es\/#website","url":"https:\/\/sindromecharge.es\/","name":"Asociaci\u00f3n Espa\u00f1ola S\u00edndrome de Charge","description":"","potentialAction":[{"@type":"SearchAction","target":{"@type":"EntryPoint","urlTemplate":"https:\/\/sindromecharge.es\/?s={search_term_string}"},"query-input":{"@type":"PropertyValueSpecification","valueRequired":true,"valueName":"search_term_string"}}],"inLanguage":"es"},{"@type":"Person","@id":"https:\/\/sindromecharge.es\/#\/schema\/person\/39a60ebe0a2b4d5a11179701e336b039","name":"Charge","image":{"@type":"ImageObject","inLanguage":"es","@id":"https:\/\/secure.gravatar.com\/avatar\/c3b46e32a0fc3b093a0873fb767bf3293de856293065e84ef06b7ec7a8acfb98?s=96&d=identicon&r=x","url":"https:\/\/secure.gravatar.com\/avatar\/c3b46e32a0fc3b093a0873fb767bf3293de856293065e84ef06b7ec7a8acfb98?s=96&d=identicon&r=x","contentUrl":"https:\/\/secure.gravatar.com\/avatar\/c3b46e32a0fc3b093a0873fb767bf3293de856293065e84ef06b7ec7a8acfb98?s=96&d=identicon&r=x","caption":"Charge"},"url":"https:\/\/sindromecharge.es\/index.php\/author\/admin\/"}]}},"_links":{"self":[{"href":"https:\/\/sindromecharge.es\/index.php\/wp-json\/wp\/v2\/posts\/7214","targetHints":{"allow":["GET"]}}],"collection":[{"href":"https:\/\/sindromecharge.es\/index.php\/wp-json\/wp\/v2\/posts"}],"about":[{"href":"https:\/\/sindromecharge.es\/index.php\/wp-json\/wp\/v2\/types\/post"}],"author":[{"embeddable":true,"href":"https:\/\/sindromecharge.es\/index.php\/wp-json\/wp\/v2\/users\/1"}],"replies":[{"embeddable":true,"href":"https:\/\/sindromecharge.es\/index.php\/wp-json\/wp\/v2\/comments?post=7214"}],"version-history":[{"count":0,"href":"https:\/\/sindromecharge.es\/index.php\/wp-json\/wp\/v2\/posts\/7214\/revisions"}],"wp:attachment":[{"href":"https:\/\/sindromecharge.es\/index.php\/wp-json\/wp\/v2\/media?parent=7214"}],"wp:term":[{"taxonomy":"category","embeddable":true,"href":"https:\/\/sindromecharge.es\/index.php\/wp-json\/wp\/v2\/categories?post=7214"},{"taxonomy":"post_tag","embeddable":true,"href":"https:\/\/sindromecharge.es\/index.php\/wp-json\/wp\/v2\/tags?post=7214"}],"curies":[{"name":"wp","href":"https:\/\/api.w.org\/{rel}","templated":true}]}}