{"id":7213,"date":"2021-05-26T10:32:07","date_gmt":"2021-05-26T10:32:07","guid":{"rendered":"https:\/\/sindromecharge.es\/index.php\/2021\/05\/26\/albacete-acoge-del-27-al-30-de-mayo-el-campeonato-nacional-de-atletismo-para-personas-con-discapacidad\/"},"modified":"2021-05-26T10:32:07","modified_gmt":"2021-05-26T10:32:07","slug":"albacete-acoge-del-27-al-30-de-mayo-el-campeonato-nacional-de-atletismo-para-personas-con-discapacidad","status":"publish","type":"post","link":"https:\/\/sindromecharge.es\/index.php\/2021\/05\/26\/albacete-acoge-del-27-al-30-de-mayo-el-campeonato-nacional-de-atletismo-para-personas-con-discapacidad\/","title":{"rendered":"Albacete acoge del 27 al 30 de mayo el Campeonato Nacional de Atletismo para personas con discapacidad"},"content":{"rendered":"<p>Leemos en 20minutos la siguiente noticia que os reproducimos de forma \u00edntegra: <\/p>\n<p>Las pistas de atletismo municipal ser\u00e1n el escenario de la competici\u00f3n a la que asistir\u00e1n cerca de 350 deportistas de 45 clubes procedentes de 14 comunidades aut\u00f3nomas, una importante cita para la ciudad que se convertir\u00e1 en \u00abla capital del deporte y la inclusi\u00f3n\u00bb, seg\u00fan ha se\u00f1alado en rueda de prensa el alcalde, Vicente Casa\u00f1.<\/p>\n<p>\u00abAlbacete es una ciudad m\u00e1s que \u00f3ptima para acoger este tipo de eventos porque lo merece. El deporte nos va a dar grandes noticias a lo largo de los pr\u00f3ximos dos a\u00f1os, optamos a ser la gran ciudad del deporte, no solo en Castilla-La Mancha sino en la parte alta del colof\u00f3n de toda Espa\u00f1a y, adem\u00e1s, tambi\u00e9n en el deporte con discapacidad\u00bb, ha se\u00f1alado.<\/p>\n<p>El primer edil ha asegurado que la capital tambi\u00e9n apuesta por la inclusi\u00f3n a trav\u00e9s de la futura oficina de accesibilidad. \u00abNuestra ciudad tiene un potencial emprendedor que nos exige y nos pide que seamos una sociedad m\u00e1s justa, m\u00e1s libre y m\u00e1s vinculada al deporte, porque una ciudad m\u00e1s vinculada al deporte siempre ser\u00e1 una sociedad m\u00e1s sana\u00bb.<\/p>\n<p>De los m\u00e1s de 300 atletas, 46 ser\u00e1n de la regi\u00f3n. Adem\u00e1s, dos de ellos, Deyanira Hidalgo y Nicol\u00e1s Castillejos, se dar\u00e1n cita la pr\u00f3xima semana en Polonia para el campeonato mundial.<\/p>\n<p>\u00abEstamos muy contentos por el campeonato y por la relevancia que va a tener, la primera en n\u00famero de participaci\u00f3n, con cifras anteriores a la pandemia, algo que desde el colectivo valoramos mucho ya que es un esfuerzo muy grande por volver a la normalidad\u00bb, ha explicado el presidente de la Federaci\u00f3n Espa\u00f1ola de Deportes para Personas con Discapacidad Intelectual, Javier Guti\u00e9rrez.<\/p>\n<p>JUEGOS DE TOKIO<\/p>\n<p>Asimismo, ha destacado la trascendencia de la competici\u00f3n para los juegos de Tokio. \u00abTenemos un amplio espectro de participantes, desde personas que necesitan esa ayuda a deportistas de alto nivel que en este campeonato ven una \u00faltima oportunidad para realizar m\u00ednimas para los paraol\u00edmpicos\u00bb.<\/p>\n<p>De su lado, el delegado provincial de Educaci\u00f3n, Cultura y Deporte, Diego P\u00e9rez, se ha mostrado orgulloso de que la ciudad sea el escenario de un evento de estas caracter\u00edsticas. \u00abEs la primera vez que se organiza un campeonato nacional de atletismo en Albacete, es una ciudad especializada en organizar eventos de este tipo, relacionados con el deporte para personas con discapacidad, con ejemplos como el f\u00fatbol 7, la nataci\u00f3n o la gimnasia\u00bb.<\/p>\n<p>En esta misma l\u00ednea, el presidente de la Diputaci\u00f3n, Santiago Caba\u00f1ero, ha querido destacar la necesidad de la colaboraci\u00f3n entre administraciones para sacar estos eventos adelante. \u00abDesde las administraciones p\u00fablicas tenemos la obligaci\u00f3n de acompa\u00f1ar a toda la ciudadan\u00eda en esa normalidad que todos nos merecemos, cuando todos avanzamos juntos es m\u00e1s f\u00e1cil llegar a alcanzar las metas, y este es un claro ejemplo de ello\u00bb.<\/p>\n<p>Por su parte, el director general de Discapacidad, Javier P\u00e9rez, ha destacado que lo importante no son las medallas sino la visibilidad, \u00ablo importante de este campeonato no son los r\u00e9cords, es que sean personas con discapacidad las que llenen las pistas de atletismo de la ciudad de Albacete para sensibilizar a todos de las capacidades de estas personas y deportistas\u00bb.<\/p>\n<p>Desde la Federaci\u00f3n de Deportes para Personas con Discapacidad de Castilla-La Mancha, su presidente, Jes\u00fas Ruiz, ha asegurado que esta no ser\u00e1 la \u00fanica actividad que desarrollar\u00e1n en la provincia. \u00abEste fin de semana es el nacional de atletismo, en septiembre, despu\u00e9s de feria, organizaremos el tradicional campeonato de f\u00fatbol 7, muy querido en toda Espa\u00f1a porque es a nivel nacional, y, adem\u00e1s, en La Roda tenemos tambi\u00e9n las pruebas motrices\u00bb.<\/p>\n<p>\u00abEs muy f\u00e1cil organizar campeonatos en la provincia y en la ciudad gracias a la colaboraci\u00f3n de las administraciones\u00bb, ha apuntado Ruiz.<\/p>\n<p>Fuente: 20minutos <a href=\"https:\/\/www.20minutos.es\/noticia\/4709027\/0\/albacete-acoge-del-27-al-30-de-mayo-el-campeonato-nacional-de-atletismo-para-personas-con-discapacidad\/\" target=\"_blank\" rel=\"noopener\">Albacete acoge del 27 al 30 de mayo el Campeonato Nacional de Atletismo para personas con discapacidad<\/a><\/p>\n","protected":false},"excerpt":{"rendered":"<p>Leemos en 20minutos la siguiente noticia que os reproducimos de forma \u00edntegra: Las pistas de atletismo municipal ser\u00e1n el escenario de la competici\u00f3n a la que asistir\u00e1n cerca de 350 deportistas de 45 clubes procedentes de 14 comunidades aut\u00f3nomas, una importante cita para la ciudad que se convertir\u00e1 en \u00abla capital del deporte y la [&hellip;]<\/p>\n","protected":false},"author":1,"featured_media":0,"comment_status":"open","ping_status":"closed","sticky":false,"template":"","format":"standard","meta":{"footnotes":""},"categories":[8],"tags":[31],"class_list":["post-7213","post","type-post","status-publish","format-standard","hentry","category-noticias","tag-discapacidad"],"yoast_head":"<!-- This site is optimized with the Yoast SEO plugin v27.4 - https:\/\/yoast.com\/product\/yoast-seo-wordpress\/ -->\n<title>Albacete acoge del 27 al 30 de mayo el Campeonato Nacional de Atletismo para personas con discapacidad - Asociaci\u00f3n Espa\u00f1ola S\u00edndrome de Charge<\/title>\n<meta name=\"robots\" content=\"index, follow, max-snippet:-1, max-image-preview:large, max-video-preview:-1\" \/>\n<link rel=\"canonical\" href=\"https:\/\/sindromecharge.es\/index.php\/2021\/05\/26\/albacete-acoge-del-27-al-30-de-mayo-el-campeonato-nacional-de-atletismo-para-personas-con-discapacidad\/\" \/>\n<meta property=\"og:locale\" content=\"es_ES\" \/>\n<meta property=\"og:type\" content=\"article\" \/>\n<meta property=\"og:title\" content=\"Albacete acoge del 27 al 30 de mayo el Campeonato Nacional de Atletismo para personas con discapacidad - Asociaci\u00f3n Espa\u00f1ola S\u00edndrome de Charge\" \/>\n<meta property=\"og:description\" content=\"Leemos en 20minutos la siguiente noticia que os reproducimos de forma \u00edntegra: Las pistas de atletismo municipal ser\u00e1n el escenario de la competici\u00f3n a la que asistir\u00e1n cerca de 350 deportistas de 45 clubes procedentes de 14 comunidades aut\u00f3nomas, una importante cita para la ciudad que se convertir\u00e1 en \u00abla capital del deporte y la [&hellip;]\" \/>\n<meta property=\"og:url\" content=\"https:\/\/sindromecharge.es\/index.php\/2021\/05\/26\/albacete-acoge-del-27-al-30-de-mayo-el-campeonato-nacional-de-atletismo-para-personas-con-discapacidad\/\" \/>\n<meta property=\"og:site_name\" content=\"Asociaci\u00f3n Espa\u00f1ola S\u00edndrome de Charge\" \/>\n<meta property=\"article:publisher\" content=\"https:\/\/www.facebook.com\/asociacionsindromecharge\" \/>\n<meta property=\"article:published_time\" content=\"2021-05-26T10:32:07+00:00\" \/>\n<meta property=\"og:image\" content=\"https:\/\/sindromecharge.es\/wp-content\/uploads\/2013\/09\/logodecharge300x98.png\" \/>\n\t<meta property=\"og:image:width\" content=\"300\" \/>\n\t<meta property=\"og:image:height\" content=\"98\" \/>\n\t<meta property=\"og:image:type\" content=\"image\/png\" \/>\n<meta name=\"author\" content=\"Charge\" \/>\n<meta name=\"twitter:card\" content=\"summary_large_image\" \/>\n<meta name=\"twitter:creator\" content=\"@sindromecharge\" \/>\n<meta name=\"twitter:site\" content=\"@sindromecharge\" \/>\n<meta name=\"twitter:label1\" content=\"Escrito por\" \/>\n\t<meta name=\"twitter:data1\" content=\"Charge\" \/>\n\t<meta name=\"twitter:label2\" content=\"Tiempo de lectura\" \/>\n\t<meta name=\"twitter:data2\" content=\"3 minutos\" \/>\n<script type=\"application\/ld+json\" class=\"yoast-schema-graph\">{\"@context\":\"https:\\\/\\\/schema.org\",\"@graph\":[{\"@type\":\"Article\",\"@id\":\"https:\\\/\\\/sindromecharge.es\\\/index.php\\\/2021\\\/05\\\/26\\\/albacete-acoge-del-27-al-30-de-mayo-el-campeonato-nacional-de-atletismo-para-personas-con-discapacidad\\\/#article\",\"isPartOf\":{\"@id\":\"https:\\\/\\\/sindromecharge.es\\\/index.php\\\/2021\\\/05\\\/26\\\/albacete-acoge-del-27-al-30-de-mayo-el-campeonato-nacional-de-atletismo-para-personas-con-discapacidad\\\/\"},\"author\":{\"name\":\"Charge\",\"@id\":\"https:\\\/\\\/sindromecharge.es\\\/#\\\/schema\\\/person\\\/39a60ebe0a2b4d5a11179701e336b039\"},\"headline\":\"Albacete acoge del 27 al 30 de mayo el Campeonato Nacional de Atletismo para personas con discapacidad\",\"datePublished\":\"2021-05-26T10:32:07+00:00\",\"mainEntityOfPage\":{\"@id\":\"https:\\\/\\\/sindromecharge.es\\\/index.php\\\/2021\\\/05\\\/26\\\/albacete-acoge-del-27-al-30-de-mayo-el-campeonato-nacional-de-atletismo-para-personas-con-discapacidad\\\/\"},\"wordCount\":715,\"commentCount\":0,\"keywords\":[\"discapacidad\"],\"articleSection\":[\"noticias\"],\"inLanguage\":\"es\",\"potentialAction\":[{\"@type\":\"CommentAction\",\"name\":\"Comment\",\"target\":[\"https:\\\/\\\/sindromecharge.es\\\/index.php\\\/2021\\\/05\\\/26\\\/albacete-acoge-del-27-al-30-de-mayo-el-campeonato-nacional-de-atletismo-para-personas-con-discapacidad\\\/#respond\"]}]},{\"@type\":\"WebPage\",\"@id\":\"https:\\\/\\\/sindromecharge.es\\\/index.php\\\/2021\\\/05\\\/26\\\/albacete-acoge-del-27-al-30-de-mayo-el-campeonato-nacional-de-atletismo-para-personas-con-discapacidad\\\/\",\"url\":\"https:\\\/\\\/sindromecharge.es\\\/index.php\\\/2021\\\/05\\\/26\\\/albacete-acoge-del-27-al-30-de-mayo-el-campeonato-nacional-de-atletismo-para-personas-con-discapacidad\\\/\",\"name\":\"Albacete acoge del 27 al 30 de mayo el Campeonato Nacional de Atletismo para personas con discapacidad - Asociaci\u00f3n Espa\u00f1ola S\u00edndrome de Charge\",\"isPartOf\":{\"@id\":\"https:\\\/\\\/sindromecharge.es\\\/#website\"},\"datePublished\":\"2021-05-26T10:32:07+00:00\",\"author\":{\"@id\":\"https:\\\/\\\/sindromecharge.es\\\/#\\\/schema\\\/person\\\/39a60ebe0a2b4d5a11179701e336b039\"},\"breadcrumb\":{\"@id\":\"https:\\\/\\\/sindromecharge.es\\\/index.php\\\/2021\\\/05\\\/26\\\/albacete-acoge-del-27-al-30-de-mayo-el-campeonato-nacional-de-atletismo-para-personas-con-discapacidad\\\/#breadcrumb\"},\"inLanguage\":\"es\",\"potentialAction\":[{\"@type\":\"ReadAction\",\"target\":[\"https:\\\/\\\/sindromecharge.es\\\/index.php\\\/2021\\\/05\\\/26\\\/albacete-acoge-del-27-al-30-de-mayo-el-campeonato-nacional-de-atletismo-para-personas-con-discapacidad\\\/\"]}]},{\"@type\":\"BreadcrumbList\",\"@id\":\"https:\\\/\\\/sindromecharge.es\\\/index.php\\\/2021\\\/05\\\/26\\\/albacete-acoge-del-27-al-30-de-mayo-el-campeonato-nacional-de-atletismo-para-personas-con-discapacidad\\\/#breadcrumb\",\"itemListElement\":[{\"@type\":\"ListItem\",\"position\":1,\"name\":\"Portada\",\"item\":\"https:\\\/\\\/sindromecharge.es\\\/\"},{\"@type\":\"ListItem\",\"position\":2,\"name\":\"Albacete acoge del 27 al 30 de mayo el Campeonato Nacional de Atletismo para personas con discapacidad\"}]},{\"@type\":\"WebSite\",\"@id\":\"https:\\\/\\\/sindromecharge.es\\\/#website\",\"url\":\"https:\\\/\\\/sindromecharge.es\\\/\",\"name\":\"Asociaci\u00f3n Espa\u00f1ola S\u00edndrome de Charge\",\"description\":\"\",\"potentialAction\":[{\"@type\":\"SearchAction\",\"target\":{\"@type\":\"EntryPoint\",\"urlTemplate\":\"https:\\\/\\\/sindromecharge.es\\\/?s={search_term_string}\"},\"query-input\":{\"@type\":\"PropertyValueSpecification\",\"valueRequired\":true,\"valueName\":\"search_term_string\"}}],\"inLanguage\":\"es\"},{\"@type\":\"Person\",\"@id\":\"https:\\\/\\\/sindromecharge.es\\\/#\\\/schema\\\/person\\\/39a60ebe0a2b4d5a11179701e336b039\",\"name\":\"Charge\",\"image\":{\"@type\":\"ImageObject\",\"inLanguage\":\"es\",\"@id\":\"https:\\\/\\\/secure.gravatar.com\\\/avatar\\\/c3b46e32a0fc3b093a0873fb767bf3293de856293065e84ef06b7ec7a8acfb98?s=96&d=identicon&r=x\",\"url\":\"https:\\\/\\\/secure.gravatar.com\\\/avatar\\\/c3b46e32a0fc3b093a0873fb767bf3293de856293065e84ef06b7ec7a8acfb98?s=96&d=identicon&r=x\",\"contentUrl\":\"https:\\\/\\\/secure.gravatar.com\\\/avatar\\\/c3b46e32a0fc3b093a0873fb767bf3293de856293065e84ef06b7ec7a8acfb98?s=96&d=identicon&r=x\",\"caption\":\"Charge\"},\"url\":\"https:\\\/\\\/sindromecharge.es\\\/index.php\\\/author\\\/admin\\\/\"}]}<\/script>\n<!-- \/ Yoast SEO plugin. -->","yoast_head_json":{"title":"Albacete acoge del 27 al 30 de mayo el Campeonato Nacional de Atletismo para personas con discapacidad - Asociaci\u00f3n Espa\u00f1ola S\u00edndrome de Charge","robots":{"index":"index","follow":"follow","max-snippet":"max-snippet:-1","max-image-preview":"max-image-preview:large","max-video-preview":"max-video-preview:-1"},"canonical":"https:\/\/sindromecharge.es\/index.php\/2021\/05\/26\/albacete-acoge-del-27-al-30-de-mayo-el-campeonato-nacional-de-atletismo-para-personas-con-discapacidad\/","og_locale":"es_ES","og_type":"article","og_title":"Albacete acoge del 27 al 30 de mayo el Campeonato Nacional de Atletismo para personas con discapacidad - Asociaci\u00f3n Espa\u00f1ola S\u00edndrome de Charge","og_description":"Leemos en 20minutos la siguiente noticia que os reproducimos de forma \u00edntegra: Las pistas de atletismo municipal ser\u00e1n el escenario de la competici\u00f3n a la que asistir\u00e1n cerca de 350 deportistas de 45 clubes procedentes de 14 comunidades aut\u00f3nomas, una importante cita para la ciudad que se convertir\u00e1 en \u00abla capital del deporte y la [&hellip;]","og_url":"https:\/\/sindromecharge.es\/index.php\/2021\/05\/26\/albacete-acoge-del-27-al-30-de-mayo-el-campeonato-nacional-de-atletismo-para-personas-con-discapacidad\/","og_site_name":"Asociaci\u00f3n Espa\u00f1ola S\u00edndrome de Charge","article_publisher":"https:\/\/www.facebook.com\/asociacionsindromecharge","article_published_time":"2021-05-26T10:32:07+00:00","og_image":[{"width":300,"height":98,"url":"https:\/\/sindromecharge.es\/wp-content\/uploads\/2013\/09\/logodecharge300x98.png","type":"image\/png"}],"author":"Charge","twitter_card":"summary_large_image","twitter_creator":"@sindromecharge","twitter_site":"@sindromecharge","twitter_misc":{"Escrito por":"Charge","Tiempo de lectura":"3 minutos"},"schema":{"@context":"https:\/\/schema.org","@graph":[{"@type":"Article","@id":"https:\/\/sindromecharge.es\/index.php\/2021\/05\/26\/albacete-acoge-del-27-al-30-de-mayo-el-campeonato-nacional-de-atletismo-para-personas-con-discapacidad\/#article","isPartOf":{"@id":"https:\/\/sindromecharge.es\/index.php\/2021\/05\/26\/albacete-acoge-del-27-al-30-de-mayo-el-campeonato-nacional-de-atletismo-para-personas-con-discapacidad\/"},"author":{"name":"Charge","@id":"https:\/\/sindromecharge.es\/#\/schema\/person\/39a60ebe0a2b4d5a11179701e336b039"},"headline":"Albacete acoge del 27 al 30 de mayo el Campeonato Nacional de Atletismo para personas con discapacidad","datePublished":"2021-05-26T10:32:07+00:00","mainEntityOfPage":{"@id":"https:\/\/sindromecharge.es\/index.php\/2021\/05\/26\/albacete-acoge-del-27-al-30-de-mayo-el-campeonato-nacional-de-atletismo-para-personas-con-discapacidad\/"},"wordCount":715,"commentCount":0,"keywords":["discapacidad"],"articleSection":["noticias"],"inLanguage":"es","potentialAction":[{"@type":"CommentAction","name":"Comment","target":["https:\/\/sindromecharge.es\/index.php\/2021\/05\/26\/albacete-acoge-del-27-al-30-de-mayo-el-campeonato-nacional-de-atletismo-para-personas-con-discapacidad\/#respond"]}]},{"@type":"WebPage","@id":"https:\/\/sindromecharge.es\/index.php\/2021\/05\/26\/albacete-acoge-del-27-al-30-de-mayo-el-campeonato-nacional-de-atletismo-para-personas-con-discapacidad\/","url":"https:\/\/sindromecharge.es\/index.php\/2021\/05\/26\/albacete-acoge-del-27-al-30-de-mayo-el-campeonato-nacional-de-atletismo-para-personas-con-discapacidad\/","name":"Albacete acoge del 27 al 30 de mayo el Campeonato Nacional de Atletismo para personas con discapacidad - Asociaci\u00f3n Espa\u00f1ola S\u00edndrome de Charge","isPartOf":{"@id":"https:\/\/sindromecharge.es\/#website"},"datePublished":"2021-05-26T10:32:07+00:00","author":{"@id":"https:\/\/sindromecharge.es\/#\/schema\/person\/39a60ebe0a2b4d5a11179701e336b039"},"breadcrumb":{"@id":"https:\/\/sindromecharge.es\/index.php\/2021\/05\/26\/albacete-acoge-del-27-al-30-de-mayo-el-campeonato-nacional-de-atletismo-para-personas-con-discapacidad\/#breadcrumb"},"inLanguage":"es","potentialAction":[{"@type":"ReadAction","target":["https:\/\/sindromecharge.es\/index.php\/2021\/05\/26\/albacete-acoge-del-27-al-30-de-mayo-el-campeonato-nacional-de-atletismo-para-personas-con-discapacidad\/"]}]},{"@type":"BreadcrumbList","@id":"https:\/\/sindromecharge.es\/index.php\/2021\/05\/26\/albacete-acoge-del-27-al-30-de-mayo-el-campeonato-nacional-de-atletismo-para-personas-con-discapacidad\/#breadcrumb","itemListElement":[{"@type":"ListItem","position":1,"name":"Portada","item":"https:\/\/sindromecharge.es\/"},{"@type":"ListItem","position":2,"name":"Albacete acoge del 27 al 30 de mayo el Campeonato Nacional de Atletismo para personas con discapacidad"}]},{"@type":"WebSite","@id":"https:\/\/sindromecharge.es\/#website","url":"https:\/\/sindromecharge.es\/","name":"Asociaci\u00f3n Espa\u00f1ola S\u00edndrome de Charge","description":"","potentialAction":[{"@type":"SearchAction","target":{"@type":"EntryPoint","urlTemplate":"https:\/\/sindromecharge.es\/?s={search_term_string}"},"query-input":{"@type":"PropertyValueSpecification","valueRequired":true,"valueName":"search_term_string"}}],"inLanguage":"es"},{"@type":"Person","@id":"https:\/\/sindromecharge.es\/#\/schema\/person\/39a60ebe0a2b4d5a11179701e336b039","name":"Charge","image":{"@type":"ImageObject","inLanguage":"es","@id":"https:\/\/secure.gravatar.com\/avatar\/c3b46e32a0fc3b093a0873fb767bf3293de856293065e84ef06b7ec7a8acfb98?s=96&d=identicon&r=x","url":"https:\/\/secure.gravatar.com\/avatar\/c3b46e32a0fc3b093a0873fb767bf3293de856293065e84ef06b7ec7a8acfb98?s=96&d=identicon&r=x","contentUrl":"https:\/\/secure.gravatar.com\/avatar\/c3b46e32a0fc3b093a0873fb767bf3293de856293065e84ef06b7ec7a8acfb98?s=96&d=identicon&r=x","caption":"Charge"},"url":"https:\/\/sindromecharge.es\/index.php\/author\/admin\/"}]}},"_links":{"self":[{"href":"https:\/\/sindromecharge.es\/index.php\/wp-json\/wp\/v2\/posts\/7213","targetHints":{"allow":["GET"]}}],"collection":[{"href":"https:\/\/sindromecharge.es\/index.php\/wp-json\/wp\/v2\/posts"}],"about":[{"href":"https:\/\/sindromecharge.es\/index.php\/wp-json\/wp\/v2\/types\/post"}],"author":[{"embeddable":true,"href":"https:\/\/sindromecharge.es\/index.php\/wp-json\/wp\/v2\/users\/1"}],"replies":[{"embeddable":true,"href":"https:\/\/sindromecharge.es\/index.php\/wp-json\/wp\/v2\/comments?post=7213"}],"version-history":[{"count":0,"href":"https:\/\/sindromecharge.es\/index.php\/wp-json\/wp\/v2\/posts\/7213\/revisions"}],"wp:attachment":[{"href":"https:\/\/sindromecharge.es\/index.php\/wp-json\/wp\/v2\/media?parent=7213"}],"wp:term":[{"taxonomy":"category","embeddable":true,"href":"https:\/\/sindromecharge.es\/index.php\/wp-json\/wp\/v2\/categories?post=7213"},{"taxonomy":"post_tag","embeddable":true,"href":"https:\/\/sindromecharge.es\/index.php\/wp-json\/wp\/v2\/tags?post=7213"}],"curies":[{"name":"wp","href":"https:\/\/api.w.org\/{rel}","templated":true}]}}