{"id":7211,"date":"2021-05-25T18:02:56","date_gmt":"2021-05-25T18:02:56","guid":{"rendered":"https:\/\/sindromecharge.es\/index.php\/2021\/05\/25\/nace-el-fundacion-rayo-vallecano-dca-femenino-primer-equipo-de-futbol-de-madrid-para-mujeres-con-discapacidad\/"},"modified":"2021-05-25T18:02:56","modified_gmt":"2021-05-25T18:02:56","slug":"nace-el-fundacion-rayo-vallecano-dca-femenino-primer-equipo-de-futbol-de-madrid-para-mujeres-con-discapacidad","status":"publish","type":"post","link":"https:\/\/sindromecharge.es\/index.php\/2021\/05\/25\/nace-el-fundacion-rayo-vallecano-dca-femenino-primer-equipo-de-futbol-de-madrid-para-mujeres-con-discapacidad\/","title":{"rendered":"Nace el &#039;Fundaci\u00f3n Rayo Vallecano DCA Femenino&#039;, primer equipo de f\u00fatbol de Madrid para mujeres con discapacidad"},"content":{"rendered":"<p>Leemos en 20minutos la siguiente noticia que os reproducimos de forma \u00edntegra: <\/p>\n<p>Bajo el lema &#8216;Valientes y Guerreras&#8217;, la <a href=\"https:\/\/www.20minutos.es\/deportes\/minuteca\/rayo-vallecano\/\">Fundaci\u00f3n del Rayo Vallecano<\/a> present\u00f3 este martes a <strong>su nuevo equipo de f\u00fatbol, el primero en <a href=\"https:\/\/www.20minutos.es\/deportes\/minuteca\/madrid\/\">Madrid<\/a> integrado de forma exclusiva por mujeres con discapacidad intelectual<\/strong>, par\u00e1lisis cerebral y da\u00f1o cerebral adquirido. <\/p>\n<p><strong>Evelin, Sara, Marta, Mar\u00eda, Patricia y Tere ser\u00e1n las \u00abnuevas guerreras\u00bb del Fundaci\u00f3n Rayo Vallecano DCA<\/strong>, seg\u00fan manifest\u00f3 el club este martes en un comunicado. El proyecto, que fue presentado en la Ciudad Deportiva de la entidad franjirroja, nace de la alianza que la Fundaci\u00f3n Rayo Vallecano mantiene con Deporte para DCA, club especializado en deporte y discapacidad. Esta uni\u00f3n, que cumple ya cuatro a\u00f1os, ha permitido a ambas entidades competir en<a href=\"https:\/\/www.20minutos.es\/deportes\/minuteca\/eslaliga\/\"> LaLiga Genuine Santander<\/a>, la Liga Nacional FEDPC y la Liga FEMADDI.<\/p>\n<p>El director ejecutivo de la Fundaci\u00f3n Rayo Vallecano, Jos\u00e9 Luis Guerra, f<strong>ue el encargado de presentar el nuevo equipo<\/strong>, acompa\u00f1ado de la coordinadora de f\u00fatbol adaptado, Doaa Abdelrazek, y por los responsables de Deporte para DCA, Juanjo Garc\u00eda y Marta P\u00e9rez, quienes reivindicaron la importancia de estas apuestas deportivas para personas con discapacidad. <\/p>\n<p>Las jugadoras de este nuevo equipo del Rayo Vallecano estuvieron tambi\u00e9n arropadas durante la presentaci\u00f3n por las jugadoras del <strong>equipo femenino de la Primera Iberdrola <\/strong>Yanara Aedo y Patricia Larqu\u00e9, y por Abel Gonz\u00e1lez, jugador del equipo masculino Fundaci\u00f3n Rayo Vallecano DCA, quien aprovech\u00f3 la ocasi\u00f3n para recordar los valores del club franjirrojo: <strong>\u00abValent\u00eda, Coraje y Nobleza\u00bb<\/strong>.<\/p>\n<p>Fuente: 20minutos <a href=\"https:\/\/www.20minutos.es\/noticia\/4708604\/0\/nace-el-fundacion-rayo-vallecano-dca-femenino-primer-equipo-de-futbol-de-madrid-para-mujeres-con-discapacidad\/\" target=\"_blank\" rel=\"noopener\">Nace el &#039;Fundaci\u00f3n Rayo Vallecano DCA Femenino&#039;, primer equipo de f\u00fatbol de Madrid para mujeres con discapacidad<\/a><\/p>\n","protected":false},"excerpt":{"rendered":"<p>Leemos en 20minutos la siguiente noticia que os reproducimos de forma \u00edntegra: Bajo el lema &#8216;Valientes y Guerreras&#8217;, la Fundaci\u00f3n del Rayo Vallecano present\u00f3 este martes a su nuevo equipo de f\u00fatbol, el primero en Madrid integrado de forma exclusiva por mujeres con discapacidad intelectual, par\u00e1lisis cerebral y da\u00f1o cerebral adquirido. Evelin, Sara, Marta, Mar\u00eda, [&hellip;]<\/p>\n","protected":false},"author":1,"featured_media":0,"comment_status":"open","ping_status":"closed","sticky":false,"template":"","format":"standard","meta":{"footnotes":""},"categories":[8],"tags":[31],"class_list":["post-7211","post","type-post","status-publish","format-standard","hentry","category-noticias","tag-discapacidad"],"yoast_head":"<!-- This site is optimized with the Yoast SEO plugin v27.4 - https:\/\/yoast.com\/product\/yoast-seo-wordpress\/ -->\n<title>Nace el &#039;Fundaci\u00f3n Rayo Vallecano DCA Femenino&#039;, primer equipo de f\u00fatbol de Madrid para mujeres con discapacidad - Asociaci\u00f3n Espa\u00f1ola S\u00edndrome de Charge<\/title>\n<meta name=\"robots\" content=\"index, follow, max-snippet:-1, max-image-preview:large, max-video-preview:-1\" \/>\n<link rel=\"canonical\" href=\"https:\/\/sindromecharge.es\/index.php\/2021\/05\/25\/nace-el-fundacion-rayo-vallecano-dca-femenino-primer-equipo-de-futbol-de-madrid-para-mujeres-con-discapacidad\/\" \/>\n<meta property=\"og:locale\" content=\"es_ES\" \/>\n<meta property=\"og:type\" content=\"article\" \/>\n<meta property=\"og:title\" content=\"Nace el &#039;Fundaci\u00f3n Rayo Vallecano DCA Femenino&#039;, primer equipo de f\u00fatbol de Madrid para mujeres con discapacidad - Asociaci\u00f3n Espa\u00f1ola S\u00edndrome de Charge\" \/>\n<meta property=\"og:description\" content=\"Leemos en 20minutos la siguiente noticia que os reproducimos de forma \u00edntegra: Bajo el lema &#8216;Valientes y Guerreras&#8217;, la Fundaci\u00f3n del Rayo Vallecano present\u00f3 este martes a su nuevo equipo de f\u00fatbol, el primero en Madrid integrado de forma exclusiva por mujeres con discapacidad intelectual, par\u00e1lisis cerebral y da\u00f1o cerebral adquirido. Evelin, Sara, Marta, Mar\u00eda, [&hellip;]\" \/>\n<meta property=\"og:url\" content=\"https:\/\/sindromecharge.es\/index.php\/2021\/05\/25\/nace-el-fundacion-rayo-vallecano-dca-femenino-primer-equipo-de-futbol-de-madrid-para-mujeres-con-discapacidad\/\" \/>\n<meta property=\"og:site_name\" content=\"Asociaci\u00f3n Espa\u00f1ola S\u00edndrome de Charge\" \/>\n<meta property=\"article:publisher\" content=\"https:\/\/www.facebook.com\/asociacionsindromecharge\" \/>\n<meta property=\"article:published_time\" content=\"2021-05-25T18:02:56+00:00\" \/>\n<meta property=\"og:image\" content=\"https:\/\/sindromecharge.es\/wp-content\/uploads\/2013\/09\/logodecharge300x98.png\" \/>\n\t<meta property=\"og:image:width\" content=\"300\" \/>\n\t<meta property=\"og:image:height\" content=\"98\" \/>\n\t<meta property=\"og:image:type\" content=\"image\/png\" \/>\n<meta name=\"author\" content=\"Charge\" \/>\n<meta name=\"twitter:card\" content=\"summary_large_image\" \/>\n<meta name=\"twitter:creator\" content=\"@sindromecharge\" \/>\n<meta name=\"twitter:site\" content=\"@sindromecharge\" \/>\n<meta name=\"twitter:label1\" content=\"Escrito por\" \/>\n\t<meta name=\"twitter:data1\" content=\"Charge\" \/>\n\t<meta name=\"twitter:label2\" content=\"Tiempo de lectura\" \/>\n\t<meta name=\"twitter:data2\" content=\"1 minuto\" \/>\n<script type=\"application\/ld+json\" class=\"yoast-schema-graph\">{\"@context\":\"https:\\\/\\\/schema.org\",\"@graph\":[{\"@type\":\"Article\",\"@id\":\"https:\\\/\\\/sindromecharge.es\\\/index.php\\\/2021\\\/05\\\/25\\\/nace-el-fundacion-rayo-vallecano-dca-femenino-primer-equipo-de-futbol-de-madrid-para-mujeres-con-discapacidad\\\/#article\",\"isPartOf\":{\"@id\":\"https:\\\/\\\/sindromecharge.es\\\/index.php\\\/2021\\\/05\\\/25\\\/nace-el-fundacion-rayo-vallecano-dca-femenino-primer-equipo-de-futbol-de-madrid-para-mujeres-con-discapacidad\\\/\"},\"author\":{\"name\":\"Charge\",\"@id\":\"https:\\\/\\\/sindromecharge.es\\\/#\\\/schema\\\/person\\\/39a60ebe0a2b4d5a11179701e336b039\"},\"headline\":\"Nace el &#039;Fundaci\u00f3n Rayo Vallecano DCA Femenino&#039;, primer equipo de f\u00fatbol de Madrid para mujeres con discapacidad\",\"datePublished\":\"2021-05-25T18:02:56+00:00\",\"mainEntityOfPage\":{\"@id\":\"https:\\\/\\\/sindromecharge.es\\\/index.php\\\/2021\\\/05\\\/25\\\/nace-el-fundacion-rayo-vallecano-dca-femenino-primer-equipo-de-futbol-de-madrid-para-mujeres-con-discapacidad\\\/\"},\"wordCount\":306,\"commentCount\":0,\"keywords\":[\"discapacidad\"],\"articleSection\":[\"noticias\"],\"inLanguage\":\"es\",\"potentialAction\":[{\"@type\":\"CommentAction\",\"name\":\"Comment\",\"target\":[\"https:\\\/\\\/sindromecharge.es\\\/index.php\\\/2021\\\/05\\\/25\\\/nace-el-fundacion-rayo-vallecano-dca-femenino-primer-equipo-de-futbol-de-madrid-para-mujeres-con-discapacidad\\\/#respond\"]}]},{\"@type\":\"WebPage\",\"@id\":\"https:\\\/\\\/sindromecharge.es\\\/index.php\\\/2021\\\/05\\\/25\\\/nace-el-fundacion-rayo-vallecano-dca-femenino-primer-equipo-de-futbol-de-madrid-para-mujeres-con-discapacidad\\\/\",\"url\":\"https:\\\/\\\/sindromecharge.es\\\/index.php\\\/2021\\\/05\\\/25\\\/nace-el-fundacion-rayo-vallecano-dca-femenino-primer-equipo-de-futbol-de-madrid-para-mujeres-con-discapacidad\\\/\",\"name\":\"Nace el &#039;Fundaci\u00f3n Rayo Vallecano DCA Femenino&#039;, primer equipo de f\u00fatbol de Madrid para mujeres con discapacidad - Asociaci\u00f3n Espa\u00f1ola S\u00edndrome de Charge\",\"isPartOf\":{\"@id\":\"https:\\\/\\\/sindromecharge.es\\\/#website\"},\"datePublished\":\"2021-05-25T18:02:56+00:00\",\"author\":{\"@id\":\"https:\\\/\\\/sindromecharge.es\\\/#\\\/schema\\\/person\\\/39a60ebe0a2b4d5a11179701e336b039\"},\"breadcrumb\":{\"@id\":\"https:\\\/\\\/sindromecharge.es\\\/index.php\\\/2021\\\/05\\\/25\\\/nace-el-fundacion-rayo-vallecano-dca-femenino-primer-equipo-de-futbol-de-madrid-para-mujeres-con-discapacidad\\\/#breadcrumb\"},\"inLanguage\":\"es\",\"potentialAction\":[{\"@type\":\"ReadAction\",\"target\":[\"https:\\\/\\\/sindromecharge.es\\\/index.php\\\/2021\\\/05\\\/25\\\/nace-el-fundacion-rayo-vallecano-dca-femenino-primer-equipo-de-futbol-de-madrid-para-mujeres-con-discapacidad\\\/\"]}]},{\"@type\":\"BreadcrumbList\",\"@id\":\"https:\\\/\\\/sindromecharge.es\\\/index.php\\\/2021\\\/05\\\/25\\\/nace-el-fundacion-rayo-vallecano-dca-femenino-primer-equipo-de-futbol-de-madrid-para-mujeres-con-discapacidad\\\/#breadcrumb\",\"itemListElement\":[{\"@type\":\"ListItem\",\"position\":1,\"name\":\"Portada\",\"item\":\"https:\\\/\\\/sindromecharge.es\\\/\"},{\"@type\":\"ListItem\",\"position\":2,\"name\":\"Nace el &#039;Fundaci\u00f3n Rayo Vallecano DCA Femenino&#039;, primer equipo de f\u00fatbol de Madrid para mujeres con discapacidad\"}]},{\"@type\":\"WebSite\",\"@id\":\"https:\\\/\\\/sindromecharge.es\\\/#website\",\"url\":\"https:\\\/\\\/sindromecharge.es\\\/\",\"name\":\"Asociaci\u00f3n Espa\u00f1ola S\u00edndrome de Charge\",\"description\":\"\",\"potentialAction\":[{\"@type\":\"SearchAction\",\"target\":{\"@type\":\"EntryPoint\",\"urlTemplate\":\"https:\\\/\\\/sindromecharge.es\\\/?s={search_term_string}\"},\"query-input\":{\"@type\":\"PropertyValueSpecification\",\"valueRequired\":true,\"valueName\":\"search_term_string\"}}],\"inLanguage\":\"es\"},{\"@type\":\"Person\",\"@id\":\"https:\\\/\\\/sindromecharge.es\\\/#\\\/schema\\\/person\\\/39a60ebe0a2b4d5a11179701e336b039\",\"name\":\"Charge\",\"image\":{\"@type\":\"ImageObject\",\"inLanguage\":\"es\",\"@id\":\"https:\\\/\\\/secure.gravatar.com\\\/avatar\\\/c3b46e32a0fc3b093a0873fb767bf3293de856293065e84ef06b7ec7a8acfb98?s=96&d=identicon&r=x\",\"url\":\"https:\\\/\\\/secure.gravatar.com\\\/avatar\\\/c3b46e32a0fc3b093a0873fb767bf3293de856293065e84ef06b7ec7a8acfb98?s=96&d=identicon&r=x\",\"contentUrl\":\"https:\\\/\\\/secure.gravatar.com\\\/avatar\\\/c3b46e32a0fc3b093a0873fb767bf3293de856293065e84ef06b7ec7a8acfb98?s=96&d=identicon&r=x\",\"caption\":\"Charge\"},\"url\":\"https:\\\/\\\/sindromecharge.es\\\/index.php\\\/author\\\/admin\\\/\"}]}<\/script>\n<!-- \/ Yoast SEO plugin. -->","yoast_head_json":{"title":"Nace el &#039;Fundaci\u00f3n Rayo Vallecano DCA Femenino&#039;, primer equipo de f\u00fatbol de Madrid para mujeres con discapacidad - Asociaci\u00f3n Espa\u00f1ola S\u00edndrome de Charge","robots":{"index":"index","follow":"follow","max-snippet":"max-snippet:-1","max-image-preview":"max-image-preview:large","max-video-preview":"max-video-preview:-1"},"canonical":"https:\/\/sindromecharge.es\/index.php\/2021\/05\/25\/nace-el-fundacion-rayo-vallecano-dca-femenino-primer-equipo-de-futbol-de-madrid-para-mujeres-con-discapacidad\/","og_locale":"es_ES","og_type":"article","og_title":"Nace el &#039;Fundaci\u00f3n Rayo Vallecano DCA Femenino&#039;, primer equipo de f\u00fatbol de Madrid para mujeres con discapacidad - Asociaci\u00f3n Espa\u00f1ola S\u00edndrome de Charge","og_description":"Leemos en 20minutos la siguiente noticia que os reproducimos de forma \u00edntegra: Bajo el lema &#8216;Valientes y Guerreras&#8217;, la Fundaci\u00f3n del Rayo Vallecano present\u00f3 este martes a su nuevo equipo de f\u00fatbol, el primero en Madrid integrado de forma exclusiva por mujeres con discapacidad intelectual, par\u00e1lisis cerebral y da\u00f1o cerebral adquirido. Evelin, Sara, Marta, Mar\u00eda, [&hellip;]","og_url":"https:\/\/sindromecharge.es\/index.php\/2021\/05\/25\/nace-el-fundacion-rayo-vallecano-dca-femenino-primer-equipo-de-futbol-de-madrid-para-mujeres-con-discapacidad\/","og_site_name":"Asociaci\u00f3n Espa\u00f1ola S\u00edndrome de Charge","article_publisher":"https:\/\/www.facebook.com\/asociacionsindromecharge","article_published_time":"2021-05-25T18:02:56+00:00","og_image":[{"width":300,"height":98,"url":"https:\/\/sindromecharge.es\/wp-content\/uploads\/2013\/09\/logodecharge300x98.png","type":"image\/png"}],"author":"Charge","twitter_card":"summary_large_image","twitter_creator":"@sindromecharge","twitter_site":"@sindromecharge","twitter_misc":{"Escrito por":"Charge","Tiempo de lectura":"1 minuto"},"schema":{"@context":"https:\/\/schema.org","@graph":[{"@type":"Article","@id":"https:\/\/sindromecharge.es\/index.php\/2021\/05\/25\/nace-el-fundacion-rayo-vallecano-dca-femenino-primer-equipo-de-futbol-de-madrid-para-mujeres-con-discapacidad\/#article","isPartOf":{"@id":"https:\/\/sindromecharge.es\/index.php\/2021\/05\/25\/nace-el-fundacion-rayo-vallecano-dca-femenino-primer-equipo-de-futbol-de-madrid-para-mujeres-con-discapacidad\/"},"author":{"name":"Charge","@id":"https:\/\/sindromecharge.es\/#\/schema\/person\/39a60ebe0a2b4d5a11179701e336b039"},"headline":"Nace el &#039;Fundaci\u00f3n Rayo Vallecano DCA Femenino&#039;, primer equipo de f\u00fatbol de Madrid para mujeres con discapacidad","datePublished":"2021-05-25T18:02:56+00:00","mainEntityOfPage":{"@id":"https:\/\/sindromecharge.es\/index.php\/2021\/05\/25\/nace-el-fundacion-rayo-vallecano-dca-femenino-primer-equipo-de-futbol-de-madrid-para-mujeres-con-discapacidad\/"},"wordCount":306,"commentCount":0,"keywords":["discapacidad"],"articleSection":["noticias"],"inLanguage":"es","potentialAction":[{"@type":"CommentAction","name":"Comment","target":["https:\/\/sindromecharge.es\/index.php\/2021\/05\/25\/nace-el-fundacion-rayo-vallecano-dca-femenino-primer-equipo-de-futbol-de-madrid-para-mujeres-con-discapacidad\/#respond"]}]},{"@type":"WebPage","@id":"https:\/\/sindromecharge.es\/index.php\/2021\/05\/25\/nace-el-fundacion-rayo-vallecano-dca-femenino-primer-equipo-de-futbol-de-madrid-para-mujeres-con-discapacidad\/","url":"https:\/\/sindromecharge.es\/index.php\/2021\/05\/25\/nace-el-fundacion-rayo-vallecano-dca-femenino-primer-equipo-de-futbol-de-madrid-para-mujeres-con-discapacidad\/","name":"Nace el &#039;Fundaci\u00f3n Rayo Vallecano DCA Femenino&#039;, primer equipo de f\u00fatbol de Madrid para mujeres con discapacidad - Asociaci\u00f3n Espa\u00f1ola S\u00edndrome de Charge","isPartOf":{"@id":"https:\/\/sindromecharge.es\/#website"},"datePublished":"2021-05-25T18:02:56+00:00","author":{"@id":"https:\/\/sindromecharge.es\/#\/schema\/person\/39a60ebe0a2b4d5a11179701e336b039"},"breadcrumb":{"@id":"https:\/\/sindromecharge.es\/index.php\/2021\/05\/25\/nace-el-fundacion-rayo-vallecano-dca-femenino-primer-equipo-de-futbol-de-madrid-para-mujeres-con-discapacidad\/#breadcrumb"},"inLanguage":"es","potentialAction":[{"@type":"ReadAction","target":["https:\/\/sindromecharge.es\/index.php\/2021\/05\/25\/nace-el-fundacion-rayo-vallecano-dca-femenino-primer-equipo-de-futbol-de-madrid-para-mujeres-con-discapacidad\/"]}]},{"@type":"BreadcrumbList","@id":"https:\/\/sindromecharge.es\/index.php\/2021\/05\/25\/nace-el-fundacion-rayo-vallecano-dca-femenino-primer-equipo-de-futbol-de-madrid-para-mujeres-con-discapacidad\/#breadcrumb","itemListElement":[{"@type":"ListItem","position":1,"name":"Portada","item":"https:\/\/sindromecharge.es\/"},{"@type":"ListItem","position":2,"name":"Nace el &#039;Fundaci\u00f3n Rayo Vallecano DCA Femenino&#039;, primer equipo de f\u00fatbol de Madrid para mujeres con discapacidad"}]},{"@type":"WebSite","@id":"https:\/\/sindromecharge.es\/#website","url":"https:\/\/sindromecharge.es\/","name":"Asociaci\u00f3n Espa\u00f1ola S\u00edndrome de Charge","description":"","potentialAction":[{"@type":"SearchAction","target":{"@type":"EntryPoint","urlTemplate":"https:\/\/sindromecharge.es\/?s={search_term_string}"},"query-input":{"@type":"PropertyValueSpecification","valueRequired":true,"valueName":"search_term_string"}}],"inLanguage":"es"},{"@type":"Person","@id":"https:\/\/sindromecharge.es\/#\/schema\/person\/39a60ebe0a2b4d5a11179701e336b039","name":"Charge","image":{"@type":"ImageObject","inLanguage":"es","@id":"https:\/\/secure.gravatar.com\/avatar\/c3b46e32a0fc3b093a0873fb767bf3293de856293065e84ef06b7ec7a8acfb98?s=96&d=identicon&r=x","url":"https:\/\/secure.gravatar.com\/avatar\/c3b46e32a0fc3b093a0873fb767bf3293de856293065e84ef06b7ec7a8acfb98?s=96&d=identicon&r=x","contentUrl":"https:\/\/secure.gravatar.com\/avatar\/c3b46e32a0fc3b093a0873fb767bf3293de856293065e84ef06b7ec7a8acfb98?s=96&d=identicon&r=x","caption":"Charge"},"url":"https:\/\/sindromecharge.es\/index.php\/author\/admin\/"}]}},"_links":{"self":[{"href":"https:\/\/sindromecharge.es\/index.php\/wp-json\/wp\/v2\/posts\/7211","targetHints":{"allow":["GET"]}}],"collection":[{"href":"https:\/\/sindromecharge.es\/index.php\/wp-json\/wp\/v2\/posts"}],"about":[{"href":"https:\/\/sindromecharge.es\/index.php\/wp-json\/wp\/v2\/types\/post"}],"author":[{"embeddable":true,"href":"https:\/\/sindromecharge.es\/index.php\/wp-json\/wp\/v2\/users\/1"}],"replies":[{"embeddable":true,"href":"https:\/\/sindromecharge.es\/index.php\/wp-json\/wp\/v2\/comments?post=7211"}],"version-history":[{"count":0,"href":"https:\/\/sindromecharge.es\/index.php\/wp-json\/wp\/v2\/posts\/7211\/revisions"}],"wp:attachment":[{"href":"https:\/\/sindromecharge.es\/index.php\/wp-json\/wp\/v2\/media?parent=7211"}],"wp:term":[{"taxonomy":"category","embeddable":true,"href":"https:\/\/sindromecharge.es\/index.php\/wp-json\/wp\/v2\/categories?post=7211"},{"taxonomy":"post_tag","embeddable":true,"href":"https:\/\/sindromecharge.es\/index.php\/wp-json\/wp\/v2\/tags?post=7211"}],"curies":[{"name":"wp","href":"https:\/\/api.w.org\/{rel}","templated":true}]}}