{"id":7209,"date":"2021-05-25T11:11:43","date_gmt":"2021-05-25T11:11:43","guid":{"rendered":"https:\/\/sindromecharge.es\/index.php\/2021\/05\/25\/condenamos-cualquier-tipo-de-agresion-al-colectivo-de-discapacidad-y-er-o-sin-diagnostico\/"},"modified":"2021-05-25T11:11:43","modified_gmt":"2021-05-25T11:11:43","slug":"condenamos-cualquier-tipo-de-agresion-al-colectivo-de-discapacidad-y-er-o-sin-diagnostico","status":"publish","type":"post","link":"https:\/\/sindromecharge.es\/index.php\/2021\/05\/25\/condenamos-cualquier-tipo-de-agresion-al-colectivo-de-discapacidad-y-er-o-sin-diagnostico\/","title":{"rendered":"Condenamos cualquier tipo de agresi\u00f3n al colectivo de discapacidad y ER o sin diagn\u00f3stico"},"content":{"rendered":"<p>Leemos en FEDER la siguiente noticia que os reproducimos de forma \u00edntegra: <\/p>\n<p>&nbsp;<\/p>\n<p><a href=\"https:\/\/elpais.com\/espana\/madrid\/2021-05-25\/paliza-a-una-mujer-en-el-parque-warner-por-defender-a-su-hijo-autista.html\" target=\"_blank\" rel=\"noopener\">A ra\u00edz de la noticia que ha publicado \u2018El Pa\u00eds\u2019<\/a>, desde la Federaci\u00f3n Espa\u00f1ola de Enfermedades Raras (FEDER) queremos trasladar nuestra repulsa ante cualquier tipo de agresi\u00f3n y reivindicamos la necesidad de la promoci\u00f3n de la imagen positiva de las personas con discapacidad, enfermedades raras y sin diagn\u00f3stico.<\/p>\n<p>Nos alineamos a entidades como el Comit\u00e9 Espa\u00f1ol de Representantes de Personas con Discapacidad (CERMI), Plena Inclusi\u00f3n o COCEMFE quien de manera hist\u00f3rica han trabajado de manera firme y decisiva para la promoci\u00f3n de la mejora de la imagen social del colectivo de personas con discapacidad.<\/p>\n<p>Juan Carri\u00f3n, presidente de FEDER y su fundaci\u00f3n declara que \u201cManifestamos nuestro absoluto rechazo ante estas agresiones. Sin duda, la mejor f\u00f3rmula para frenar estas situaciones es seguir apostando por el trabajo del tejido asociativo a trav\u00e9s de la sensibilizaci\u00f3n e inclusi\u00f3n social\u201d.<\/p>\n<p>\u00daltima actualizaci\u00f3n 25\/05\/2021<\/p>\n<p>&nbsp;<\/p>\n<p>Fuente: FEDER <a href=\"https:\/\/enfermedades-raras.org\/index.php\/actualidad\/noticias-eventos\/2-feder\/15416-condenamos-cualquier-tipo-de-agresi%C3%B3n-al-colectivo-de-discapacidad-y-enfermedades-raras-o-sin-diagn%C3%B3stico\" target=\"_blank\" rel=\"noopener\">Condenamos cualquier tipo de agresi\u00f3n al colectivo de discapacidad y ER o sin diagn\u00f3stico<\/a><\/p>\n","protected":false},"excerpt":{"rendered":"<p>Leemos en FEDER la siguiente noticia que os reproducimos de forma \u00edntegra: &nbsp; A ra\u00edz de la noticia que ha publicado \u2018El Pa\u00eds\u2019, desde la Federaci\u00f3n Espa\u00f1ola de Enfermedades Raras (FEDER) queremos trasladar nuestra repulsa ante cualquier tipo de agresi\u00f3n y reivindicamos la necesidad de la promoci\u00f3n de la imagen positiva de las personas con [&hellip;]<\/p>\n","protected":false},"author":1,"featured_media":0,"comment_status":"open","ping_status":"closed","sticky":false,"template":"","format":"standard","meta":{"footnotes":""},"categories":[8],"tags":[36],"class_list":["post-7209","post","type-post","status-publish","format-standard","hentry","category-noticias","tag-enfermedades-raras"],"yoast_head":"<!-- This site is optimized with the Yoast SEO plugin v27.4 - https:\/\/yoast.com\/product\/yoast-seo-wordpress\/ -->\n<title>Condenamos cualquier tipo de agresi\u00f3n al colectivo de discapacidad y ER o sin diagn\u00f3stico - Asociaci\u00f3n Espa\u00f1ola S\u00edndrome de Charge<\/title>\n<meta name=\"robots\" content=\"index, follow, max-snippet:-1, max-image-preview:large, max-video-preview:-1\" \/>\n<link rel=\"canonical\" href=\"https:\/\/sindromecharge.es\/index.php\/2021\/05\/25\/condenamos-cualquier-tipo-de-agresion-al-colectivo-de-discapacidad-y-er-o-sin-diagnostico\/\" \/>\n<meta property=\"og:locale\" content=\"es_ES\" \/>\n<meta property=\"og:type\" content=\"article\" \/>\n<meta property=\"og:title\" content=\"Condenamos cualquier tipo de agresi\u00f3n al colectivo de discapacidad y ER o sin diagn\u00f3stico - Asociaci\u00f3n Espa\u00f1ola S\u00edndrome de Charge\" \/>\n<meta property=\"og:description\" content=\"Leemos en FEDER la siguiente noticia que os reproducimos de forma \u00edntegra: &nbsp; A ra\u00edz de la noticia que ha publicado \u2018El Pa\u00eds\u2019, desde la Federaci\u00f3n Espa\u00f1ola de Enfermedades Raras (FEDER) queremos trasladar nuestra repulsa ante cualquier tipo de agresi\u00f3n y reivindicamos la necesidad de la promoci\u00f3n de la imagen positiva de las personas con [&hellip;]\" \/>\n<meta property=\"og:url\" content=\"https:\/\/sindromecharge.es\/index.php\/2021\/05\/25\/condenamos-cualquier-tipo-de-agresion-al-colectivo-de-discapacidad-y-er-o-sin-diagnostico\/\" \/>\n<meta property=\"og:site_name\" content=\"Asociaci\u00f3n Espa\u00f1ola S\u00edndrome de Charge\" \/>\n<meta property=\"article:publisher\" content=\"https:\/\/www.facebook.com\/asociacionsindromecharge\" \/>\n<meta property=\"article:published_time\" content=\"2021-05-25T11:11:43+00:00\" \/>\n<meta property=\"og:image\" content=\"https:\/\/sindromecharge.es\/wp-content\/uploads\/2013\/09\/logodecharge300x98.png\" \/>\n\t<meta property=\"og:image:width\" content=\"300\" \/>\n\t<meta property=\"og:image:height\" content=\"98\" \/>\n\t<meta property=\"og:image:type\" content=\"image\/png\" \/>\n<meta name=\"author\" content=\"Charge\" \/>\n<meta name=\"twitter:card\" content=\"summary_large_image\" \/>\n<meta name=\"twitter:creator\" content=\"@sindromecharge\" \/>\n<meta name=\"twitter:site\" content=\"@sindromecharge\" \/>\n<meta name=\"twitter:label1\" content=\"Escrito por\" \/>\n\t<meta name=\"twitter:data1\" content=\"Charge\" \/>\n\t<meta name=\"twitter:label2\" content=\"Tiempo de lectura\" \/>\n\t<meta name=\"twitter:data2\" content=\"1 minuto\" \/>\n<script type=\"application\/ld+json\" class=\"yoast-schema-graph\">{\"@context\":\"https:\\\/\\\/schema.org\",\"@graph\":[{\"@type\":\"Article\",\"@id\":\"https:\\\/\\\/sindromecharge.es\\\/index.php\\\/2021\\\/05\\\/25\\\/condenamos-cualquier-tipo-de-agresion-al-colectivo-de-discapacidad-y-er-o-sin-diagnostico\\\/#article\",\"isPartOf\":{\"@id\":\"https:\\\/\\\/sindromecharge.es\\\/index.php\\\/2021\\\/05\\\/25\\\/condenamos-cualquier-tipo-de-agresion-al-colectivo-de-discapacidad-y-er-o-sin-diagnostico\\\/\"},\"author\":{\"name\":\"Charge\",\"@id\":\"https:\\\/\\\/sindromecharge.es\\\/#\\\/schema\\\/person\\\/39a60ebe0a2b4d5a11179701e336b039\"},\"headline\":\"Condenamos cualquier tipo de agresi\u00f3n al colectivo de discapacidad y ER o sin diagn\u00f3stico\",\"datePublished\":\"2021-05-25T11:11:43+00:00\",\"mainEntityOfPage\":{\"@id\":\"https:\\\/\\\/sindromecharge.es\\\/index.php\\\/2021\\\/05\\\/25\\\/condenamos-cualquier-tipo-de-agresion-al-colectivo-de-discapacidad-y-er-o-sin-diagnostico\\\/\"},\"wordCount\":205,\"commentCount\":0,\"keywords\":[\"enfermedades raras\"],\"articleSection\":[\"noticias\"],\"inLanguage\":\"es\",\"potentialAction\":[{\"@type\":\"CommentAction\",\"name\":\"Comment\",\"target\":[\"https:\\\/\\\/sindromecharge.es\\\/index.php\\\/2021\\\/05\\\/25\\\/condenamos-cualquier-tipo-de-agresion-al-colectivo-de-discapacidad-y-er-o-sin-diagnostico\\\/#respond\"]}]},{\"@type\":\"WebPage\",\"@id\":\"https:\\\/\\\/sindromecharge.es\\\/index.php\\\/2021\\\/05\\\/25\\\/condenamos-cualquier-tipo-de-agresion-al-colectivo-de-discapacidad-y-er-o-sin-diagnostico\\\/\",\"url\":\"https:\\\/\\\/sindromecharge.es\\\/index.php\\\/2021\\\/05\\\/25\\\/condenamos-cualquier-tipo-de-agresion-al-colectivo-de-discapacidad-y-er-o-sin-diagnostico\\\/\",\"name\":\"Condenamos cualquier tipo de agresi\u00f3n al colectivo de discapacidad y ER o sin diagn\u00f3stico - Asociaci\u00f3n Espa\u00f1ola S\u00edndrome de Charge\",\"isPartOf\":{\"@id\":\"https:\\\/\\\/sindromecharge.es\\\/#website\"},\"datePublished\":\"2021-05-25T11:11:43+00:00\",\"author\":{\"@id\":\"https:\\\/\\\/sindromecharge.es\\\/#\\\/schema\\\/person\\\/39a60ebe0a2b4d5a11179701e336b039\"},\"breadcrumb\":{\"@id\":\"https:\\\/\\\/sindromecharge.es\\\/index.php\\\/2021\\\/05\\\/25\\\/condenamos-cualquier-tipo-de-agresion-al-colectivo-de-discapacidad-y-er-o-sin-diagnostico\\\/#breadcrumb\"},\"inLanguage\":\"es\",\"potentialAction\":[{\"@type\":\"ReadAction\",\"target\":[\"https:\\\/\\\/sindromecharge.es\\\/index.php\\\/2021\\\/05\\\/25\\\/condenamos-cualquier-tipo-de-agresion-al-colectivo-de-discapacidad-y-er-o-sin-diagnostico\\\/\"]}]},{\"@type\":\"BreadcrumbList\",\"@id\":\"https:\\\/\\\/sindromecharge.es\\\/index.php\\\/2021\\\/05\\\/25\\\/condenamos-cualquier-tipo-de-agresion-al-colectivo-de-discapacidad-y-er-o-sin-diagnostico\\\/#breadcrumb\",\"itemListElement\":[{\"@type\":\"ListItem\",\"position\":1,\"name\":\"Portada\",\"item\":\"https:\\\/\\\/sindromecharge.es\\\/\"},{\"@type\":\"ListItem\",\"position\":2,\"name\":\"Condenamos cualquier tipo de agresi\u00f3n al colectivo de discapacidad y ER o sin diagn\u00f3stico\"}]},{\"@type\":\"WebSite\",\"@id\":\"https:\\\/\\\/sindromecharge.es\\\/#website\",\"url\":\"https:\\\/\\\/sindromecharge.es\\\/\",\"name\":\"Asociaci\u00f3n Espa\u00f1ola S\u00edndrome de Charge\",\"description\":\"\",\"potentialAction\":[{\"@type\":\"SearchAction\",\"target\":{\"@type\":\"EntryPoint\",\"urlTemplate\":\"https:\\\/\\\/sindromecharge.es\\\/?s={search_term_string}\"},\"query-input\":{\"@type\":\"PropertyValueSpecification\",\"valueRequired\":true,\"valueName\":\"search_term_string\"}}],\"inLanguage\":\"es\"},{\"@type\":\"Person\",\"@id\":\"https:\\\/\\\/sindromecharge.es\\\/#\\\/schema\\\/person\\\/39a60ebe0a2b4d5a11179701e336b039\",\"name\":\"Charge\",\"image\":{\"@type\":\"ImageObject\",\"inLanguage\":\"es\",\"@id\":\"https:\\\/\\\/secure.gravatar.com\\\/avatar\\\/c3b46e32a0fc3b093a0873fb767bf3293de856293065e84ef06b7ec7a8acfb98?s=96&d=identicon&r=x\",\"url\":\"https:\\\/\\\/secure.gravatar.com\\\/avatar\\\/c3b46e32a0fc3b093a0873fb767bf3293de856293065e84ef06b7ec7a8acfb98?s=96&d=identicon&r=x\",\"contentUrl\":\"https:\\\/\\\/secure.gravatar.com\\\/avatar\\\/c3b46e32a0fc3b093a0873fb767bf3293de856293065e84ef06b7ec7a8acfb98?s=96&d=identicon&r=x\",\"caption\":\"Charge\"},\"url\":\"https:\\\/\\\/sindromecharge.es\\\/index.php\\\/author\\\/admin\\\/\"}]}<\/script>\n<!-- \/ Yoast SEO plugin. -->","yoast_head_json":{"title":"Condenamos cualquier tipo de agresi\u00f3n al colectivo de discapacidad y ER o sin diagn\u00f3stico - Asociaci\u00f3n Espa\u00f1ola S\u00edndrome de Charge","robots":{"index":"index","follow":"follow","max-snippet":"max-snippet:-1","max-image-preview":"max-image-preview:large","max-video-preview":"max-video-preview:-1"},"canonical":"https:\/\/sindromecharge.es\/index.php\/2021\/05\/25\/condenamos-cualquier-tipo-de-agresion-al-colectivo-de-discapacidad-y-er-o-sin-diagnostico\/","og_locale":"es_ES","og_type":"article","og_title":"Condenamos cualquier tipo de agresi\u00f3n al colectivo de discapacidad y ER o sin diagn\u00f3stico - Asociaci\u00f3n Espa\u00f1ola S\u00edndrome de Charge","og_description":"Leemos en FEDER la siguiente noticia que os reproducimos de forma \u00edntegra: &nbsp; A ra\u00edz de la noticia que ha publicado \u2018El Pa\u00eds\u2019, desde la Federaci\u00f3n Espa\u00f1ola de Enfermedades Raras (FEDER) queremos trasladar nuestra repulsa ante cualquier tipo de agresi\u00f3n y reivindicamos la necesidad de la promoci\u00f3n de la imagen positiva de las personas con [&hellip;]","og_url":"https:\/\/sindromecharge.es\/index.php\/2021\/05\/25\/condenamos-cualquier-tipo-de-agresion-al-colectivo-de-discapacidad-y-er-o-sin-diagnostico\/","og_site_name":"Asociaci\u00f3n Espa\u00f1ola S\u00edndrome de Charge","article_publisher":"https:\/\/www.facebook.com\/asociacionsindromecharge","article_published_time":"2021-05-25T11:11:43+00:00","og_image":[{"width":300,"height":98,"url":"https:\/\/sindromecharge.es\/wp-content\/uploads\/2013\/09\/logodecharge300x98.png","type":"image\/png"}],"author":"Charge","twitter_card":"summary_large_image","twitter_creator":"@sindromecharge","twitter_site":"@sindromecharge","twitter_misc":{"Escrito por":"Charge","Tiempo de lectura":"1 minuto"},"schema":{"@context":"https:\/\/schema.org","@graph":[{"@type":"Article","@id":"https:\/\/sindromecharge.es\/index.php\/2021\/05\/25\/condenamos-cualquier-tipo-de-agresion-al-colectivo-de-discapacidad-y-er-o-sin-diagnostico\/#article","isPartOf":{"@id":"https:\/\/sindromecharge.es\/index.php\/2021\/05\/25\/condenamos-cualquier-tipo-de-agresion-al-colectivo-de-discapacidad-y-er-o-sin-diagnostico\/"},"author":{"name":"Charge","@id":"https:\/\/sindromecharge.es\/#\/schema\/person\/39a60ebe0a2b4d5a11179701e336b039"},"headline":"Condenamos cualquier tipo de agresi\u00f3n al colectivo de discapacidad y ER o sin diagn\u00f3stico","datePublished":"2021-05-25T11:11:43+00:00","mainEntityOfPage":{"@id":"https:\/\/sindromecharge.es\/index.php\/2021\/05\/25\/condenamos-cualquier-tipo-de-agresion-al-colectivo-de-discapacidad-y-er-o-sin-diagnostico\/"},"wordCount":205,"commentCount":0,"keywords":["enfermedades raras"],"articleSection":["noticias"],"inLanguage":"es","potentialAction":[{"@type":"CommentAction","name":"Comment","target":["https:\/\/sindromecharge.es\/index.php\/2021\/05\/25\/condenamos-cualquier-tipo-de-agresion-al-colectivo-de-discapacidad-y-er-o-sin-diagnostico\/#respond"]}]},{"@type":"WebPage","@id":"https:\/\/sindromecharge.es\/index.php\/2021\/05\/25\/condenamos-cualquier-tipo-de-agresion-al-colectivo-de-discapacidad-y-er-o-sin-diagnostico\/","url":"https:\/\/sindromecharge.es\/index.php\/2021\/05\/25\/condenamos-cualquier-tipo-de-agresion-al-colectivo-de-discapacidad-y-er-o-sin-diagnostico\/","name":"Condenamos cualquier tipo de agresi\u00f3n al colectivo de discapacidad y ER o sin diagn\u00f3stico - Asociaci\u00f3n Espa\u00f1ola S\u00edndrome de Charge","isPartOf":{"@id":"https:\/\/sindromecharge.es\/#website"},"datePublished":"2021-05-25T11:11:43+00:00","author":{"@id":"https:\/\/sindromecharge.es\/#\/schema\/person\/39a60ebe0a2b4d5a11179701e336b039"},"breadcrumb":{"@id":"https:\/\/sindromecharge.es\/index.php\/2021\/05\/25\/condenamos-cualquier-tipo-de-agresion-al-colectivo-de-discapacidad-y-er-o-sin-diagnostico\/#breadcrumb"},"inLanguage":"es","potentialAction":[{"@type":"ReadAction","target":["https:\/\/sindromecharge.es\/index.php\/2021\/05\/25\/condenamos-cualquier-tipo-de-agresion-al-colectivo-de-discapacidad-y-er-o-sin-diagnostico\/"]}]},{"@type":"BreadcrumbList","@id":"https:\/\/sindromecharge.es\/index.php\/2021\/05\/25\/condenamos-cualquier-tipo-de-agresion-al-colectivo-de-discapacidad-y-er-o-sin-diagnostico\/#breadcrumb","itemListElement":[{"@type":"ListItem","position":1,"name":"Portada","item":"https:\/\/sindromecharge.es\/"},{"@type":"ListItem","position":2,"name":"Condenamos cualquier tipo de agresi\u00f3n al colectivo de discapacidad y ER o sin diagn\u00f3stico"}]},{"@type":"WebSite","@id":"https:\/\/sindromecharge.es\/#website","url":"https:\/\/sindromecharge.es\/","name":"Asociaci\u00f3n Espa\u00f1ola S\u00edndrome de Charge","description":"","potentialAction":[{"@type":"SearchAction","target":{"@type":"EntryPoint","urlTemplate":"https:\/\/sindromecharge.es\/?s={search_term_string}"},"query-input":{"@type":"PropertyValueSpecification","valueRequired":true,"valueName":"search_term_string"}}],"inLanguage":"es"},{"@type":"Person","@id":"https:\/\/sindromecharge.es\/#\/schema\/person\/39a60ebe0a2b4d5a11179701e336b039","name":"Charge","image":{"@type":"ImageObject","inLanguage":"es","@id":"https:\/\/secure.gravatar.com\/avatar\/c3b46e32a0fc3b093a0873fb767bf3293de856293065e84ef06b7ec7a8acfb98?s=96&d=identicon&r=x","url":"https:\/\/secure.gravatar.com\/avatar\/c3b46e32a0fc3b093a0873fb767bf3293de856293065e84ef06b7ec7a8acfb98?s=96&d=identicon&r=x","contentUrl":"https:\/\/secure.gravatar.com\/avatar\/c3b46e32a0fc3b093a0873fb767bf3293de856293065e84ef06b7ec7a8acfb98?s=96&d=identicon&r=x","caption":"Charge"},"url":"https:\/\/sindromecharge.es\/index.php\/author\/admin\/"}]}},"_links":{"self":[{"href":"https:\/\/sindromecharge.es\/index.php\/wp-json\/wp\/v2\/posts\/7209","targetHints":{"allow":["GET"]}}],"collection":[{"href":"https:\/\/sindromecharge.es\/index.php\/wp-json\/wp\/v2\/posts"}],"about":[{"href":"https:\/\/sindromecharge.es\/index.php\/wp-json\/wp\/v2\/types\/post"}],"author":[{"embeddable":true,"href":"https:\/\/sindromecharge.es\/index.php\/wp-json\/wp\/v2\/users\/1"}],"replies":[{"embeddable":true,"href":"https:\/\/sindromecharge.es\/index.php\/wp-json\/wp\/v2\/comments?post=7209"}],"version-history":[{"count":0,"href":"https:\/\/sindromecharge.es\/index.php\/wp-json\/wp\/v2\/posts\/7209\/revisions"}],"wp:attachment":[{"href":"https:\/\/sindromecharge.es\/index.php\/wp-json\/wp\/v2\/media?parent=7209"}],"wp:term":[{"taxonomy":"category","embeddable":true,"href":"https:\/\/sindromecharge.es\/index.php\/wp-json\/wp\/v2\/categories?post=7209"},{"taxonomy":"post_tag","embeddable":true,"href":"https:\/\/sindromecharge.es\/index.php\/wp-json\/wp\/v2\/tags?post=7209"}],"curies":[{"name":"wp","href":"https:\/\/api.w.org\/{rel}","templated":true}]}}