{"id":7207,"date":"2021-05-25T10:56:29","date_gmt":"2021-05-25T10:56:29","guid":{"rendered":"https:\/\/sindromecharge.es\/index.php\/2021\/05\/25\/el-143-de-los-discapacitados-no-manejo-bien-las-tecnologias-en-el-confinamiento\/"},"modified":"2021-05-25T10:56:29","modified_gmt":"2021-05-25T10:56:29","slug":"el-143-de-los-discapacitados-no-manejo-bien-las-tecnologias-en-el-confinamiento","status":"publish","type":"post","link":"https:\/\/sindromecharge.es\/index.php\/2021\/05\/25\/el-143-de-los-discapacitados-no-manejo-bien-las-tecnologias-en-el-confinamiento\/","title":{"rendered":"El 14,3% de los discapacitados no manej\u00f3 bien las tecnolog\u00edas en el confinamiento"},"content":{"rendered":"<p>Leemos en 20minutos la siguiente noticia que os reproducimos de forma \u00edntegra: <\/p>\n<p>Entre este colectivo, que alcanza las 300.000 personas en la Comunitat, el 57,1% no siempre se desenvuelve bien en la red y el 42,9% tiene alg\u00fan problema, mientras el 17,1% no tiene internet en su casa y el 2,9% nunca consigue acceder.<\/p>\n<p>Son algunas de los datos que arroja la investigaci\u00f3n &#8216;Brecha digital y discapacidad. Una visi\u00f3n desde las entidades&#8217;, elaborada por la C\u00e1tedra DicaTIC de la Generalitat y la Universitat Polit\u00e8cnica de Val\u00e8ncia (UPV) y presentada telem\u00e1ticamente este martes. La segunda edici\u00f3n se pondr\u00e1 en marcha en los pr\u00f3ximos meses para ir m\u00e1s all\u00e1.<\/p>\n<p>Al margen de las nuevas tecnolog\u00edas, una de las conclusiones m\u00e1s llamativas es que la pandemia ha disparado de alguna forma el riesgo de exclusi\u00f3n social del 31,9 al 48,4% en la Comunitat. Esto demuestra que una \u00abgran oportunidad\u00bb para revertir la tendencia, ha defendido la investigadora y profesora Chele Esteve.<\/p>\n<p>Tambi\u00e9n llama la atenci\u00f3n que el grupo de mujeres con diversidad funcional es m\u00e1s vulnerable y que los bajos niveles de formaci\u00f3n agudizan las situaciones de pobreza, as\u00ed como que la brecha digital acentu\u00f3 graves problemas de soledad o &#8216;info-exlusi\u00f3n&#8217; durante el primer confinamiento.<\/p>\n<p>EL 22% NO PUDO SEGUIR CLASES ONLINE<\/p>\n<p>En los meses de encierro, entre marzo y mayo de 2020, hasta el 22,4% de los discapacitados valencianos no pudo acceder a la formaci\u00f3n digital y a los recursos educativos online, algo relevante cuando el 37% de los cursos o jornadas dirigidos al colectivo se realiz\u00f3 por internet en los dos \u00faltimos a\u00f1os.<\/p>\n<p>Como causas de la brecha digital, los especialistas consultados apuntan a los problemas de usabilidad (77,1%), falta de suficientes soluciones tecnol\u00f3gicas (42,9%) y barreras econ\u00f3micas (37,1%). De cara al futuro, las tecnolog\u00edas que les pueden ser m\u00e1s \u00fatiles son las del habla y el lenguaje, los asistentes virtuales y los &#8216;wearables&#8217; y el Internet de las cosas, mientras el reconocimiento facial obtiene la puntuaci\u00f3n m\u00e1s baja.<\/p>\n<p>Aunque algunos de los datos revelan una amenaza de exclusi\u00f3n social por la pandemia, no todos son negativos. La tecnolog\u00eda ha ayudado al 82,9% de los discapacitados a normalizar sus relaciones con los dem\u00e1s e incluso ha sido clave para facilitar su acceso a la educaci\u00f3n del 62,9%.<\/p>\n<p>UNO DE CADA CUATRO NO TIENE RRSS<\/p>\n<p>El estudio desvela adem\u00e1s que las &#8216;apps&#8217; que m\u00e1s utilizan son Facebook e Instagram, las de mensajer\u00eda como Whatsapp y las de videollamadas, pero tambi\u00e9n las de ocio, cultura y educaci\u00f3n y las relacionadas con la salud. Por contra, llama la atenci\u00f3n que el 25,7% no dispone de redes sociales.<\/p>\n<p>Otra de las conclusiones es el potencial de las nuevas tecnolog\u00edas en su d\u00eda a d\u00eda en \u00e1mbitos como el transporte, la b\u00fasqueda de empleo o el papeleo, as\u00ed como para su desarrollo personal. Hasta el 57,1% disfruta del ocio tecnol\u00f3gico en su tiempo libre y el 25,7% encuentra trabajo gracias a sus dotes digitales.<\/p>\n<p>\u00abMe encanta mi tablet\u00bb es el comentario de Pepe Moreno, un familiar con s\u00edndrome de Down de la investigadora, que sirve como ejemplo para dejar claro que \u00abhoy en d\u00eda es posible\u00bb que las pantallas les hagan la vida m\u00e1s f\u00e1cil aunque nunca pensaran que fuera posible.<\/p>\n<p>Otro de las respuestas positivas que ha resaltado la profesora es la de uno de sus alumnos, que est\u00e1 interesado en recoger m\u00f3viles en la universidad para darles una segunda vida y destinarlos a quienes lo necesitan. A partir de ah\u00ed, ha planteado como posible soluci\u00f3n crear un banco de materiales digitales y distribuirlos para dar visibilidad a la causa.<\/p>\n<p>El proyecto recoge tres casos de empresas valencianas que luchan contra  la brecha digital: Everycode, que proporciona accesibilidad online sin modificar una web; Visualfy, con su sistema de detecci\u00f3n inteligente que escucha permanentemente los sonidos del entorno, y Doble Equipo y BJ Adaptaciones con su aplicaci\u00f3n &#8216;DictaPicto&#8217; que permite pasar un mensaje de voz o escrito a im\u00e1genes.<\/p>\n<p>NO DEJAR A NADIE ATR\u00c1S<\/p>\n<p>\u00abNuestra premisa debe ser clara: nadie, absolutamente nadie, debe quedar atr\u00e1s\u00bb, ha resumido el director de la c\u00e1tedra, Manuel Mart\u00ednez, en una llamada a que la Generalitat est\u00e9 \u00abatenta\u00bb a los cambios y tenga en cuenta la accesibilidad digital e inclusiva en la legislaci\u00f3n.<\/p>\n<p>Como consellera de Sociedad Digital, Carolina Pascual ha defendido que las nuevas tecnolog\u00edas pueden ayudar a paliar el preocupante aumento del riesgo de exclusi\u00f3n y a evitar \u00abnuevas brechas\u00bb. \u00abHay que avanzar como sociedad sin dejarnos a parte de ella en el camino\u00bb, ha reivindicado en su mensaje pregrabado, haciendo notar que la tecnolog\u00eda por s\u00ed misma no tiene sentido si no se utiliza bien.<\/p>\n<p>Por parte de las entidades, el presidente del CERMI CV, Luis Va\u00f1\u00f3, ha confiado en la digitalizaci\u00f3n como oportunidad para ellos siempre que se extienda de forma igualitaria, sin generar \u00abnuevas fracturas\u00bb por su dise\u00f1o y por la falta de dinero. \u00abTenemos mucho que aportar a la transformaci\u00f3n digital, no podemos quedarnos fuera\u00bb, ha alentado.<\/p>\n<p>En definitiva, todo ello muestra que la sociedad afronta un proceso \u00abcrucial\u00bb y un cambio de paradigma en las relaciones entre personas, algo que la administraci\u00f3n \u00abpuede y debe fortalecer\u00bb, como ha constatado la vicerrectora de Responsabilidad Social de la UPV, Rosa Puchades.<\/p>\n<p>El estudio parti\u00f3 de un cuestionario remitido a las principales entidades de discapacidad via &#8216;e-mail&#8217; o Whatsapp a trav\u00e9s de la herramienta de encuestas Survio, con la respuesta de 34 especialistas. Tambi\u00e9n se convoc\u00f3 un panel de expertos con la participaci\u00f3n de CERMI y COCEMFE (personas con discapacidad f\u00edsica-org\u00e1nica), PlenaInclusi\u00f3n y ASINDOWN (discapacidad mental-intelectual), la ONCE (visual), FESORD y Helix (auditiva).<\/p>\n<p>Fuente: 20minutos <a href=\"https:\/\/www.20minutos.es\/noticia\/4707786\/0\/el-14-3-de-los-discapacitados-no-manejo-bien-las-tecnologias-en-el-confinamiento\/\" target=\"_blank\" rel=\"noopener\">El 14,3% de los discapacitados no manej\u00f3 bien las tecnolog\u00edas en el confinamiento<\/a><\/p>\n","protected":false},"excerpt":{"rendered":"<p>Leemos en 20minutos la siguiente noticia que os reproducimos de forma \u00edntegra: Entre este colectivo, que alcanza las 300.000 personas en la Comunitat, el 57,1% no siempre se desenvuelve bien en la red y el 42,9% tiene alg\u00fan problema, mientras el 17,1% no tiene internet en su casa y el 2,9% nunca consigue acceder. Son [&hellip;]<\/p>\n","protected":false},"author":1,"featured_media":0,"comment_status":"open","ping_status":"closed","sticky":false,"template":"","format":"standard","meta":{"footnotes":""},"categories":[8],"tags":[31],"class_list":["post-7207","post","type-post","status-publish","format-standard","hentry","category-noticias","tag-discapacidad"],"yoast_head":"<!-- This site is optimized with the Yoast SEO plugin v27.4 - https:\/\/yoast.com\/product\/yoast-seo-wordpress\/ -->\n<title>El 14,3% de los discapacitados no manej\u00f3 bien las tecnolog\u00edas en el confinamiento - Asociaci\u00f3n Espa\u00f1ola S\u00edndrome de Charge<\/title>\n<meta name=\"robots\" content=\"index, follow, max-snippet:-1, max-image-preview:large, max-video-preview:-1\" \/>\n<link rel=\"canonical\" href=\"https:\/\/sindromecharge.es\/index.php\/2021\/05\/25\/el-143-de-los-discapacitados-no-manejo-bien-las-tecnologias-en-el-confinamiento\/\" \/>\n<meta property=\"og:locale\" content=\"es_ES\" \/>\n<meta property=\"og:type\" content=\"article\" \/>\n<meta property=\"og:title\" content=\"El 14,3% de los discapacitados no manej\u00f3 bien las tecnolog\u00edas en el confinamiento - Asociaci\u00f3n Espa\u00f1ola S\u00edndrome de Charge\" \/>\n<meta property=\"og:description\" content=\"Leemos en 20minutos la siguiente noticia que os reproducimos de forma \u00edntegra: Entre este colectivo, que alcanza las 300.000 personas en la Comunitat, el 57,1% no siempre se desenvuelve bien en la red y el 42,9% tiene alg\u00fan problema, mientras el 17,1% no tiene internet en su casa y el 2,9% nunca consigue acceder. Son [&hellip;]\" \/>\n<meta property=\"og:url\" content=\"https:\/\/sindromecharge.es\/index.php\/2021\/05\/25\/el-143-de-los-discapacitados-no-manejo-bien-las-tecnologias-en-el-confinamiento\/\" \/>\n<meta property=\"og:site_name\" content=\"Asociaci\u00f3n Espa\u00f1ola S\u00edndrome de Charge\" \/>\n<meta property=\"article:publisher\" content=\"https:\/\/www.facebook.com\/asociacionsindromecharge\" \/>\n<meta property=\"article:published_time\" content=\"2021-05-25T10:56:29+00:00\" \/>\n<meta property=\"og:image\" content=\"https:\/\/sindromecharge.es\/wp-content\/uploads\/2013\/09\/logodecharge300x98.png\" \/>\n\t<meta property=\"og:image:width\" content=\"300\" \/>\n\t<meta property=\"og:image:height\" content=\"98\" \/>\n\t<meta property=\"og:image:type\" content=\"image\/png\" \/>\n<meta name=\"author\" content=\"Charge\" \/>\n<meta name=\"twitter:card\" content=\"summary_large_image\" \/>\n<meta name=\"twitter:creator\" content=\"@sindromecharge\" \/>\n<meta name=\"twitter:site\" content=\"@sindromecharge\" \/>\n<meta name=\"twitter:label1\" content=\"Escrito por\" \/>\n\t<meta name=\"twitter:data1\" content=\"Charge\" \/>\n\t<meta name=\"twitter:label2\" content=\"Tiempo de lectura\" \/>\n\t<meta name=\"twitter:data2\" content=\"5 minutos\" \/>\n<script type=\"application\/ld+json\" class=\"yoast-schema-graph\">{\"@context\":\"https:\\\/\\\/schema.org\",\"@graph\":[{\"@type\":\"Article\",\"@id\":\"https:\\\/\\\/sindromecharge.es\\\/index.php\\\/2021\\\/05\\\/25\\\/el-143-de-los-discapacitados-no-manejo-bien-las-tecnologias-en-el-confinamiento\\\/#article\",\"isPartOf\":{\"@id\":\"https:\\\/\\\/sindromecharge.es\\\/index.php\\\/2021\\\/05\\\/25\\\/el-143-de-los-discapacitados-no-manejo-bien-las-tecnologias-en-el-confinamiento\\\/\"},\"author\":{\"name\":\"Charge\",\"@id\":\"https:\\\/\\\/sindromecharge.es\\\/#\\\/schema\\\/person\\\/39a60ebe0a2b4d5a11179701e336b039\"},\"headline\":\"El 14,3% de los discapacitados no manej\u00f3 bien las tecnolog\u00edas en el confinamiento\",\"datePublished\":\"2021-05-25T10:56:29+00:00\",\"mainEntityOfPage\":{\"@id\":\"https:\\\/\\\/sindromecharge.es\\\/index.php\\\/2021\\\/05\\\/25\\\/el-143-de-los-discapacitados-no-manejo-bien-las-tecnologias-en-el-confinamiento\\\/\"},\"wordCount\":1002,\"commentCount\":0,\"keywords\":[\"discapacidad\"],\"articleSection\":[\"noticias\"],\"inLanguage\":\"es\",\"potentialAction\":[{\"@type\":\"CommentAction\",\"name\":\"Comment\",\"target\":[\"https:\\\/\\\/sindromecharge.es\\\/index.php\\\/2021\\\/05\\\/25\\\/el-143-de-los-discapacitados-no-manejo-bien-las-tecnologias-en-el-confinamiento\\\/#respond\"]}]},{\"@type\":\"WebPage\",\"@id\":\"https:\\\/\\\/sindromecharge.es\\\/index.php\\\/2021\\\/05\\\/25\\\/el-143-de-los-discapacitados-no-manejo-bien-las-tecnologias-en-el-confinamiento\\\/\",\"url\":\"https:\\\/\\\/sindromecharge.es\\\/index.php\\\/2021\\\/05\\\/25\\\/el-143-de-los-discapacitados-no-manejo-bien-las-tecnologias-en-el-confinamiento\\\/\",\"name\":\"El 14,3% de los discapacitados no manej\u00f3 bien las tecnolog\u00edas en el confinamiento - Asociaci\u00f3n Espa\u00f1ola S\u00edndrome de Charge\",\"isPartOf\":{\"@id\":\"https:\\\/\\\/sindromecharge.es\\\/#website\"},\"datePublished\":\"2021-05-25T10:56:29+00:00\",\"author\":{\"@id\":\"https:\\\/\\\/sindromecharge.es\\\/#\\\/schema\\\/person\\\/39a60ebe0a2b4d5a11179701e336b039\"},\"breadcrumb\":{\"@id\":\"https:\\\/\\\/sindromecharge.es\\\/index.php\\\/2021\\\/05\\\/25\\\/el-143-de-los-discapacitados-no-manejo-bien-las-tecnologias-en-el-confinamiento\\\/#breadcrumb\"},\"inLanguage\":\"es\",\"potentialAction\":[{\"@type\":\"ReadAction\",\"target\":[\"https:\\\/\\\/sindromecharge.es\\\/index.php\\\/2021\\\/05\\\/25\\\/el-143-de-los-discapacitados-no-manejo-bien-las-tecnologias-en-el-confinamiento\\\/\"]}]},{\"@type\":\"BreadcrumbList\",\"@id\":\"https:\\\/\\\/sindromecharge.es\\\/index.php\\\/2021\\\/05\\\/25\\\/el-143-de-los-discapacitados-no-manejo-bien-las-tecnologias-en-el-confinamiento\\\/#breadcrumb\",\"itemListElement\":[{\"@type\":\"ListItem\",\"position\":1,\"name\":\"Portada\",\"item\":\"https:\\\/\\\/sindromecharge.es\\\/\"},{\"@type\":\"ListItem\",\"position\":2,\"name\":\"El 14,3% de los discapacitados no manej\u00f3 bien las tecnolog\u00edas en el confinamiento\"}]},{\"@type\":\"WebSite\",\"@id\":\"https:\\\/\\\/sindromecharge.es\\\/#website\",\"url\":\"https:\\\/\\\/sindromecharge.es\\\/\",\"name\":\"Asociaci\u00f3n Espa\u00f1ola S\u00edndrome de Charge\",\"description\":\"\",\"potentialAction\":[{\"@type\":\"SearchAction\",\"target\":{\"@type\":\"EntryPoint\",\"urlTemplate\":\"https:\\\/\\\/sindromecharge.es\\\/?s={search_term_string}\"},\"query-input\":{\"@type\":\"PropertyValueSpecification\",\"valueRequired\":true,\"valueName\":\"search_term_string\"}}],\"inLanguage\":\"es\"},{\"@type\":\"Person\",\"@id\":\"https:\\\/\\\/sindromecharge.es\\\/#\\\/schema\\\/person\\\/39a60ebe0a2b4d5a11179701e336b039\",\"name\":\"Charge\",\"image\":{\"@type\":\"ImageObject\",\"inLanguage\":\"es\",\"@id\":\"https:\\\/\\\/secure.gravatar.com\\\/avatar\\\/c3b46e32a0fc3b093a0873fb767bf3293de856293065e84ef06b7ec7a8acfb98?s=96&d=identicon&r=x\",\"url\":\"https:\\\/\\\/secure.gravatar.com\\\/avatar\\\/c3b46e32a0fc3b093a0873fb767bf3293de856293065e84ef06b7ec7a8acfb98?s=96&d=identicon&r=x\",\"contentUrl\":\"https:\\\/\\\/secure.gravatar.com\\\/avatar\\\/c3b46e32a0fc3b093a0873fb767bf3293de856293065e84ef06b7ec7a8acfb98?s=96&d=identicon&r=x\",\"caption\":\"Charge\"},\"url\":\"https:\\\/\\\/sindromecharge.es\\\/index.php\\\/author\\\/admin\\\/\"}]}<\/script>\n<!-- \/ Yoast SEO plugin. -->","yoast_head_json":{"title":"El 14,3% de los discapacitados no manej\u00f3 bien las tecnolog\u00edas en el confinamiento - Asociaci\u00f3n Espa\u00f1ola S\u00edndrome de Charge","robots":{"index":"index","follow":"follow","max-snippet":"max-snippet:-1","max-image-preview":"max-image-preview:large","max-video-preview":"max-video-preview:-1"},"canonical":"https:\/\/sindromecharge.es\/index.php\/2021\/05\/25\/el-143-de-los-discapacitados-no-manejo-bien-las-tecnologias-en-el-confinamiento\/","og_locale":"es_ES","og_type":"article","og_title":"El 14,3% de los discapacitados no manej\u00f3 bien las tecnolog\u00edas en el confinamiento - Asociaci\u00f3n Espa\u00f1ola S\u00edndrome de Charge","og_description":"Leemos en 20minutos la siguiente noticia que os reproducimos de forma \u00edntegra: Entre este colectivo, que alcanza las 300.000 personas en la Comunitat, el 57,1% no siempre se desenvuelve bien en la red y el 42,9% tiene alg\u00fan problema, mientras el 17,1% no tiene internet en su casa y el 2,9% nunca consigue acceder. Son [&hellip;]","og_url":"https:\/\/sindromecharge.es\/index.php\/2021\/05\/25\/el-143-de-los-discapacitados-no-manejo-bien-las-tecnologias-en-el-confinamiento\/","og_site_name":"Asociaci\u00f3n Espa\u00f1ola S\u00edndrome de Charge","article_publisher":"https:\/\/www.facebook.com\/asociacionsindromecharge","article_published_time":"2021-05-25T10:56:29+00:00","og_image":[{"width":300,"height":98,"url":"https:\/\/sindromecharge.es\/wp-content\/uploads\/2013\/09\/logodecharge300x98.png","type":"image\/png"}],"author":"Charge","twitter_card":"summary_large_image","twitter_creator":"@sindromecharge","twitter_site":"@sindromecharge","twitter_misc":{"Escrito por":"Charge","Tiempo de lectura":"5 minutos"},"schema":{"@context":"https:\/\/schema.org","@graph":[{"@type":"Article","@id":"https:\/\/sindromecharge.es\/index.php\/2021\/05\/25\/el-143-de-los-discapacitados-no-manejo-bien-las-tecnologias-en-el-confinamiento\/#article","isPartOf":{"@id":"https:\/\/sindromecharge.es\/index.php\/2021\/05\/25\/el-143-de-los-discapacitados-no-manejo-bien-las-tecnologias-en-el-confinamiento\/"},"author":{"name":"Charge","@id":"https:\/\/sindromecharge.es\/#\/schema\/person\/39a60ebe0a2b4d5a11179701e336b039"},"headline":"El 14,3% de los discapacitados no manej\u00f3 bien las tecnolog\u00edas en el confinamiento","datePublished":"2021-05-25T10:56:29+00:00","mainEntityOfPage":{"@id":"https:\/\/sindromecharge.es\/index.php\/2021\/05\/25\/el-143-de-los-discapacitados-no-manejo-bien-las-tecnologias-en-el-confinamiento\/"},"wordCount":1002,"commentCount":0,"keywords":["discapacidad"],"articleSection":["noticias"],"inLanguage":"es","potentialAction":[{"@type":"CommentAction","name":"Comment","target":["https:\/\/sindromecharge.es\/index.php\/2021\/05\/25\/el-143-de-los-discapacitados-no-manejo-bien-las-tecnologias-en-el-confinamiento\/#respond"]}]},{"@type":"WebPage","@id":"https:\/\/sindromecharge.es\/index.php\/2021\/05\/25\/el-143-de-los-discapacitados-no-manejo-bien-las-tecnologias-en-el-confinamiento\/","url":"https:\/\/sindromecharge.es\/index.php\/2021\/05\/25\/el-143-de-los-discapacitados-no-manejo-bien-las-tecnologias-en-el-confinamiento\/","name":"El 14,3% de los discapacitados no manej\u00f3 bien las tecnolog\u00edas en el confinamiento - Asociaci\u00f3n Espa\u00f1ola S\u00edndrome de Charge","isPartOf":{"@id":"https:\/\/sindromecharge.es\/#website"},"datePublished":"2021-05-25T10:56:29+00:00","author":{"@id":"https:\/\/sindromecharge.es\/#\/schema\/person\/39a60ebe0a2b4d5a11179701e336b039"},"breadcrumb":{"@id":"https:\/\/sindromecharge.es\/index.php\/2021\/05\/25\/el-143-de-los-discapacitados-no-manejo-bien-las-tecnologias-en-el-confinamiento\/#breadcrumb"},"inLanguage":"es","potentialAction":[{"@type":"ReadAction","target":["https:\/\/sindromecharge.es\/index.php\/2021\/05\/25\/el-143-de-los-discapacitados-no-manejo-bien-las-tecnologias-en-el-confinamiento\/"]}]},{"@type":"BreadcrumbList","@id":"https:\/\/sindromecharge.es\/index.php\/2021\/05\/25\/el-143-de-los-discapacitados-no-manejo-bien-las-tecnologias-en-el-confinamiento\/#breadcrumb","itemListElement":[{"@type":"ListItem","position":1,"name":"Portada","item":"https:\/\/sindromecharge.es\/"},{"@type":"ListItem","position":2,"name":"El 14,3% de los discapacitados no manej\u00f3 bien las tecnolog\u00edas en el confinamiento"}]},{"@type":"WebSite","@id":"https:\/\/sindromecharge.es\/#website","url":"https:\/\/sindromecharge.es\/","name":"Asociaci\u00f3n Espa\u00f1ola S\u00edndrome de Charge","description":"","potentialAction":[{"@type":"SearchAction","target":{"@type":"EntryPoint","urlTemplate":"https:\/\/sindromecharge.es\/?s={search_term_string}"},"query-input":{"@type":"PropertyValueSpecification","valueRequired":true,"valueName":"search_term_string"}}],"inLanguage":"es"},{"@type":"Person","@id":"https:\/\/sindromecharge.es\/#\/schema\/person\/39a60ebe0a2b4d5a11179701e336b039","name":"Charge","image":{"@type":"ImageObject","inLanguage":"es","@id":"https:\/\/secure.gravatar.com\/avatar\/c3b46e32a0fc3b093a0873fb767bf3293de856293065e84ef06b7ec7a8acfb98?s=96&d=identicon&r=x","url":"https:\/\/secure.gravatar.com\/avatar\/c3b46e32a0fc3b093a0873fb767bf3293de856293065e84ef06b7ec7a8acfb98?s=96&d=identicon&r=x","contentUrl":"https:\/\/secure.gravatar.com\/avatar\/c3b46e32a0fc3b093a0873fb767bf3293de856293065e84ef06b7ec7a8acfb98?s=96&d=identicon&r=x","caption":"Charge"},"url":"https:\/\/sindromecharge.es\/index.php\/author\/admin\/"}]}},"_links":{"self":[{"href":"https:\/\/sindromecharge.es\/index.php\/wp-json\/wp\/v2\/posts\/7207","targetHints":{"allow":["GET"]}}],"collection":[{"href":"https:\/\/sindromecharge.es\/index.php\/wp-json\/wp\/v2\/posts"}],"about":[{"href":"https:\/\/sindromecharge.es\/index.php\/wp-json\/wp\/v2\/types\/post"}],"author":[{"embeddable":true,"href":"https:\/\/sindromecharge.es\/index.php\/wp-json\/wp\/v2\/users\/1"}],"replies":[{"embeddable":true,"href":"https:\/\/sindromecharge.es\/index.php\/wp-json\/wp\/v2\/comments?post=7207"}],"version-history":[{"count":0,"href":"https:\/\/sindromecharge.es\/index.php\/wp-json\/wp\/v2\/posts\/7207\/revisions"}],"wp:attachment":[{"href":"https:\/\/sindromecharge.es\/index.php\/wp-json\/wp\/v2\/media?parent=7207"}],"wp:term":[{"taxonomy":"category","embeddable":true,"href":"https:\/\/sindromecharge.es\/index.php\/wp-json\/wp\/v2\/categories?post=7207"},{"taxonomy":"post_tag","embeddable":true,"href":"https:\/\/sindromecharge.es\/index.php\/wp-json\/wp\/v2\/tags?post=7207"}],"curies":[{"name":"wp","href":"https:\/\/api.w.org\/{rel}","templated":true}]}}