{"id":7205,"date":"2021-05-25T08:30:42","date_gmt":"2021-05-25T08:30:42","guid":{"rendered":"https:\/\/sindromecharge.es\/index.php\/2021\/05\/25\/google-en-colaboracion-con-varias-ong-lanza-5-000-becas-para-favorecer-la-empleabilidad-digital\/"},"modified":"2021-05-25T08:30:42","modified_gmt":"2021-05-25T08:30:42","slug":"google-en-colaboracion-con-varias-ong-lanza-5-000-becas-para-favorecer-la-empleabilidad-digital","status":"publish","type":"post","link":"https:\/\/sindromecharge.es\/index.php\/2021\/05\/25\/google-en-colaboracion-con-varias-ong-lanza-5-000-becas-para-favorecer-la-empleabilidad-digital\/","title":{"rendered":"Google en colaboraci\u00f3n con varias ONG, lanza 5.000 becas para favorecer la empleabilidad digital"},"content":{"rendered":"<p>Leemos en Federaci\u00f3n Aice la siguiente noticia que os reproducimos de forma \u00edntegra: <\/p>\n<p><img loading=\"lazy\" decoding=\"async\" height=\"165\" width=\"350\" style=\"margin: 8px;border: 1px solid #000000;float: left\" src=\"http:\/\/implantecoclear.org\/aiccv\/images\/noticiasweb\/Becas%20google.JPG\" alt=\"Becas google\" \/>Esta iniciativa cuenta con el apoyo del Ministerio de Trabajo y Econom\u00eda y se trata de becas de formaci\u00f3n en Soporte de Tecnolog\u00edas de la Informaci\u00f3n, un sector en auge en el mundo laboral, que ha venido para quedarse.<\/p>\n<p>Estas becas van destinadas en parte a sectores desfavorecidos, yendo al menos 600 de ellas a mujeres j\u00f3venes en situaci\u00f3n de desempleo, exclusi\u00f3n o vulnerabilidad. Siendo adem\u00e1s el sector digital, un sector altamente masculinizado. Estas becas est\u00e1n destinadas a j\u00f3venes entre 18 y 35 a\u00f1os que tengan condiciones de desempleo, inter\u00e9s por la tecnolog\u00eda, nociones digitales b\u00e1sicas y cierto nivel de ingl\u00e9s.<\/p>\n<p>Estos cursos que se realizar\u00e1n on-line a trav\u00e9s de la plataforma Coursera, constan de 120 horas de formaci\u00f3n y cuentan con mentoring de profesionales en el \u00e1rea. Una oportunidad formativa y laboral \u00fanica para personas j\u00f3venes desempleadas o con empleos de alta temporalidad.<\/p>\n<p>M\u00e1s informaci\u00f3n en el siguiente link: <a href=\"https:\/\/lanzaderawit.campusfad.org\/\" target=\"_blank\" rel=\"noopener\">https:\/\/lanzaderawit.campusfad.org\/<\/a><\/p>\n<p>Las personas que sean seleccionadas dispondr\u00e1n de 3 meses para realizar las 120 h de curso.<\/p>\n<p>Fuente: Federaci\u00f3n Aice <a href=\"http:\/\/implantecoclear.org\/index.php?option=com_content&#038;view=article&#038;id=622:2021-05-25-08-33-51&#038;catid=1:latest-news\" target=\"_blank\" rel=\"noopener\">Google en colaboraci\u00f3n con varias ONG, lanza 5.000 becas para favorecer la empleabilidad digital<\/a><\/p>\n","protected":false},"excerpt":{"rendered":"<p>Leemos en Federaci\u00f3n Aice la siguiente noticia que os reproducimos de forma \u00edntegra: Esta iniciativa cuenta con el apoyo del Ministerio de Trabajo y Econom\u00eda y se trata de becas de formaci\u00f3n en Soporte de Tecnolog\u00edas de la Informaci\u00f3n, un sector en auge en el mundo laboral, que ha venido para quedarse. Estas becas van [&hellip;]<\/p>\n","protected":false},"author":1,"featured_media":0,"comment_status":"open","ping_status":"closed","sticky":false,"template":"","format":"standard","meta":{"footnotes":""},"categories":[8],"tags":[31],"class_list":["post-7205","post","type-post","status-publish","format-standard","hentry","category-noticias","tag-discapacidad"],"yoast_head":"<!-- This site is optimized with the Yoast SEO plugin v27.4 - https:\/\/yoast.com\/product\/yoast-seo-wordpress\/ -->\n<title>Google en colaboraci\u00f3n con varias ONG, lanza 5.000 becas para favorecer la empleabilidad digital - Asociaci\u00f3n Espa\u00f1ola S\u00edndrome de Charge<\/title>\n<meta name=\"robots\" content=\"index, follow, max-snippet:-1, max-image-preview:large, max-video-preview:-1\" \/>\n<link rel=\"canonical\" href=\"https:\/\/sindromecharge.es\/index.php\/2021\/05\/25\/google-en-colaboracion-con-varias-ong-lanza-5-000-becas-para-favorecer-la-empleabilidad-digital\/\" \/>\n<meta property=\"og:locale\" content=\"es_ES\" \/>\n<meta property=\"og:type\" content=\"article\" \/>\n<meta property=\"og:title\" content=\"Google en colaboraci\u00f3n con varias ONG, lanza 5.000 becas para favorecer la empleabilidad digital - Asociaci\u00f3n Espa\u00f1ola S\u00edndrome de Charge\" \/>\n<meta property=\"og:description\" content=\"Leemos en Federaci\u00f3n Aice la siguiente noticia que os reproducimos de forma \u00edntegra: Esta iniciativa cuenta con el apoyo del Ministerio de Trabajo y Econom\u00eda y se trata de becas de formaci\u00f3n en Soporte de Tecnolog\u00edas de la Informaci\u00f3n, un sector en auge en el mundo laboral, que ha venido para quedarse. Estas becas van [&hellip;]\" \/>\n<meta property=\"og:url\" content=\"https:\/\/sindromecharge.es\/index.php\/2021\/05\/25\/google-en-colaboracion-con-varias-ong-lanza-5-000-becas-para-favorecer-la-empleabilidad-digital\/\" \/>\n<meta property=\"og:site_name\" content=\"Asociaci\u00f3n Espa\u00f1ola S\u00edndrome de Charge\" \/>\n<meta property=\"article:publisher\" content=\"https:\/\/www.facebook.com\/asociacionsindromecharge\" \/>\n<meta property=\"article:published_time\" content=\"2021-05-25T08:30:42+00:00\" \/>\n<meta property=\"og:image\" content=\"http:\/\/implantecoclear.org\/aiccv\/images\/noticiasweb\/Becas%20google.JPG\" \/>\n<meta name=\"author\" content=\"Charge\" \/>\n<meta name=\"twitter:card\" content=\"summary_large_image\" \/>\n<meta name=\"twitter:creator\" content=\"@sindromecharge\" \/>\n<meta name=\"twitter:site\" content=\"@sindromecharge\" \/>\n<meta name=\"twitter:label1\" content=\"Escrito por\" \/>\n\t<meta name=\"twitter:data1\" content=\"Charge\" \/>\n\t<meta name=\"twitter:label2\" content=\"Tiempo de lectura\" \/>\n\t<meta name=\"twitter:data2\" content=\"1 minuto\" \/>\n<script type=\"application\/ld+json\" class=\"yoast-schema-graph\">{\"@context\":\"https:\\\/\\\/schema.org\",\"@graph\":[{\"@type\":\"Article\",\"@id\":\"https:\\\/\\\/sindromecharge.es\\\/index.php\\\/2021\\\/05\\\/25\\\/google-en-colaboracion-con-varias-ong-lanza-5-000-becas-para-favorecer-la-empleabilidad-digital\\\/#article\",\"isPartOf\":{\"@id\":\"https:\\\/\\\/sindromecharge.es\\\/index.php\\\/2021\\\/05\\\/25\\\/google-en-colaboracion-con-varias-ong-lanza-5-000-becas-para-favorecer-la-empleabilidad-digital\\\/\"},\"author\":{\"name\":\"Charge\",\"@id\":\"https:\\\/\\\/sindromecharge.es\\\/#\\\/schema\\\/person\\\/39a60ebe0a2b4d5a11179701e336b039\"},\"headline\":\"Google en colaboraci\u00f3n con varias ONG, lanza 5.000 becas para favorecer la empleabilidad digital\",\"datePublished\":\"2021-05-25T08:30:42+00:00\",\"mainEntityOfPage\":{\"@id\":\"https:\\\/\\\/sindromecharge.es\\\/index.php\\\/2021\\\/05\\\/25\\\/google-en-colaboracion-con-varias-ong-lanza-5-000-becas-para-favorecer-la-empleabilidad-digital\\\/\"},\"wordCount\":232,\"commentCount\":0,\"image\":{\"@id\":\"https:\\\/\\\/sindromecharge.es\\\/index.php\\\/2021\\\/05\\\/25\\\/google-en-colaboracion-con-varias-ong-lanza-5-000-becas-para-favorecer-la-empleabilidad-digital\\\/#primaryimage\"},\"thumbnailUrl\":\"http:\\\/\\\/implantecoclear.org\\\/aiccv\\\/images\\\/noticiasweb\\\/Becas%20google.JPG\",\"keywords\":[\"discapacidad\"],\"articleSection\":[\"noticias\"],\"inLanguage\":\"es\",\"potentialAction\":[{\"@type\":\"CommentAction\",\"name\":\"Comment\",\"target\":[\"https:\\\/\\\/sindromecharge.es\\\/index.php\\\/2021\\\/05\\\/25\\\/google-en-colaboracion-con-varias-ong-lanza-5-000-becas-para-favorecer-la-empleabilidad-digital\\\/#respond\"]}]},{\"@type\":\"WebPage\",\"@id\":\"https:\\\/\\\/sindromecharge.es\\\/index.php\\\/2021\\\/05\\\/25\\\/google-en-colaboracion-con-varias-ong-lanza-5-000-becas-para-favorecer-la-empleabilidad-digital\\\/\",\"url\":\"https:\\\/\\\/sindromecharge.es\\\/index.php\\\/2021\\\/05\\\/25\\\/google-en-colaboracion-con-varias-ong-lanza-5-000-becas-para-favorecer-la-empleabilidad-digital\\\/\",\"name\":\"Google en colaboraci\u00f3n con varias ONG, lanza 5.000 becas para favorecer la empleabilidad digital - Asociaci\u00f3n Espa\u00f1ola S\u00edndrome de Charge\",\"isPartOf\":{\"@id\":\"https:\\\/\\\/sindromecharge.es\\\/#website\"},\"primaryImageOfPage\":{\"@id\":\"https:\\\/\\\/sindromecharge.es\\\/index.php\\\/2021\\\/05\\\/25\\\/google-en-colaboracion-con-varias-ong-lanza-5-000-becas-para-favorecer-la-empleabilidad-digital\\\/#primaryimage\"},\"image\":{\"@id\":\"https:\\\/\\\/sindromecharge.es\\\/index.php\\\/2021\\\/05\\\/25\\\/google-en-colaboracion-con-varias-ong-lanza-5-000-becas-para-favorecer-la-empleabilidad-digital\\\/#primaryimage\"},\"thumbnailUrl\":\"http:\\\/\\\/implantecoclear.org\\\/aiccv\\\/images\\\/noticiasweb\\\/Becas%20google.JPG\",\"datePublished\":\"2021-05-25T08:30:42+00:00\",\"author\":{\"@id\":\"https:\\\/\\\/sindromecharge.es\\\/#\\\/schema\\\/person\\\/39a60ebe0a2b4d5a11179701e336b039\"},\"breadcrumb\":{\"@id\":\"https:\\\/\\\/sindromecharge.es\\\/index.php\\\/2021\\\/05\\\/25\\\/google-en-colaboracion-con-varias-ong-lanza-5-000-becas-para-favorecer-la-empleabilidad-digital\\\/#breadcrumb\"},\"inLanguage\":\"es\",\"potentialAction\":[{\"@type\":\"ReadAction\",\"target\":[\"https:\\\/\\\/sindromecharge.es\\\/index.php\\\/2021\\\/05\\\/25\\\/google-en-colaboracion-con-varias-ong-lanza-5-000-becas-para-favorecer-la-empleabilidad-digital\\\/\"]}]},{\"@type\":\"ImageObject\",\"inLanguage\":\"es\",\"@id\":\"https:\\\/\\\/sindromecharge.es\\\/index.php\\\/2021\\\/05\\\/25\\\/google-en-colaboracion-con-varias-ong-lanza-5-000-becas-para-favorecer-la-empleabilidad-digital\\\/#primaryimage\",\"url\":\"http:\\\/\\\/implantecoclear.org\\\/aiccv\\\/images\\\/noticiasweb\\\/Becas%20google.JPG\",\"contentUrl\":\"http:\\\/\\\/implantecoclear.org\\\/aiccv\\\/images\\\/noticiasweb\\\/Becas%20google.JPG\"},{\"@type\":\"BreadcrumbList\",\"@id\":\"https:\\\/\\\/sindromecharge.es\\\/index.php\\\/2021\\\/05\\\/25\\\/google-en-colaboracion-con-varias-ong-lanza-5-000-becas-para-favorecer-la-empleabilidad-digital\\\/#breadcrumb\",\"itemListElement\":[{\"@type\":\"ListItem\",\"position\":1,\"name\":\"Portada\",\"item\":\"https:\\\/\\\/sindromecharge.es\\\/\"},{\"@type\":\"ListItem\",\"position\":2,\"name\":\"Google en colaboraci\u00f3n con varias ONG, lanza 5.000 becas para favorecer la empleabilidad digital\"}]},{\"@type\":\"WebSite\",\"@id\":\"https:\\\/\\\/sindromecharge.es\\\/#website\",\"url\":\"https:\\\/\\\/sindromecharge.es\\\/\",\"name\":\"Asociaci\u00f3n Espa\u00f1ola S\u00edndrome de Charge\",\"description\":\"\",\"potentialAction\":[{\"@type\":\"SearchAction\",\"target\":{\"@type\":\"EntryPoint\",\"urlTemplate\":\"https:\\\/\\\/sindromecharge.es\\\/?s={search_term_string}\"},\"query-input\":{\"@type\":\"PropertyValueSpecification\",\"valueRequired\":true,\"valueName\":\"search_term_string\"}}],\"inLanguage\":\"es\"},{\"@type\":\"Person\",\"@id\":\"https:\\\/\\\/sindromecharge.es\\\/#\\\/schema\\\/person\\\/39a60ebe0a2b4d5a11179701e336b039\",\"name\":\"Charge\",\"image\":{\"@type\":\"ImageObject\",\"inLanguage\":\"es\",\"@id\":\"https:\\\/\\\/secure.gravatar.com\\\/avatar\\\/c3b46e32a0fc3b093a0873fb767bf3293de856293065e84ef06b7ec7a8acfb98?s=96&d=identicon&r=x\",\"url\":\"https:\\\/\\\/secure.gravatar.com\\\/avatar\\\/c3b46e32a0fc3b093a0873fb767bf3293de856293065e84ef06b7ec7a8acfb98?s=96&d=identicon&r=x\",\"contentUrl\":\"https:\\\/\\\/secure.gravatar.com\\\/avatar\\\/c3b46e32a0fc3b093a0873fb767bf3293de856293065e84ef06b7ec7a8acfb98?s=96&d=identicon&r=x\",\"caption\":\"Charge\"},\"url\":\"https:\\\/\\\/sindromecharge.es\\\/index.php\\\/author\\\/admin\\\/\"}]}<\/script>\n<!-- \/ Yoast SEO plugin. -->","yoast_head_json":{"title":"Google en colaboraci\u00f3n con varias ONG, lanza 5.000 becas para favorecer la empleabilidad digital - Asociaci\u00f3n Espa\u00f1ola S\u00edndrome de Charge","robots":{"index":"index","follow":"follow","max-snippet":"max-snippet:-1","max-image-preview":"max-image-preview:large","max-video-preview":"max-video-preview:-1"},"canonical":"https:\/\/sindromecharge.es\/index.php\/2021\/05\/25\/google-en-colaboracion-con-varias-ong-lanza-5-000-becas-para-favorecer-la-empleabilidad-digital\/","og_locale":"es_ES","og_type":"article","og_title":"Google en colaboraci\u00f3n con varias ONG, lanza 5.000 becas para favorecer la empleabilidad digital - Asociaci\u00f3n Espa\u00f1ola S\u00edndrome de Charge","og_description":"Leemos en Federaci\u00f3n Aice la siguiente noticia que os reproducimos de forma \u00edntegra: Esta iniciativa cuenta con el apoyo del Ministerio de Trabajo y Econom\u00eda y se trata de becas de formaci\u00f3n en Soporte de Tecnolog\u00edas de la Informaci\u00f3n, un sector en auge en el mundo laboral, que ha venido para quedarse. Estas becas van [&hellip;]","og_url":"https:\/\/sindromecharge.es\/index.php\/2021\/05\/25\/google-en-colaboracion-con-varias-ong-lanza-5-000-becas-para-favorecer-la-empleabilidad-digital\/","og_site_name":"Asociaci\u00f3n Espa\u00f1ola S\u00edndrome de Charge","article_publisher":"https:\/\/www.facebook.com\/asociacionsindromecharge","article_published_time":"2021-05-25T08:30:42+00:00","og_image":[{"url":"http:\/\/implantecoclear.org\/aiccv\/images\/noticiasweb\/Becas%20google.JPG","type":"","width":"","height":""}],"author":"Charge","twitter_card":"summary_large_image","twitter_creator":"@sindromecharge","twitter_site":"@sindromecharge","twitter_misc":{"Escrito por":"Charge","Tiempo de lectura":"1 minuto"},"schema":{"@context":"https:\/\/schema.org","@graph":[{"@type":"Article","@id":"https:\/\/sindromecharge.es\/index.php\/2021\/05\/25\/google-en-colaboracion-con-varias-ong-lanza-5-000-becas-para-favorecer-la-empleabilidad-digital\/#article","isPartOf":{"@id":"https:\/\/sindromecharge.es\/index.php\/2021\/05\/25\/google-en-colaboracion-con-varias-ong-lanza-5-000-becas-para-favorecer-la-empleabilidad-digital\/"},"author":{"name":"Charge","@id":"https:\/\/sindromecharge.es\/#\/schema\/person\/39a60ebe0a2b4d5a11179701e336b039"},"headline":"Google en colaboraci\u00f3n con varias ONG, lanza 5.000 becas para favorecer la empleabilidad digital","datePublished":"2021-05-25T08:30:42+00:00","mainEntityOfPage":{"@id":"https:\/\/sindromecharge.es\/index.php\/2021\/05\/25\/google-en-colaboracion-con-varias-ong-lanza-5-000-becas-para-favorecer-la-empleabilidad-digital\/"},"wordCount":232,"commentCount":0,"image":{"@id":"https:\/\/sindromecharge.es\/index.php\/2021\/05\/25\/google-en-colaboracion-con-varias-ong-lanza-5-000-becas-para-favorecer-la-empleabilidad-digital\/#primaryimage"},"thumbnailUrl":"http:\/\/implantecoclear.org\/aiccv\/images\/noticiasweb\/Becas%20google.JPG","keywords":["discapacidad"],"articleSection":["noticias"],"inLanguage":"es","potentialAction":[{"@type":"CommentAction","name":"Comment","target":["https:\/\/sindromecharge.es\/index.php\/2021\/05\/25\/google-en-colaboracion-con-varias-ong-lanza-5-000-becas-para-favorecer-la-empleabilidad-digital\/#respond"]}]},{"@type":"WebPage","@id":"https:\/\/sindromecharge.es\/index.php\/2021\/05\/25\/google-en-colaboracion-con-varias-ong-lanza-5-000-becas-para-favorecer-la-empleabilidad-digital\/","url":"https:\/\/sindromecharge.es\/index.php\/2021\/05\/25\/google-en-colaboracion-con-varias-ong-lanza-5-000-becas-para-favorecer-la-empleabilidad-digital\/","name":"Google en colaboraci\u00f3n con varias ONG, lanza 5.000 becas para favorecer la empleabilidad digital - Asociaci\u00f3n Espa\u00f1ola S\u00edndrome de Charge","isPartOf":{"@id":"https:\/\/sindromecharge.es\/#website"},"primaryImageOfPage":{"@id":"https:\/\/sindromecharge.es\/index.php\/2021\/05\/25\/google-en-colaboracion-con-varias-ong-lanza-5-000-becas-para-favorecer-la-empleabilidad-digital\/#primaryimage"},"image":{"@id":"https:\/\/sindromecharge.es\/index.php\/2021\/05\/25\/google-en-colaboracion-con-varias-ong-lanza-5-000-becas-para-favorecer-la-empleabilidad-digital\/#primaryimage"},"thumbnailUrl":"http:\/\/implantecoclear.org\/aiccv\/images\/noticiasweb\/Becas%20google.JPG","datePublished":"2021-05-25T08:30:42+00:00","author":{"@id":"https:\/\/sindromecharge.es\/#\/schema\/person\/39a60ebe0a2b4d5a11179701e336b039"},"breadcrumb":{"@id":"https:\/\/sindromecharge.es\/index.php\/2021\/05\/25\/google-en-colaboracion-con-varias-ong-lanza-5-000-becas-para-favorecer-la-empleabilidad-digital\/#breadcrumb"},"inLanguage":"es","potentialAction":[{"@type":"ReadAction","target":["https:\/\/sindromecharge.es\/index.php\/2021\/05\/25\/google-en-colaboracion-con-varias-ong-lanza-5-000-becas-para-favorecer-la-empleabilidad-digital\/"]}]},{"@type":"ImageObject","inLanguage":"es","@id":"https:\/\/sindromecharge.es\/index.php\/2021\/05\/25\/google-en-colaboracion-con-varias-ong-lanza-5-000-becas-para-favorecer-la-empleabilidad-digital\/#primaryimage","url":"http:\/\/implantecoclear.org\/aiccv\/images\/noticiasweb\/Becas%20google.JPG","contentUrl":"http:\/\/implantecoclear.org\/aiccv\/images\/noticiasweb\/Becas%20google.JPG"},{"@type":"BreadcrumbList","@id":"https:\/\/sindromecharge.es\/index.php\/2021\/05\/25\/google-en-colaboracion-con-varias-ong-lanza-5-000-becas-para-favorecer-la-empleabilidad-digital\/#breadcrumb","itemListElement":[{"@type":"ListItem","position":1,"name":"Portada","item":"https:\/\/sindromecharge.es\/"},{"@type":"ListItem","position":2,"name":"Google en colaboraci\u00f3n con varias ONG, lanza 5.000 becas para favorecer la empleabilidad digital"}]},{"@type":"WebSite","@id":"https:\/\/sindromecharge.es\/#website","url":"https:\/\/sindromecharge.es\/","name":"Asociaci\u00f3n Espa\u00f1ola S\u00edndrome de Charge","description":"","potentialAction":[{"@type":"SearchAction","target":{"@type":"EntryPoint","urlTemplate":"https:\/\/sindromecharge.es\/?s={search_term_string}"},"query-input":{"@type":"PropertyValueSpecification","valueRequired":true,"valueName":"search_term_string"}}],"inLanguage":"es"},{"@type":"Person","@id":"https:\/\/sindromecharge.es\/#\/schema\/person\/39a60ebe0a2b4d5a11179701e336b039","name":"Charge","image":{"@type":"ImageObject","inLanguage":"es","@id":"https:\/\/secure.gravatar.com\/avatar\/c3b46e32a0fc3b093a0873fb767bf3293de856293065e84ef06b7ec7a8acfb98?s=96&d=identicon&r=x","url":"https:\/\/secure.gravatar.com\/avatar\/c3b46e32a0fc3b093a0873fb767bf3293de856293065e84ef06b7ec7a8acfb98?s=96&d=identicon&r=x","contentUrl":"https:\/\/secure.gravatar.com\/avatar\/c3b46e32a0fc3b093a0873fb767bf3293de856293065e84ef06b7ec7a8acfb98?s=96&d=identicon&r=x","caption":"Charge"},"url":"https:\/\/sindromecharge.es\/index.php\/author\/admin\/"}]}},"_links":{"self":[{"href":"https:\/\/sindromecharge.es\/index.php\/wp-json\/wp\/v2\/posts\/7205","targetHints":{"allow":["GET"]}}],"collection":[{"href":"https:\/\/sindromecharge.es\/index.php\/wp-json\/wp\/v2\/posts"}],"about":[{"href":"https:\/\/sindromecharge.es\/index.php\/wp-json\/wp\/v2\/types\/post"}],"author":[{"embeddable":true,"href":"https:\/\/sindromecharge.es\/index.php\/wp-json\/wp\/v2\/users\/1"}],"replies":[{"embeddable":true,"href":"https:\/\/sindromecharge.es\/index.php\/wp-json\/wp\/v2\/comments?post=7205"}],"version-history":[{"count":0,"href":"https:\/\/sindromecharge.es\/index.php\/wp-json\/wp\/v2\/posts\/7205\/revisions"}],"wp:attachment":[{"href":"https:\/\/sindromecharge.es\/index.php\/wp-json\/wp\/v2\/media?parent=7205"}],"wp:term":[{"taxonomy":"category","embeddable":true,"href":"https:\/\/sindromecharge.es\/index.php\/wp-json\/wp\/v2\/categories?post=7205"},{"taxonomy":"post_tag","embeddable":true,"href":"https:\/\/sindromecharge.es\/index.php\/wp-json\/wp\/v2\/tags?post=7205"}],"curies":[{"name":"wp","href":"https:\/\/api.w.org\/{rel}","templated":true}]}}