{"id":7204,"date":"2021-05-24T16:11:26","date_gmt":"2021-05-24T16:11:26","guid":{"rendered":"https:\/\/sindromecharge.es\/index.php\/2021\/05\/24\/cs-denuncia-que-la-estacion-de-autobuses-es-inaccesible-para-personas-con-discapacidad\/"},"modified":"2021-05-24T16:11:26","modified_gmt":"2021-05-24T16:11:26","slug":"cs-denuncia-que-la-estacion-de-autobuses-es-inaccesible-para-personas-con-discapacidad","status":"publish","type":"post","link":"https:\/\/sindromecharge.es\/index.php\/2021\/05\/24\/cs-denuncia-que-la-estacion-de-autobuses-es-inaccesible-para-personas-con-discapacidad\/","title":{"rendered":"Cs denuncia que la estaci\u00f3n de autobuses es &quot;inaccesible&quot; para personas con discapacidad"},"content":{"rendered":"<p>Leemos en 20minutos la siguiente noticia que os reproducimos de forma \u00edntegra: <\/p>\n<p>Sobre este asunto, el concejal de Cs Javier Copov\u00ed ha presentado una moci\u00f3n en la comisi\u00f3n de Movilidad, aunque ha sido rechazada, un hecho que ha criticado el edil, ha indicado la formaci\u00f3n en un comunicado. Copov\u00ed ha lamentado que las personas con discapacidad no podr\u00e1n ser usuarios \u00aben plenitud de derechos\u00bb de la estaci\u00f3n de autobuses hasta su remodelaci\u00f3n en 2023.<\/p>\n<p>La propuesta ped\u00eda que el Ayuntamiento de Val\u00e8ncia instara a la Conselleria de Pol\u00edtica Territorial, Obras p\u00fablicas y Movilidad a realizar de manera urgente de los ajustes \u00abnecesarios razonables\u00bb en materia de accesibilidad, comunicaci\u00f3n y plena inclusi\u00f3n en la estaci\u00f3n de autobuses para \u00abcumplir con la normativa vigente y consolidar los derechos de las personas con discapacidad\u00bb, con independencia de la reforma y remodelaci\u00f3n integral prevista.<\/p>\n<p>\u00abNo hemos pedido nada descabellado, sino que el Ayuntamiento se encargue de que se cumplan los derechos de todas las personas, ya que, hasta que no se inicie la remodelaci\u00f3n de la estaci\u00f3n, la realidad es que no sirve para todos los ciudadanos, dado que presenta graves deficiencias en su accesibilidad, lo que la hacen inaccesible para personas con discapacidad, incumpliendo la normativa y reglamentaci\u00f3n nacional, auton\u00f3mica y municipal en esta materia\u00bb, ha manifestado.<\/p>\n<p>As\u00ed, ha denunciado que, en la actualidad, la estaci\u00f3n de autobuses \u00abes un lugar con ascensores que est\u00e1n inutilizados, sin itinerarios adecuados para invidentes, sin accesibilidad auditiva y sin comunicaci\u00f3n aumentativa o pictogramas\u00bb.<\/p>\n<p>Finalmente, ha alertado de que esta situaci\u00f3n incumple de manera \u00abflagrante\u00bb la normativa establecida en el Real Decreto Legislativo 1\/2013, de 29 de noviembre, por el que se aprueba el Texto Refundido de la Ley General de derechos de las personas con discapacidad y de su inclusi\u00f3n social, la Orden VIV\/561\/2010, de 1 de febrero, por la que se desarrolla el documento t\u00e9cnico de condiciones b\u00e1sicas de accesibilidad y no discriminaci\u00f3n para el acceso y utilizaci\u00f3n de los espacios p\u00fablicos urbanizados, el Estatuto de las personas con discapacidad de la Comunitat Valenciana y sus referencias en especial sobre ajustes razonables.<\/p>\n<p>Fuente: 20minutos <a href=\"https:\/\/www.20minutos.es\/noticia\/4707178\/0\/cs-denuncia-que-la-estacion-de-autobuses-es-inaccesible-para-personas-con-discapacidad\/\" target=\"_blank\" rel=\"noopener\">Cs denuncia que la estaci\u00f3n de autobuses es &quot;inaccesible&quot; para personas con discapacidad<\/a><\/p>\n","protected":false},"excerpt":{"rendered":"<p>Leemos en 20minutos la siguiente noticia que os reproducimos de forma \u00edntegra: Sobre este asunto, el concejal de Cs Javier Copov\u00ed ha presentado una moci\u00f3n en la comisi\u00f3n de Movilidad, aunque ha sido rechazada, un hecho que ha criticado el edil, ha indicado la formaci\u00f3n en un comunicado. Copov\u00ed ha lamentado que las personas con [&hellip;]<\/p>\n","protected":false},"author":1,"featured_media":0,"comment_status":"open","ping_status":"closed","sticky":false,"template":"","format":"standard","meta":{"footnotes":""},"categories":[8],"tags":[31],"class_list":["post-7204","post","type-post","status-publish","format-standard","hentry","category-noticias","tag-discapacidad"],"yoast_head":"<!-- This site is optimized with the Yoast SEO plugin v27.5 - https:\/\/yoast.com\/product\/yoast-seo-wordpress\/ -->\n<title>Cs denuncia que la estaci\u00f3n de autobuses es &quot;inaccesible&quot; para personas con discapacidad - Asociaci\u00f3n Espa\u00f1ola S\u00edndrome de Charge<\/title>\n<meta name=\"robots\" content=\"index, follow, max-snippet:-1, max-image-preview:large, max-video-preview:-1\" \/>\n<link rel=\"canonical\" href=\"https:\/\/sindromecharge.es\/index.php\/2021\/05\/24\/cs-denuncia-que-la-estacion-de-autobuses-es-inaccesible-para-personas-con-discapacidad\/\" \/>\n<meta property=\"og:locale\" content=\"es_ES\" \/>\n<meta property=\"og:type\" content=\"article\" \/>\n<meta property=\"og:title\" content=\"Cs denuncia que la estaci\u00f3n de autobuses es &quot;inaccesible&quot; para personas con discapacidad - Asociaci\u00f3n Espa\u00f1ola S\u00edndrome de Charge\" \/>\n<meta property=\"og:description\" content=\"Leemos en 20minutos la siguiente noticia que os reproducimos de forma \u00edntegra: Sobre este asunto, el concejal de Cs Javier Copov\u00ed ha presentado una moci\u00f3n en la comisi\u00f3n de Movilidad, aunque ha sido rechazada, un hecho que ha criticado el edil, ha indicado la formaci\u00f3n en un comunicado. Copov\u00ed ha lamentado que las personas con [&hellip;]\" \/>\n<meta property=\"og:url\" content=\"https:\/\/sindromecharge.es\/index.php\/2021\/05\/24\/cs-denuncia-que-la-estacion-de-autobuses-es-inaccesible-para-personas-con-discapacidad\/\" \/>\n<meta property=\"og:site_name\" content=\"Asociaci\u00f3n Espa\u00f1ola S\u00edndrome de Charge\" \/>\n<meta property=\"article:publisher\" content=\"https:\/\/www.facebook.com\/asociacionsindromecharge\" \/>\n<meta property=\"article:published_time\" content=\"2021-05-24T16:11:26+00:00\" \/>\n<meta property=\"og:image\" content=\"https:\/\/sindromecharge.es\/wp-content\/uploads\/2013\/09\/logodecharge300x98.png\" \/>\n\t<meta property=\"og:image:width\" content=\"300\" \/>\n\t<meta property=\"og:image:height\" content=\"98\" \/>\n\t<meta property=\"og:image:type\" content=\"image\/png\" \/>\n<meta name=\"author\" content=\"Charge\" \/>\n<meta name=\"twitter:card\" content=\"summary_large_image\" \/>\n<meta name=\"twitter:creator\" content=\"@sindromecharge\" \/>\n<meta name=\"twitter:site\" content=\"@sindromecharge\" \/>\n<meta name=\"twitter:label1\" content=\"Escrito por\" \/>\n\t<meta name=\"twitter:data1\" content=\"Charge\" \/>\n\t<meta name=\"twitter:label2\" content=\"Tiempo de lectura\" \/>\n\t<meta name=\"twitter:data2\" content=\"2 minutos\" \/>\n<script type=\"application\/ld+json\" class=\"yoast-schema-graph\">{\"@context\":\"https:\\\/\\\/schema.org\",\"@graph\":[{\"@type\":\"Article\",\"@id\":\"https:\\\/\\\/sindromecharge.es\\\/index.php\\\/2021\\\/05\\\/24\\\/cs-denuncia-que-la-estacion-de-autobuses-es-inaccesible-para-personas-con-discapacidad\\\/#article\",\"isPartOf\":{\"@id\":\"https:\\\/\\\/sindromecharge.es\\\/index.php\\\/2021\\\/05\\\/24\\\/cs-denuncia-que-la-estacion-de-autobuses-es-inaccesible-para-personas-con-discapacidad\\\/\"},\"author\":{\"name\":\"Charge\",\"@id\":\"https:\\\/\\\/sindromecharge.es\\\/#\\\/schema\\\/person\\\/39a60ebe0a2b4d5a11179701e336b039\"},\"headline\":\"Cs denuncia que la estaci\u00f3n de autobuses es &quot;inaccesible&quot; para personas con discapacidad\",\"datePublished\":\"2021-05-24T16:11:26+00:00\",\"mainEntityOfPage\":{\"@id\":\"https:\\\/\\\/sindromecharge.es\\\/index.php\\\/2021\\\/05\\\/24\\\/cs-denuncia-que-la-estacion-de-autobuses-es-inaccesible-para-personas-con-discapacidad\\\/\"},\"wordCount\":405,\"commentCount\":0,\"keywords\":[\"discapacidad\"],\"articleSection\":[\"noticias\"],\"inLanguage\":\"es\",\"potentialAction\":[{\"@type\":\"CommentAction\",\"name\":\"Comment\",\"target\":[\"https:\\\/\\\/sindromecharge.es\\\/index.php\\\/2021\\\/05\\\/24\\\/cs-denuncia-que-la-estacion-de-autobuses-es-inaccesible-para-personas-con-discapacidad\\\/#respond\"]}]},{\"@type\":\"WebPage\",\"@id\":\"https:\\\/\\\/sindromecharge.es\\\/index.php\\\/2021\\\/05\\\/24\\\/cs-denuncia-que-la-estacion-de-autobuses-es-inaccesible-para-personas-con-discapacidad\\\/\",\"url\":\"https:\\\/\\\/sindromecharge.es\\\/index.php\\\/2021\\\/05\\\/24\\\/cs-denuncia-que-la-estacion-de-autobuses-es-inaccesible-para-personas-con-discapacidad\\\/\",\"name\":\"Cs denuncia que la estaci\u00f3n de autobuses es &quot;inaccesible&quot; para personas con discapacidad - Asociaci\u00f3n Espa\u00f1ola S\u00edndrome de Charge\",\"isPartOf\":{\"@id\":\"https:\\\/\\\/sindromecharge.es\\\/#website\"},\"datePublished\":\"2021-05-24T16:11:26+00:00\",\"author\":{\"@id\":\"https:\\\/\\\/sindromecharge.es\\\/#\\\/schema\\\/person\\\/39a60ebe0a2b4d5a11179701e336b039\"},\"breadcrumb\":{\"@id\":\"https:\\\/\\\/sindromecharge.es\\\/index.php\\\/2021\\\/05\\\/24\\\/cs-denuncia-que-la-estacion-de-autobuses-es-inaccesible-para-personas-con-discapacidad\\\/#breadcrumb\"},\"inLanguage\":\"es\",\"potentialAction\":[{\"@type\":\"ReadAction\",\"target\":[\"https:\\\/\\\/sindromecharge.es\\\/index.php\\\/2021\\\/05\\\/24\\\/cs-denuncia-que-la-estacion-de-autobuses-es-inaccesible-para-personas-con-discapacidad\\\/\"]}]},{\"@type\":\"BreadcrumbList\",\"@id\":\"https:\\\/\\\/sindromecharge.es\\\/index.php\\\/2021\\\/05\\\/24\\\/cs-denuncia-que-la-estacion-de-autobuses-es-inaccesible-para-personas-con-discapacidad\\\/#breadcrumb\",\"itemListElement\":[{\"@type\":\"ListItem\",\"position\":1,\"name\":\"Portada\",\"item\":\"https:\\\/\\\/sindromecharge.es\\\/\"},{\"@type\":\"ListItem\",\"position\":2,\"name\":\"Cs denuncia que la estaci\u00f3n de autobuses es &quot;inaccesible&quot; para personas con discapacidad\"}]},{\"@type\":\"WebSite\",\"@id\":\"https:\\\/\\\/sindromecharge.es\\\/#website\",\"url\":\"https:\\\/\\\/sindromecharge.es\\\/\",\"name\":\"Asociaci\u00f3n Espa\u00f1ola S\u00edndrome de Charge\",\"description\":\"\",\"potentialAction\":[{\"@type\":\"SearchAction\",\"target\":{\"@type\":\"EntryPoint\",\"urlTemplate\":\"https:\\\/\\\/sindromecharge.es\\\/?s={search_term_string}\"},\"query-input\":{\"@type\":\"PropertyValueSpecification\",\"valueRequired\":true,\"valueName\":\"search_term_string\"}}],\"inLanguage\":\"es\"},{\"@type\":\"Person\",\"@id\":\"https:\\\/\\\/sindromecharge.es\\\/#\\\/schema\\\/person\\\/39a60ebe0a2b4d5a11179701e336b039\",\"name\":\"Charge\",\"image\":{\"@type\":\"ImageObject\",\"inLanguage\":\"es\",\"@id\":\"https:\\\/\\\/secure.gravatar.com\\\/avatar\\\/c3b46e32a0fc3b093a0873fb767bf3293de856293065e84ef06b7ec7a8acfb98?s=96&d=identicon&r=x\",\"url\":\"https:\\\/\\\/secure.gravatar.com\\\/avatar\\\/c3b46e32a0fc3b093a0873fb767bf3293de856293065e84ef06b7ec7a8acfb98?s=96&d=identicon&r=x\",\"contentUrl\":\"https:\\\/\\\/secure.gravatar.com\\\/avatar\\\/c3b46e32a0fc3b093a0873fb767bf3293de856293065e84ef06b7ec7a8acfb98?s=96&d=identicon&r=x\",\"caption\":\"Charge\"},\"url\":\"https:\\\/\\\/sindromecharge.es\\\/index.php\\\/author\\\/admin\\\/\"}]}<\/script>\n<!-- \/ Yoast SEO plugin. -->","yoast_head_json":{"title":"Cs denuncia que la estaci\u00f3n de autobuses es &quot;inaccesible&quot; para personas con discapacidad - Asociaci\u00f3n Espa\u00f1ola S\u00edndrome de Charge","robots":{"index":"index","follow":"follow","max-snippet":"max-snippet:-1","max-image-preview":"max-image-preview:large","max-video-preview":"max-video-preview:-1"},"canonical":"https:\/\/sindromecharge.es\/index.php\/2021\/05\/24\/cs-denuncia-que-la-estacion-de-autobuses-es-inaccesible-para-personas-con-discapacidad\/","og_locale":"es_ES","og_type":"article","og_title":"Cs denuncia que la estaci\u00f3n de autobuses es &quot;inaccesible&quot; para personas con discapacidad - Asociaci\u00f3n Espa\u00f1ola S\u00edndrome de Charge","og_description":"Leemos en 20minutos la siguiente noticia que os reproducimos de forma \u00edntegra: Sobre este asunto, el concejal de Cs Javier Copov\u00ed ha presentado una moci\u00f3n en la comisi\u00f3n de Movilidad, aunque ha sido rechazada, un hecho que ha criticado el edil, ha indicado la formaci\u00f3n en un comunicado. Copov\u00ed ha lamentado que las personas con [&hellip;]","og_url":"https:\/\/sindromecharge.es\/index.php\/2021\/05\/24\/cs-denuncia-que-la-estacion-de-autobuses-es-inaccesible-para-personas-con-discapacidad\/","og_site_name":"Asociaci\u00f3n Espa\u00f1ola S\u00edndrome de Charge","article_publisher":"https:\/\/www.facebook.com\/asociacionsindromecharge","article_published_time":"2021-05-24T16:11:26+00:00","og_image":[{"width":300,"height":98,"url":"https:\/\/sindromecharge.es\/wp-content\/uploads\/2013\/09\/logodecharge300x98.png","type":"image\/png"}],"author":"Charge","twitter_card":"summary_large_image","twitter_creator":"@sindromecharge","twitter_site":"@sindromecharge","twitter_misc":{"Escrito por":"Charge","Tiempo de lectura":"2 minutos"},"schema":{"@context":"https:\/\/schema.org","@graph":[{"@type":"Article","@id":"https:\/\/sindromecharge.es\/index.php\/2021\/05\/24\/cs-denuncia-que-la-estacion-de-autobuses-es-inaccesible-para-personas-con-discapacidad\/#article","isPartOf":{"@id":"https:\/\/sindromecharge.es\/index.php\/2021\/05\/24\/cs-denuncia-que-la-estacion-de-autobuses-es-inaccesible-para-personas-con-discapacidad\/"},"author":{"name":"Charge","@id":"https:\/\/sindromecharge.es\/#\/schema\/person\/39a60ebe0a2b4d5a11179701e336b039"},"headline":"Cs denuncia que la estaci\u00f3n de autobuses es &quot;inaccesible&quot; para personas con discapacidad","datePublished":"2021-05-24T16:11:26+00:00","mainEntityOfPage":{"@id":"https:\/\/sindromecharge.es\/index.php\/2021\/05\/24\/cs-denuncia-que-la-estacion-de-autobuses-es-inaccesible-para-personas-con-discapacidad\/"},"wordCount":405,"commentCount":0,"keywords":["discapacidad"],"articleSection":["noticias"],"inLanguage":"es","potentialAction":[{"@type":"CommentAction","name":"Comment","target":["https:\/\/sindromecharge.es\/index.php\/2021\/05\/24\/cs-denuncia-que-la-estacion-de-autobuses-es-inaccesible-para-personas-con-discapacidad\/#respond"]}]},{"@type":"WebPage","@id":"https:\/\/sindromecharge.es\/index.php\/2021\/05\/24\/cs-denuncia-que-la-estacion-de-autobuses-es-inaccesible-para-personas-con-discapacidad\/","url":"https:\/\/sindromecharge.es\/index.php\/2021\/05\/24\/cs-denuncia-que-la-estacion-de-autobuses-es-inaccesible-para-personas-con-discapacidad\/","name":"Cs denuncia que la estaci\u00f3n de autobuses es &quot;inaccesible&quot; para personas con discapacidad - Asociaci\u00f3n Espa\u00f1ola S\u00edndrome de Charge","isPartOf":{"@id":"https:\/\/sindromecharge.es\/#website"},"datePublished":"2021-05-24T16:11:26+00:00","author":{"@id":"https:\/\/sindromecharge.es\/#\/schema\/person\/39a60ebe0a2b4d5a11179701e336b039"},"breadcrumb":{"@id":"https:\/\/sindromecharge.es\/index.php\/2021\/05\/24\/cs-denuncia-que-la-estacion-de-autobuses-es-inaccesible-para-personas-con-discapacidad\/#breadcrumb"},"inLanguage":"es","potentialAction":[{"@type":"ReadAction","target":["https:\/\/sindromecharge.es\/index.php\/2021\/05\/24\/cs-denuncia-que-la-estacion-de-autobuses-es-inaccesible-para-personas-con-discapacidad\/"]}]},{"@type":"BreadcrumbList","@id":"https:\/\/sindromecharge.es\/index.php\/2021\/05\/24\/cs-denuncia-que-la-estacion-de-autobuses-es-inaccesible-para-personas-con-discapacidad\/#breadcrumb","itemListElement":[{"@type":"ListItem","position":1,"name":"Portada","item":"https:\/\/sindromecharge.es\/"},{"@type":"ListItem","position":2,"name":"Cs denuncia que la estaci\u00f3n de autobuses es &quot;inaccesible&quot; para personas con discapacidad"}]},{"@type":"WebSite","@id":"https:\/\/sindromecharge.es\/#website","url":"https:\/\/sindromecharge.es\/","name":"Asociaci\u00f3n Espa\u00f1ola S\u00edndrome de Charge","description":"","potentialAction":[{"@type":"SearchAction","target":{"@type":"EntryPoint","urlTemplate":"https:\/\/sindromecharge.es\/?s={search_term_string}"},"query-input":{"@type":"PropertyValueSpecification","valueRequired":true,"valueName":"search_term_string"}}],"inLanguage":"es"},{"@type":"Person","@id":"https:\/\/sindromecharge.es\/#\/schema\/person\/39a60ebe0a2b4d5a11179701e336b039","name":"Charge","image":{"@type":"ImageObject","inLanguage":"es","@id":"https:\/\/secure.gravatar.com\/avatar\/c3b46e32a0fc3b093a0873fb767bf3293de856293065e84ef06b7ec7a8acfb98?s=96&d=identicon&r=x","url":"https:\/\/secure.gravatar.com\/avatar\/c3b46e32a0fc3b093a0873fb767bf3293de856293065e84ef06b7ec7a8acfb98?s=96&d=identicon&r=x","contentUrl":"https:\/\/secure.gravatar.com\/avatar\/c3b46e32a0fc3b093a0873fb767bf3293de856293065e84ef06b7ec7a8acfb98?s=96&d=identicon&r=x","caption":"Charge"},"url":"https:\/\/sindromecharge.es\/index.php\/author\/admin\/"}]}},"_links":{"self":[{"href":"https:\/\/sindromecharge.es\/index.php\/wp-json\/wp\/v2\/posts\/7204","targetHints":{"allow":["GET"]}}],"collection":[{"href":"https:\/\/sindromecharge.es\/index.php\/wp-json\/wp\/v2\/posts"}],"about":[{"href":"https:\/\/sindromecharge.es\/index.php\/wp-json\/wp\/v2\/types\/post"}],"author":[{"embeddable":true,"href":"https:\/\/sindromecharge.es\/index.php\/wp-json\/wp\/v2\/users\/1"}],"replies":[{"embeddable":true,"href":"https:\/\/sindromecharge.es\/index.php\/wp-json\/wp\/v2\/comments?post=7204"}],"version-history":[{"count":0,"href":"https:\/\/sindromecharge.es\/index.php\/wp-json\/wp\/v2\/posts\/7204\/revisions"}],"wp:attachment":[{"href":"https:\/\/sindromecharge.es\/index.php\/wp-json\/wp\/v2\/media?parent=7204"}],"wp:term":[{"taxonomy":"category","embeddable":true,"href":"https:\/\/sindromecharge.es\/index.php\/wp-json\/wp\/v2\/categories?post=7204"},{"taxonomy":"post_tag","embeddable":true,"href":"https:\/\/sindromecharge.es\/index.php\/wp-json\/wp\/v2\/tags?post=7204"}],"curies":[{"name":"wp","href":"https:\/\/api.w.org\/{rel}","templated":true}]}}