{"id":7202,"date":"2021-05-24T10:18:05","date_gmt":"2021-05-24T10:18:05","guid":{"rendered":"https:\/\/sindromecharge.es\/index.php\/2021\/05\/24\/un-informe-de-aelmhu-detalla-el-estado-de-situacion-de-la-investigacion-en-er-durante-la-pandemia\/"},"modified":"2021-05-24T10:18:05","modified_gmt":"2021-05-24T10:18:05","slug":"un-informe-de-aelmhu-detalla-el-estado-de-situacion-de-la-investigacion-en-er-durante-la-pandemia","status":"publish","type":"post","link":"https:\/\/sindromecharge.es\/index.php\/2021\/05\/24\/un-informe-de-aelmhu-detalla-el-estado-de-situacion-de-la-investigacion-en-er-durante-la-pandemia\/","title":{"rendered":"Un informe de AELMHU detalla el estado de situaci\u00f3n de la investigaci\u00f3n en ER durante la pandemia"},"content":{"rendered":"<p>Leemos en FEDER la siguiente noticia que os reproducimos de forma \u00edntegra: <\/p>\n<p>&nbsp;<\/p>\n<p>Fuente: AELMHU. Con motivo del D\u00eda Mundial del Ensayo Cl\u00ednico, la Asociaci\u00f3n Espa\u00f1ola de Laboratorios de Medicamentos Hu\u00e9rfanos y Ultrahu\u00e9rfanos (AELMHU) presenta por primera vez su Informe Anual sobre Ensayos Cl\u00ednicos en Enfermedades Raras en Espa\u00f1a.<\/p>\n<p>Este estudio, que analiza los principales datos de ensayos cl\u00ednicos autorizados en los \u00faltimos 5 a\u00f1os en nuestro pa\u00eds, revela que durante el a\u00f1o 2020 Espa\u00f1a alcanz\u00f3 la cifra r\u00e9cord de 194 ensayos para la investigaci\u00f3n de medicamentos dirigidos al diagn\u00f3stico y el tratamiento de patolog\u00edas minoritarias, lo que evidencia el gran momento que vive la investigaci\u00f3n farmac\u00e9utica en su apuesta por un \u00e1mbito tan complejo y sensible como es la atenci\u00f3n a los pacientes con enfermedades raras (EE.RR.).<\/p>\n<p>As\u00ed, de un total de 1.018 ensayos cl\u00ednicos autorizados a lo largo de todo 2020 en nuestro pa\u00eds, y a pesar de los duros momentos sufridos a causa de la pandemia del Covid19, el 19,6% de los nuevos estudios se centraron en patolog\u00edas minoritarias, lo que supone un incremento de m\u00e1s de un 5% en la apuesta por la innovaci\u00f3n en un campo particularmente costoso donde \u201cexiste un n\u00famero m\u00e1s reducido de pacientes, una mayor dispersi\u00f3n geogr\u00e1fica, y menor especializaci\u00f3n en los centros sanitarios\u201d, seg\u00fan detalla el informe.<\/p>\n<p>De los 3.191 pacientes con patolog\u00edas raras y ultrarraras que participaron en los ensayos destacaron, sobre todo, los del \u00e1mbito oncol\u00f3gico (32%), las enfermedades del sistema nervioso (11%), el sistema inmunitario (11%), hematol\u00f3gicas (8%) y las anomal\u00edas cong\u00e9nitas, hereditarias y neonatolog\u00eda (7%), entre muchas otras.<\/p>\n<p>Asimismo, seg\u00fan los datos que arroja el Registro Espa\u00f1ol de Estudios Cl\u00ednicos (REEC), dependiente de la Agencia Espa\u00f1ola de Medicamentos y Productos Sanitarios (AEMPS), y que han sido analizados por AELMHU, la apuesta de la industria farmac\u00e9utica y tecnol\u00f3gica por la investigaci\u00f3n en el campo de las EE.RR. crece, de forma sostenida, a lo largo de los \u00faltimos 5 a\u00f1os.<\/p>\n<p>A pesar de tratarse de enfermedades con una baja o muy baja prevalencia entre la poblaci\u00f3n general, 2 de cada 10 ensayos de investigaci\u00f3n cl\u00ednica autorizados en Espa\u00f1a en el periodo comprendido entre el 1 de enero de 2016 y el 31 de diciembre de 2020, se centraron en el estudio de las patolog\u00edas m\u00e1s minoritarias, y contaron con la participaci\u00f3n de m\u00e1s de 16.000 pacientes en \u00e1reas terap\u00e9uticas tan relevantes como el c\u00e1ncer (36%), las patolog\u00edas hematol\u00f3gicas (11%), las anomal\u00edas cong\u00e9nitas, hereditarias y neonatolog\u00eda (8%), los problemas del sistema inmunitario (8%), del sistema nervioso (8%) y el tracto respiratorio (5%), entre muchas otras.<\/p>\n<p>Estos datos confirman la posici\u00f3n de liderazgo de Espa\u00f1a en investigaci\u00f3n cl\u00ednica a nivel internacional lo que, a juicio de AELMHU, tiene en la colaboraci\u00f3n entre los investigadores, los profesionales sanitarios, los pacientes, la administraci\u00f3n y las compa\u00f1\u00edas farmac\u00e9uticas, su principal activo.<\/p>\n<p>La investigaci\u00f3n en enfermedades raras es una necesidad urgente ya que todav\u00eda hay muchos pacientes sin tratamientos espec\u00edficos. Por eso, todos los avances en este campo suponen el incentivo definitivo para que la sociedad espa\u00f1ola siga apostando por transitar el camino de la innovaci\u00f3n como la mejor forma de mejorar la salud y la calidad de vida de los 3 millones de espa\u00f1oles y sus familias, que sufren d\u00eda a d\u00eda una enfermedad rara.<\/p>\n<p>Con informes como este, AELMHU quiere seguir mostrando su apoyo a todas las personas con EE.RR. en Espa\u00f1a, a trav\u00e9s de m\u00e1s proyectos de difusi\u00f3n y concienciaci\u00f3n, y manteniendo el compromiso inquebrantable de todos sus socios con la investigaci\u00f3n y el desarrollo de nuevos tratamientos hu\u00e9rfanos y ultrahu\u00e9rfanos, que aporten beneficios a un n\u00famero mayor de pacientes en Espa\u00f1a.<\/p>\n<p><span style=\"font-size: 14pt\">Sobre AELMHU<\/span><\/p>\n<p>AELMHU es una asociaci\u00f3n sin \u00e1nimo de lucro, que agrupa a empresas farmac\u00e9uticas y biotecnol\u00f3gicas con un claro compromiso por invertir en descubrir y desarrollar terapias innovadoras capaces de mejorar la salud y la calidad de vida de los pacientes que padecen enfermedades raras y ultra-raras. AELMHU quiere servir de interlocutor ante la sociedad, comunidad cient\u00edfica e instituciones pol\u00edticas y sanitarias en los temas relacionados con los medicamentos hu\u00e9rfanos y ultra-hu\u00e9rfanos.<\/p>\n<p>\u00daltima actualizaci\u00f3n 24\/05\/2021<\/p>\n<p>&nbsp;<\/p>\n<p>Fuente: FEDER <a href=\"https:\/\/enfermedades-raras.org\/index.php\/actualidad\/noticias-eventos\/2-feder\/15410-un-informe-de-aelmhu-detalla-el-estado-de-situaci%C3%B3n-de-la-investigaci%C3%B3n-en-er-durante-la-pandemia\" target=\"_blank\" rel=\"noopener\">Un informe de AELMHU detalla el estado de situaci\u00f3n de la investigaci\u00f3n en ER durante la pandemia<\/a><\/p>\n","protected":false},"excerpt":{"rendered":"<p>Leemos en FEDER la siguiente noticia que os reproducimos de forma \u00edntegra: &nbsp; Fuente: AELMHU. Con motivo del D\u00eda Mundial del Ensayo Cl\u00ednico, la Asociaci\u00f3n Espa\u00f1ola de Laboratorios de Medicamentos Hu\u00e9rfanos y Ultrahu\u00e9rfanos (AELMHU) presenta por primera vez su Informe Anual sobre Ensayos Cl\u00ednicos en Enfermedades Raras en Espa\u00f1a. Este estudio, que analiza los principales [&hellip;]<\/p>\n","protected":false},"author":1,"featured_media":0,"comment_status":"open","ping_status":"closed","sticky":false,"template":"","format":"standard","meta":{"footnotes":""},"categories":[8],"tags":[36],"class_list":["post-7202","post","type-post","status-publish","format-standard","hentry","category-noticias","tag-enfermedades-raras"],"yoast_head":"<!-- This site is optimized with the Yoast SEO plugin v27.5 - https:\/\/yoast.com\/product\/yoast-seo-wordpress\/ -->\n<title>Un informe de AELMHU detalla el estado de situaci\u00f3n de la investigaci\u00f3n en ER durante la pandemia - Asociaci\u00f3n Espa\u00f1ola S\u00edndrome de Charge<\/title>\n<meta name=\"robots\" content=\"index, follow, max-snippet:-1, max-image-preview:large, max-video-preview:-1\" \/>\n<link rel=\"canonical\" href=\"https:\/\/sindromecharge.es\/index.php\/2021\/05\/24\/un-informe-de-aelmhu-detalla-el-estado-de-situacion-de-la-investigacion-en-er-durante-la-pandemia\/\" \/>\n<meta property=\"og:locale\" content=\"es_ES\" \/>\n<meta property=\"og:type\" content=\"article\" \/>\n<meta property=\"og:title\" content=\"Un informe de AELMHU detalla el estado de situaci\u00f3n de la investigaci\u00f3n en ER durante la pandemia - Asociaci\u00f3n Espa\u00f1ola S\u00edndrome de Charge\" \/>\n<meta property=\"og:description\" content=\"Leemos en FEDER la siguiente noticia que os reproducimos de forma \u00edntegra: &nbsp; Fuente: AELMHU. Con motivo del D\u00eda Mundial del Ensayo Cl\u00ednico, la Asociaci\u00f3n Espa\u00f1ola de Laboratorios de Medicamentos Hu\u00e9rfanos y Ultrahu\u00e9rfanos (AELMHU) presenta por primera vez su Informe Anual sobre Ensayos Cl\u00ednicos en Enfermedades Raras en Espa\u00f1a. Este estudio, que analiza los principales [&hellip;]\" \/>\n<meta property=\"og:url\" content=\"https:\/\/sindromecharge.es\/index.php\/2021\/05\/24\/un-informe-de-aelmhu-detalla-el-estado-de-situacion-de-la-investigacion-en-er-durante-la-pandemia\/\" \/>\n<meta property=\"og:site_name\" content=\"Asociaci\u00f3n Espa\u00f1ola S\u00edndrome de Charge\" \/>\n<meta property=\"article:publisher\" content=\"https:\/\/www.facebook.com\/asociacionsindromecharge\" \/>\n<meta property=\"article:published_time\" content=\"2021-05-24T10:18:05+00:00\" \/>\n<meta property=\"og:image\" content=\"https:\/\/sindromecharge.es\/wp-content\/uploads\/2013\/09\/logodecharge300x98.png\" \/>\n\t<meta property=\"og:image:width\" content=\"300\" \/>\n\t<meta property=\"og:image:height\" content=\"98\" \/>\n\t<meta property=\"og:image:type\" content=\"image\/png\" \/>\n<meta name=\"author\" content=\"Charge\" \/>\n<meta name=\"twitter:card\" content=\"summary_large_image\" \/>\n<meta name=\"twitter:creator\" content=\"@sindromecharge\" \/>\n<meta name=\"twitter:site\" content=\"@sindromecharge\" \/>\n<meta name=\"twitter:label1\" content=\"Escrito por\" \/>\n\t<meta name=\"twitter:data1\" content=\"Charge\" \/>\n\t<meta name=\"twitter:label2\" content=\"Tiempo de lectura\" \/>\n\t<meta name=\"twitter:data2\" content=\"4 minutos\" \/>\n<script type=\"application\/ld+json\" class=\"yoast-schema-graph\">{\"@context\":\"https:\\\/\\\/schema.org\",\"@graph\":[{\"@type\":\"Article\",\"@id\":\"https:\\\/\\\/sindromecharge.es\\\/index.php\\\/2021\\\/05\\\/24\\\/un-informe-de-aelmhu-detalla-el-estado-de-situacion-de-la-investigacion-en-er-durante-la-pandemia\\\/#article\",\"isPartOf\":{\"@id\":\"https:\\\/\\\/sindromecharge.es\\\/index.php\\\/2021\\\/05\\\/24\\\/un-informe-de-aelmhu-detalla-el-estado-de-situacion-de-la-investigacion-en-er-durante-la-pandemia\\\/\"},\"author\":{\"name\":\"Charge\",\"@id\":\"https:\\\/\\\/sindromecharge.es\\\/#\\\/schema\\\/person\\\/39a60ebe0a2b4d5a11179701e336b039\"},\"headline\":\"Un informe de AELMHU detalla el estado de situaci\u00f3n de la investigaci\u00f3n en ER durante la pandemia\",\"datePublished\":\"2021-05-24T10:18:05+00:00\",\"mainEntityOfPage\":{\"@id\":\"https:\\\/\\\/sindromecharge.es\\\/index.php\\\/2021\\\/05\\\/24\\\/un-informe-de-aelmhu-detalla-el-estado-de-situacion-de-la-investigacion-en-er-durante-la-pandemia\\\/\"},\"wordCount\":785,\"commentCount\":0,\"keywords\":[\"enfermedades raras\"],\"articleSection\":[\"noticias\"],\"inLanguage\":\"es\",\"potentialAction\":[{\"@type\":\"CommentAction\",\"name\":\"Comment\",\"target\":[\"https:\\\/\\\/sindromecharge.es\\\/index.php\\\/2021\\\/05\\\/24\\\/un-informe-de-aelmhu-detalla-el-estado-de-situacion-de-la-investigacion-en-er-durante-la-pandemia\\\/#respond\"]}]},{\"@type\":\"WebPage\",\"@id\":\"https:\\\/\\\/sindromecharge.es\\\/index.php\\\/2021\\\/05\\\/24\\\/un-informe-de-aelmhu-detalla-el-estado-de-situacion-de-la-investigacion-en-er-durante-la-pandemia\\\/\",\"url\":\"https:\\\/\\\/sindromecharge.es\\\/index.php\\\/2021\\\/05\\\/24\\\/un-informe-de-aelmhu-detalla-el-estado-de-situacion-de-la-investigacion-en-er-durante-la-pandemia\\\/\",\"name\":\"Un informe de AELMHU detalla el estado de situaci\u00f3n de la investigaci\u00f3n en ER durante la pandemia - Asociaci\u00f3n Espa\u00f1ola S\u00edndrome de Charge\",\"isPartOf\":{\"@id\":\"https:\\\/\\\/sindromecharge.es\\\/#website\"},\"datePublished\":\"2021-05-24T10:18:05+00:00\",\"author\":{\"@id\":\"https:\\\/\\\/sindromecharge.es\\\/#\\\/schema\\\/person\\\/39a60ebe0a2b4d5a11179701e336b039\"},\"breadcrumb\":{\"@id\":\"https:\\\/\\\/sindromecharge.es\\\/index.php\\\/2021\\\/05\\\/24\\\/un-informe-de-aelmhu-detalla-el-estado-de-situacion-de-la-investigacion-en-er-durante-la-pandemia\\\/#breadcrumb\"},\"inLanguage\":\"es\",\"potentialAction\":[{\"@type\":\"ReadAction\",\"target\":[\"https:\\\/\\\/sindromecharge.es\\\/index.php\\\/2021\\\/05\\\/24\\\/un-informe-de-aelmhu-detalla-el-estado-de-situacion-de-la-investigacion-en-er-durante-la-pandemia\\\/\"]}]},{\"@type\":\"BreadcrumbList\",\"@id\":\"https:\\\/\\\/sindromecharge.es\\\/index.php\\\/2021\\\/05\\\/24\\\/un-informe-de-aelmhu-detalla-el-estado-de-situacion-de-la-investigacion-en-er-durante-la-pandemia\\\/#breadcrumb\",\"itemListElement\":[{\"@type\":\"ListItem\",\"position\":1,\"name\":\"Portada\",\"item\":\"https:\\\/\\\/sindromecharge.es\\\/\"},{\"@type\":\"ListItem\",\"position\":2,\"name\":\"Un informe de AELMHU detalla el estado de situaci\u00f3n de la investigaci\u00f3n en ER durante la pandemia\"}]},{\"@type\":\"WebSite\",\"@id\":\"https:\\\/\\\/sindromecharge.es\\\/#website\",\"url\":\"https:\\\/\\\/sindromecharge.es\\\/\",\"name\":\"Asociaci\u00f3n Espa\u00f1ola S\u00edndrome de Charge\",\"description\":\"\",\"potentialAction\":[{\"@type\":\"SearchAction\",\"target\":{\"@type\":\"EntryPoint\",\"urlTemplate\":\"https:\\\/\\\/sindromecharge.es\\\/?s={search_term_string}\"},\"query-input\":{\"@type\":\"PropertyValueSpecification\",\"valueRequired\":true,\"valueName\":\"search_term_string\"}}],\"inLanguage\":\"es\"},{\"@type\":\"Person\",\"@id\":\"https:\\\/\\\/sindromecharge.es\\\/#\\\/schema\\\/person\\\/39a60ebe0a2b4d5a11179701e336b039\",\"name\":\"Charge\",\"image\":{\"@type\":\"ImageObject\",\"inLanguage\":\"es\",\"@id\":\"https:\\\/\\\/secure.gravatar.com\\\/avatar\\\/c3b46e32a0fc3b093a0873fb767bf3293de856293065e84ef06b7ec7a8acfb98?s=96&d=identicon&r=x\",\"url\":\"https:\\\/\\\/secure.gravatar.com\\\/avatar\\\/c3b46e32a0fc3b093a0873fb767bf3293de856293065e84ef06b7ec7a8acfb98?s=96&d=identicon&r=x\",\"contentUrl\":\"https:\\\/\\\/secure.gravatar.com\\\/avatar\\\/c3b46e32a0fc3b093a0873fb767bf3293de856293065e84ef06b7ec7a8acfb98?s=96&d=identicon&r=x\",\"caption\":\"Charge\"},\"url\":\"https:\\\/\\\/sindromecharge.es\\\/index.php\\\/author\\\/admin\\\/\"}]}<\/script>\n<!-- \/ Yoast SEO plugin. -->","yoast_head_json":{"title":"Un informe de AELMHU detalla el estado de situaci\u00f3n de la investigaci\u00f3n en ER durante la pandemia - Asociaci\u00f3n Espa\u00f1ola S\u00edndrome de Charge","robots":{"index":"index","follow":"follow","max-snippet":"max-snippet:-1","max-image-preview":"max-image-preview:large","max-video-preview":"max-video-preview:-1"},"canonical":"https:\/\/sindromecharge.es\/index.php\/2021\/05\/24\/un-informe-de-aelmhu-detalla-el-estado-de-situacion-de-la-investigacion-en-er-durante-la-pandemia\/","og_locale":"es_ES","og_type":"article","og_title":"Un informe de AELMHU detalla el estado de situaci\u00f3n de la investigaci\u00f3n en ER durante la pandemia - Asociaci\u00f3n Espa\u00f1ola S\u00edndrome de Charge","og_description":"Leemos en FEDER la siguiente noticia que os reproducimos de forma \u00edntegra: &nbsp; Fuente: AELMHU. Con motivo del D\u00eda Mundial del Ensayo Cl\u00ednico, la Asociaci\u00f3n Espa\u00f1ola de Laboratorios de Medicamentos Hu\u00e9rfanos y Ultrahu\u00e9rfanos (AELMHU) presenta por primera vez su Informe Anual sobre Ensayos Cl\u00ednicos en Enfermedades Raras en Espa\u00f1a. Este estudio, que analiza los principales [&hellip;]","og_url":"https:\/\/sindromecharge.es\/index.php\/2021\/05\/24\/un-informe-de-aelmhu-detalla-el-estado-de-situacion-de-la-investigacion-en-er-durante-la-pandemia\/","og_site_name":"Asociaci\u00f3n Espa\u00f1ola S\u00edndrome de Charge","article_publisher":"https:\/\/www.facebook.com\/asociacionsindromecharge","article_published_time":"2021-05-24T10:18:05+00:00","og_image":[{"width":300,"height":98,"url":"https:\/\/sindromecharge.es\/wp-content\/uploads\/2013\/09\/logodecharge300x98.png","type":"image\/png"}],"author":"Charge","twitter_card":"summary_large_image","twitter_creator":"@sindromecharge","twitter_site":"@sindromecharge","twitter_misc":{"Escrito por":"Charge","Tiempo de lectura":"4 minutos"},"schema":{"@context":"https:\/\/schema.org","@graph":[{"@type":"Article","@id":"https:\/\/sindromecharge.es\/index.php\/2021\/05\/24\/un-informe-de-aelmhu-detalla-el-estado-de-situacion-de-la-investigacion-en-er-durante-la-pandemia\/#article","isPartOf":{"@id":"https:\/\/sindromecharge.es\/index.php\/2021\/05\/24\/un-informe-de-aelmhu-detalla-el-estado-de-situacion-de-la-investigacion-en-er-durante-la-pandemia\/"},"author":{"name":"Charge","@id":"https:\/\/sindromecharge.es\/#\/schema\/person\/39a60ebe0a2b4d5a11179701e336b039"},"headline":"Un informe de AELMHU detalla el estado de situaci\u00f3n de la investigaci\u00f3n en ER durante la pandemia","datePublished":"2021-05-24T10:18:05+00:00","mainEntityOfPage":{"@id":"https:\/\/sindromecharge.es\/index.php\/2021\/05\/24\/un-informe-de-aelmhu-detalla-el-estado-de-situacion-de-la-investigacion-en-er-durante-la-pandemia\/"},"wordCount":785,"commentCount":0,"keywords":["enfermedades raras"],"articleSection":["noticias"],"inLanguage":"es","potentialAction":[{"@type":"CommentAction","name":"Comment","target":["https:\/\/sindromecharge.es\/index.php\/2021\/05\/24\/un-informe-de-aelmhu-detalla-el-estado-de-situacion-de-la-investigacion-en-er-durante-la-pandemia\/#respond"]}]},{"@type":"WebPage","@id":"https:\/\/sindromecharge.es\/index.php\/2021\/05\/24\/un-informe-de-aelmhu-detalla-el-estado-de-situacion-de-la-investigacion-en-er-durante-la-pandemia\/","url":"https:\/\/sindromecharge.es\/index.php\/2021\/05\/24\/un-informe-de-aelmhu-detalla-el-estado-de-situacion-de-la-investigacion-en-er-durante-la-pandemia\/","name":"Un informe de AELMHU detalla el estado de situaci\u00f3n de la investigaci\u00f3n en ER durante la pandemia - Asociaci\u00f3n Espa\u00f1ola S\u00edndrome de Charge","isPartOf":{"@id":"https:\/\/sindromecharge.es\/#website"},"datePublished":"2021-05-24T10:18:05+00:00","author":{"@id":"https:\/\/sindromecharge.es\/#\/schema\/person\/39a60ebe0a2b4d5a11179701e336b039"},"breadcrumb":{"@id":"https:\/\/sindromecharge.es\/index.php\/2021\/05\/24\/un-informe-de-aelmhu-detalla-el-estado-de-situacion-de-la-investigacion-en-er-durante-la-pandemia\/#breadcrumb"},"inLanguage":"es","potentialAction":[{"@type":"ReadAction","target":["https:\/\/sindromecharge.es\/index.php\/2021\/05\/24\/un-informe-de-aelmhu-detalla-el-estado-de-situacion-de-la-investigacion-en-er-durante-la-pandemia\/"]}]},{"@type":"BreadcrumbList","@id":"https:\/\/sindromecharge.es\/index.php\/2021\/05\/24\/un-informe-de-aelmhu-detalla-el-estado-de-situacion-de-la-investigacion-en-er-durante-la-pandemia\/#breadcrumb","itemListElement":[{"@type":"ListItem","position":1,"name":"Portada","item":"https:\/\/sindromecharge.es\/"},{"@type":"ListItem","position":2,"name":"Un informe de AELMHU detalla el estado de situaci\u00f3n de la investigaci\u00f3n en ER durante la pandemia"}]},{"@type":"WebSite","@id":"https:\/\/sindromecharge.es\/#website","url":"https:\/\/sindromecharge.es\/","name":"Asociaci\u00f3n Espa\u00f1ola S\u00edndrome de Charge","description":"","potentialAction":[{"@type":"SearchAction","target":{"@type":"EntryPoint","urlTemplate":"https:\/\/sindromecharge.es\/?s={search_term_string}"},"query-input":{"@type":"PropertyValueSpecification","valueRequired":true,"valueName":"search_term_string"}}],"inLanguage":"es"},{"@type":"Person","@id":"https:\/\/sindromecharge.es\/#\/schema\/person\/39a60ebe0a2b4d5a11179701e336b039","name":"Charge","image":{"@type":"ImageObject","inLanguage":"es","@id":"https:\/\/secure.gravatar.com\/avatar\/c3b46e32a0fc3b093a0873fb767bf3293de856293065e84ef06b7ec7a8acfb98?s=96&d=identicon&r=x","url":"https:\/\/secure.gravatar.com\/avatar\/c3b46e32a0fc3b093a0873fb767bf3293de856293065e84ef06b7ec7a8acfb98?s=96&d=identicon&r=x","contentUrl":"https:\/\/secure.gravatar.com\/avatar\/c3b46e32a0fc3b093a0873fb767bf3293de856293065e84ef06b7ec7a8acfb98?s=96&d=identicon&r=x","caption":"Charge"},"url":"https:\/\/sindromecharge.es\/index.php\/author\/admin\/"}]}},"_links":{"self":[{"href":"https:\/\/sindromecharge.es\/index.php\/wp-json\/wp\/v2\/posts\/7202","targetHints":{"allow":["GET"]}}],"collection":[{"href":"https:\/\/sindromecharge.es\/index.php\/wp-json\/wp\/v2\/posts"}],"about":[{"href":"https:\/\/sindromecharge.es\/index.php\/wp-json\/wp\/v2\/types\/post"}],"author":[{"embeddable":true,"href":"https:\/\/sindromecharge.es\/index.php\/wp-json\/wp\/v2\/users\/1"}],"replies":[{"embeddable":true,"href":"https:\/\/sindromecharge.es\/index.php\/wp-json\/wp\/v2\/comments?post=7202"}],"version-history":[{"count":0,"href":"https:\/\/sindromecharge.es\/index.php\/wp-json\/wp\/v2\/posts\/7202\/revisions"}],"wp:attachment":[{"href":"https:\/\/sindromecharge.es\/index.php\/wp-json\/wp\/v2\/media?parent=7202"}],"wp:term":[{"taxonomy":"category","embeddable":true,"href":"https:\/\/sindromecharge.es\/index.php\/wp-json\/wp\/v2\/categories?post=7202"},{"taxonomy":"post_tag","embeddable":true,"href":"https:\/\/sindromecharge.es\/index.php\/wp-json\/wp\/v2\/tags?post=7202"}],"curies":[{"name":"wp","href":"https:\/\/api.w.org\/{rel}","templated":true}]}}