{"id":7200,"date":"2021-05-24T07:13:21","date_gmt":"2021-05-24T07:13:21","guid":{"rendered":"https:\/\/sindromecharge.es\/index.php\/2021\/05\/24\/nos-unimos-al-dia-nacional-de-la-epilepsia\/"},"modified":"2021-05-24T07:13:21","modified_gmt":"2021-05-24T07:13:21","slug":"nos-unimos-al-dia-nacional-de-la-epilepsia","status":"publish","type":"post","link":"https:\/\/sindromecharge.es\/index.php\/2021\/05\/24\/nos-unimos-al-dia-nacional-de-la-epilepsia\/","title":{"rendered":"Nos unimos al D\u00eda Nacional de la Epilepsia"},"content":{"rendered":"<p>Leemos en FEDER la siguiente noticia que os reproducimos de forma \u00edntegra: <\/p>\n<p>&nbsp;<\/p>\n<p>El 24 de mayo se celebra el D\u00eda Nacional de la Epilepsia y FEDER se suma a los pacientes y familiares en este d\u00eda donde la visibilizaci\u00f3n es la protagonista con el objetivo de difundir, concienciar e impulsar el conocimiento acerca de la Epilepsia.<\/p>\n<p>\u201cDesde la Federaci\u00f3n Espa\u00f1ola de Enfermedades Raras nos queremos unir a este d\u00eda y mostrar todo nuestro apoyo a los pacientes que conviven con Epilepsia y a sus familiares. Adem\u00e1s, queremos recordar la importancia de la investigaci\u00f3n cient\u00edfica para lograr tratamientos que mejoren la calidad de vida de estas personas\u201d a\u00f1ade Juan Carri\u00f3n, Presidente de FEDER y su Fundaci\u00f3n.<\/p>\n<p>La epilepsia es un trastorno cerebral donde sus c\u00e9lulas llamadas neuronas transmiten la se\u00f1al de una forma anormal. La epilepsia altera la actividad normal de las neuronas y puede causar sensaciones, emociones y comportamientos extra\u00f1os, espasmos musculares y p\u00e9rdida del conocimiento.<\/p>\n<p><span style=\"font-size: 14pt\">El movimiento asociativo como punto de apoyo<\/span><\/p>\n<p>FEDER recuerda que las entidades que forman el movimiento asociativo se convierten en un pilar fundamental en la vida de las personas que conviven con epilepsia en sus familiares, ya que, ofrecen todas las herramientas necesarias para solventar las dudas acerca de esta patolog\u00eda, adem\u00e1s de organizar actividades donde estas personas puedan compartir un espacio com\u00fan. Todo esto es posible, gracias a la Asociaci\u00f3n Nacional de Afectados de Epilepsia Miocl\u00f3nica de Lafora, a la Asociaci\u00f3n Espa\u00f1ola de afectados por Epilepsia Grave, a la Asociaci\u00f3n Nacional de Personas con Epilepsia-ANPE y a la Fundaci\u00f3n Querer.<\/p>\n<p><span style=\"font-size: 14pt\">\u2018Hagamos visible lo invisible\u2019<\/span><\/p>\n<p>La Asociaci\u00f3n Nacional de Personas con Epilepsia organiza una campa\u00f1a de sensibilizaci\u00f3n en redes sociales a trav\u00e9s del hashtag #Salirdelasombra para hacer visible lo invisible. <br \/>Adem\u00e1s, en marcado en este d\u00eda, esta entidad proceder\u00e1 a iluminar numerosos edificios y ayuntamientos durante la noche del 24 de mayo para potenciar la transformaci\u00f3n social.<\/p>\n<p>Por otro lado, con motivo de este d\u00eda tambi\u00e9n se realizar\u00e1 la II Jornada \u2018Epilepsia en el \u00e1mbito laboral\u2019, una jornada online en la que expertos en el \u00e1mbito de la sanidad, la asesor\u00eda jur\u00eddica y la inserci\u00f3n laboral compartir\u00e1n espacio para potenciar la inclusi\u00f3n laboral de las personas con epilepsia.<\/p>\n<p>\u00daltima actualizaci\u00f3n 24\/05\/2021<\/p>\n<p>&nbsp;<\/p>\n<p>Fuente: FEDER <a href=\"https:\/\/enfermedades-raras.org\/index.php\/actualidad\/noticias-eventos\/2-feder\/15407-nos-unimos-al-d%C3%ADa-nacional-de-la-epilepsia\" target=\"_blank\" rel=\"noopener\">Nos unimos al D\u00eda Nacional de la Epilepsia<\/a><\/p>\n","protected":false},"excerpt":{"rendered":"<p>Leemos en FEDER la siguiente noticia que os reproducimos de forma \u00edntegra: &nbsp; El 24 de mayo se celebra el D\u00eda Nacional de la Epilepsia y FEDER se suma a los pacientes y familiares en este d\u00eda donde la visibilizaci\u00f3n es la protagonista con el objetivo de difundir, concienciar e impulsar el conocimiento acerca de [&hellip;]<\/p>\n","protected":false},"author":1,"featured_media":0,"comment_status":"open","ping_status":"closed","sticky":false,"template":"","format":"standard","meta":{"footnotes":""},"categories":[8],"tags":[36],"class_list":["post-7200","post","type-post","status-publish","format-standard","hentry","category-noticias","tag-enfermedades-raras"],"yoast_head":"<!-- This site is optimized with the Yoast SEO plugin v27.5 - https:\/\/yoast.com\/product\/yoast-seo-wordpress\/ -->\n<title>Nos unimos al D\u00eda Nacional de la Epilepsia - Asociaci\u00f3n Espa\u00f1ola S\u00edndrome de Charge<\/title>\n<meta name=\"robots\" content=\"index, follow, max-snippet:-1, max-image-preview:large, max-video-preview:-1\" \/>\n<link rel=\"canonical\" href=\"https:\/\/sindromecharge.es\/index.php\/2021\/05\/24\/nos-unimos-al-dia-nacional-de-la-epilepsia\/\" \/>\n<meta property=\"og:locale\" content=\"es_ES\" \/>\n<meta property=\"og:type\" content=\"article\" \/>\n<meta property=\"og:title\" content=\"Nos unimos al D\u00eda Nacional de la Epilepsia - Asociaci\u00f3n Espa\u00f1ola S\u00edndrome de Charge\" \/>\n<meta property=\"og:description\" content=\"Leemos en FEDER la siguiente noticia que os reproducimos de forma \u00edntegra: &nbsp; El 24 de mayo se celebra el D\u00eda Nacional de la Epilepsia y FEDER se suma a los pacientes y familiares en este d\u00eda donde la visibilizaci\u00f3n es la protagonista con el objetivo de difundir, concienciar e impulsar el conocimiento acerca de [&hellip;]\" \/>\n<meta property=\"og:url\" content=\"https:\/\/sindromecharge.es\/index.php\/2021\/05\/24\/nos-unimos-al-dia-nacional-de-la-epilepsia\/\" \/>\n<meta property=\"og:site_name\" content=\"Asociaci\u00f3n Espa\u00f1ola S\u00edndrome de Charge\" \/>\n<meta property=\"article:publisher\" content=\"https:\/\/www.facebook.com\/asociacionsindromecharge\" \/>\n<meta property=\"article:published_time\" content=\"2021-05-24T07:13:21+00:00\" \/>\n<meta property=\"og:image\" content=\"https:\/\/sindromecharge.es\/wp-content\/uploads\/2013\/09\/logodecharge300x98.png\" \/>\n\t<meta property=\"og:image:width\" content=\"300\" \/>\n\t<meta property=\"og:image:height\" content=\"98\" \/>\n\t<meta property=\"og:image:type\" content=\"image\/png\" \/>\n<meta name=\"author\" content=\"Charge\" \/>\n<meta name=\"twitter:card\" content=\"summary_large_image\" \/>\n<meta name=\"twitter:creator\" content=\"@sindromecharge\" \/>\n<meta name=\"twitter:site\" content=\"@sindromecharge\" \/>\n<meta name=\"twitter:label1\" content=\"Escrito por\" \/>\n\t<meta name=\"twitter:data1\" content=\"Charge\" \/>\n\t<meta name=\"twitter:label2\" content=\"Tiempo de lectura\" \/>\n\t<meta name=\"twitter:data2\" content=\"2 minutos\" \/>\n<script type=\"application\/ld+json\" class=\"yoast-schema-graph\">{\"@context\":\"https:\\\/\\\/schema.org\",\"@graph\":[{\"@type\":\"Article\",\"@id\":\"https:\\\/\\\/sindromecharge.es\\\/index.php\\\/2021\\\/05\\\/24\\\/nos-unimos-al-dia-nacional-de-la-epilepsia\\\/#article\",\"isPartOf\":{\"@id\":\"https:\\\/\\\/sindromecharge.es\\\/index.php\\\/2021\\\/05\\\/24\\\/nos-unimos-al-dia-nacional-de-la-epilepsia\\\/\"},\"author\":{\"name\":\"Charge\",\"@id\":\"https:\\\/\\\/sindromecharge.es\\\/#\\\/schema\\\/person\\\/39a60ebe0a2b4d5a11179701e336b039\"},\"headline\":\"Nos unimos al D\u00eda Nacional de la Epilepsia\",\"datePublished\":\"2021-05-24T07:13:21+00:00\",\"mainEntityOfPage\":{\"@id\":\"https:\\\/\\\/sindromecharge.es\\\/index.php\\\/2021\\\/05\\\/24\\\/nos-unimos-al-dia-nacional-de-la-epilepsia\\\/\"},\"wordCount\":426,\"commentCount\":0,\"keywords\":[\"enfermedades raras\"],\"articleSection\":[\"noticias\"],\"inLanguage\":\"es\",\"potentialAction\":[{\"@type\":\"CommentAction\",\"name\":\"Comment\",\"target\":[\"https:\\\/\\\/sindromecharge.es\\\/index.php\\\/2021\\\/05\\\/24\\\/nos-unimos-al-dia-nacional-de-la-epilepsia\\\/#respond\"]}]},{\"@type\":\"WebPage\",\"@id\":\"https:\\\/\\\/sindromecharge.es\\\/index.php\\\/2021\\\/05\\\/24\\\/nos-unimos-al-dia-nacional-de-la-epilepsia\\\/\",\"url\":\"https:\\\/\\\/sindromecharge.es\\\/index.php\\\/2021\\\/05\\\/24\\\/nos-unimos-al-dia-nacional-de-la-epilepsia\\\/\",\"name\":\"Nos unimos al D\u00eda Nacional de la Epilepsia - Asociaci\u00f3n Espa\u00f1ola S\u00edndrome de Charge\",\"isPartOf\":{\"@id\":\"https:\\\/\\\/sindromecharge.es\\\/#website\"},\"datePublished\":\"2021-05-24T07:13:21+00:00\",\"author\":{\"@id\":\"https:\\\/\\\/sindromecharge.es\\\/#\\\/schema\\\/person\\\/39a60ebe0a2b4d5a11179701e336b039\"},\"breadcrumb\":{\"@id\":\"https:\\\/\\\/sindromecharge.es\\\/index.php\\\/2021\\\/05\\\/24\\\/nos-unimos-al-dia-nacional-de-la-epilepsia\\\/#breadcrumb\"},\"inLanguage\":\"es\",\"potentialAction\":[{\"@type\":\"ReadAction\",\"target\":[\"https:\\\/\\\/sindromecharge.es\\\/index.php\\\/2021\\\/05\\\/24\\\/nos-unimos-al-dia-nacional-de-la-epilepsia\\\/\"]}]},{\"@type\":\"BreadcrumbList\",\"@id\":\"https:\\\/\\\/sindromecharge.es\\\/index.php\\\/2021\\\/05\\\/24\\\/nos-unimos-al-dia-nacional-de-la-epilepsia\\\/#breadcrumb\",\"itemListElement\":[{\"@type\":\"ListItem\",\"position\":1,\"name\":\"Portada\",\"item\":\"https:\\\/\\\/sindromecharge.es\\\/\"},{\"@type\":\"ListItem\",\"position\":2,\"name\":\"Nos unimos al D\u00eda Nacional de la Epilepsia\"}]},{\"@type\":\"WebSite\",\"@id\":\"https:\\\/\\\/sindromecharge.es\\\/#website\",\"url\":\"https:\\\/\\\/sindromecharge.es\\\/\",\"name\":\"Asociaci\u00f3n Espa\u00f1ola S\u00edndrome de Charge\",\"description\":\"\",\"potentialAction\":[{\"@type\":\"SearchAction\",\"target\":{\"@type\":\"EntryPoint\",\"urlTemplate\":\"https:\\\/\\\/sindromecharge.es\\\/?s={search_term_string}\"},\"query-input\":{\"@type\":\"PropertyValueSpecification\",\"valueRequired\":true,\"valueName\":\"search_term_string\"}}],\"inLanguage\":\"es\"},{\"@type\":\"Person\",\"@id\":\"https:\\\/\\\/sindromecharge.es\\\/#\\\/schema\\\/person\\\/39a60ebe0a2b4d5a11179701e336b039\",\"name\":\"Charge\",\"image\":{\"@type\":\"ImageObject\",\"inLanguage\":\"es\",\"@id\":\"https:\\\/\\\/secure.gravatar.com\\\/avatar\\\/c3b46e32a0fc3b093a0873fb767bf3293de856293065e84ef06b7ec7a8acfb98?s=96&d=identicon&r=x\",\"url\":\"https:\\\/\\\/secure.gravatar.com\\\/avatar\\\/c3b46e32a0fc3b093a0873fb767bf3293de856293065e84ef06b7ec7a8acfb98?s=96&d=identicon&r=x\",\"contentUrl\":\"https:\\\/\\\/secure.gravatar.com\\\/avatar\\\/c3b46e32a0fc3b093a0873fb767bf3293de856293065e84ef06b7ec7a8acfb98?s=96&d=identicon&r=x\",\"caption\":\"Charge\"},\"url\":\"https:\\\/\\\/sindromecharge.es\\\/index.php\\\/author\\\/admin\\\/\"}]}<\/script>\n<!-- \/ Yoast SEO plugin. -->","yoast_head_json":{"title":"Nos unimos al D\u00eda Nacional de la Epilepsia - Asociaci\u00f3n Espa\u00f1ola S\u00edndrome de Charge","robots":{"index":"index","follow":"follow","max-snippet":"max-snippet:-1","max-image-preview":"max-image-preview:large","max-video-preview":"max-video-preview:-1"},"canonical":"https:\/\/sindromecharge.es\/index.php\/2021\/05\/24\/nos-unimos-al-dia-nacional-de-la-epilepsia\/","og_locale":"es_ES","og_type":"article","og_title":"Nos unimos al D\u00eda Nacional de la Epilepsia - Asociaci\u00f3n Espa\u00f1ola S\u00edndrome de Charge","og_description":"Leemos en FEDER la siguiente noticia que os reproducimos de forma \u00edntegra: &nbsp; El 24 de mayo se celebra el D\u00eda Nacional de la Epilepsia y FEDER se suma a los pacientes y familiares en este d\u00eda donde la visibilizaci\u00f3n es la protagonista con el objetivo de difundir, concienciar e impulsar el conocimiento acerca de [&hellip;]","og_url":"https:\/\/sindromecharge.es\/index.php\/2021\/05\/24\/nos-unimos-al-dia-nacional-de-la-epilepsia\/","og_site_name":"Asociaci\u00f3n Espa\u00f1ola S\u00edndrome de Charge","article_publisher":"https:\/\/www.facebook.com\/asociacionsindromecharge","article_published_time":"2021-05-24T07:13:21+00:00","og_image":[{"width":300,"height":98,"url":"https:\/\/sindromecharge.es\/wp-content\/uploads\/2013\/09\/logodecharge300x98.png","type":"image\/png"}],"author":"Charge","twitter_card":"summary_large_image","twitter_creator":"@sindromecharge","twitter_site":"@sindromecharge","twitter_misc":{"Escrito por":"Charge","Tiempo de lectura":"2 minutos"},"schema":{"@context":"https:\/\/schema.org","@graph":[{"@type":"Article","@id":"https:\/\/sindromecharge.es\/index.php\/2021\/05\/24\/nos-unimos-al-dia-nacional-de-la-epilepsia\/#article","isPartOf":{"@id":"https:\/\/sindromecharge.es\/index.php\/2021\/05\/24\/nos-unimos-al-dia-nacional-de-la-epilepsia\/"},"author":{"name":"Charge","@id":"https:\/\/sindromecharge.es\/#\/schema\/person\/39a60ebe0a2b4d5a11179701e336b039"},"headline":"Nos unimos al D\u00eda Nacional de la Epilepsia","datePublished":"2021-05-24T07:13:21+00:00","mainEntityOfPage":{"@id":"https:\/\/sindromecharge.es\/index.php\/2021\/05\/24\/nos-unimos-al-dia-nacional-de-la-epilepsia\/"},"wordCount":426,"commentCount":0,"keywords":["enfermedades raras"],"articleSection":["noticias"],"inLanguage":"es","potentialAction":[{"@type":"CommentAction","name":"Comment","target":["https:\/\/sindromecharge.es\/index.php\/2021\/05\/24\/nos-unimos-al-dia-nacional-de-la-epilepsia\/#respond"]}]},{"@type":"WebPage","@id":"https:\/\/sindromecharge.es\/index.php\/2021\/05\/24\/nos-unimos-al-dia-nacional-de-la-epilepsia\/","url":"https:\/\/sindromecharge.es\/index.php\/2021\/05\/24\/nos-unimos-al-dia-nacional-de-la-epilepsia\/","name":"Nos unimos al D\u00eda Nacional de la Epilepsia - Asociaci\u00f3n Espa\u00f1ola S\u00edndrome de Charge","isPartOf":{"@id":"https:\/\/sindromecharge.es\/#website"},"datePublished":"2021-05-24T07:13:21+00:00","author":{"@id":"https:\/\/sindromecharge.es\/#\/schema\/person\/39a60ebe0a2b4d5a11179701e336b039"},"breadcrumb":{"@id":"https:\/\/sindromecharge.es\/index.php\/2021\/05\/24\/nos-unimos-al-dia-nacional-de-la-epilepsia\/#breadcrumb"},"inLanguage":"es","potentialAction":[{"@type":"ReadAction","target":["https:\/\/sindromecharge.es\/index.php\/2021\/05\/24\/nos-unimos-al-dia-nacional-de-la-epilepsia\/"]}]},{"@type":"BreadcrumbList","@id":"https:\/\/sindromecharge.es\/index.php\/2021\/05\/24\/nos-unimos-al-dia-nacional-de-la-epilepsia\/#breadcrumb","itemListElement":[{"@type":"ListItem","position":1,"name":"Portada","item":"https:\/\/sindromecharge.es\/"},{"@type":"ListItem","position":2,"name":"Nos unimos al D\u00eda Nacional de la Epilepsia"}]},{"@type":"WebSite","@id":"https:\/\/sindromecharge.es\/#website","url":"https:\/\/sindromecharge.es\/","name":"Asociaci\u00f3n Espa\u00f1ola S\u00edndrome de Charge","description":"","potentialAction":[{"@type":"SearchAction","target":{"@type":"EntryPoint","urlTemplate":"https:\/\/sindromecharge.es\/?s={search_term_string}"},"query-input":{"@type":"PropertyValueSpecification","valueRequired":true,"valueName":"search_term_string"}}],"inLanguage":"es"},{"@type":"Person","@id":"https:\/\/sindromecharge.es\/#\/schema\/person\/39a60ebe0a2b4d5a11179701e336b039","name":"Charge","image":{"@type":"ImageObject","inLanguage":"es","@id":"https:\/\/secure.gravatar.com\/avatar\/c3b46e32a0fc3b093a0873fb767bf3293de856293065e84ef06b7ec7a8acfb98?s=96&d=identicon&r=x","url":"https:\/\/secure.gravatar.com\/avatar\/c3b46e32a0fc3b093a0873fb767bf3293de856293065e84ef06b7ec7a8acfb98?s=96&d=identicon&r=x","contentUrl":"https:\/\/secure.gravatar.com\/avatar\/c3b46e32a0fc3b093a0873fb767bf3293de856293065e84ef06b7ec7a8acfb98?s=96&d=identicon&r=x","caption":"Charge"},"url":"https:\/\/sindromecharge.es\/index.php\/author\/admin\/"}]}},"_links":{"self":[{"href":"https:\/\/sindromecharge.es\/index.php\/wp-json\/wp\/v2\/posts\/7200","targetHints":{"allow":["GET"]}}],"collection":[{"href":"https:\/\/sindromecharge.es\/index.php\/wp-json\/wp\/v2\/posts"}],"about":[{"href":"https:\/\/sindromecharge.es\/index.php\/wp-json\/wp\/v2\/types\/post"}],"author":[{"embeddable":true,"href":"https:\/\/sindromecharge.es\/index.php\/wp-json\/wp\/v2\/users\/1"}],"replies":[{"embeddable":true,"href":"https:\/\/sindromecharge.es\/index.php\/wp-json\/wp\/v2\/comments?post=7200"}],"version-history":[{"count":0,"href":"https:\/\/sindromecharge.es\/index.php\/wp-json\/wp\/v2\/posts\/7200\/revisions"}],"wp:attachment":[{"href":"https:\/\/sindromecharge.es\/index.php\/wp-json\/wp\/v2\/media?parent=7200"}],"wp:term":[{"taxonomy":"category","embeddable":true,"href":"https:\/\/sindromecharge.es\/index.php\/wp-json\/wp\/v2\/categories?post=7200"},{"taxonomy":"post_tag","embeddable":true,"href":"https:\/\/sindromecharge.es\/index.php\/wp-json\/wp\/v2\/tags?post=7200"}],"curies":[{"name":"wp","href":"https:\/\/api.w.org\/{rel}","templated":true}]}}