{"id":7199,"date":"2021-05-24T04:22:23","date_gmt":"2021-05-24T04:22:23","guid":{"rendered":"https:\/\/sindromecharge.es\/index.php\/2021\/05\/24\/asistimos-al-encuentro-de-miembros-de-la-red-internacional-de-enfermedades-raras\/"},"modified":"2021-05-24T04:22:23","modified_gmt":"2021-05-24T04:22:23","slug":"asistimos-al-encuentro-de-miembros-de-la-red-internacional-de-enfermedades-raras","status":"publish","type":"post","link":"https:\/\/sindromecharge.es\/index.php\/2021\/05\/24\/asistimos-al-encuentro-de-miembros-de-la-red-internacional-de-enfermedades-raras\/","title":{"rendered":"Asistimos al encuentro de miembros de la Red Internacional de Enfermedades Raras"},"content":{"rendered":"<p>Leemos en FEDER la siguiente noticia que os reproducimos de forma \u00edntegra: <\/p>\n<p><p>El 26 de mayo, la Red Internacional de Enfermedades Raras prepara su encuentro de miembros y desde FEDER estaremos presentes a trav\u00e9s de la asistencia de Alba Ancochea, directora de FEDER.<\/p>\n<p>En esta ocasi\u00f3n se abordar\u00e1n temas como la resoluci\u00f3n de la ONU en materia de enfermedades raras, esta primera parte ser\u00e1 expuesta por personas involucradas en la defensa de derechos del colectivo. Adem\u00e1s, se abrir\u00e1 un espacio de preguntas y respuestas para poder crear un espacio de conocimiento y experiencia.<\/p>\n<p>Por otro lado, tambi\u00e9n se abordar\u00e1 el estado de situaci\u00f3n global en materia de enfemredades raras y se crear\u00e1 un espacio colaborativo sobre enfermedades raras.<\/p>\n<p>Por otro lado, se hablar\u00e1 sobre el medicamentos en enfermedades raras y diagn\u00f3stico. Para finalizar este encuentro, se realizar\u00e1 un encuentro de una hora para poner en com\u00fan la experiencia de las diferentes alianzas internacionales.<\/p>\n<p>\u00daltima actualizaci\u00f3n 24\/05\/2021<\/p>\n<\/p>\n<p>Fuente: FEDER <a href=\"https:\/\/enfermedades-raras.org\/index.php\/actualidad\/noticias-eventos\/2-feder\/15405-asistimos-al-encuentro-de-miembros-de-la-red-internacional-de-enfermedades-raras\" target=\"_blank\" rel=\"noopener\">Asistimos al encuentro de miembros de la Red Internacional de Enfermedades Raras<\/a><\/p>\n","protected":false},"excerpt":{"rendered":"<p>Leemos en FEDER la siguiente noticia que os reproducimos de forma \u00edntegra: El 26 de mayo, la Red Internacional de Enfermedades Raras prepara su encuentro de miembros y desde FEDER estaremos presentes a trav\u00e9s de la asistencia de Alba Ancochea, directora de FEDER. En esta ocasi\u00f3n se abordar\u00e1n temas como la resoluci\u00f3n de la ONU [&hellip;]<\/p>\n","protected":false},"author":1,"featured_media":0,"comment_status":"open","ping_status":"closed","sticky":false,"template":"","format":"standard","meta":{"footnotes":""},"categories":[8],"tags":[36],"class_list":["post-7199","post","type-post","status-publish","format-standard","hentry","category-noticias","tag-enfermedades-raras"],"yoast_head":"<!-- This site is optimized with the Yoast SEO plugin v27.5 - https:\/\/yoast.com\/product\/yoast-seo-wordpress\/ -->\n<title>Asistimos al encuentro de miembros de la Red Internacional de Enfermedades Raras - Asociaci\u00f3n Espa\u00f1ola S\u00edndrome de Charge<\/title>\n<meta name=\"robots\" content=\"index, follow, max-snippet:-1, max-image-preview:large, max-video-preview:-1\" \/>\n<link rel=\"canonical\" href=\"https:\/\/sindromecharge.es\/index.php\/2021\/05\/24\/asistimos-al-encuentro-de-miembros-de-la-red-internacional-de-enfermedades-raras\/\" \/>\n<meta property=\"og:locale\" content=\"es_ES\" \/>\n<meta property=\"og:type\" content=\"article\" \/>\n<meta property=\"og:title\" content=\"Asistimos al encuentro de miembros de la Red Internacional de Enfermedades Raras - Asociaci\u00f3n Espa\u00f1ola S\u00edndrome de Charge\" \/>\n<meta property=\"og:description\" content=\"Leemos en FEDER la siguiente noticia que os reproducimos de forma \u00edntegra: El 26 de mayo, la Red Internacional de Enfermedades Raras prepara su encuentro de miembros y desde FEDER estaremos presentes a trav\u00e9s de la asistencia de Alba Ancochea, directora de FEDER. En esta ocasi\u00f3n se abordar\u00e1n temas como la resoluci\u00f3n de la ONU [&hellip;]\" \/>\n<meta property=\"og:url\" content=\"https:\/\/sindromecharge.es\/index.php\/2021\/05\/24\/asistimos-al-encuentro-de-miembros-de-la-red-internacional-de-enfermedades-raras\/\" \/>\n<meta property=\"og:site_name\" content=\"Asociaci\u00f3n Espa\u00f1ola S\u00edndrome de Charge\" \/>\n<meta property=\"article:publisher\" content=\"https:\/\/www.facebook.com\/asociacionsindromecharge\" \/>\n<meta property=\"article:published_time\" content=\"2021-05-24T04:22:23+00:00\" \/>\n<meta property=\"og:image\" content=\"https:\/\/sindromecharge.es\/wp-content\/uploads\/2013\/09\/logodecharge300x98.png\" \/>\n\t<meta property=\"og:image:width\" content=\"300\" \/>\n\t<meta property=\"og:image:height\" content=\"98\" \/>\n\t<meta property=\"og:image:type\" content=\"image\/png\" \/>\n<meta name=\"author\" content=\"Charge\" \/>\n<meta name=\"twitter:card\" content=\"summary_large_image\" \/>\n<meta name=\"twitter:creator\" content=\"@sindromecharge\" \/>\n<meta name=\"twitter:site\" content=\"@sindromecharge\" \/>\n<meta name=\"twitter:label1\" content=\"Escrito por\" \/>\n\t<meta name=\"twitter:data1\" content=\"Charge\" \/>\n\t<meta name=\"twitter:label2\" content=\"Tiempo de lectura\" \/>\n\t<meta name=\"twitter:data2\" content=\"1 minuto\" \/>\n<script type=\"application\/ld+json\" class=\"yoast-schema-graph\">{\"@context\":\"https:\\\/\\\/schema.org\",\"@graph\":[{\"@type\":\"Article\",\"@id\":\"https:\\\/\\\/sindromecharge.es\\\/index.php\\\/2021\\\/05\\\/24\\\/asistimos-al-encuentro-de-miembros-de-la-red-internacional-de-enfermedades-raras\\\/#article\",\"isPartOf\":{\"@id\":\"https:\\\/\\\/sindromecharge.es\\\/index.php\\\/2021\\\/05\\\/24\\\/asistimos-al-encuentro-de-miembros-de-la-red-internacional-de-enfermedades-raras\\\/\"},\"author\":{\"name\":\"Charge\",\"@id\":\"https:\\\/\\\/sindromecharge.es\\\/#\\\/schema\\\/person\\\/39a60ebe0a2b4d5a11179701e336b039\"},\"headline\":\"Asistimos al encuentro de miembros de la Red Internacional de Enfermedades Raras\",\"datePublished\":\"2021-05-24T04:22:23+00:00\",\"mainEntityOfPage\":{\"@id\":\"https:\\\/\\\/sindromecharge.es\\\/index.php\\\/2021\\\/05\\\/24\\\/asistimos-al-encuentro-de-miembros-de-la-red-internacional-de-enfermedades-raras\\\/\"},\"wordCount\":190,\"commentCount\":0,\"keywords\":[\"enfermedades raras\"],\"articleSection\":[\"noticias\"],\"inLanguage\":\"es\",\"potentialAction\":[{\"@type\":\"CommentAction\",\"name\":\"Comment\",\"target\":[\"https:\\\/\\\/sindromecharge.es\\\/index.php\\\/2021\\\/05\\\/24\\\/asistimos-al-encuentro-de-miembros-de-la-red-internacional-de-enfermedades-raras\\\/#respond\"]}]},{\"@type\":\"WebPage\",\"@id\":\"https:\\\/\\\/sindromecharge.es\\\/index.php\\\/2021\\\/05\\\/24\\\/asistimos-al-encuentro-de-miembros-de-la-red-internacional-de-enfermedades-raras\\\/\",\"url\":\"https:\\\/\\\/sindromecharge.es\\\/index.php\\\/2021\\\/05\\\/24\\\/asistimos-al-encuentro-de-miembros-de-la-red-internacional-de-enfermedades-raras\\\/\",\"name\":\"Asistimos al encuentro de miembros de la Red Internacional de Enfermedades Raras - Asociaci\u00f3n Espa\u00f1ola S\u00edndrome de Charge\",\"isPartOf\":{\"@id\":\"https:\\\/\\\/sindromecharge.es\\\/#website\"},\"datePublished\":\"2021-05-24T04:22:23+00:00\",\"author\":{\"@id\":\"https:\\\/\\\/sindromecharge.es\\\/#\\\/schema\\\/person\\\/39a60ebe0a2b4d5a11179701e336b039\"},\"breadcrumb\":{\"@id\":\"https:\\\/\\\/sindromecharge.es\\\/index.php\\\/2021\\\/05\\\/24\\\/asistimos-al-encuentro-de-miembros-de-la-red-internacional-de-enfermedades-raras\\\/#breadcrumb\"},\"inLanguage\":\"es\",\"potentialAction\":[{\"@type\":\"ReadAction\",\"target\":[\"https:\\\/\\\/sindromecharge.es\\\/index.php\\\/2021\\\/05\\\/24\\\/asistimos-al-encuentro-de-miembros-de-la-red-internacional-de-enfermedades-raras\\\/\"]}]},{\"@type\":\"BreadcrumbList\",\"@id\":\"https:\\\/\\\/sindromecharge.es\\\/index.php\\\/2021\\\/05\\\/24\\\/asistimos-al-encuentro-de-miembros-de-la-red-internacional-de-enfermedades-raras\\\/#breadcrumb\",\"itemListElement\":[{\"@type\":\"ListItem\",\"position\":1,\"name\":\"Portada\",\"item\":\"https:\\\/\\\/sindromecharge.es\\\/\"},{\"@type\":\"ListItem\",\"position\":2,\"name\":\"Asistimos al encuentro de miembros de la Red Internacional de Enfermedades Raras\"}]},{\"@type\":\"WebSite\",\"@id\":\"https:\\\/\\\/sindromecharge.es\\\/#website\",\"url\":\"https:\\\/\\\/sindromecharge.es\\\/\",\"name\":\"Asociaci\u00f3n Espa\u00f1ola S\u00edndrome de Charge\",\"description\":\"\",\"potentialAction\":[{\"@type\":\"SearchAction\",\"target\":{\"@type\":\"EntryPoint\",\"urlTemplate\":\"https:\\\/\\\/sindromecharge.es\\\/?s={search_term_string}\"},\"query-input\":{\"@type\":\"PropertyValueSpecification\",\"valueRequired\":true,\"valueName\":\"search_term_string\"}}],\"inLanguage\":\"es\"},{\"@type\":\"Person\",\"@id\":\"https:\\\/\\\/sindromecharge.es\\\/#\\\/schema\\\/person\\\/39a60ebe0a2b4d5a11179701e336b039\",\"name\":\"Charge\",\"image\":{\"@type\":\"ImageObject\",\"inLanguage\":\"es\",\"@id\":\"https:\\\/\\\/secure.gravatar.com\\\/avatar\\\/c3b46e32a0fc3b093a0873fb767bf3293de856293065e84ef06b7ec7a8acfb98?s=96&d=identicon&r=x\",\"url\":\"https:\\\/\\\/secure.gravatar.com\\\/avatar\\\/c3b46e32a0fc3b093a0873fb767bf3293de856293065e84ef06b7ec7a8acfb98?s=96&d=identicon&r=x\",\"contentUrl\":\"https:\\\/\\\/secure.gravatar.com\\\/avatar\\\/c3b46e32a0fc3b093a0873fb767bf3293de856293065e84ef06b7ec7a8acfb98?s=96&d=identicon&r=x\",\"caption\":\"Charge\"},\"url\":\"https:\\\/\\\/sindromecharge.es\\\/index.php\\\/author\\\/admin\\\/\"}]}<\/script>\n<!-- \/ Yoast SEO plugin. -->","yoast_head_json":{"title":"Asistimos al encuentro de miembros de la Red Internacional de Enfermedades Raras - Asociaci\u00f3n Espa\u00f1ola S\u00edndrome de Charge","robots":{"index":"index","follow":"follow","max-snippet":"max-snippet:-1","max-image-preview":"max-image-preview:large","max-video-preview":"max-video-preview:-1"},"canonical":"https:\/\/sindromecharge.es\/index.php\/2021\/05\/24\/asistimos-al-encuentro-de-miembros-de-la-red-internacional-de-enfermedades-raras\/","og_locale":"es_ES","og_type":"article","og_title":"Asistimos al encuentro de miembros de la Red Internacional de Enfermedades Raras - Asociaci\u00f3n Espa\u00f1ola S\u00edndrome de Charge","og_description":"Leemos en FEDER la siguiente noticia que os reproducimos de forma \u00edntegra: El 26 de mayo, la Red Internacional de Enfermedades Raras prepara su encuentro de miembros y desde FEDER estaremos presentes a trav\u00e9s de la asistencia de Alba Ancochea, directora de FEDER. En esta ocasi\u00f3n se abordar\u00e1n temas como la resoluci\u00f3n de la ONU [&hellip;]","og_url":"https:\/\/sindromecharge.es\/index.php\/2021\/05\/24\/asistimos-al-encuentro-de-miembros-de-la-red-internacional-de-enfermedades-raras\/","og_site_name":"Asociaci\u00f3n Espa\u00f1ola S\u00edndrome de Charge","article_publisher":"https:\/\/www.facebook.com\/asociacionsindromecharge","article_published_time":"2021-05-24T04:22:23+00:00","og_image":[{"width":300,"height":98,"url":"https:\/\/sindromecharge.es\/wp-content\/uploads\/2013\/09\/logodecharge300x98.png","type":"image\/png"}],"author":"Charge","twitter_card":"summary_large_image","twitter_creator":"@sindromecharge","twitter_site":"@sindromecharge","twitter_misc":{"Escrito por":"Charge","Tiempo de lectura":"1 minuto"},"schema":{"@context":"https:\/\/schema.org","@graph":[{"@type":"Article","@id":"https:\/\/sindromecharge.es\/index.php\/2021\/05\/24\/asistimos-al-encuentro-de-miembros-de-la-red-internacional-de-enfermedades-raras\/#article","isPartOf":{"@id":"https:\/\/sindromecharge.es\/index.php\/2021\/05\/24\/asistimos-al-encuentro-de-miembros-de-la-red-internacional-de-enfermedades-raras\/"},"author":{"name":"Charge","@id":"https:\/\/sindromecharge.es\/#\/schema\/person\/39a60ebe0a2b4d5a11179701e336b039"},"headline":"Asistimos al encuentro de miembros de la Red Internacional de Enfermedades Raras","datePublished":"2021-05-24T04:22:23+00:00","mainEntityOfPage":{"@id":"https:\/\/sindromecharge.es\/index.php\/2021\/05\/24\/asistimos-al-encuentro-de-miembros-de-la-red-internacional-de-enfermedades-raras\/"},"wordCount":190,"commentCount":0,"keywords":["enfermedades raras"],"articleSection":["noticias"],"inLanguage":"es","potentialAction":[{"@type":"CommentAction","name":"Comment","target":["https:\/\/sindromecharge.es\/index.php\/2021\/05\/24\/asistimos-al-encuentro-de-miembros-de-la-red-internacional-de-enfermedades-raras\/#respond"]}]},{"@type":"WebPage","@id":"https:\/\/sindromecharge.es\/index.php\/2021\/05\/24\/asistimos-al-encuentro-de-miembros-de-la-red-internacional-de-enfermedades-raras\/","url":"https:\/\/sindromecharge.es\/index.php\/2021\/05\/24\/asistimos-al-encuentro-de-miembros-de-la-red-internacional-de-enfermedades-raras\/","name":"Asistimos al encuentro de miembros de la Red Internacional de Enfermedades Raras - Asociaci\u00f3n Espa\u00f1ola S\u00edndrome de Charge","isPartOf":{"@id":"https:\/\/sindromecharge.es\/#website"},"datePublished":"2021-05-24T04:22:23+00:00","author":{"@id":"https:\/\/sindromecharge.es\/#\/schema\/person\/39a60ebe0a2b4d5a11179701e336b039"},"breadcrumb":{"@id":"https:\/\/sindromecharge.es\/index.php\/2021\/05\/24\/asistimos-al-encuentro-de-miembros-de-la-red-internacional-de-enfermedades-raras\/#breadcrumb"},"inLanguage":"es","potentialAction":[{"@type":"ReadAction","target":["https:\/\/sindromecharge.es\/index.php\/2021\/05\/24\/asistimos-al-encuentro-de-miembros-de-la-red-internacional-de-enfermedades-raras\/"]}]},{"@type":"BreadcrumbList","@id":"https:\/\/sindromecharge.es\/index.php\/2021\/05\/24\/asistimos-al-encuentro-de-miembros-de-la-red-internacional-de-enfermedades-raras\/#breadcrumb","itemListElement":[{"@type":"ListItem","position":1,"name":"Portada","item":"https:\/\/sindromecharge.es\/"},{"@type":"ListItem","position":2,"name":"Asistimos al encuentro de miembros de la Red Internacional de Enfermedades Raras"}]},{"@type":"WebSite","@id":"https:\/\/sindromecharge.es\/#website","url":"https:\/\/sindromecharge.es\/","name":"Asociaci\u00f3n Espa\u00f1ola S\u00edndrome de Charge","description":"","potentialAction":[{"@type":"SearchAction","target":{"@type":"EntryPoint","urlTemplate":"https:\/\/sindromecharge.es\/?s={search_term_string}"},"query-input":{"@type":"PropertyValueSpecification","valueRequired":true,"valueName":"search_term_string"}}],"inLanguage":"es"},{"@type":"Person","@id":"https:\/\/sindromecharge.es\/#\/schema\/person\/39a60ebe0a2b4d5a11179701e336b039","name":"Charge","image":{"@type":"ImageObject","inLanguage":"es","@id":"https:\/\/secure.gravatar.com\/avatar\/c3b46e32a0fc3b093a0873fb767bf3293de856293065e84ef06b7ec7a8acfb98?s=96&d=identicon&r=x","url":"https:\/\/secure.gravatar.com\/avatar\/c3b46e32a0fc3b093a0873fb767bf3293de856293065e84ef06b7ec7a8acfb98?s=96&d=identicon&r=x","contentUrl":"https:\/\/secure.gravatar.com\/avatar\/c3b46e32a0fc3b093a0873fb767bf3293de856293065e84ef06b7ec7a8acfb98?s=96&d=identicon&r=x","caption":"Charge"},"url":"https:\/\/sindromecharge.es\/index.php\/author\/admin\/"}]}},"_links":{"self":[{"href":"https:\/\/sindromecharge.es\/index.php\/wp-json\/wp\/v2\/posts\/7199","targetHints":{"allow":["GET"]}}],"collection":[{"href":"https:\/\/sindromecharge.es\/index.php\/wp-json\/wp\/v2\/posts"}],"about":[{"href":"https:\/\/sindromecharge.es\/index.php\/wp-json\/wp\/v2\/types\/post"}],"author":[{"embeddable":true,"href":"https:\/\/sindromecharge.es\/index.php\/wp-json\/wp\/v2\/users\/1"}],"replies":[{"embeddable":true,"href":"https:\/\/sindromecharge.es\/index.php\/wp-json\/wp\/v2\/comments?post=7199"}],"version-history":[{"count":0,"href":"https:\/\/sindromecharge.es\/index.php\/wp-json\/wp\/v2\/posts\/7199\/revisions"}],"wp:attachment":[{"href":"https:\/\/sindromecharge.es\/index.php\/wp-json\/wp\/v2\/media?parent=7199"}],"wp:term":[{"taxonomy":"category","embeddable":true,"href":"https:\/\/sindromecharge.es\/index.php\/wp-json\/wp\/v2\/categories?post=7199"},{"taxonomy":"post_tag","embeddable":true,"href":"https:\/\/sindromecharge.es\/index.php\/wp-json\/wp\/v2\/tags?post=7199"}],"curies":[{"name":"wp","href":"https:\/\/api.w.org\/{rel}","templated":true}]}}