{"id":7198,"date":"2021-05-24T04:06:10","date_gmt":"2021-05-24T04:06:10","guid":{"rendered":"https:\/\/sindromecharge.es\/index.php\/2021\/05\/24\/los-padres-de-ninos-con-dano-cerebral-adquirido-premian-a-un-hospital-y-un-cole-por-cambiar-la-vida-de-las-personas\/"},"modified":"2021-05-24T04:06:10","modified_gmt":"2021-05-24T04:06:10","slug":"los-padres-de-ninos-con-dano-cerebral-adquirido-premian-a-un-hospital-y-un-cole-por-cambiar-la-vida-de-las-personas","status":"publish","type":"post","link":"https:\/\/sindromecharge.es\/index.php\/2021\/05\/24\/los-padres-de-ninos-con-dano-cerebral-adquirido-premian-a-un-hospital-y-un-cole-por-cambiar-la-vida-de-las-personas\/","title":{"rendered":"Los padres de ni\u00f1os con da\u00f1o cerebral adquirido premian a un hospital y un cole por &quot;cambiar la vida de las personas&quot;"},"content":{"rendered":"<p>Leemos en 20minutos la siguiente noticia que os reproducimos de forma \u00edntegra: <\/p>\n<p>Los padres de ni\u00f1os con <strong>Da\u00f1o Cerebral Adquirido (DCA)<\/strong>, en colaboraci\u00f3n con la <a href=\"https:\/\/www.20minutos.es\/noticia\/4586573\/0\/paloma-pastor-finalista-avanzadoras-2020-madres-ninos-dano-cerebral-aquirido-pedimos-flexibilidad-laboral\/\" title=\"Paloma Pastor: &quot;Las madres de ni\u00f1os con da\u00f1o cerebral adquirido no queremos ayudas, queremos flexibilidad laboral&quot;\">Fundaci\u00f3n Sin Da\u00f1o<\/a>, han querido lanzar un mensaje \u00abde agradecimiento y de esperanza\u00bb en momentos tan dif\u00edciles como los que est\u00e1 dejando la pandemia del <a href=\"https:\/\/www.20minutos.es\/minuteca\/coronavirus-espana\/\" title=\"Coronavirus en Espa\u00f1a\">coronavirus<\/a> y para ello han creado el premio &#8216;Juntos el da\u00f1o es menor&#8217;. En su primera convocatoria, el galard\u00f3n, que tiene una vertiente sanitaria y otra educativa, ha reca\u00eddo en el Hospital Infantil del Ni\u00f1o Jes\u00fas de Madrid y en el colegio Villar Palasi de San Fernando de Henares. <\/p>\n<p>De ambas entidades el jurado destaca <strong>\u00absu esfuerzo y dedicaci\u00f3n para cambiar la vida de las personas\u00bb<\/strong>.  Asimismo resalta \u00abla capacidad profesional y personal\u00bb de sus plantillas, \u00abdemostrando valores de especial m\u00e9rito, as\u00ed como su empat\u00eda y amorosa dedicaci\u00f3n en el cuidado y atenci\u00f3n\u00bb de sus hijos.<\/p>\n<p>El Hospital del Ni\u00f1o Jes\u00fas<strong> cre\u00f3 una unidad espec\u00edfica<\/strong> para trabajar con pacientes con DCA y sus familias en marzo de 2015. Un equipo formado por especialistas en medicina f\u00edsica y rehabilitaci\u00f3n, neuropsicolog\u00eda, fisioterapia, logopedia, terapia ocupacional, trabajo social y pedagog\u00eda terap\u00e9utica trata desde entonces de mejorar la calidad de vida, la funcionalidad y la autonom\u00eda de los peque\u00f1os, \u00absin olvidar su entorno escolar, familiar y social\u00bb.<\/p>\n<p>En el Villar Palasi estudia Fernando, un peque\u00f1o con da\u00f1o cerebral adquirido, y las familias ponen de manifiesto \u00abel ejemplar comportamiento, implicaci\u00f3n y ganas de ayudar y querer entender lo que ocurre\u00bb que demuestra el centro. \u00abQueremos destacar las ganas y el inter\u00e9s que han mostrado siempre <strong>por que no le faltar\u00e1 nada y por colaborar en todo momento<\/strong> con los profesionales m\u00e9dicos que le han atendido, tanto en el hospital como fuera, para ir todos de la mano en su recuperaci\u00f3n\u00bb, agregan. <\/p>\n<p>Un <strong>traumatismo craneoencef\u00e1lico, un ictus, un ahogamiento, un tumor cerebral o una meningitis<\/strong> pueden provocar lesiones que deriven en un da\u00f1o cerebral adquirido. \u00abEstos ni\u00f1os necesitan una rehabilitaci\u00f3n lo m\u00e1s precoz e intensiva posible para recuperar las funciones que han sido afectadas. Puede significar volver a caminar o poder hablar, acordarse de las cosas o poder poner atenci\u00f3n\u00bb, apuntan las familias de estos ni\u00f1os, que reconocen que \u00abno todo es posible siempre, pero s\u00ed es posible mejorar y desde luego, siempre hay que intentarlo\u00bb.<\/p>\n<p>Fuente: 20minutos <a href=\"https:\/\/www.20minutos.es\/noticia\/4706090\/0\/padres-ninos-dano-cerebral-adquirido-premia-hospital-infantil-colegio-cambiar-vida-personas\/\" target=\"_blank\" rel=\"noopener\">Los padres de ni\u00f1os con da\u00f1o cerebral adquirido premian a un hospital y un cole por &quot;cambiar la vida de las personas&quot;<\/a><\/p>\n","protected":false},"excerpt":{"rendered":"<p>Leemos en 20minutos la siguiente noticia que os reproducimos de forma \u00edntegra: Los padres de ni\u00f1os con Da\u00f1o Cerebral Adquirido (DCA), en colaboraci\u00f3n con la Fundaci\u00f3n Sin Da\u00f1o, han querido lanzar un mensaje \u00abde agradecimiento y de esperanza\u00bb en momentos tan dif\u00edciles como los que est\u00e1 dejando la pandemia del coronavirus y para ello han [&hellip;]<\/p>\n","protected":false},"author":1,"featured_media":0,"comment_status":"open","ping_status":"closed","sticky":false,"template":"","format":"standard","meta":{"footnotes":""},"categories":[8],"tags":[31],"class_list":["post-7198","post","type-post","status-publish","format-standard","hentry","category-noticias","tag-discapacidad"],"yoast_head":"<!-- This site is optimized with the Yoast SEO plugin v27.5 - https:\/\/yoast.com\/product\/yoast-seo-wordpress\/ -->\n<title>Los padres de ni\u00f1os con da\u00f1o cerebral adquirido premian a un hospital y un cole por &quot;cambiar la vida de las personas&quot; - Asociaci\u00f3n Espa\u00f1ola S\u00edndrome de Charge<\/title>\n<meta name=\"robots\" content=\"index, follow, max-snippet:-1, max-image-preview:large, max-video-preview:-1\" \/>\n<link rel=\"canonical\" href=\"https:\/\/sindromecharge.es\/index.php\/2021\/05\/24\/los-padres-de-ninos-con-dano-cerebral-adquirido-premian-a-un-hospital-y-un-cole-por-cambiar-la-vida-de-las-personas\/\" \/>\n<meta property=\"og:locale\" content=\"es_ES\" \/>\n<meta property=\"og:type\" content=\"article\" \/>\n<meta property=\"og:title\" content=\"Los padres de ni\u00f1os con da\u00f1o cerebral adquirido premian a un hospital y un cole por &quot;cambiar la vida de las personas&quot; - Asociaci\u00f3n Espa\u00f1ola S\u00edndrome de Charge\" \/>\n<meta property=\"og:description\" content=\"Leemos en 20minutos la siguiente noticia que os reproducimos de forma \u00edntegra: Los padres de ni\u00f1os con Da\u00f1o Cerebral Adquirido (DCA), en colaboraci\u00f3n con la Fundaci\u00f3n Sin Da\u00f1o, han querido lanzar un mensaje \u00abde agradecimiento y de esperanza\u00bb en momentos tan dif\u00edciles como los que est\u00e1 dejando la pandemia del coronavirus y para ello han [&hellip;]\" \/>\n<meta property=\"og:url\" content=\"https:\/\/sindromecharge.es\/index.php\/2021\/05\/24\/los-padres-de-ninos-con-dano-cerebral-adquirido-premian-a-un-hospital-y-un-cole-por-cambiar-la-vida-de-las-personas\/\" \/>\n<meta property=\"og:site_name\" content=\"Asociaci\u00f3n Espa\u00f1ola S\u00edndrome de Charge\" \/>\n<meta property=\"article:publisher\" content=\"https:\/\/www.facebook.com\/asociacionsindromecharge\" \/>\n<meta property=\"article:published_time\" content=\"2021-05-24T04:06:10+00:00\" \/>\n<meta property=\"og:image\" content=\"https:\/\/sindromecharge.es\/wp-content\/uploads\/2013\/09\/logodecharge300x98.png\" \/>\n\t<meta property=\"og:image:width\" content=\"300\" \/>\n\t<meta property=\"og:image:height\" content=\"98\" \/>\n\t<meta property=\"og:image:type\" content=\"image\/png\" \/>\n<meta name=\"author\" content=\"Charge\" \/>\n<meta name=\"twitter:card\" content=\"summary_large_image\" \/>\n<meta name=\"twitter:creator\" content=\"@sindromecharge\" \/>\n<meta name=\"twitter:site\" content=\"@sindromecharge\" \/>\n<meta name=\"twitter:label1\" content=\"Escrito por\" \/>\n\t<meta name=\"twitter:data1\" content=\"Charge\" \/>\n\t<meta name=\"twitter:label2\" content=\"Tiempo de lectura\" \/>\n\t<meta name=\"twitter:data2\" content=\"2 minutos\" \/>\n<script type=\"application\/ld+json\" class=\"yoast-schema-graph\">{\"@context\":\"https:\\\/\\\/schema.org\",\"@graph\":[{\"@type\":\"Article\",\"@id\":\"https:\\\/\\\/sindromecharge.es\\\/index.php\\\/2021\\\/05\\\/24\\\/los-padres-de-ninos-con-dano-cerebral-adquirido-premian-a-un-hospital-y-un-cole-por-cambiar-la-vida-de-las-personas\\\/#article\",\"isPartOf\":{\"@id\":\"https:\\\/\\\/sindromecharge.es\\\/index.php\\\/2021\\\/05\\\/24\\\/los-padres-de-ninos-con-dano-cerebral-adquirido-premian-a-un-hospital-y-un-cole-por-cambiar-la-vida-de-las-personas\\\/\"},\"author\":{\"name\":\"Charge\",\"@id\":\"https:\\\/\\\/sindromecharge.es\\\/#\\\/schema\\\/person\\\/39a60ebe0a2b4d5a11179701e336b039\"},\"headline\":\"Los padres de ni\u00f1os con da\u00f1o cerebral adquirido premian a un hospital y un cole por &quot;cambiar la vida de las personas&quot;\",\"datePublished\":\"2021-05-24T04:06:10+00:00\",\"mainEntityOfPage\":{\"@id\":\"https:\\\/\\\/sindromecharge.es\\\/index.php\\\/2021\\\/05\\\/24\\\/los-padres-de-ninos-con-dano-cerebral-adquirido-premian-a-un-hospital-y-un-cole-por-cambiar-la-vida-de-las-personas\\\/\"},\"wordCount\":472,\"commentCount\":0,\"keywords\":[\"discapacidad\"],\"articleSection\":[\"noticias\"],\"inLanguage\":\"es\",\"potentialAction\":[{\"@type\":\"CommentAction\",\"name\":\"Comment\",\"target\":[\"https:\\\/\\\/sindromecharge.es\\\/index.php\\\/2021\\\/05\\\/24\\\/los-padres-de-ninos-con-dano-cerebral-adquirido-premian-a-un-hospital-y-un-cole-por-cambiar-la-vida-de-las-personas\\\/#respond\"]}]},{\"@type\":\"WebPage\",\"@id\":\"https:\\\/\\\/sindromecharge.es\\\/index.php\\\/2021\\\/05\\\/24\\\/los-padres-de-ninos-con-dano-cerebral-adquirido-premian-a-un-hospital-y-un-cole-por-cambiar-la-vida-de-las-personas\\\/\",\"url\":\"https:\\\/\\\/sindromecharge.es\\\/index.php\\\/2021\\\/05\\\/24\\\/los-padres-de-ninos-con-dano-cerebral-adquirido-premian-a-un-hospital-y-un-cole-por-cambiar-la-vida-de-las-personas\\\/\",\"name\":\"Los padres de ni\u00f1os con da\u00f1o cerebral adquirido premian a un hospital y un cole por &quot;cambiar la vida de las personas&quot; - Asociaci\u00f3n Espa\u00f1ola S\u00edndrome de Charge\",\"isPartOf\":{\"@id\":\"https:\\\/\\\/sindromecharge.es\\\/#website\"},\"datePublished\":\"2021-05-24T04:06:10+00:00\",\"author\":{\"@id\":\"https:\\\/\\\/sindromecharge.es\\\/#\\\/schema\\\/person\\\/39a60ebe0a2b4d5a11179701e336b039\"},\"breadcrumb\":{\"@id\":\"https:\\\/\\\/sindromecharge.es\\\/index.php\\\/2021\\\/05\\\/24\\\/los-padres-de-ninos-con-dano-cerebral-adquirido-premian-a-un-hospital-y-un-cole-por-cambiar-la-vida-de-las-personas\\\/#breadcrumb\"},\"inLanguage\":\"es\",\"potentialAction\":[{\"@type\":\"ReadAction\",\"target\":[\"https:\\\/\\\/sindromecharge.es\\\/index.php\\\/2021\\\/05\\\/24\\\/los-padres-de-ninos-con-dano-cerebral-adquirido-premian-a-un-hospital-y-un-cole-por-cambiar-la-vida-de-las-personas\\\/\"]}]},{\"@type\":\"BreadcrumbList\",\"@id\":\"https:\\\/\\\/sindromecharge.es\\\/index.php\\\/2021\\\/05\\\/24\\\/los-padres-de-ninos-con-dano-cerebral-adquirido-premian-a-un-hospital-y-un-cole-por-cambiar-la-vida-de-las-personas\\\/#breadcrumb\",\"itemListElement\":[{\"@type\":\"ListItem\",\"position\":1,\"name\":\"Portada\",\"item\":\"https:\\\/\\\/sindromecharge.es\\\/\"},{\"@type\":\"ListItem\",\"position\":2,\"name\":\"Los padres de ni\u00f1os con da\u00f1o cerebral adquirido premian a un hospital y un cole por &quot;cambiar la vida de las personas&quot;\"}]},{\"@type\":\"WebSite\",\"@id\":\"https:\\\/\\\/sindromecharge.es\\\/#website\",\"url\":\"https:\\\/\\\/sindromecharge.es\\\/\",\"name\":\"Asociaci\u00f3n Espa\u00f1ola S\u00edndrome de Charge\",\"description\":\"\",\"potentialAction\":[{\"@type\":\"SearchAction\",\"target\":{\"@type\":\"EntryPoint\",\"urlTemplate\":\"https:\\\/\\\/sindromecharge.es\\\/?s={search_term_string}\"},\"query-input\":{\"@type\":\"PropertyValueSpecification\",\"valueRequired\":true,\"valueName\":\"search_term_string\"}}],\"inLanguage\":\"es\"},{\"@type\":\"Person\",\"@id\":\"https:\\\/\\\/sindromecharge.es\\\/#\\\/schema\\\/person\\\/39a60ebe0a2b4d5a11179701e336b039\",\"name\":\"Charge\",\"image\":{\"@type\":\"ImageObject\",\"inLanguage\":\"es\",\"@id\":\"https:\\\/\\\/secure.gravatar.com\\\/avatar\\\/c3b46e32a0fc3b093a0873fb767bf3293de856293065e84ef06b7ec7a8acfb98?s=96&d=identicon&r=x\",\"url\":\"https:\\\/\\\/secure.gravatar.com\\\/avatar\\\/c3b46e32a0fc3b093a0873fb767bf3293de856293065e84ef06b7ec7a8acfb98?s=96&d=identicon&r=x\",\"contentUrl\":\"https:\\\/\\\/secure.gravatar.com\\\/avatar\\\/c3b46e32a0fc3b093a0873fb767bf3293de856293065e84ef06b7ec7a8acfb98?s=96&d=identicon&r=x\",\"caption\":\"Charge\"},\"url\":\"https:\\\/\\\/sindromecharge.es\\\/index.php\\\/author\\\/admin\\\/\"}]}<\/script>\n<!-- \/ Yoast SEO plugin. -->","yoast_head_json":{"title":"Los padres de ni\u00f1os con da\u00f1o cerebral adquirido premian a un hospital y un cole por &quot;cambiar la vida de las personas&quot; - Asociaci\u00f3n Espa\u00f1ola S\u00edndrome de Charge","robots":{"index":"index","follow":"follow","max-snippet":"max-snippet:-1","max-image-preview":"max-image-preview:large","max-video-preview":"max-video-preview:-1"},"canonical":"https:\/\/sindromecharge.es\/index.php\/2021\/05\/24\/los-padres-de-ninos-con-dano-cerebral-adquirido-premian-a-un-hospital-y-un-cole-por-cambiar-la-vida-de-las-personas\/","og_locale":"es_ES","og_type":"article","og_title":"Los padres de ni\u00f1os con da\u00f1o cerebral adquirido premian a un hospital y un cole por &quot;cambiar la vida de las personas&quot; - Asociaci\u00f3n Espa\u00f1ola S\u00edndrome de Charge","og_description":"Leemos en 20minutos la siguiente noticia que os reproducimos de forma \u00edntegra: Los padres de ni\u00f1os con Da\u00f1o Cerebral Adquirido (DCA), en colaboraci\u00f3n con la Fundaci\u00f3n Sin Da\u00f1o, han querido lanzar un mensaje \u00abde agradecimiento y de esperanza\u00bb en momentos tan dif\u00edciles como los que est\u00e1 dejando la pandemia del coronavirus y para ello han [&hellip;]","og_url":"https:\/\/sindromecharge.es\/index.php\/2021\/05\/24\/los-padres-de-ninos-con-dano-cerebral-adquirido-premian-a-un-hospital-y-un-cole-por-cambiar-la-vida-de-las-personas\/","og_site_name":"Asociaci\u00f3n Espa\u00f1ola S\u00edndrome de Charge","article_publisher":"https:\/\/www.facebook.com\/asociacionsindromecharge","article_published_time":"2021-05-24T04:06:10+00:00","og_image":[{"width":300,"height":98,"url":"https:\/\/sindromecharge.es\/wp-content\/uploads\/2013\/09\/logodecharge300x98.png","type":"image\/png"}],"author":"Charge","twitter_card":"summary_large_image","twitter_creator":"@sindromecharge","twitter_site":"@sindromecharge","twitter_misc":{"Escrito por":"Charge","Tiempo de lectura":"2 minutos"},"schema":{"@context":"https:\/\/schema.org","@graph":[{"@type":"Article","@id":"https:\/\/sindromecharge.es\/index.php\/2021\/05\/24\/los-padres-de-ninos-con-dano-cerebral-adquirido-premian-a-un-hospital-y-un-cole-por-cambiar-la-vida-de-las-personas\/#article","isPartOf":{"@id":"https:\/\/sindromecharge.es\/index.php\/2021\/05\/24\/los-padres-de-ninos-con-dano-cerebral-adquirido-premian-a-un-hospital-y-un-cole-por-cambiar-la-vida-de-las-personas\/"},"author":{"name":"Charge","@id":"https:\/\/sindromecharge.es\/#\/schema\/person\/39a60ebe0a2b4d5a11179701e336b039"},"headline":"Los padres de ni\u00f1os con da\u00f1o cerebral adquirido premian a un hospital y un cole por &quot;cambiar la vida de las personas&quot;","datePublished":"2021-05-24T04:06:10+00:00","mainEntityOfPage":{"@id":"https:\/\/sindromecharge.es\/index.php\/2021\/05\/24\/los-padres-de-ninos-con-dano-cerebral-adquirido-premian-a-un-hospital-y-un-cole-por-cambiar-la-vida-de-las-personas\/"},"wordCount":472,"commentCount":0,"keywords":["discapacidad"],"articleSection":["noticias"],"inLanguage":"es","potentialAction":[{"@type":"CommentAction","name":"Comment","target":["https:\/\/sindromecharge.es\/index.php\/2021\/05\/24\/los-padres-de-ninos-con-dano-cerebral-adquirido-premian-a-un-hospital-y-un-cole-por-cambiar-la-vida-de-las-personas\/#respond"]}]},{"@type":"WebPage","@id":"https:\/\/sindromecharge.es\/index.php\/2021\/05\/24\/los-padres-de-ninos-con-dano-cerebral-adquirido-premian-a-un-hospital-y-un-cole-por-cambiar-la-vida-de-las-personas\/","url":"https:\/\/sindromecharge.es\/index.php\/2021\/05\/24\/los-padres-de-ninos-con-dano-cerebral-adquirido-premian-a-un-hospital-y-un-cole-por-cambiar-la-vida-de-las-personas\/","name":"Los padres de ni\u00f1os con da\u00f1o cerebral adquirido premian a un hospital y un cole por &quot;cambiar la vida de las personas&quot; - Asociaci\u00f3n Espa\u00f1ola S\u00edndrome de Charge","isPartOf":{"@id":"https:\/\/sindromecharge.es\/#website"},"datePublished":"2021-05-24T04:06:10+00:00","author":{"@id":"https:\/\/sindromecharge.es\/#\/schema\/person\/39a60ebe0a2b4d5a11179701e336b039"},"breadcrumb":{"@id":"https:\/\/sindromecharge.es\/index.php\/2021\/05\/24\/los-padres-de-ninos-con-dano-cerebral-adquirido-premian-a-un-hospital-y-un-cole-por-cambiar-la-vida-de-las-personas\/#breadcrumb"},"inLanguage":"es","potentialAction":[{"@type":"ReadAction","target":["https:\/\/sindromecharge.es\/index.php\/2021\/05\/24\/los-padres-de-ninos-con-dano-cerebral-adquirido-premian-a-un-hospital-y-un-cole-por-cambiar-la-vida-de-las-personas\/"]}]},{"@type":"BreadcrumbList","@id":"https:\/\/sindromecharge.es\/index.php\/2021\/05\/24\/los-padres-de-ninos-con-dano-cerebral-adquirido-premian-a-un-hospital-y-un-cole-por-cambiar-la-vida-de-las-personas\/#breadcrumb","itemListElement":[{"@type":"ListItem","position":1,"name":"Portada","item":"https:\/\/sindromecharge.es\/"},{"@type":"ListItem","position":2,"name":"Los padres de ni\u00f1os con da\u00f1o cerebral adquirido premian a un hospital y un cole por &quot;cambiar la vida de las personas&quot;"}]},{"@type":"WebSite","@id":"https:\/\/sindromecharge.es\/#website","url":"https:\/\/sindromecharge.es\/","name":"Asociaci\u00f3n Espa\u00f1ola S\u00edndrome de Charge","description":"","potentialAction":[{"@type":"SearchAction","target":{"@type":"EntryPoint","urlTemplate":"https:\/\/sindromecharge.es\/?s={search_term_string}"},"query-input":{"@type":"PropertyValueSpecification","valueRequired":true,"valueName":"search_term_string"}}],"inLanguage":"es"},{"@type":"Person","@id":"https:\/\/sindromecharge.es\/#\/schema\/person\/39a60ebe0a2b4d5a11179701e336b039","name":"Charge","image":{"@type":"ImageObject","inLanguage":"es","@id":"https:\/\/secure.gravatar.com\/avatar\/c3b46e32a0fc3b093a0873fb767bf3293de856293065e84ef06b7ec7a8acfb98?s=96&d=identicon&r=x","url":"https:\/\/secure.gravatar.com\/avatar\/c3b46e32a0fc3b093a0873fb767bf3293de856293065e84ef06b7ec7a8acfb98?s=96&d=identicon&r=x","contentUrl":"https:\/\/secure.gravatar.com\/avatar\/c3b46e32a0fc3b093a0873fb767bf3293de856293065e84ef06b7ec7a8acfb98?s=96&d=identicon&r=x","caption":"Charge"},"url":"https:\/\/sindromecharge.es\/index.php\/author\/admin\/"}]}},"_links":{"self":[{"href":"https:\/\/sindromecharge.es\/index.php\/wp-json\/wp\/v2\/posts\/7198","targetHints":{"allow":["GET"]}}],"collection":[{"href":"https:\/\/sindromecharge.es\/index.php\/wp-json\/wp\/v2\/posts"}],"about":[{"href":"https:\/\/sindromecharge.es\/index.php\/wp-json\/wp\/v2\/types\/post"}],"author":[{"embeddable":true,"href":"https:\/\/sindromecharge.es\/index.php\/wp-json\/wp\/v2\/users\/1"}],"replies":[{"embeddable":true,"href":"https:\/\/sindromecharge.es\/index.php\/wp-json\/wp\/v2\/comments?post=7198"}],"version-history":[{"count":0,"href":"https:\/\/sindromecharge.es\/index.php\/wp-json\/wp\/v2\/posts\/7198\/revisions"}],"wp:attachment":[{"href":"https:\/\/sindromecharge.es\/index.php\/wp-json\/wp\/v2\/media?parent=7198"}],"wp:term":[{"taxonomy":"category","embeddable":true,"href":"https:\/\/sindromecharge.es\/index.php\/wp-json\/wp\/v2\/categories?post=7198"},{"taxonomy":"post_tag","embeddable":true,"href":"https:\/\/sindromecharge.es\/index.php\/wp-json\/wp\/v2\/tags?post=7198"}],"curies":[{"name":"wp","href":"https:\/\/api.w.org\/{rel}","templated":true}]}}