{"id":7196,"date":"2021-05-22T15:55:06","date_gmt":"2021-05-22T15:55:06","guid":{"rendered":"https:\/\/sindromecharge.es\/index.php\/2021\/05\/22\/abierta-la-inscripcion-en-el-master-de-plena-inclusion-sobre-trastornos-de-la-salud-mental-tutelado-por-la-uex\/"},"modified":"2021-05-22T15:55:06","modified_gmt":"2021-05-22T15:55:06","slug":"abierta-la-inscripcion-en-el-master-de-plena-inclusion-sobre-trastornos-de-la-salud-mental-tutelado-por-la-uex","status":"publish","type":"post","link":"https:\/\/sindromecharge.es\/index.php\/2021\/05\/22\/abierta-la-inscripcion-en-el-master-de-plena-inclusion-sobre-trastornos-de-la-salud-mental-tutelado-por-la-uex\/","title":{"rendered":"Abierta la inscripci\u00f3n en el master de Plena inclusi\u00f3n sobre trastornos de la salud mental tutelado por la UEx"},"content":{"rendered":"<p>Leemos en 20minutos la siguiente noticia que os reproducimos de forma \u00edntegra: <\/p>\n<p>Una formaci\u00f3n que organiza Plena inclusi\u00f3n Extremadura conjuntamente y bajo la Tutela Acad\u00e9mica del Departamento de Psicolog\u00eda y Antropolog\u00eda de la Facultad de Formaci\u00f3n del Profesorado de la Universidad de Extremadura (UEx); y que concluye el d\u00eda 10 de septiembre de 2021.<\/p>\n<p>Desde Plena inclusi\u00f3n Extremadura, el mayor movimiento asociativo de la discapacidad intelectual de todo el pa\u00eds, se apuesta un a\u00f1o m\u00e1s por la formaci\u00f3n especializada y la capacitaci\u00f3n de los profesionales de la red de centros y servicios de atenci\u00f3n a la discapacidad y a la salud mental, as\u00ed como al alumnado de carreras profesionales vinculadas con el \u00e1mbito sociosanitario.<\/p>\n<p>El M\u00e1ster se realiza exclusivamente en modalidad online a trav\u00e9s de la plataforma virtual de la ueX, entre los meses de octubre de 2021 y octubre de 2022, contemplando un total de 60 cr\u00e9ditos en 600 horas de formaci\u00f3n.<\/p>\n<p>La experiencia de promociones anteriores, en las que se han formado a m\u00e1s de 170 profesionales, avala acci\u00f3n formativa, as\u00ed como la \u00abcreciente demanda\u00bb a\u00f1o tras a\u00f1o, que evidencia la necesidad de continuar ofertando una ense\u00f1anza que contribuya en la mejora de los apoyos que se prestan a las personas con discapacidad intelectual o del desarrollo que presentan a su vez enfermedad mental y\/o alteraciones de la conducta.<\/p>\n<p>Fuente: 20minutos <a href=\"https:\/\/www.20minutos.es\/noticia\/4705603\/0\/abierta-la-inscripcion-en-el-master-de-plena-inclusion-sobre-trastornos-de-la-salud-mental-tutelado-por-la-uex\/\" target=\"_blank\" rel=\"noopener\">Abierta la inscripci\u00f3n en el master de Plena inclusi\u00f3n sobre trastornos de la salud mental tutelado por la UEx<\/a><\/p>\n","protected":false},"excerpt":{"rendered":"<p>Leemos en 20minutos la siguiente noticia que os reproducimos de forma \u00edntegra: Una formaci\u00f3n que organiza Plena inclusi\u00f3n Extremadura conjuntamente y bajo la Tutela Acad\u00e9mica del Departamento de Psicolog\u00eda y Antropolog\u00eda de la Facultad de Formaci\u00f3n del Profesorado de la Universidad de Extremadura (UEx); y que concluye el d\u00eda 10 de septiembre de 2021. Desde [&hellip;]<\/p>\n","protected":false},"author":1,"featured_media":0,"comment_status":"open","ping_status":"closed","sticky":false,"template":"","format":"standard","meta":{"footnotes":""},"categories":[8],"tags":[31],"class_list":["post-7196","post","type-post","status-publish","format-standard","hentry","category-noticias","tag-discapacidad"],"yoast_head":"<!-- This site is optimized with the Yoast SEO plugin v27.5 - https:\/\/yoast.com\/product\/yoast-seo-wordpress\/ -->\n<title>Abierta la inscripci\u00f3n en el master de Plena inclusi\u00f3n sobre trastornos de la salud mental tutelado por la UEx - Asociaci\u00f3n Espa\u00f1ola S\u00edndrome de Charge<\/title>\n<meta name=\"robots\" content=\"index, follow, max-snippet:-1, max-image-preview:large, max-video-preview:-1\" \/>\n<link rel=\"canonical\" href=\"https:\/\/sindromecharge.es\/index.php\/2021\/05\/22\/abierta-la-inscripcion-en-el-master-de-plena-inclusion-sobre-trastornos-de-la-salud-mental-tutelado-por-la-uex\/\" \/>\n<meta property=\"og:locale\" content=\"es_ES\" \/>\n<meta property=\"og:type\" content=\"article\" \/>\n<meta property=\"og:title\" content=\"Abierta la inscripci\u00f3n en el master de Plena inclusi\u00f3n sobre trastornos de la salud mental tutelado por la UEx - Asociaci\u00f3n Espa\u00f1ola S\u00edndrome de Charge\" \/>\n<meta property=\"og:description\" content=\"Leemos en 20minutos la siguiente noticia que os reproducimos de forma \u00edntegra: Una formaci\u00f3n que organiza Plena inclusi\u00f3n Extremadura conjuntamente y bajo la Tutela Acad\u00e9mica del Departamento de Psicolog\u00eda y Antropolog\u00eda de la Facultad de Formaci\u00f3n del Profesorado de la Universidad de Extremadura (UEx); y que concluye el d\u00eda 10 de septiembre de 2021. Desde [&hellip;]\" \/>\n<meta property=\"og:url\" content=\"https:\/\/sindromecharge.es\/index.php\/2021\/05\/22\/abierta-la-inscripcion-en-el-master-de-plena-inclusion-sobre-trastornos-de-la-salud-mental-tutelado-por-la-uex\/\" \/>\n<meta property=\"og:site_name\" content=\"Asociaci\u00f3n Espa\u00f1ola S\u00edndrome de Charge\" \/>\n<meta property=\"article:publisher\" content=\"https:\/\/www.facebook.com\/asociacionsindromecharge\" \/>\n<meta property=\"article:published_time\" content=\"2021-05-22T15:55:06+00:00\" \/>\n<meta property=\"og:image\" content=\"https:\/\/sindromecharge.es\/wp-content\/uploads\/2013\/09\/logodecharge300x98.png\" \/>\n\t<meta property=\"og:image:width\" content=\"300\" \/>\n\t<meta property=\"og:image:height\" content=\"98\" \/>\n\t<meta property=\"og:image:type\" content=\"image\/png\" \/>\n<meta name=\"author\" content=\"Charge\" \/>\n<meta name=\"twitter:card\" content=\"summary_large_image\" \/>\n<meta name=\"twitter:creator\" content=\"@sindromecharge\" \/>\n<meta name=\"twitter:site\" content=\"@sindromecharge\" \/>\n<meta name=\"twitter:label1\" content=\"Escrito por\" \/>\n\t<meta name=\"twitter:data1\" content=\"Charge\" \/>\n\t<meta name=\"twitter:label2\" content=\"Tiempo de lectura\" \/>\n\t<meta name=\"twitter:data2\" content=\"1 minuto\" \/>\n<script type=\"application\/ld+json\" class=\"yoast-schema-graph\">{\"@context\":\"https:\\\/\\\/schema.org\",\"@graph\":[{\"@type\":\"Article\",\"@id\":\"https:\\\/\\\/sindromecharge.es\\\/index.php\\\/2021\\\/05\\\/22\\\/abierta-la-inscripcion-en-el-master-de-plena-inclusion-sobre-trastornos-de-la-salud-mental-tutelado-por-la-uex\\\/#article\",\"isPartOf\":{\"@id\":\"https:\\\/\\\/sindromecharge.es\\\/index.php\\\/2021\\\/05\\\/22\\\/abierta-la-inscripcion-en-el-master-de-plena-inclusion-sobre-trastornos-de-la-salud-mental-tutelado-por-la-uex\\\/\"},\"author\":{\"name\":\"Charge\",\"@id\":\"https:\\\/\\\/sindromecharge.es\\\/#\\\/schema\\\/person\\\/39a60ebe0a2b4d5a11179701e336b039\"},\"headline\":\"Abierta la inscripci\u00f3n en el master de Plena inclusi\u00f3n sobre trastornos de la salud mental tutelado por la UEx\",\"datePublished\":\"2021-05-22T15:55:06+00:00\",\"mainEntityOfPage\":{\"@id\":\"https:\\\/\\\/sindromecharge.es\\\/index.php\\\/2021\\\/05\\\/22\\\/abierta-la-inscripcion-en-el-master-de-plena-inclusion-sobre-trastornos-de-la-salud-mental-tutelado-por-la-uex\\\/\"},\"wordCount\":282,\"commentCount\":0,\"keywords\":[\"discapacidad\"],\"articleSection\":[\"noticias\"],\"inLanguage\":\"es\",\"potentialAction\":[{\"@type\":\"CommentAction\",\"name\":\"Comment\",\"target\":[\"https:\\\/\\\/sindromecharge.es\\\/index.php\\\/2021\\\/05\\\/22\\\/abierta-la-inscripcion-en-el-master-de-plena-inclusion-sobre-trastornos-de-la-salud-mental-tutelado-por-la-uex\\\/#respond\"]}]},{\"@type\":\"WebPage\",\"@id\":\"https:\\\/\\\/sindromecharge.es\\\/index.php\\\/2021\\\/05\\\/22\\\/abierta-la-inscripcion-en-el-master-de-plena-inclusion-sobre-trastornos-de-la-salud-mental-tutelado-por-la-uex\\\/\",\"url\":\"https:\\\/\\\/sindromecharge.es\\\/index.php\\\/2021\\\/05\\\/22\\\/abierta-la-inscripcion-en-el-master-de-plena-inclusion-sobre-trastornos-de-la-salud-mental-tutelado-por-la-uex\\\/\",\"name\":\"Abierta la inscripci\u00f3n en el master de Plena inclusi\u00f3n sobre trastornos de la salud mental tutelado por la UEx - Asociaci\u00f3n Espa\u00f1ola S\u00edndrome de Charge\",\"isPartOf\":{\"@id\":\"https:\\\/\\\/sindromecharge.es\\\/#website\"},\"datePublished\":\"2021-05-22T15:55:06+00:00\",\"author\":{\"@id\":\"https:\\\/\\\/sindromecharge.es\\\/#\\\/schema\\\/person\\\/39a60ebe0a2b4d5a11179701e336b039\"},\"breadcrumb\":{\"@id\":\"https:\\\/\\\/sindromecharge.es\\\/index.php\\\/2021\\\/05\\\/22\\\/abierta-la-inscripcion-en-el-master-de-plena-inclusion-sobre-trastornos-de-la-salud-mental-tutelado-por-la-uex\\\/#breadcrumb\"},\"inLanguage\":\"es\",\"potentialAction\":[{\"@type\":\"ReadAction\",\"target\":[\"https:\\\/\\\/sindromecharge.es\\\/index.php\\\/2021\\\/05\\\/22\\\/abierta-la-inscripcion-en-el-master-de-plena-inclusion-sobre-trastornos-de-la-salud-mental-tutelado-por-la-uex\\\/\"]}]},{\"@type\":\"BreadcrumbList\",\"@id\":\"https:\\\/\\\/sindromecharge.es\\\/index.php\\\/2021\\\/05\\\/22\\\/abierta-la-inscripcion-en-el-master-de-plena-inclusion-sobre-trastornos-de-la-salud-mental-tutelado-por-la-uex\\\/#breadcrumb\",\"itemListElement\":[{\"@type\":\"ListItem\",\"position\":1,\"name\":\"Portada\",\"item\":\"https:\\\/\\\/sindromecharge.es\\\/\"},{\"@type\":\"ListItem\",\"position\":2,\"name\":\"Abierta la inscripci\u00f3n en el master de Plena inclusi\u00f3n sobre trastornos de la salud mental tutelado por la UEx\"}]},{\"@type\":\"WebSite\",\"@id\":\"https:\\\/\\\/sindromecharge.es\\\/#website\",\"url\":\"https:\\\/\\\/sindromecharge.es\\\/\",\"name\":\"Asociaci\u00f3n Espa\u00f1ola S\u00edndrome de Charge\",\"description\":\"\",\"potentialAction\":[{\"@type\":\"SearchAction\",\"target\":{\"@type\":\"EntryPoint\",\"urlTemplate\":\"https:\\\/\\\/sindromecharge.es\\\/?s={search_term_string}\"},\"query-input\":{\"@type\":\"PropertyValueSpecification\",\"valueRequired\":true,\"valueName\":\"search_term_string\"}}],\"inLanguage\":\"es\"},{\"@type\":\"Person\",\"@id\":\"https:\\\/\\\/sindromecharge.es\\\/#\\\/schema\\\/person\\\/39a60ebe0a2b4d5a11179701e336b039\",\"name\":\"Charge\",\"image\":{\"@type\":\"ImageObject\",\"inLanguage\":\"es\",\"@id\":\"https:\\\/\\\/secure.gravatar.com\\\/avatar\\\/c3b46e32a0fc3b093a0873fb767bf3293de856293065e84ef06b7ec7a8acfb98?s=96&d=identicon&r=x\",\"url\":\"https:\\\/\\\/secure.gravatar.com\\\/avatar\\\/c3b46e32a0fc3b093a0873fb767bf3293de856293065e84ef06b7ec7a8acfb98?s=96&d=identicon&r=x\",\"contentUrl\":\"https:\\\/\\\/secure.gravatar.com\\\/avatar\\\/c3b46e32a0fc3b093a0873fb767bf3293de856293065e84ef06b7ec7a8acfb98?s=96&d=identicon&r=x\",\"caption\":\"Charge\"},\"url\":\"https:\\\/\\\/sindromecharge.es\\\/index.php\\\/author\\\/admin\\\/\"}]}<\/script>\n<!-- \/ Yoast SEO plugin. -->","yoast_head_json":{"title":"Abierta la inscripci\u00f3n en el master de Plena inclusi\u00f3n sobre trastornos de la salud mental tutelado por la UEx - Asociaci\u00f3n Espa\u00f1ola S\u00edndrome de Charge","robots":{"index":"index","follow":"follow","max-snippet":"max-snippet:-1","max-image-preview":"max-image-preview:large","max-video-preview":"max-video-preview:-1"},"canonical":"https:\/\/sindromecharge.es\/index.php\/2021\/05\/22\/abierta-la-inscripcion-en-el-master-de-plena-inclusion-sobre-trastornos-de-la-salud-mental-tutelado-por-la-uex\/","og_locale":"es_ES","og_type":"article","og_title":"Abierta la inscripci\u00f3n en el master de Plena inclusi\u00f3n sobre trastornos de la salud mental tutelado por la UEx - Asociaci\u00f3n Espa\u00f1ola S\u00edndrome de Charge","og_description":"Leemos en 20minutos la siguiente noticia que os reproducimos de forma \u00edntegra: Una formaci\u00f3n que organiza Plena inclusi\u00f3n Extremadura conjuntamente y bajo la Tutela Acad\u00e9mica del Departamento de Psicolog\u00eda y Antropolog\u00eda de la Facultad de Formaci\u00f3n del Profesorado de la Universidad de Extremadura (UEx); y que concluye el d\u00eda 10 de septiembre de 2021. Desde [&hellip;]","og_url":"https:\/\/sindromecharge.es\/index.php\/2021\/05\/22\/abierta-la-inscripcion-en-el-master-de-plena-inclusion-sobre-trastornos-de-la-salud-mental-tutelado-por-la-uex\/","og_site_name":"Asociaci\u00f3n Espa\u00f1ola S\u00edndrome de Charge","article_publisher":"https:\/\/www.facebook.com\/asociacionsindromecharge","article_published_time":"2021-05-22T15:55:06+00:00","og_image":[{"width":300,"height":98,"url":"https:\/\/sindromecharge.es\/wp-content\/uploads\/2013\/09\/logodecharge300x98.png","type":"image\/png"}],"author":"Charge","twitter_card":"summary_large_image","twitter_creator":"@sindromecharge","twitter_site":"@sindromecharge","twitter_misc":{"Escrito por":"Charge","Tiempo de lectura":"1 minuto"},"schema":{"@context":"https:\/\/schema.org","@graph":[{"@type":"Article","@id":"https:\/\/sindromecharge.es\/index.php\/2021\/05\/22\/abierta-la-inscripcion-en-el-master-de-plena-inclusion-sobre-trastornos-de-la-salud-mental-tutelado-por-la-uex\/#article","isPartOf":{"@id":"https:\/\/sindromecharge.es\/index.php\/2021\/05\/22\/abierta-la-inscripcion-en-el-master-de-plena-inclusion-sobre-trastornos-de-la-salud-mental-tutelado-por-la-uex\/"},"author":{"name":"Charge","@id":"https:\/\/sindromecharge.es\/#\/schema\/person\/39a60ebe0a2b4d5a11179701e336b039"},"headline":"Abierta la inscripci\u00f3n en el master de Plena inclusi\u00f3n sobre trastornos de la salud mental tutelado por la UEx","datePublished":"2021-05-22T15:55:06+00:00","mainEntityOfPage":{"@id":"https:\/\/sindromecharge.es\/index.php\/2021\/05\/22\/abierta-la-inscripcion-en-el-master-de-plena-inclusion-sobre-trastornos-de-la-salud-mental-tutelado-por-la-uex\/"},"wordCount":282,"commentCount":0,"keywords":["discapacidad"],"articleSection":["noticias"],"inLanguage":"es","potentialAction":[{"@type":"CommentAction","name":"Comment","target":["https:\/\/sindromecharge.es\/index.php\/2021\/05\/22\/abierta-la-inscripcion-en-el-master-de-plena-inclusion-sobre-trastornos-de-la-salud-mental-tutelado-por-la-uex\/#respond"]}]},{"@type":"WebPage","@id":"https:\/\/sindromecharge.es\/index.php\/2021\/05\/22\/abierta-la-inscripcion-en-el-master-de-plena-inclusion-sobre-trastornos-de-la-salud-mental-tutelado-por-la-uex\/","url":"https:\/\/sindromecharge.es\/index.php\/2021\/05\/22\/abierta-la-inscripcion-en-el-master-de-plena-inclusion-sobre-trastornos-de-la-salud-mental-tutelado-por-la-uex\/","name":"Abierta la inscripci\u00f3n en el master de Plena inclusi\u00f3n sobre trastornos de la salud mental tutelado por la UEx - Asociaci\u00f3n Espa\u00f1ola S\u00edndrome de Charge","isPartOf":{"@id":"https:\/\/sindromecharge.es\/#website"},"datePublished":"2021-05-22T15:55:06+00:00","author":{"@id":"https:\/\/sindromecharge.es\/#\/schema\/person\/39a60ebe0a2b4d5a11179701e336b039"},"breadcrumb":{"@id":"https:\/\/sindromecharge.es\/index.php\/2021\/05\/22\/abierta-la-inscripcion-en-el-master-de-plena-inclusion-sobre-trastornos-de-la-salud-mental-tutelado-por-la-uex\/#breadcrumb"},"inLanguage":"es","potentialAction":[{"@type":"ReadAction","target":["https:\/\/sindromecharge.es\/index.php\/2021\/05\/22\/abierta-la-inscripcion-en-el-master-de-plena-inclusion-sobre-trastornos-de-la-salud-mental-tutelado-por-la-uex\/"]}]},{"@type":"BreadcrumbList","@id":"https:\/\/sindromecharge.es\/index.php\/2021\/05\/22\/abierta-la-inscripcion-en-el-master-de-plena-inclusion-sobre-trastornos-de-la-salud-mental-tutelado-por-la-uex\/#breadcrumb","itemListElement":[{"@type":"ListItem","position":1,"name":"Portada","item":"https:\/\/sindromecharge.es\/"},{"@type":"ListItem","position":2,"name":"Abierta la inscripci\u00f3n en el master de Plena inclusi\u00f3n sobre trastornos de la salud mental tutelado por la UEx"}]},{"@type":"WebSite","@id":"https:\/\/sindromecharge.es\/#website","url":"https:\/\/sindromecharge.es\/","name":"Asociaci\u00f3n Espa\u00f1ola S\u00edndrome de Charge","description":"","potentialAction":[{"@type":"SearchAction","target":{"@type":"EntryPoint","urlTemplate":"https:\/\/sindromecharge.es\/?s={search_term_string}"},"query-input":{"@type":"PropertyValueSpecification","valueRequired":true,"valueName":"search_term_string"}}],"inLanguage":"es"},{"@type":"Person","@id":"https:\/\/sindromecharge.es\/#\/schema\/person\/39a60ebe0a2b4d5a11179701e336b039","name":"Charge","image":{"@type":"ImageObject","inLanguage":"es","@id":"https:\/\/secure.gravatar.com\/avatar\/c3b46e32a0fc3b093a0873fb767bf3293de856293065e84ef06b7ec7a8acfb98?s=96&d=identicon&r=x","url":"https:\/\/secure.gravatar.com\/avatar\/c3b46e32a0fc3b093a0873fb767bf3293de856293065e84ef06b7ec7a8acfb98?s=96&d=identicon&r=x","contentUrl":"https:\/\/secure.gravatar.com\/avatar\/c3b46e32a0fc3b093a0873fb767bf3293de856293065e84ef06b7ec7a8acfb98?s=96&d=identicon&r=x","caption":"Charge"},"url":"https:\/\/sindromecharge.es\/index.php\/author\/admin\/"}]}},"_links":{"self":[{"href":"https:\/\/sindromecharge.es\/index.php\/wp-json\/wp\/v2\/posts\/7196","targetHints":{"allow":["GET"]}}],"collection":[{"href":"https:\/\/sindromecharge.es\/index.php\/wp-json\/wp\/v2\/posts"}],"about":[{"href":"https:\/\/sindromecharge.es\/index.php\/wp-json\/wp\/v2\/types\/post"}],"author":[{"embeddable":true,"href":"https:\/\/sindromecharge.es\/index.php\/wp-json\/wp\/v2\/users\/1"}],"replies":[{"embeddable":true,"href":"https:\/\/sindromecharge.es\/index.php\/wp-json\/wp\/v2\/comments?post=7196"}],"version-history":[{"count":0,"href":"https:\/\/sindromecharge.es\/index.php\/wp-json\/wp\/v2\/posts\/7196\/revisions"}],"wp:attachment":[{"href":"https:\/\/sindromecharge.es\/index.php\/wp-json\/wp\/v2\/media?parent=7196"}],"wp:term":[{"taxonomy":"category","embeddable":true,"href":"https:\/\/sindromecharge.es\/index.php\/wp-json\/wp\/v2\/categories?post=7196"},{"taxonomy":"post_tag","embeddable":true,"href":"https:\/\/sindromecharge.es\/index.php\/wp-json\/wp\/v2\/tags?post=7196"}],"curies":[{"name":"wp","href":"https:\/\/api.w.org\/{rel}","templated":true}]}}