{"id":7195,"date":"2021-05-22T09:27:10","date_gmt":"2021-05-22T09:27:10","guid":{"rendered":"https:\/\/sindromecharge.es\/index.php\/2021\/05\/22\/piden-nueve-anos-de-carcel-para-un-cuidador-de-57-anos-por-abusar-sexualmente-de-una-persona-con-discapacidad-en-palma\/"},"modified":"2021-05-22T09:27:10","modified_gmt":"2021-05-22T09:27:10","slug":"piden-nueve-anos-de-carcel-para-un-cuidador-de-57-anos-por-abusar-sexualmente-de-una-persona-con-discapacidad-en-palma","status":"publish","type":"post","link":"https:\/\/sindromecharge.es\/index.php\/2021\/05\/22\/piden-nueve-anos-de-carcel-para-un-cuidador-de-57-anos-por-abusar-sexualmente-de-una-persona-con-discapacidad-en-palma\/","title":{"rendered":"Piden nueve a\u00f1os de c\u00e1rcel para un cuidador de 57 a\u00f1os por abusar sexualmente de una persona con discapacidad en Palma"},"content":{"rendered":"<p>Leemos en 20minutos la siguiente noticia que os reproducimos de forma \u00edntegra: <\/p>\n<p>El acusado hab\u00eda ejercido desde 2012 como cuidador de la v\u00edctima, un hombre de 54 a\u00f1os con un grado de discapacidad intelectual del 83,5 por ciento.<\/p>\n<p>La Fiscal\u00eda acusa al cuidador de haberse aprovechado de la v\u00edctima para conseguir que \u00e9ste le practicase una felaci\u00f3n cuando se encontraban ambos en un coche, en febrero de 2017. Fue sorprendido por unas viandantes, que avisaron a una patrulla de Polic\u00eda.<\/p>\n<p>La Fiscal\u00eda se\u00f1ala en su escrito que la v\u00edctima carec\u00eda de capacidad volitiva para determinar actos de su vida sexual y acusa al cuidador de un delito de abuso sexual. Adem\u00e1s de la pena de c\u00e1rcel, solicita una orden de alejamiento, la medida de libertad vigilada por siete a\u00f1os cuando salga de prisi\u00f3n y una inhabilitaci\u00f3n para la tutela o profesiones relativas a cuidados de personas, durante seis a\u00f1s.<\/p>\n<p>Fuente: 20minutos <a href=\"https:\/\/www.20minutos.es\/noticia\/4705280\/0\/piden-nueve-anos-de-carcel-para-un-cuidador-de-57-anos-por-abusar-sexualmente-de-una-persona-con-discapacidad-en-palma\/\" target=\"_blank\" rel=\"noopener\">Piden nueve a\u00f1os de c\u00e1rcel para un cuidador de 57 a\u00f1os por abusar sexualmente de una persona con discapacidad en Palma<\/a><\/p>\n","protected":false},"excerpt":{"rendered":"<p>Leemos en 20minutos la siguiente noticia que os reproducimos de forma \u00edntegra: El acusado hab\u00eda ejercido desde 2012 como cuidador de la v\u00edctima, un hombre de 54 a\u00f1os con un grado de discapacidad intelectual del 83,5 por ciento. La Fiscal\u00eda acusa al cuidador de haberse aprovechado de la v\u00edctima para conseguir que \u00e9ste le practicase [&hellip;]<\/p>\n","protected":false},"author":1,"featured_media":0,"comment_status":"open","ping_status":"closed","sticky":false,"template":"","format":"standard","meta":{"footnotes":""},"categories":[8],"tags":[31],"class_list":["post-7195","post","type-post","status-publish","format-standard","hentry","category-noticias","tag-discapacidad"],"yoast_head":"<!-- This site is optimized with the Yoast SEO plugin v27.5 - https:\/\/yoast.com\/product\/yoast-seo-wordpress\/ -->\n<title>Piden nueve a\u00f1os de c\u00e1rcel para un cuidador de 57 a\u00f1os por abusar sexualmente de una persona con discapacidad en Palma - Asociaci\u00f3n Espa\u00f1ola S\u00edndrome de Charge<\/title>\n<meta name=\"robots\" content=\"index, follow, max-snippet:-1, max-image-preview:large, max-video-preview:-1\" \/>\n<link rel=\"canonical\" href=\"https:\/\/sindromecharge.es\/index.php\/2021\/05\/22\/piden-nueve-anos-de-carcel-para-un-cuidador-de-57-anos-por-abusar-sexualmente-de-una-persona-con-discapacidad-en-palma\/\" \/>\n<meta property=\"og:locale\" content=\"es_ES\" \/>\n<meta property=\"og:type\" content=\"article\" \/>\n<meta property=\"og:title\" content=\"Piden nueve a\u00f1os de c\u00e1rcel para un cuidador de 57 a\u00f1os por abusar sexualmente de una persona con discapacidad en Palma - Asociaci\u00f3n Espa\u00f1ola S\u00edndrome de Charge\" \/>\n<meta property=\"og:description\" content=\"Leemos en 20minutos la siguiente noticia que os reproducimos de forma \u00edntegra: El acusado hab\u00eda ejercido desde 2012 como cuidador de la v\u00edctima, un hombre de 54 a\u00f1os con un grado de discapacidad intelectual del 83,5 por ciento. La Fiscal\u00eda acusa al cuidador de haberse aprovechado de la v\u00edctima para conseguir que \u00e9ste le practicase [&hellip;]\" \/>\n<meta property=\"og:url\" content=\"https:\/\/sindromecharge.es\/index.php\/2021\/05\/22\/piden-nueve-anos-de-carcel-para-un-cuidador-de-57-anos-por-abusar-sexualmente-de-una-persona-con-discapacidad-en-palma\/\" \/>\n<meta property=\"og:site_name\" content=\"Asociaci\u00f3n Espa\u00f1ola S\u00edndrome de Charge\" \/>\n<meta property=\"article:publisher\" content=\"https:\/\/www.facebook.com\/asociacionsindromecharge\" \/>\n<meta property=\"article:published_time\" content=\"2021-05-22T09:27:10+00:00\" \/>\n<meta property=\"og:image\" content=\"https:\/\/sindromecharge.es\/wp-content\/uploads\/2013\/09\/logodecharge300x98.png\" \/>\n\t<meta property=\"og:image:width\" content=\"300\" \/>\n\t<meta property=\"og:image:height\" content=\"98\" \/>\n\t<meta property=\"og:image:type\" content=\"image\/png\" \/>\n<meta name=\"author\" content=\"Charge\" \/>\n<meta name=\"twitter:card\" content=\"summary_large_image\" \/>\n<meta name=\"twitter:creator\" content=\"@sindromecharge\" \/>\n<meta name=\"twitter:site\" content=\"@sindromecharge\" \/>\n<meta name=\"twitter:label1\" content=\"Escrito por\" \/>\n\t<meta name=\"twitter:data1\" content=\"Charge\" \/>\n\t<meta name=\"twitter:label2\" content=\"Tiempo de lectura\" \/>\n\t<meta name=\"twitter:data2\" content=\"1 minuto\" \/>\n<script type=\"application\/ld+json\" class=\"yoast-schema-graph\">{\"@context\":\"https:\\\/\\\/schema.org\",\"@graph\":[{\"@type\":\"Article\",\"@id\":\"https:\\\/\\\/sindromecharge.es\\\/index.php\\\/2021\\\/05\\\/22\\\/piden-nueve-anos-de-carcel-para-un-cuidador-de-57-anos-por-abusar-sexualmente-de-una-persona-con-discapacidad-en-palma\\\/#article\",\"isPartOf\":{\"@id\":\"https:\\\/\\\/sindromecharge.es\\\/index.php\\\/2021\\\/05\\\/22\\\/piden-nueve-anos-de-carcel-para-un-cuidador-de-57-anos-por-abusar-sexualmente-de-una-persona-con-discapacidad-en-palma\\\/\"},\"author\":{\"name\":\"Charge\",\"@id\":\"https:\\\/\\\/sindromecharge.es\\\/#\\\/schema\\\/person\\\/39a60ebe0a2b4d5a11179701e336b039\"},\"headline\":\"Piden nueve a\u00f1os de c\u00e1rcel para un cuidador de 57 a\u00f1os por abusar sexualmente de una persona con discapacidad en Palma\",\"datePublished\":\"2021-05-22T09:27:10+00:00\",\"mainEntityOfPage\":{\"@id\":\"https:\\\/\\\/sindromecharge.es\\\/index.php\\\/2021\\\/05\\\/22\\\/piden-nueve-anos-de-carcel-para-un-cuidador-de-57-anos-por-abusar-sexualmente-de-una-persona-con-discapacidad-en-palma\\\/\"},\"wordCount\":210,\"commentCount\":0,\"keywords\":[\"discapacidad\"],\"articleSection\":[\"noticias\"],\"inLanguage\":\"es\",\"potentialAction\":[{\"@type\":\"CommentAction\",\"name\":\"Comment\",\"target\":[\"https:\\\/\\\/sindromecharge.es\\\/index.php\\\/2021\\\/05\\\/22\\\/piden-nueve-anos-de-carcel-para-un-cuidador-de-57-anos-por-abusar-sexualmente-de-una-persona-con-discapacidad-en-palma\\\/#respond\"]}]},{\"@type\":\"WebPage\",\"@id\":\"https:\\\/\\\/sindromecharge.es\\\/index.php\\\/2021\\\/05\\\/22\\\/piden-nueve-anos-de-carcel-para-un-cuidador-de-57-anos-por-abusar-sexualmente-de-una-persona-con-discapacidad-en-palma\\\/\",\"url\":\"https:\\\/\\\/sindromecharge.es\\\/index.php\\\/2021\\\/05\\\/22\\\/piden-nueve-anos-de-carcel-para-un-cuidador-de-57-anos-por-abusar-sexualmente-de-una-persona-con-discapacidad-en-palma\\\/\",\"name\":\"Piden nueve a\u00f1os de c\u00e1rcel para un cuidador de 57 a\u00f1os por abusar sexualmente de una persona con discapacidad en Palma - Asociaci\u00f3n Espa\u00f1ola S\u00edndrome de Charge\",\"isPartOf\":{\"@id\":\"https:\\\/\\\/sindromecharge.es\\\/#website\"},\"datePublished\":\"2021-05-22T09:27:10+00:00\",\"author\":{\"@id\":\"https:\\\/\\\/sindromecharge.es\\\/#\\\/schema\\\/person\\\/39a60ebe0a2b4d5a11179701e336b039\"},\"breadcrumb\":{\"@id\":\"https:\\\/\\\/sindromecharge.es\\\/index.php\\\/2021\\\/05\\\/22\\\/piden-nueve-anos-de-carcel-para-un-cuidador-de-57-anos-por-abusar-sexualmente-de-una-persona-con-discapacidad-en-palma\\\/#breadcrumb\"},\"inLanguage\":\"es\",\"potentialAction\":[{\"@type\":\"ReadAction\",\"target\":[\"https:\\\/\\\/sindromecharge.es\\\/index.php\\\/2021\\\/05\\\/22\\\/piden-nueve-anos-de-carcel-para-un-cuidador-de-57-anos-por-abusar-sexualmente-de-una-persona-con-discapacidad-en-palma\\\/\"]}]},{\"@type\":\"BreadcrumbList\",\"@id\":\"https:\\\/\\\/sindromecharge.es\\\/index.php\\\/2021\\\/05\\\/22\\\/piden-nueve-anos-de-carcel-para-un-cuidador-de-57-anos-por-abusar-sexualmente-de-una-persona-con-discapacidad-en-palma\\\/#breadcrumb\",\"itemListElement\":[{\"@type\":\"ListItem\",\"position\":1,\"name\":\"Portada\",\"item\":\"https:\\\/\\\/sindromecharge.es\\\/\"},{\"@type\":\"ListItem\",\"position\":2,\"name\":\"Piden nueve a\u00f1os de c\u00e1rcel para un cuidador de 57 a\u00f1os por abusar sexualmente de una persona con discapacidad en Palma\"}]},{\"@type\":\"WebSite\",\"@id\":\"https:\\\/\\\/sindromecharge.es\\\/#website\",\"url\":\"https:\\\/\\\/sindromecharge.es\\\/\",\"name\":\"Asociaci\u00f3n Espa\u00f1ola S\u00edndrome de Charge\",\"description\":\"\",\"potentialAction\":[{\"@type\":\"SearchAction\",\"target\":{\"@type\":\"EntryPoint\",\"urlTemplate\":\"https:\\\/\\\/sindromecharge.es\\\/?s={search_term_string}\"},\"query-input\":{\"@type\":\"PropertyValueSpecification\",\"valueRequired\":true,\"valueName\":\"search_term_string\"}}],\"inLanguage\":\"es\"},{\"@type\":\"Person\",\"@id\":\"https:\\\/\\\/sindromecharge.es\\\/#\\\/schema\\\/person\\\/39a60ebe0a2b4d5a11179701e336b039\",\"name\":\"Charge\",\"image\":{\"@type\":\"ImageObject\",\"inLanguage\":\"es\",\"@id\":\"https:\\\/\\\/secure.gravatar.com\\\/avatar\\\/c3b46e32a0fc3b093a0873fb767bf3293de856293065e84ef06b7ec7a8acfb98?s=96&d=identicon&r=x\",\"url\":\"https:\\\/\\\/secure.gravatar.com\\\/avatar\\\/c3b46e32a0fc3b093a0873fb767bf3293de856293065e84ef06b7ec7a8acfb98?s=96&d=identicon&r=x\",\"contentUrl\":\"https:\\\/\\\/secure.gravatar.com\\\/avatar\\\/c3b46e32a0fc3b093a0873fb767bf3293de856293065e84ef06b7ec7a8acfb98?s=96&d=identicon&r=x\",\"caption\":\"Charge\"},\"url\":\"https:\\\/\\\/sindromecharge.es\\\/index.php\\\/author\\\/admin\\\/\"}]}<\/script>\n<!-- \/ Yoast SEO plugin. -->","yoast_head_json":{"title":"Piden nueve a\u00f1os de c\u00e1rcel para un cuidador de 57 a\u00f1os por abusar sexualmente de una persona con discapacidad en Palma - Asociaci\u00f3n Espa\u00f1ola S\u00edndrome de Charge","robots":{"index":"index","follow":"follow","max-snippet":"max-snippet:-1","max-image-preview":"max-image-preview:large","max-video-preview":"max-video-preview:-1"},"canonical":"https:\/\/sindromecharge.es\/index.php\/2021\/05\/22\/piden-nueve-anos-de-carcel-para-un-cuidador-de-57-anos-por-abusar-sexualmente-de-una-persona-con-discapacidad-en-palma\/","og_locale":"es_ES","og_type":"article","og_title":"Piden nueve a\u00f1os de c\u00e1rcel para un cuidador de 57 a\u00f1os por abusar sexualmente de una persona con discapacidad en Palma - Asociaci\u00f3n Espa\u00f1ola S\u00edndrome de Charge","og_description":"Leemos en 20minutos la siguiente noticia que os reproducimos de forma \u00edntegra: El acusado hab\u00eda ejercido desde 2012 como cuidador de la v\u00edctima, un hombre de 54 a\u00f1os con un grado de discapacidad intelectual del 83,5 por ciento. La Fiscal\u00eda acusa al cuidador de haberse aprovechado de la v\u00edctima para conseguir que \u00e9ste le practicase [&hellip;]","og_url":"https:\/\/sindromecharge.es\/index.php\/2021\/05\/22\/piden-nueve-anos-de-carcel-para-un-cuidador-de-57-anos-por-abusar-sexualmente-de-una-persona-con-discapacidad-en-palma\/","og_site_name":"Asociaci\u00f3n Espa\u00f1ola S\u00edndrome de Charge","article_publisher":"https:\/\/www.facebook.com\/asociacionsindromecharge","article_published_time":"2021-05-22T09:27:10+00:00","og_image":[{"width":300,"height":98,"url":"https:\/\/sindromecharge.es\/wp-content\/uploads\/2013\/09\/logodecharge300x98.png","type":"image\/png"}],"author":"Charge","twitter_card":"summary_large_image","twitter_creator":"@sindromecharge","twitter_site":"@sindromecharge","twitter_misc":{"Escrito por":"Charge","Tiempo de lectura":"1 minuto"},"schema":{"@context":"https:\/\/schema.org","@graph":[{"@type":"Article","@id":"https:\/\/sindromecharge.es\/index.php\/2021\/05\/22\/piden-nueve-anos-de-carcel-para-un-cuidador-de-57-anos-por-abusar-sexualmente-de-una-persona-con-discapacidad-en-palma\/#article","isPartOf":{"@id":"https:\/\/sindromecharge.es\/index.php\/2021\/05\/22\/piden-nueve-anos-de-carcel-para-un-cuidador-de-57-anos-por-abusar-sexualmente-de-una-persona-con-discapacidad-en-palma\/"},"author":{"name":"Charge","@id":"https:\/\/sindromecharge.es\/#\/schema\/person\/39a60ebe0a2b4d5a11179701e336b039"},"headline":"Piden nueve a\u00f1os de c\u00e1rcel para un cuidador de 57 a\u00f1os por abusar sexualmente de una persona con discapacidad en Palma","datePublished":"2021-05-22T09:27:10+00:00","mainEntityOfPage":{"@id":"https:\/\/sindromecharge.es\/index.php\/2021\/05\/22\/piden-nueve-anos-de-carcel-para-un-cuidador-de-57-anos-por-abusar-sexualmente-de-una-persona-con-discapacidad-en-palma\/"},"wordCount":210,"commentCount":0,"keywords":["discapacidad"],"articleSection":["noticias"],"inLanguage":"es","potentialAction":[{"@type":"CommentAction","name":"Comment","target":["https:\/\/sindromecharge.es\/index.php\/2021\/05\/22\/piden-nueve-anos-de-carcel-para-un-cuidador-de-57-anos-por-abusar-sexualmente-de-una-persona-con-discapacidad-en-palma\/#respond"]}]},{"@type":"WebPage","@id":"https:\/\/sindromecharge.es\/index.php\/2021\/05\/22\/piden-nueve-anos-de-carcel-para-un-cuidador-de-57-anos-por-abusar-sexualmente-de-una-persona-con-discapacidad-en-palma\/","url":"https:\/\/sindromecharge.es\/index.php\/2021\/05\/22\/piden-nueve-anos-de-carcel-para-un-cuidador-de-57-anos-por-abusar-sexualmente-de-una-persona-con-discapacidad-en-palma\/","name":"Piden nueve a\u00f1os de c\u00e1rcel para un cuidador de 57 a\u00f1os por abusar sexualmente de una persona con discapacidad en Palma - Asociaci\u00f3n Espa\u00f1ola S\u00edndrome de Charge","isPartOf":{"@id":"https:\/\/sindromecharge.es\/#website"},"datePublished":"2021-05-22T09:27:10+00:00","author":{"@id":"https:\/\/sindromecharge.es\/#\/schema\/person\/39a60ebe0a2b4d5a11179701e336b039"},"breadcrumb":{"@id":"https:\/\/sindromecharge.es\/index.php\/2021\/05\/22\/piden-nueve-anos-de-carcel-para-un-cuidador-de-57-anos-por-abusar-sexualmente-de-una-persona-con-discapacidad-en-palma\/#breadcrumb"},"inLanguage":"es","potentialAction":[{"@type":"ReadAction","target":["https:\/\/sindromecharge.es\/index.php\/2021\/05\/22\/piden-nueve-anos-de-carcel-para-un-cuidador-de-57-anos-por-abusar-sexualmente-de-una-persona-con-discapacidad-en-palma\/"]}]},{"@type":"BreadcrumbList","@id":"https:\/\/sindromecharge.es\/index.php\/2021\/05\/22\/piden-nueve-anos-de-carcel-para-un-cuidador-de-57-anos-por-abusar-sexualmente-de-una-persona-con-discapacidad-en-palma\/#breadcrumb","itemListElement":[{"@type":"ListItem","position":1,"name":"Portada","item":"https:\/\/sindromecharge.es\/"},{"@type":"ListItem","position":2,"name":"Piden nueve a\u00f1os de c\u00e1rcel para un cuidador de 57 a\u00f1os por abusar sexualmente de una persona con discapacidad en Palma"}]},{"@type":"WebSite","@id":"https:\/\/sindromecharge.es\/#website","url":"https:\/\/sindromecharge.es\/","name":"Asociaci\u00f3n Espa\u00f1ola S\u00edndrome de Charge","description":"","potentialAction":[{"@type":"SearchAction","target":{"@type":"EntryPoint","urlTemplate":"https:\/\/sindromecharge.es\/?s={search_term_string}"},"query-input":{"@type":"PropertyValueSpecification","valueRequired":true,"valueName":"search_term_string"}}],"inLanguage":"es"},{"@type":"Person","@id":"https:\/\/sindromecharge.es\/#\/schema\/person\/39a60ebe0a2b4d5a11179701e336b039","name":"Charge","image":{"@type":"ImageObject","inLanguage":"es","@id":"https:\/\/secure.gravatar.com\/avatar\/c3b46e32a0fc3b093a0873fb767bf3293de856293065e84ef06b7ec7a8acfb98?s=96&d=identicon&r=x","url":"https:\/\/secure.gravatar.com\/avatar\/c3b46e32a0fc3b093a0873fb767bf3293de856293065e84ef06b7ec7a8acfb98?s=96&d=identicon&r=x","contentUrl":"https:\/\/secure.gravatar.com\/avatar\/c3b46e32a0fc3b093a0873fb767bf3293de856293065e84ef06b7ec7a8acfb98?s=96&d=identicon&r=x","caption":"Charge"},"url":"https:\/\/sindromecharge.es\/index.php\/author\/admin\/"}]}},"_links":{"self":[{"href":"https:\/\/sindromecharge.es\/index.php\/wp-json\/wp\/v2\/posts\/7195","targetHints":{"allow":["GET"]}}],"collection":[{"href":"https:\/\/sindromecharge.es\/index.php\/wp-json\/wp\/v2\/posts"}],"about":[{"href":"https:\/\/sindromecharge.es\/index.php\/wp-json\/wp\/v2\/types\/post"}],"author":[{"embeddable":true,"href":"https:\/\/sindromecharge.es\/index.php\/wp-json\/wp\/v2\/users\/1"}],"replies":[{"embeddable":true,"href":"https:\/\/sindromecharge.es\/index.php\/wp-json\/wp\/v2\/comments?post=7195"}],"version-history":[{"count":0,"href":"https:\/\/sindromecharge.es\/index.php\/wp-json\/wp\/v2\/posts\/7195\/revisions"}],"wp:attachment":[{"href":"https:\/\/sindromecharge.es\/index.php\/wp-json\/wp\/v2\/media?parent=7195"}],"wp:term":[{"taxonomy":"category","embeddable":true,"href":"https:\/\/sindromecharge.es\/index.php\/wp-json\/wp\/v2\/categories?post=7195"},{"taxonomy":"post_tag","embeddable":true,"href":"https:\/\/sindromecharge.es\/index.php\/wp-json\/wp\/v2\/tags?post=7195"}],"curies":[{"name":"wp","href":"https:\/\/api.w.org\/{rel}","templated":true}]}}