{"id":7194,"date":"2021-05-21T12:08:23","date_gmt":"2021-05-21T12:08:23","guid":{"rendered":"https:\/\/sindromecharge.es\/index.php\/2021\/05\/21\/usuarios-del-camp-nuestra-senora-de-la-calle-de-palencia-exponen-obras-realizadas-en-sus-talleres-en-el-ano-de-pandemia\/"},"modified":"2021-05-21T12:08:23","modified_gmt":"2021-05-21T12:08:23","slug":"usuarios-del-camp-nuestra-senora-de-la-calle-de-palencia-exponen-obras-realizadas-en-sus-talleres-en-el-ano-de-pandemia","status":"publish","type":"post","link":"https:\/\/sindromecharge.es\/index.php\/2021\/05\/21\/usuarios-del-camp-nuestra-senora-de-la-calle-de-palencia-exponen-obras-realizadas-en-sus-talleres-en-el-ano-de-pandemia\/","title":{"rendered":"Usuarios del CAMP Nuestra Se\u00f1ora de la Calle de Palencia exponen obras realizadas en sus talleres en el a\u00f1o de pandemia"},"content":{"rendered":"<p>Leemos en 20minutos la siguiente noticia que os reproducimos de forma \u00edntegra: <\/p>\n<p>Un total de 30 obras realizado principalmente en pintura y madera por las personas con discapacidad intelectual y pluridiscapacidades constituyen la exposici\u00f3n que la consejera de Familia e Igualdad de Oportunidades, Isabel Blanco, ha visitado este viernes.<\/p>\n<p>Blanco ha reconocido el \u00abesfuerzo\u00bb que han realizado tras unos meses \u00abduros y dif\u00edciles\u00bb debido a la pandemia, al tiempo que ha agradecido la labor que desempe\u00f1an las 152 trabajadores, lo que ha permitido \u00abmantener y garantizar\u00bb la mejor atenci\u00f3n a los usuarios.<\/p>\n<p>Junto a los trabajos expuestos se proyectar\u00e1 un audiovisual con fotograf\u00edas realizadas por profesionales del centro. De esta manera, se pretende, tal y como ha reconocido la consejera, \u00abreivindicar el papel activo de las personas con discapacidad e impulsar su desarrollo personal\u00bb, ya que \u00abes precisamente su af\u00e1n de superaci\u00f3n lo que les permite afrontar los retos que se les presentan en su d\u00eda a d\u00eda\u00bb.<\/p>\n<p>La titular de Familia e Igualdad de Oportunidades ha recordado que en el CAMP de Palencia se refuerza la atenci\u00f3n prestada a los usuarios a trav\u00e9s de varios programas, con el objetivo de garantizar todos los servicios necesarios que permitan conseguir una mayor calidad de vida respetando su autonom\u00eda.<\/p>\n<p>Dichos programas incluyen actividades de la vida diaria y la salud (aseo, peluquer\u00eda, higiene, alimentaci\u00f3n, fisioterapia y otros cuidados especiales como curas o tratamientos m\u00e9dicos); programas ocupacionales y de desarrollo personal que fomenten la autodeterminaci\u00f3n y la inserci\u00f3n sociolaboral (a trav\u00e9s de actuaciones en materia de psicomotricidad, estimulaci\u00f3n sensorial, taller de comunicaci\u00f3n, actividad de ritmo y movimiento y talleres ocupacionales mediante la realizaci\u00f3n de manualidades con elementos que proporciona la naturaleza o textiles) y finalmente, programas de ocio en los que se realizan actividades ordinarias y extraordinarias que fomentan su desarrollo.<\/p>\n<p>En este centro, tal y como ha recordado Blanco, se dispensan los apoyos necesarios a personas con discapacidad intelectual gravemente afectadas e indirectamente a sus familias, a trav\u00e9s de los dos servicios que se prestan en el mismo: residencial (el CAMP dispone de112 plazas de este tipo) y centro de d\u00eda (con 132 plazas, 112 destinadas a los propios internos y otras 20 para personas externas) en el que se promueve su desarrollo personal, autonom\u00eda y participaci\u00f3n. De hecho, el centro cuenta con diferentes salas y estancias donde se realizan los distintos talleres, siete salas, cuatro comedores, un dentro de ocio y vivienda.<\/p>\n<p>MEJORAS EN EL CENTRO<\/p>\n<p>La Gerencia de Servicios Sociales ha realizado actuaciones de mejora en el centro, con el fin de adaptar el mismo a las demandas de las personas con discapacidad y a sus necesidades con el objetivo fundamental de garantizar a los residentes una mayor calidad de vida, respetando su autonom\u00eda y autodeterminaci\u00f3n y mejorando las condiciones de los usuarios del centro en el marco de los nuevos modelos de atenci\u00f3n a personas con discapacidad.<\/p>\n<p>De hecho, el centro se encuentra inmerso en la actualidad en un proceso de reforma integral de las instalaciones, acabados y redistribuci\u00f3n de los ba\u00f1os con el fin de lograr una mejora en la funcionalidad de los espacios y un proceso de atenci\u00f3n m\u00e1s personalizada. Obras que conllevan una inversi\u00f3n revista de 165.000 euros y una duraci\u00f3n estimada de las obras de cuatro meses.<\/p>\n<p>Adem\u00e1s, se est\u00e1 trabajando en la adecuaci\u00f3n de los vest\u00edbulos de acceso en planta baja, s\u00f3tano y pasillo y se redistribuir\u00e1 todo el espacio de forma acorde a las necesidades y nuevos modelos de atenci\u00f3n a personas con discapacidad con el objetivo de conseguir altos niveles de comodidad y confort y una mejora en la funcionalidad de los espacios, adem\u00e1s de lograr mayor privacidad y autonom\u00eda para los usuarios.<\/p>\n<p>Por otra parte, se renovar\u00e1n todas las instalaciones de fontaner\u00eda, saneamiento, calefacci\u00f3n, electricidad e iluminaci\u00f3n de emergencia, siempre con criterios del m\u00e1s alto rendimiento y eficacia energ\u00e9tica y ahorro en los consumos.<\/p>\n<p>Fuente: 20minutos <a href=\"https:\/\/www.20minutos.es\/noticia\/4704529\/0\/usuarios-del-camp-nuestra-senora-de-la-calle-de-palencia-exponen-obras-realizadas-en-sus-talleres-en-el-ano-de-pandemia\/\" target=\"_blank\" rel=\"noopener\">Usuarios del CAMP Nuestra Se\u00f1ora de la Calle de Palencia exponen obras realizadas en sus talleres en el a\u00f1o de pandemia<\/a><\/p>\n","protected":false},"excerpt":{"rendered":"<p>Leemos en 20minutos la siguiente noticia que os reproducimos de forma \u00edntegra: Un total de 30 obras realizado principalmente en pintura y madera por las personas con discapacidad intelectual y pluridiscapacidades constituyen la exposici\u00f3n que la consejera de Familia e Igualdad de Oportunidades, Isabel Blanco, ha visitado este viernes. Blanco ha reconocido el \u00abesfuerzo\u00bb que [&hellip;]<\/p>\n","protected":false},"author":1,"featured_media":0,"comment_status":"open","ping_status":"closed","sticky":false,"template":"","format":"standard","meta":{"footnotes":""},"categories":[8],"tags":[31],"class_list":["post-7194","post","type-post","status-publish","format-standard","hentry","category-noticias","tag-discapacidad"],"yoast_head":"<!-- This site is optimized with the Yoast SEO plugin v27.5 - https:\/\/yoast.com\/product\/yoast-seo-wordpress\/ -->\n<title>Usuarios del CAMP Nuestra Se\u00f1ora de la Calle de Palencia exponen obras realizadas en sus talleres en el a\u00f1o de pandemia - Asociaci\u00f3n Espa\u00f1ola S\u00edndrome de Charge<\/title>\n<meta name=\"robots\" content=\"index, follow, max-snippet:-1, max-image-preview:large, max-video-preview:-1\" \/>\n<link rel=\"canonical\" href=\"https:\/\/sindromecharge.es\/index.php\/2021\/05\/21\/usuarios-del-camp-nuestra-senora-de-la-calle-de-palencia-exponen-obras-realizadas-en-sus-talleres-en-el-ano-de-pandemia\/\" \/>\n<meta property=\"og:locale\" content=\"es_ES\" \/>\n<meta property=\"og:type\" content=\"article\" \/>\n<meta property=\"og:title\" content=\"Usuarios del CAMP Nuestra Se\u00f1ora de la Calle de Palencia exponen obras realizadas en sus talleres en el a\u00f1o de pandemia - Asociaci\u00f3n Espa\u00f1ola S\u00edndrome de Charge\" \/>\n<meta property=\"og:description\" content=\"Leemos en 20minutos la siguiente noticia que os reproducimos de forma \u00edntegra: Un total de 30 obras realizado principalmente en pintura y madera por las personas con discapacidad intelectual y pluridiscapacidades constituyen la exposici\u00f3n que la consejera de Familia e Igualdad de Oportunidades, Isabel Blanco, ha visitado este viernes. Blanco ha reconocido el \u00abesfuerzo\u00bb que [&hellip;]\" \/>\n<meta property=\"og:url\" content=\"https:\/\/sindromecharge.es\/index.php\/2021\/05\/21\/usuarios-del-camp-nuestra-senora-de-la-calle-de-palencia-exponen-obras-realizadas-en-sus-talleres-en-el-ano-de-pandemia\/\" \/>\n<meta property=\"og:site_name\" content=\"Asociaci\u00f3n Espa\u00f1ola S\u00edndrome de Charge\" \/>\n<meta property=\"article:publisher\" content=\"https:\/\/www.facebook.com\/asociacionsindromecharge\" \/>\n<meta property=\"article:published_time\" content=\"2021-05-21T12:08:23+00:00\" \/>\n<meta property=\"og:image\" content=\"https:\/\/sindromecharge.es\/wp-content\/uploads\/2013\/09\/logodecharge300x98.png\" \/>\n\t<meta property=\"og:image:width\" content=\"300\" \/>\n\t<meta property=\"og:image:height\" content=\"98\" \/>\n\t<meta property=\"og:image:type\" content=\"image\/png\" \/>\n<meta name=\"author\" content=\"Charge\" \/>\n<meta name=\"twitter:card\" content=\"summary_large_image\" \/>\n<meta name=\"twitter:creator\" content=\"@sindromecharge\" \/>\n<meta name=\"twitter:site\" content=\"@sindromecharge\" \/>\n<meta name=\"twitter:label1\" content=\"Escrito por\" \/>\n\t<meta name=\"twitter:data1\" content=\"Charge\" \/>\n\t<meta name=\"twitter:label2\" content=\"Tiempo de lectura\" \/>\n\t<meta name=\"twitter:data2\" content=\"4 minutos\" \/>\n<script type=\"application\/ld+json\" class=\"yoast-schema-graph\">{\"@context\":\"https:\\\/\\\/schema.org\",\"@graph\":[{\"@type\":\"Article\",\"@id\":\"https:\\\/\\\/sindromecharge.es\\\/index.php\\\/2021\\\/05\\\/21\\\/usuarios-del-camp-nuestra-senora-de-la-calle-de-palencia-exponen-obras-realizadas-en-sus-talleres-en-el-ano-de-pandemia\\\/#article\",\"isPartOf\":{\"@id\":\"https:\\\/\\\/sindromecharge.es\\\/index.php\\\/2021\\\/05\\\/21\\\/usuarios-del-camp-nuestra-senora-de-la-calle-de-palencia-exponen-obras-realizadas-en-sus-talleres-en-el-ano-de-pandemia\\\/\"},\"author\":{\"name\":\"Charge\",\"@id\":\"https:\\\/\\\/sindromecharge.es\\\/#\\\/schema\\\/person\\\/39a60ebe0a2b4d5a11179701e336b039\"},\"headline\":\"Usuarios del CAMP Nuestra Se\u00f1ora de la Calle de Palencia exponen obras realizadas en sus talleres en el a\u00f1o de pandemia\",\"datePublished\":\"2021-05-21T12:08:23+00:00\",\"mainEntityOfPage\":{\"@id\":\"https:\\\/\\\/sindromecharge.es\\\/index.php\\\/2021\\\/05\\\/21\\\/usuarios-del-camp-nuestra-senora-de-la-calle-de-palencia-exponen-obras-realizadas-en-sus-talleres-en-el-ano-de-pandemia\\\/\"},\"wordCount\":732,\"commentCount\":0,\"keywords\":[\"discapacidad\"],\"articleSection\":[\"noticias\"],\"inLanguage\":\"es\",\"potentialAction\":[{\"@type\":\"CommentAction\",\"name\":\"Comment\",\"target\":[\"https:\\\/\\\/sindromecharge.es\\\/index.php\\\/2021\\\/05\\\/21\\\/usuarios-del-camp-nuestra-senora-de-la-calle-de-palencia-exponen-obras-realizadas-en-sus-talleres-en-el-ano-de-pandemia\\\/#respond\"]}]},{\"@type\":\"WebPage\",\"@id\":\"https:\\\/\\\/sindromecharge.es\\\/index.php\\\/2021\\\/05\\\/21\\\/usuarios-del-camp-nuestra-senora-de-la-calle-de-palencia-exponen-obras-realizadas-en-sus-talleres-en-el-ano-de-pandemia\\\/\",\"url\":\"https:\\\/\\\/sindromecharge.es\\\/index.php\\\/2021\\\/05\\\/21\\\/usuarios-del-camp-nuestra-senora-de-la-calle-de-palencia-exponen-obras-realizadas-en-sus-talleres-en-el-ano-de-pandemia\\\/\",\"name\":\"Usuarios del CAMP Nuestra Se\u00f1ora de la Calle de Palencia exponen obras realizadas en sus talleres en el a\u00f1o de pandemia - Asociaci\u00f3n Espa\u00f1ola S\u00edndrome de Charge\",\"isPartOf\":{\"@id\":\"https:\\\/\\\/sindromecharge.es\\\/#website\"},\"datePublished\":\"2021-05-21T12:08:23+00:00\",\"author\":{\"@id\":\"https:\\\/\\\/sindromecharge.es\\\/#\\\/schema\\\/person\\\/39a60ebe0a2b4d5a11179701e336b039\"},\"breadcrumb\":{\"@id\":\"https:\\\/\\\/sindromecharge.es\\\/index.php\\\/2021\\\/05\\\/21\\\/usuarios-del-camp-nuestra-senora-de-la-calle-de-palencia-exponen-obras-realizadas-en-sus-talleres-en-el-ano-de-pandemia\\\/#breadcrumb\"},\"inLanguage\":\"es\",\"potentialAction\":[{\"@type\":\"ReadAction\",\"target\":[\"https:\\\/\\\/sindromecharge.es\\\/index.php\\\/2021\\\/05\\\/21\\\/usuarios-del-camp-nuestra-senora-de-la-calle-de-palencia-exponen-obras-realizadas-en-sus-talleres-en-el-ano-de-pandemia\\\/\"]}]},{\"@type\":\"BreadcrumbList\",\"@id\":\"https:\\\/\\\/sindromecharge.es\\\/index.php\\\/2021\\\/05\\\/21\\\/usuarios-del-camp-nuestra-senora-de-la-calle-de-palencia-exponen-obras-realizadas-en-sus-talleres-en-el-ano-de-pandemia\\\/#breadcrumb\",\"itemListElement\":[{\"@type\":\"ListItem\",\"position\":1,\"name\":\"Portada\",\"item\":\"https:\\\/\\\/sindromecharge.es\\\/\"},{\"@type\":\"ListItem\",\"position\":2,\"name\":\"Usuarios del CAMP Nuestra Se\u00f1ora de la Calle de Palencia exponen obras realizadas en sus talleres en el a\u00f1o de pandemia\"}]},{\"@type\":\"WebSite\",\"@id\":\"https:\\\/\\\/sindromecharge.es\\\/#website\",\"url\":\"https:\\\/\\\/sindromecharge.es\\\/\",\"name\":\"Asociaci\u00f3n Espa\u00f1ola S\u00edndrome de Charge\",\"description\":\"\",\"potentialAction\":[{\"@type\":\"SearchAction\",\"target\":{\"@type\":\"EntryPoint\",\"urlTemplate\":\"https:\\\/\\\/sindromecharge.es\\\/?s={search_term_string}\"},\"query-input\":{\"@type\":\"PropertyValueSpecification\",\"valueRequired\":true,\"valueName\":\"search_term_string\"}}],\"inLanguage\":\"es\"},{\"@type\":\"Person\",\"@id\":\"https:\\\/\\\/sindromecharge.es\\\/#\\\/schema\\\/person\\\/39a60ebe0a2b4d5a11179701e336b039\",\"name\":\"Charge\",\"image\":{\"@type\":\"ImageObject\",\"inLanguage\":\"es\",\"@id\":\"https:\\\/\\\/secure.gravatar.com\\\/avatar\\\/c3b46e32a0fc3b093a0873fb767bf3293de856293065e84ef06b7ec7a8acfb98?s=96&d=identicon&r=x\",\"url\":\"https:\\\/\\\/secure.gravatar.com\\\/avatar\\\/c3b46e32a0fc3b093a0873fb767bf3293de856293065e84ef06b7ec7a8acfb98?s=96&d=identicon&r=x\",\"contentUrl\":\"https:\\\/\\\/secure.gravatar.com\\\/avatar\\\/c3b46e32a0fc3b093a0873fb767bf3293de856293065e84ef06b7ec7a8acfb98?s=96&d=identicon&r=x\",\"caption\":\"Charge\"},\"url\":\"https:\\\/\\\/sindromecharge.es\\\/index.php\\\/author\\\/admin\\\/\"}]}<\/script>\n<!-- \/ Yoast SEO plugin. -->","yoast_head_json":{"title":"Usuarios del CAMP Nuestra Se\u00f1ora de la Calle de Palencia exponen obras realizadas en sus talleres en el a\u00f1o de pandemia - Asociaci\u00f3n Espa\u00f1ola S\u00edndrome de Charge","robots":{"index":"index","follow":"follow","max-snippet":"max-snippet:-1","max-image-preview":"max-image-preview:large","max-video-preview":"max-video-preview:-1"},"canonical":"https:\/\/sindromecharge.es\/index.php\/2021\/05\/21\/usuarios-del-camp-nuestra-senora-de-la-calle-de-palencia-exponen-obras-realizadas-en-sus-talleres-en-el-ano-de-pandemia\/","og_locale":"es_ES","og_type":"article","og_title":"Usuarios del CAMP Nuestra Se\u00f1ora de la Calle de Palencia exponen obras realizadas en sus talleres en el a\u00f1o de pandemia - Asociaci\u00f3n Espa\u00f1ola S\u00edndrome de Charge","og_description":"Leemos en 20minutos la siguiente noticia que os reproducimos de forma \u00edntegra: Un total de 30 obras realizado principalmente en pintura y madera por las personas con discapacidad intelectual y pluridiscapacidades constituyen la exposici\u00f3n que la consejera de Familia e Igualdad de Oportunidades, Isabel Blanco, ha visitado este viernes. Blanco ha reconocido el \u00abesfuerzo\u00bb que [&hellip;]","og_url":"https:\/\/sindromecharge.es\/index.php\/2021\/05\/21\/usuarios-del-camp-nuestra-senora-de-la-calle-de-palencia-exponen-obras-realizadas-en-sus-talleres-en-el-ano-de-pandemia\/","og_site_name":"Asociaci\u00f3n Espa\u00f1ola S\u00edndrome de Charge","article_publisher":"https:\/\/www.facebook.com\/asociacionsindromecharge","article_published_time":"2021-05-21T12:08:23+00:00","og_image":[{"width":300,"height":98,"url":"https:\/\/sindromecharge.es\/wp-content\/uploads\/2013\/09\/logodecharge300x98.png","type":"image\/png"}],"author":"Charge","twitter_card":"summary_large_image","twitter_creator":"@sindromecharge","twitter_site":"@sindromecharge","twitter_misc":{"Escrito por":"Charge","Tiempo de lectura":"4 minutos"},"schema":{"@context":"https:\/\/schema.org","@graph":[{"@type":"Article","@id":"https:\/\/sindromecharge.es\/index.php\/2021\/05\/21\/usuarios-del-camp-nuestra-senora-de-la-calle-de-palencia-exponen-obras-realizadas-en-sus-talleres-en-el-ano-de-pandemia\/#article","isPartOf":{"@id":"https:\/\/sindromecharge.es\/index.php\/2021\/05\/21\/usuarios-del-camp-nuestra-senora-de-la-calle-de-palencia-exponen-obras-realizadas-en-sus-talleres-en-el-ano-de-pandemia\/"},"author":{"name":"Charge","@id":"https:\/\/sindromecharge.es\/#\/schema\/person\/39a60ebe0a2b4d5a11179701e336b039"},"headline":"Usuarios del CAMP Nuestra Se\u00f1ora de la Calle de Palencia exponen obras realizadas en sus talleres en el a\u00f1o de pandemia","datePublished":"2021-05-21T12:08:23+00:00","mainEntityOfPage":{"@id":"https:\/\/sindromecharge.es\/index.php\/2021\/05\/21\/usuarios-del-camp-nuestra-senora-de-la-calle-de-palencia-exponen-obras-realizadas-en-sus-talleres-en-el-ano-de-pandemia\/"},"wordCount":732,"commentCount":0,"keywords":["discapacidad"],"articleSection":["noticias"],"inLanguage":"es","potentialAction":[{"@type":"CommentAction","name":"Comment","target":["https:\/\/sindromecharge.es\/index.php\/2021\/05\/21\/usuarios-del-camp-nuestra-senora-de-la-calle-de-palencia-exponen-obras-realizadas-en-sus-talleres-en-el-ano-de-pandemia\/#respond"]}]},{"@type":"WebPage","@id":"https:\/\/sindromecharge.es\/index.php\/2021\/05\/21\/usuarios-del-camp-nuestra-senora-de-la-calle-de-palencia-exponen-obras-realizadas-en-sus-talleres-en-el-ano-de-pandemia\/","url":"https:\/\/sindromecharge.es\/index.php\/2021\/05\/21\/usuarios-del-camp-nuestra-senora-de-la-calle-de-palencia-exponen-obras-realizadas-en-sus-talleres-en-el-ano-de-pandemia\/","name":"Usuarios del CAMP Nuestra Se\u00f1ora de la Calle de Palencia exponen obras realizadas en sus talleres en el a\u00f1o de pandemia - Asociaci\u00f3n Espa\u00f1ola S\u00edndrome de Charge","isPartOf":{"@id":"https:\/\/sindromecharge.es\/#website"},"datePublished":"2021-05-21T12:08:23+00:00","author":{"@id":"https:\/\/sindromecharge.es\/#\/schema\/person\/39a60ebe0a2b4d5a11179701e336b039"},"breadcrumb":{"@id":"https:\/\/sindromecharge.es\/index.php\/2021\/05\/21\/usuarios-del-camp-nuestra-senora-de-la-calle-de-palencia-exponen-obras-realizadas-en-sus-talleres-en-el-ano-de-pandemia\/#breadcrumb"},"inLanguage":"es","potentialAction":[{"@type":"ReadAction","target":["https:\/\/sindromecharge.es\/index.php\/2021\/05\/21\/usuarios-del-camp-nuestra-senora-de-la-calle-de-palencia-exponen-obras-realizadas-en-sus-talleres-en-el-ano-de-pandemia\/"]}]},{"@type":"BreadcrumbList","@id":"https:\/\/sindromecharge.es\/index.php\/2021\/05\/21\/usuarios-del-camp-nuestra-senora-de-la-calle-de-palencia-exponen-obras-realizadas-en-sus-talleres-en-el-ano-de-pandemia\/#breadcrumb","itemListElement":[{"@type":"ListItem","position":1,"name":"Portada","item":"https:\/\/sindromecharge.es\/"},{"@type":"ListItem","position":2,"name":"Usuarios del CAMP Nuestra Se\u00f1ora de la Calle de Palencia exponen obras realizadas en sus talleres en el a\u00f1o de pandemia"}]},{"@type":"WebSite","@id":"https:\/\/sindromecharge.es\/#website","url":"https:\/\/sindromecharge.es\/","name":"Asociaci\u00f3n Espa\u00f1ola S\u00edndrome de Charge","description":"","potentialAction":[{"@type":"SearchAction","target":{"@type":"EntryPoint","urlTemplate":"https:\/\/sindromecharge.es\/?s={search_term_string}"},"query-input":{"@type":"PropertyValueSpecification","valueRequired":true,"valueName":"search_term_string"}}],"inLanguage":"es"},{"@type":"Person","@id":"https:\/\/sindromecharge.es\/#\/schema\/person\/39a60ebe0a2b4d5a11179701e336b039","name":"Charge","image":{"@type":"ImageObject","inLanguage":"es","@id":"https:\/\/secure.gravatar.com\/avatar\/c3b46e32a0fc3b093a0873fb767bf3293de856293065e84ef06b7ec7a8acfb98?s=96&d=identicon&r=x","url":"https:\/\/secure.gravatar.com\/avatar\/c3b46e32a0fc3b093a0873fb767bf3293de856293065e84ef06b7ec7a8acfb98?s=96&d=identicon&r=x","contentUrl":"https:\/\/secure.gravatar.com\/avatar\/c3b46e32a0fc3b093a0873fb767bf3293de856293065e84ef06b7ec7a8acfb98?s=96&d=identicon&r=x","caption":"Charge"},"url":"https:\/\/sindromecharge.es\/index.php\/author\/admin\/"}]}},"_links":{"self":[{"href":"https:\/\/sindromecharge.es\/index.php\/wp-json\/wp\/v2\/posts\/7194","targetHints":{"allow":["GET"]}}],"collection":[{"href":"https:\/\/sindromecharge.es\/index.php\/wp-json\/wp\/v2\/posts"}],"about":[{"href":"https:\/\/sindromecharge.es\/index.php\/wp-json\/wp\/v2\/types\/post"}],"author":[{"embeddable":true,"href":"https:\/\/sindromecharge.es\/index.php\/wp-json\/wp\/v2\/users\/1"}],"replies":[{"embeddable":true,"href":"https:\/\/sindromecharge.es\/index.php\/wp-json\/wp\/v2\/comments?post=7194"}],"version-history":[{"count":0,"href":"https:\/\/sindromecharge.es\/index.php\/wp-json\/wp\/v2\/posts\/7194\/revisions"}],"wp:attachment":[{"href":"https:\/\/sindromecharge.es\/index.php\/wp-json\/wp\/v2\/media?parent=7194"}],"wp:term":[{"taxonomy":"category","embeddable":true,"href":"https:\/\/sindromecharge.es\/index.php\/wp-json\/wp\/v2\/categories?post=7194"},{"taxonomy":"post_tag","embeddable":true,"href":"https:\/\/sindromecharge.es\/index.php\/wp-json\/wp\/v2\/tags?post=7194"}],"curies":[{"name":"wp","href":"https:\/\/api.w.org\/{rel}","templated":true}]}}