{"id":7193,"date":"2021-05-21T07:01:01","date_gmt":"2021-05-21T07:01:01","guid":{"rendered":"https:\/\/sindromecharge.es\/index.php\/2021\/05\/21\/nos-adherimos-al-dia-internacional-de-la-neurofibromatosis-tipo-ii\/"},"modified":"2021-05-21T07:01:01","modified_gmt":"2021-05-21T07:01:01","slug":"nos-adherimos-al-dia-internacional-de-la-neurofibromatosis-tipo-ii","status":"publish","type":"post","link":"https:\/\/sindromecharge.es\/index.php\/2021\/05\/21\/nos-adherimos-al-dia-internacional-de-la-neurofibromatosis-tipo-ii\/","title":{"rendered":"Nos adherimos al D\u00eda Internacional de la Neurofibromatosis Tipo II"},"content":{"rendered":"<p>Leemos en FEDER la siguiente noticia que os reproducimos de forma \u00edntegra: <\/p>\n<p><p>La Federaci\u00f3n Espa\u00f1ola de Enfermedades Raras (FEDER) se adhiere al D\u00eda Internacional de la Neurofibromatosis de Tipo II, una patolog\u00eda con la que conviven 1 de cada 50.000 personas. El objetivo de esta jornada es potenciar la visibilidad sobre la realidad sobre el colectivo y potenciar la investigaci\u00f3n cient\u00edfica y as\u00ed, mejorar la calidad de vida de pacientes y familiares.<\/p>\n<p>La Neurofibromatosis tipo II, es una mutaci\u00f3n del cromosoma 22, tambi\u00e9n puede ser hereditaria. Esta patolog\u00eda consiste en la aparici\u00f3n de tumores benignos en el sistema nervioso central, como puede ser el cerebro o la m\u00e9dula espinal. Es una enfermedad progresiva que si no se frena puede llegar hasta causar la muerte. En la actualidad no tiene tratamiento ni cura.<\/p>\n<p>\u201cDesde FEDER nos queremos sumar a esta jornada para trasladar todo nuestro apoyo a las personas que conviven con Neurofibromatosis de Tipo II y que d\u00eda a d\u00eda se hacen frente a los desaf\u00edos que les presenta la enfermedad. En este d\u00eda de concienciaci\u00f3n tambi\u00e9n hay que remarcar la labor diaria del movimiento asociativo, quienes trabajan con un objetivo principal, velar por el bienestar de pacientes y familiares\u201d afirma Juan Carri\u00f3n, presidente de FEDER y su Fundaci\u00f3n.<\/p>\n<p>Las entidades de pacientes, como la Associaci\u00f3 Catalana de les Neurofibromatosis, la Asociaci\u00f3n de Afectados de Neurofibromatosis, la Asociaci\u00f3n Chrono22 y la Fundaci\u00f3n la hora Violeta, trabajan para garantizar la calidad de vida de las personas que conviven con esta enfermedad poco frecuente, orientando a los pacientes, defendiendo sus derechos, impulsando la investigaci\u00f3n cient\u00edfica o proporcionando informaci\u00f3n a la poblaci\u00f3n general para as\u00ed, fomentar la transformaci\u00f3n social.<\/p>\n<p>\u00daltima actualizaci\u00f3n 21\/05\/2021<\/p>\n<p>&nbsp;<\/p>\n<\/p>\n<p>Fuente: FEDER <a href=\"https:\/\/enfermedades-raras.org\/index.php\/actualidad\/noticias-eventos\/2-feder\/15404-nos-adherimos-al-d%C3%ADa-internacional-de-la-neurofibromatosis-tipo-ii\" target=\"_blank\" rel=\"noopener\">Nos adherimos al D\u00eda Internacional de la Neurofibromatosis Tipo II<\/a><\/p>\n","protected":false},"excerpt":{"rendered":"<p>Leemos en FEDER la siguiente noticia que os reproducimos de forma \u00edntegra: La Federaci\u00f3n Espa\u00f1ola de Enfermedades Raras (FEDER) se adhiere al D\u00eda Internacional de la Neurofibromatosis de Tipo II, una patolog\u00eda con la que conviven 1 de cada 50.000 personas. El objetivo de esta jornada es potenciar la visibilidad sobre la realidad sobre el [&hellip;]<\/p>\n","protected":false},"author":1,"featured_media":0,"comment_status":"open","ping_status":"closed","sticky":false,"template":"","format":"standard","meta":{"footnotes":""},"categories":[8],"tags":[36],"class_list":["post-7193","post","type-post","status-publish","format-standard","hentry","category-noticias","tag-enfermedades-raras"],"yoast_head":"<!-- This site is optimized with the Yoast SEO plugin v27.5 - https:\/\/yoast.com\/product\/yoast-seo-wordpress\/ -->\n<title>Nos adherimos al D\u00eda Internacional de la Neurofibromatosis Tipo II - Asociaci\u00f3n Espa\u00f1ola S\u00edndrome de Charge<\/title>\n<meta name=\"robots\" content=\"index, follow, max-snippet:-1, max-image-preview:large, max-video-preview:-1\" \/>\n<link rel=\"canonical\" href=\"https:\/\/sindromecharge.es\/index.php\/2021\/05\/21\/nos-adherimos-al-dia-internacional-de-la-neurofibromatosis-tipo-ii\/\" \/>\n<meta property=\"og:locale\" content=\"es_ES\" \/>\n<meta property=\"og:type\" content=\"article\" \/>\n<meta property=\"og:title\" content=\"Nos adherimos al D\u00eda Internacional de la Neurofibromatosis Tipo II - Asociaci\u00f3n Espa\u00f1ola S\u00edndrome de Charge\" \/>\n<meta property=\"og:description\" content=\"Leemos en FEDER la siguiente noticia que os reproducimos de forma \u00edntegra: La Federaci\u00f3n Espa\u00f1ola de Enfermedades Raras (FEDER) se adhiere al D\u00eda Internacional de la Neurofibromatosis de Tipo II, una patolog\u00eda con la que conviven 1 de cada 50.000 personas. El objetivo de esta jornada es potenciar la visibilidad sobre la realidad sobre el [&hellip;]\" \/>\n<meta property=\"og:url\" content=\"https:\/\/sindromecharge.es\/index.php\/2021\/05\/21\/nos-adherimos-al-dia-internacional-de-la-neurofibromatosis-tipo-ii\/\" \/>\n<meta property=\"og:site_name\" content=\"Asociaci\u00f3n Espa\u00f1ola S\u00edndrome de Charge\" \/>\n<meta property=\"article:publisher\" content=\"https:\/\/www.facebook.com\/asociacionsindromecharge\" \/>\n<meta property=\"article:published_time\" content=\"2021-05-21T07:01:01+00:00\" \/>\n<meta property=\"og:image\" content=\"https:\/\/sindromecharge.es\/wp-content\/uploads\/2013\/09\/logodecharge300x98.png\" \/>\n\t<meta property=\"og:image:width\" content=\"300\" \/>\n\t<meta property=\"og:image:height\" content=\"98\" \/>\n\t<meta property=\"og:image:type\" content=\"image\/png\" \/>\n<meta name=\"author\" content=\"Charge\" \/>\n<meta name=\"twitter:card\" content=\"summary_large_image\" \/>\n<meta name=\"twitter:creator\" content=\"@sindromecharge\" \/>\n<meta name=\"twitter:site\" content=\"@sindromecharge\" \/>\n<meta name=\"twitter:label1\" content=\"Escrito por\" \/>\n\t<meta name=\"twitter:data1\" content=\"Charge\" \/>\n\t<meta name=\"twitter:label2\" content=\"Tiempo de lectura\" \/>\n\t<meta name=\"twitter:data2\" content=\"2 minutos\" \/>\n<script type=\"application\/ld+json\" class=\"yoast-schema-graph\">{\"@context\":\"https:\\\/\\\/schema.org\",\"@graph\":[{\"@type\":\"Article\",\"@id\":\"https:\\\/\\\/sindromecharge.es\\\/index.php\\\/2021\\\/05\\\/21\\\/nos-adherimos-al-dia-internacional-de-la-neurofibromatosis-tipo-ii\\\/#article\",\"isPartOf\":{\"@id\":\"https:\\\/\\\/sindromecharge.es\\\/index.php\\\/2021\\\/05\\\/21\\\/nos-adherimos-al-dia-internacional-de-la-neurofibromatosis-tipo-ii\\\/\"},\"author\":{\"name\":\"Charge\",\"@id\":\"https:\\\/\\\/sindromecharge.es\\\/#\\\/schema\\\/person\\\/39a60ebe0a2b4d5a11179701e336b039\"},\"headline\":\"Nos adherimos al D\u00eda Internacional de la Neurofibromatosis Tipo II\",\"datePublished\":\"2021-05-21T07:01:01+00:00\",\"mainEntityOfPage\":{\"@id\":\"https:\\\/\\\/sindromecharge.es\\\/index.php\\\/2021\\\/05\\\/21\\\/nos-adherimos-al-dia-internacional-de-la-neurofibromatosis-tipo-ii\\\/\"},\"wordCount\":328,\"commentCount\":0,\"keywords\":[\"enfermedades raras\"],\"articleSection\":[\"noticias\"],\"inLanguage\":\"es\",\"potentialAction\":[{\"@type\":\"CommentAction\",\"name\":\"Comment\",\"target\":[\"https:\\\/\\\/sindromecharge.es\\\/index.php\\\/2021\\\/05\\\/21\\\/nos-adherimos-al-dia-internacional-de-la-neurofibromatosis-tipo-ii\\\/#respond\"]}]},{\"@type\":\"WebPage\",\"@id\":\"https:\\\/\\\/sindromecharge.es\\\/index.php\\\/2021\\\/05\\\/21\\\/nos-adherimos-al-dia-internacional-de-la-neurofibromatosis-tipo-ii\\\/\",\"url\":\"https:\\\/\\\/sindromecharge.es\\\/index.php\\\/2021\\\/05\\\/21\\\/nos-adherimos-al-dia-internacional-de-la-neurofibromatosis-tipo-ii\\\/\",\"name\":\"Nos adherimos al D\u00eda Internacional de la Neurofibromatosis Tipo II - Asociaci\u00f3n Espa\u00f1ola S\u00edndrome de Charge\",\"isPartOf\":{\"@id\":\"https:\\\/\\\/sindromecharge.es\\\/#website\"},\"datePublished\":\"2021-05-21T07:01:01+00:00\",\"author\":{\"@id\":\"https:\\\/\\\/sindromecharge.es\\\/#\\\/schema\\\/person\\\/39a60ebe0a2b4d5a11179701e336b039\"},\"breadcrumb\":{\"@id\":\"https:\\\/\\\/sindromecharge.es\\\/index.php\\\/2021\\\/05\\\/21\\\/nos-adherimos-al-dia-internacional-de-la-neurofibromatosis-tipo-ii\\\/#breadcrumb\"},\"inLanguage\":\"es\",\"potentialAction\":[{\"@type\":\"ReadAction\",\"target\":[\"https:\\\/\\\/sindromecharge.es\\\/index.php\\\/2021\\\/05\\\/21\\\/nos-adherimos-al-dia-internacional-de-la-neurofibromatosis-tipo-ii\\\/\"]}]},{\"@type\":\"BreadcrumbList\",\"@id\":\"https:\\\/\\\/sindromecharge.es\\\/index.php\\\/2021\\\/05\\\/21\\\/nos-adherimos-al-dia-internacional-de-la-neurofibromatosis-tipo-ii\\\/#breadcrumb\",\"itemListElement\":[{\"@type\":\"ListItem\",\"position\":1,\"name\":\"Portada\",\"item\":\"https:\\\/\\\/sindromecharge.es\\\/\"},{\"@type\":\"ListItem\",\"position\":2,\"name\":\"Nos adherimos al D\u00eda Internacional de la Neurofibromatosis Tipo II\"}]},{\"@type\":\"WebSite\",\"@id\":\"https:\\\/\\\/sindromecharge.es\\\/#website\",\"url\":\"https:\\\/\\\/sindromecharge.es\\\/\",\"name\":\"Asociaci\u00f3n Espa\u00f1ola S\u00edndrome de Charge\",\"description\":\"\",\"potentialAction\":[{\"@type\":\"SearchAction\",\"target\":{\"@type\":\"EntryPoint\",\"urlTemplate\":\"https:\\\/\\\/sindromecharge.es\\\/?s={search_term_string}\"},\"query-input\":{\"@type\":\"PropertyValueSpecification\",\"valueRequired\":true,\"valueName\":\"search_term_string\"}}],\"inLanguage\":\"es\"},{\"@type\":\"Person\",\"@id\":\"https:\\\/\\\/sindromecharge.es\\\/#\\\/schema\\\/person\\\/39a60ebe0a2b4d5a11179701e336b039\",\"name\":\"Charge\",\"image\":{\"@type\":\"ImageObject\",\"inLanguage\":\"es\",\"@id\":\"https:\\\/\\\/secure.gravatar.com\\\/avatar\\\/c3b46e32a0fc3b093a0873fb767bf3293de856293065e84ef06b7ec7a8acfb98?s=96&d=identicon&r=x\",\"url\":\"https:\\\/\\\/secure.gravatar.com\\\/avatar\\\/c3b46e32a0fc3b093a0873fb767bf3293de856293065e84ef06b7ec7a8acfb98?s=96&d=identicon&r=x\",\"contentUrl\":\"https:\\\/\\\/secure.gravatar.com\\\/avatar\\\/c3b46e32a0fc3b093a0873fb767bf3293de856293065e84ef06b7ec7a8acfb98?s=96&d=identicon&r=x\",\"caption\":\"Charge\"},\"url\":\"https:\\\/\\\/sindromecharge.es\\\/index.php\\\/author\\\/admin\\\/\"}]}<\/script>\n<!-- \/ Yoast SEO plugin. -->","yoast_head_json":{"title":"Nos adherimos al D\u00eda Internacional de la Neurofibromatosis Tipo II - Asociaci\u00f3n Espa\u00f1ola S\u00edndrome de Charge","robots":{"index":"index","follow":"follow","max-snippet":"max-snippet:-1","max-image-preview":"max-image-preview:large","max-video-preview":"max-video-preview:-1"},"canonical":"https:\/\/sindromecharge.es\/index.php\/2021\/05\/21\/nos-adherimos-al-dia-internacional-de-la-neurofibromatosis-tipo-ii\/","og_locale":"es_ES","og_type":"article","og_title":"Nos adherimos al D\u00eda Internacional de la Neurofibromatosis Tipo II - Asociaci\u00f3n Espa\u00f1ola S\u00edndrome de Charge","og_description":"Leemos en FEDER la siguiente noticia que os reproducimos de forma \u00edntegra: La Federaci\u00f3n Espa\u00f1ola de Enfermedades Raras (FEDER) se adhiere al D\u00eda Internacional de la Neurofibromatosis de Tipo II, una patolog\u00eda con la que conviven 1 de cada 50.000 personas. El objetivo de esta jornada es potenciar la visibilidad sobre la realidad sobre el [&hellip;]","og_url":"https:\/\/sindromecharge.es\/index.php\/2021\/05\/21\/nos-adherimos-al-dia-internacional-de-la-neurofibromatosis-tipo-ii\/","og_site_name":"Asociaci\u00f3n Espa\u00f1ola S\u00edndrome de Charge","article_publisher":"https:\/\/www.facebook.com\/asociacionsindromecharge","article_published_time":"2021-05-21T07:01:01+00:00","og_image":[{"width":300,"height":98,"url":"https:\/\/sindromecharge.es\/wp-content\/uploads\/2013\/09\/logodecharge300x98.png","type":"image\/png"}],"author":"Charge","twitter_card":"summary_large_image","twitter_creator":"@sindromecharge","twitter_site":"@sindromecharge","twitter_misc":{"Escrito por":"Charge","Tiempo de lectura":"2 minutos"},"schema":{"@context":"https:\/\/schema.org","@graph":[{"@type":"Article","@id":"https:\/\/sindromecharge.es\/index.php\/2021\/05\/21\/nos-adherimos-al-dia-internacional-de-la-neurofibromatosis-tipo-ii\/#article","isPartOf":{"@id":"https:\/\/sindromecharge.es\/index.php\/2021\/05\/21\/nos-adherimos-al-dia-internacional-de-la-neurofibromatosis-tipo-ii\/"},"author":{"name":"Charge","@id":"https:\/\/sindromecharge.es\/#\/schema\/person\/39a60ebe0a2b4d5a11179701e336b039"},"headline":"Nos adherimos al D\u00eda Internacional de la Neurofibromatosis Tipo II","datePublished":"2021-05-21T07:01:01+00:00","mainEntityOfPage":{"@id":"https:\/\/sindromecharge.es\/index.php\/2021\/05\/21\/nos-adherimos-al-dia-internacional-de-la-neurofibromatosis-tipo-ii\/"},"wordCount":328,"commentCount":0,"keywords":["enfermedades raras"],"articleSection":["noticias"],"inLanguage":"es","potentialAction":[{"@type":"CommentAction","name":"Comment","target":["https:\/\/sindromecharge.es\/index.php\/2021\/05\/21\/nos-adherimos-al-dia-internacional-de-la-neurofibromatosis-tipo-ii\/#respond"]}]},{"@type":"WebPage","@id":"https:\/\/sindromecharge.es\/index.php\/2021\/05\/21\/nos-adherimos-al-dia-internacional-de-la-neurofibromatosis-tipo-ii\/","url":"https:\/\/sindromecharge.es\/index.php\/2021\/05\/21\/nos-adherimos-al-dia-internacional-de-la-neurofibromatosis-tipo-ii\/","name":"Nos adherimos al D\u00eda Internacional de la Neurofibromatosis Tipo II - Asociaci\u00f3n Espa\u00f1ola S\u00edndrome de Charge","isPartOf":{"@id":"https:\/\/sindromecharge.es\/#website"},"datePublished":"2021-05-21T07:01:01+00:00","author":{"@id":"https:\/\/sindromecharge.es\/#\/schema\/person\/39a60ebe0a2b4d5a11179701e336b039"},"breadcrumb":{"@id":"https:\/\/sindromecharge.es\/index.php\/2021\/05\/21\/nos-adherimos-al-dia-internacional-de-la-neurofibromatosis-tipo-ii\/#breadcrumb"},"inLanguage":"es","potentialAction":[{"@type":"ReadAction","target":["https:\/\/sindromecharge.es\/index.php\/2021\/05\/21\/nos-adherimos-al-dia-internacional-de-la-neurofibromatosis-tipo-ii\/"]}]},{"@type":"BreadcrumbList","@id":"https:\/\/sindromecharge.es\/index.php\/2021\/05\/21\/nos-adherimos-al-dia-internacional-de-la-neurofibromatosis-tipo-ii\/#breadcrumb","itemListElement":[{"@type":"ListItem","position":1,"name":"Portada","item":"https:\/\/sindromecharge.es\/"},{"@type":"ListItem","position":2,"name":"Nos adherimos al D\u00eda Internacional de la Neurofibromatosis Tipo II"}]},{"@type":"WebSite","@id":"https:\/\/sindromecharge.es\/#website","url":"https:\/\/sindromecharge.es\/","name":"Asociaci\u00f3n Espa\u00f1ola S\u00edndrome de Charge","description":"","potentialAction":[{"@type":"SearchAction","target":{"@type":"EntryPoint","urlTemplate":"https:\/\/sindromecharge.es\/?s={search_term_string}"},"query-input":{"@type":"PropertyValueSpecification","valueRequired":true,"valueName":"search_term_string"}}],"inLanguage":"es"},{"@type":"Person","@id":"https:\/\/sindromecharge.es\/#\/schema\/person\/39a60ebe0a2b4d5a11179701e336b039","name":"Charge","image":{"@type":"ImageObject","inLanguage":"es","@id":"https:\/\/secure.gravatar.com\/avatar\/c3b46e32a0fc3b093a0873fb767bf3293de856293065e84ef06b7ec7a8acfb98?s=96&d=identicon&r=x","url":"https:\/\/secure.gravatar.com\/avatar\/c3b46e32a0fc3b093a0873fb767bf3293de856293065e84ef06b7ec7a8acfb98?s=96&d=identicon&r=x","contentUrl":"https:\/\/secure.gravatar.com\/avatar\/c3b46e32a0fc3b093a0873fb767bf3293de856293065e84ef06b7ec7a8acfb98?s=96&d=identicon&r=x","caption":"Charge"},"url":"https:\/\/sindromecharge.es\/index.php\/author\/admin\/"}]}},"_links":{"self":[{"href":"https:\/\/sindromecharge.es\/index.php\/wp-json\/wp\/v2\/posts\/7193","targetHints":{"allow":["GET"]}}],"collection":[{"href":"https:\/\/sindromecharge.es\/index.php\/wp-json\/wp\/v2\/posts"}],"about":[{"href":"https:\/\/sindromecharge.es\/index.php\/wp-json\/wp\/v2\/types\/post"}],"author":[{"embeddable":true,"href":"https:\/\/sindromecharge.es\/index.php\/wp-json\/wp\/v2\/users\/1"}],"replies":[{"embeddable":true,"href":"https:\/\/sindromecharge.es\/index.php\/wp-json\/wp\/v2\/comments?post=7193"}],"version-history":[{"count":0,"href":"https:\/\/sindromecharge.es\/index.php\/wp-json\/wp\/v2\/posts\/7193\/revisions"}],"wp:attachment":[{"href":"https:\/\/sindromecharge.es\/index.php\/wp-json\/wp\/v2\/media?parent=7193"}],"wp:term":[{"taxonomy":"category","embeddable":true,"href":"https:\/\/sindromecharge.es\/index.php\/wp-json\/wp\/v2\/categories?post=7193"},{"taxonomy":"post_tag","embeddable":true,"href":"https:\/\/sindromecharge.es\/index.php\/wp-json\/wp\/v2\/tags?post=7193"}],"curies":[{"name":"wp","href":"https:\/\/api.w.org\/{rel}","templated":true}]}}