{"id":7192,"date":"2021-05-21T04:34:53","date_gmt":"2021-05-21T04:34:53","guid":{"rendered":"https:\/\/sindromecharge.es\/index.php\/2021\/05\/21\/feder-celebra-la-aprobacion-del-proyecto-de-ley-que-acaba-con-la-incapacitacion-judicial-por-discapacidad\/"},"modified":"2021-05-21T04:34:53","modified_gmt":"2021-05-21T04:34:53","slug":"feder-celebra-la-aprobacion-del-proyecto-de-ley-que-acaba-con-la-incapacitacion-judicial-por-discapacidad","status":"publish","type":"post","link":"https:\/\/sindromecharge.es\/index.php\/2021\/05\/21\/feder-celebra-la-aprobacion-del-proyecto-de-ley-que-acaba-con-la-incapacitacion-judicial-por-discapacidad\/","title":{"rendered":"FEDER celebra la aprobaci\u00f3n del Proyecto de Ley que acaba con la incapacitaci\u00f3n judicial por discapacidad"},"content":{"rendered":"<p>Leemos en FEDER la siguiente noticia que os reproducimos de forma \u00edntegra: <\/p>\n<p>&nbsp;<\/p>\n<p>Fuente: CERMI. Con la aprobaci\u00f3n definitiva por el Congreso de los Diputados del Proyecto de Ley por el que se reforma la legislaci\u00f3n y civil y procesal para el apoyo de las personas en el ejercicio de su capacidad jur\u00eddica, nuestro Derecho mejora notablemente porque acoge y respeta a todas las personas, con independencia de sus circunstancias.<\/p>\n<p>As\u00ed lo ha manifestado el presidente del Comit\u00e9 Espa\u00f1ol de Representantes de Personas con Discapacidad (CERMI), Luis Cayo P\u00e9rez Bueno, quien junto con una delegaci\u00f3n de esta entidad ha asistido presencialmente a la votaci\u00f3n final de este proyecto de Ley en la C\u00e1mara Baja, que ratificaba las enmiendas introducidas por el Senado a la iniciativa legislativa.<\/p>\n<p>Con la aprobaci\u00f3n por parte del Congreso, culmina el tr\u00e1mite parlamentario de un proyecto de Ley que entr\u00f3 en 2020 en las Cortes Generales, tras a\u00f1os previos de trabajo preparatorio, en cuyo proceso de gestaci\u00f3n, avance y adopci\u00f3n final, con ampl\u00edsimo consenso pol\u00edtico, el movimiento social de la discapacidad representado por el CERMI ha tenido un papel determinante.<\/p>\n<p>Tras el debate y aprobaci\u00f3n, representantes de los grupos parlamentarios y los ministros de Justicia y Derechos Sociales y Agenda 2030, Juan Carlos Campo e Ione Belarra, han intercambiado impresiones con la delegaci\u00f3n del CERMI, tomando fotograf\u00edas ante la fachada hist\u00f3rica del Palacio del Congreso y felicit\u00e1ndose mutuamente por un logro pa\u00eds que ensancha la esfera de los derechos humanos de las personas con discapacidad.<\/p>\n<p>\u00daltima actualizaci\u00f3n 21\/05\/2021<\/p>\n<p>&nbsp;<\/p>\n<p>Fuente: FEDER <a href=\"https:\/\/enfermedades-raras.org\/index.php\/actualidad\/noticias-eventos\/2-feder\/15403-feder-celebra-la-aprobaci%C3%B3n-del-proyecto-de-ley-que-acaba-con-la-incapacitaci%C3%B3n-judicial-por-discapacidad\" target=\"_blank\" rel=\"noopener\">FEDER celebra la aprobaci\u00f3n del Proyecto de Ley que acaba con la incapacitaci\u00f3n judicial por discapacidad<\/a><\/p>\n","protected":false},"excerpt":{"rendered":"<p>Leemos en FEDER la siguiente noticia que os reproducimos de forma \u00edntegra: &nbsp; Fuente: CERMI. Con la aprobaci\u00f3n definitiva por el Congreso de los Diputados del Proyecto de Ley por el que se reforma la legislaci\u00f3n y civil y procesal para el apoyo de las personas en el ejercicio de su capacidad jur\u00eddica, nuestro Derecho [&hellip;]<\/p>\n","protected":false},"author":1,"featured_media":0,"comment_status":"open","ping_status":"closed","sticky":false,"template":"","format":"standard","meta":{"footnotes":""},"categories":[8],"tags":[36],"class_list":["post-7192","post","type-post","status-publish","format-standard","hentry","category-noticias","tag-enfermedades-raras"],"yoast_head":"<!-- This site is optimized with the Yoast SEO plugin v27.5 - https:\/\/yoast.com\/product\/yoast-seo-wordpress\/ -->\n<title>FEDER celebra la aprobaci\u00f3n del Proyecto de Ley que acaba con la incapacitaci\u00f3n judicial por discapacidad - Asociaci\u00f3n Espa\u00f1ola S\u00edndrome de Charge<\/title>\n<meta name=\"robots\" content=\"index, follow, max-snippet:-1, max-image-preview:large, max-video-preview:-1\" \/>\n<link rel=\"canonical\" href=\"https:\/\/sindromecharge.es\/index.php\/2021\/05\/21\/feder-celebra-la-aprobacion-del-proyecto-de-ley-que-acaba-con-la-incapacitacion-judicial-por-discapacidad\/\" \/>\n<meta property=\"og:locale\" content=\"es_ES\" \/>\n<meta property=\"og:type\" content=\"article\" \/>\n<meta property=\"og:title\" content=\"FEDER celebra la aprobaci\u00f3n del Proyecto de Ley que acaba con la incapacitaci\u00f3n judicial por discapacidad - Asociaci\u00f3n Espa\u00f1ola S\u00edndrome de Charge\" \/>\n<meta property=\"og:description\" content=\"Leemos en FEDER la siguiente noticia que os reproducimos de forma \u00edntegra: &nbsp; Fuente: CERMI. Con la aprobaci\u00f3n definitiva por el Congreso de los Diputados del Proyecto de Ley por el que se reforma la legislaci\u00f3n y civil y procesal para el apoyo de las personas en el ejercicio de su capacidad jur\u00eddica, nuestro Derecho [&hellip;]\" \/>\n<meta property=\"og:url\" content=\"https:\/\/sindromecharge.es\/index.php\/2021\/05\/21\/feder-celebra-la-aprobacion-del-proyecto-de-ley-que-acaba-con-la-incapacitacion-judicial-por-discapacidad\/\" \/>\n<meta property=\"og:site_name\" content=\"Asociaci\u00f3n Espa\u00f1ola S\u00edndrome de Charge\" \/>\n<meta property=\"article:publisher\" content=\"https:\/\/www.facebook.com\/asociacionsindromecharge\" \/>\n<meta property=\"article:published_time\" content=\"2021-05-21T04:34:53+00:00\" \/>\n<meta property=\"og:image\" content=\"https:\/\/sindromecharge.es\/wp-content\/uploads\/2013\/09\/logodecharge300x98.png\" \/>\n\t<meta property=\"og:image:width\" content=\"300\" \/>\n\t<meta property=\"og:image:height\" content=\"98\" \/>\n\t<meta property=\"og:image:type\" content=\"image\/png\" \/>\n<meta name=\"author\" content=\"Charge\" \/>\n<meta name=\"twitter:card\" content=\"summary_large_image\" \/>\n<meta name=\"twitter:creator\" content=\"@sindromecharge\" \/>\n<meta name=\"twitter:site\" content=\"@sindromecharge\" \/>\n<meta name=\"twitter:label1\" content=\"Escrito por\" \/>\n\t<meta name=\"twitter:data1\" content=\"Charge\" \/>\n\t<meta name=\"twitter:label2\" content=\"Tiempo de lectura\" \/>\n\t<meta name=\"twitter:data2\" content=\"1 minuto\" \/>\n<script type=\"application\/ld+json\" class=\"yoast-schema-graph\">{\"@context\":\"https:\\\/\\\/schema.org\",\"@graph\":[{\"@type\":\"Article\",\"@id\":\"https:\\\/\\\/sindromecharge.es\\\/index.php\\\/2021\\\/05\\\/21\\\/feder-celebra-la-aprobacion-del-proyecto-de-ley-que-acaba-con-la-incapacitacion-judicial-por-discapacidad\\\/#article\",\"isPartOf\":{\"@id\":\"https:\\\/\\\/sindromecharge.es\\\/index.php\\\/2021\\\/05\\\/21\\\/feder-celebra-la-aprobacion-del-proyecto-de-ley-que-acaba-con-la-incapacitacion-judicial-por-discapacidad\\\/\"},\"author\":{\"name\":\"Charge\",\"@id\":\"https:\\\/\\\/sindromecharge.es\\\/#\\\/schema\\\/person\\\/39a60ebe0a2b4d5a11179701e336b039\"},\"headline\":\"FEDER celebra la aprobaci\u00f3n del Proyecto de Ley que acaba con la incapacitaci\u00f3n judicial por discapacidad\",\"datePublished\":\"2021-05-21T04:34:53+00:00\",\"mainEntityOfPage\":{\"@id\":\"https:\\\/\\\/sindromecharge.es\\\/index.php\\\/2021\\\/05\\\/21\\\/feder-celebra-la-aprobacion-del-proyecto-de-ley-que-acaba-con-la-incapacitacion-judicial-por-discapacidad\\\/\"},\"wordCount\":310,\"commentCount\":0,\"keywords\":[\"enfermedades raras\"],\"articleSection\":[\"noticias\"],\"inLanguage\":\"es\",\"potentialAction\":[{\"@type\":\"CommentAction\",\"name\":\"Comment\",\"target\":[\"https:\\\/\\\/sindromecharge.es\\\/index.php\\\/2021\\\/05\\\/21\\\/feder-celebra-la-aprobacion-del-proyecto-de-ley-que-acaba-con-la-incapacitacion-judicial-por-discapacidad\\\/#respond\"]}]},{\"@type\":\"WebPage\",\"@id\":\"https:\\\/\\\/sindromecharge.es\\\/index.php\\\/2021\\\/05\\\/21\\\/feder-celebra-la-aprobacion-del-proyecto-de-ley-que-acaba-con-la-incapacitacion-judicial-por-discapacidad\\\/\",\"url\":\"https:\\\/\\\/sindromecharge.es\\\/index.php\\\/2021\\\/05\\\/21\\\/feder-celebra-la-aprobacion-del-proyecto-de-ley-que-acaba-con-la-incapacitacion-judicial-por-discapacidad\\\/\",\"name\":\"FEDER celebra la aprobaci\u00f3n del Proyecto de Ley que acaba con la incapacitaci\u00f3n judicial por discapacidad - Asociaci\u00f3n Espa\u00f1ola S\u00edndrome de Charge\",\"isPartOf\":{\"@id\":\"https:\\\/\\\/sindromecharge.es\\\/#website\"},\"datePublished\":\"2021-05-21T04:34:53+00:00\",\"author\":{\"@id\":\"https:\\\/\\\/sindromecharge.es\\\/#\\\/schema\\\/person\\\/39a60ebe0a2b4d5a11179701e336b039\"},\"breadcrumb\":{\"@id\":\"https:\\\/\\\/sindromecharge.es\\\/index.php\\\/2021\\\/05\\\/21\\\/feder-celebra-la-aprobacion-del-proyecto-de-ley-que-acaba-con-la-incapacitacion-judicial-por-discapacidad\\\/#breadcrumb\"},\"inLanguage\":\"es\",\"potentialAction\":[{\"@type\":\"ReadAction\",\"target\":[\"https:\\\/\\\/sindromecharge.es\\\/index.php\\\/2021\\\/05\\\/21\\\/feder-celebra-la-aprobacion-del-proyecto-de-ley-que-acaba-con-la-incapacitacion-judicial-por-discapacidad\\\/\"]}]},{\"@type\":\"BreadcrumbList\",\"@id\":\"https:\\\/\\\/sindromecharge.es\\\/index.php\\\/2021\\\/05\\\/21\\\/feder-celebra-la-aprobacion-del-proyecto-de-ley-que-acaba-con-la-incapacitacion-judicial-por-discapacidad\\\/#breadcrumb\",\"itemListElement\":[{\"@type\":\"ListItem\",\"position\":1,\"name\":\"Portada\",\"item\":\"https:\\\/\\\/sindromecharge.es\\\/\"},{\"@type\":\"ListItem\",\"position\":2,\"name\":\"FEDER celebra la aprobaci\u00f3n del Proyecto de Ley que acaba con la incapacitaci\u00f3n judicial por discapacidad\"}]},{\"@type\":\"WebSite\",\"@id\":\"https:\\\/\\\/sindromecharge.es\\\/#website\",\"url\":\"https:\\\/\\\/sindromecharge.es\\\/\",\"name\":\"Asociaci\u00f3n Espa\u00f1ola S\u00edndrome de Charge\",\"description\":\"\",\"potentialAction\":[{\"@type\":\"SearchAction\",\"target\":{\"@type\":\"EntryPoint\",\"urlTemplate\":\"https:\\\/\\\/sindromecharge.es\\\/?s={search_term_string}\"},\"query-input\":{\"@type\":\"PropertyValueSpecification\",\"valueRequired\":true,\"valueName\":\"search_term_string\"}}],\"inLanguage\":\"es\"},{\"@type\":\"Person\",\"@id\":\"https:\\\/\\\/sindromecharge.es\\\/#\\\/schema\\\/person\\\/39a60ebe0a2b4d5a11179701e336b039\",\"name\":\"Charge\",\"image\":{\"@type\":\"ImageObject\",\"inLanguage\":\"es\",\"@id\":\"https:\\\/\\\/secure.gravatar.com\\\/avatar\\\/c3b46e32a0fc3b093a0873fb767bf3293de856293065e84ef06b7ec7a8acfb98?s=96&d=identicon&r=x\",\"url\":\"https:\\\/\\\/secure.gravatar.com\\\/avatar\\\/c3b46e32a0fc3b093a0873fb767bf3293de856293065e84ef06b7ec7a8acfb98?s=96&d=identicon&r=x\",\"contentUrl\":\"https:\\\/\\\/secure.gravatar.com\\\/avatar\\\/c3b46e32a0fc3b093a0873fb767bf3293de856293065e84ef06b7ec7a8acfb98?s=96&d=identicon&r=x\",\"caption\":\"Charge\"},\"url\":\"https:\\\/\\\/sindromecharge.es\\\/index.php\\\/author\\\/admin\\\/\"}]}<\/script>\n<!-- \/ Yoast SEO plugin. -->","yoast_head_json":{"title":"FEDER celebra la aprobaci\u00f3n del Proyecto de Ley que acaba con la incapacitaci\u00f3n judicial por discapacidad - Asociaci\u00f3n Espa\u00f1ola S\u00edndrome de Charge","robots":{"index":"index","follow":"follow","max-snippet":"max-snippet:-1","max-image-preview":"max-image-preview:large","max-video-preview":"max-video-preview:-1"},"canonical":"https:\/\/sindromecharge.es\/index.php\/2021\/05\/21\/feder-celebra-la-aprobacion-del-proyecto-de-ley-que-acaba-con-la-incapacitacion-judicial-por-discapacidad\/","og_locale":"es_ES","og_type":"article","og_title":"FEDER celebra la aprobaci\u00f3n del Proyecto de Ley que acaba con la incapacitaci\u00f3n judicial por discapacidad - Asociaci\u00f3n Espa\u00f1ola S\u00edndrome de Charge","og_description":"Leemos en FEDER la siguiente noticia que os reproducimos de forma \u00edntegra: &nbsp; Fuente: CERMI. Con la aprobaci\u00f3n definitiva por el Congreso de los Diputados del Proyecto de Ley por el que se reforma la legislaci\u00f3n y civil y procesal para el apoyo de las personas en el ejercicio de su capacidad jur\u00eddica, nuestro Derecho [&hellip;]","og_url":"https:\/\/sindromecharge.es\/index.php\/2021\/05\/21\/feder-celebra-la-aprobacion-del-proyecto-de-ley-que-acaba-con-la-incapacitacion-judicial-por-discapacidad\/","og_site_name":"Asociaci\u00f3n Espa\u00f1ola S\u00edndrome de Charge","article_publisher":"https:\/\/www.facebook.com\/asociacionsindromecharge","article_published_time":"2021-05-21T04:34:53+00:00","og_image":[{"width":300,"height":98,"url":"https:\/\/sindromecharge.es\/wp-content\/uploads\/2013\/09\/logodecharge300x98.png","type":"image\/png"}],"author":"Charge","twitter_card":"summary_large_image","twitter_creator":"@sindromecharge","twitter_site":"@sindromecharge","twitter_misc":{"Escrito por":"Charge","Tiempo de lectura":"1 minuto"},"schema":{"@context":"https:\/\/schema.org","@graph":[{"@type":"Article","@id":"https:\/\/sindromecharge.es\/index.php\/2021\/05\/21\/feder-celebra-la-aprobacion-del-proyecto-de-ley-que-acaba-con-la-incapacitacion-judicial-por-discapacidad\/#article","isPartOf":{"@id":"https:\/\/sindromecharge.es\/index.php\/2021\/05\/21\/feder-celebra-la-aprobacion-del-proyecto-de-ley-que-acaba-con-la-incapacitacion-judicial-por-discapacidad\/"},"author":{"name":"Charge","@id":"https:\/\/sindromecharge.es\/#\/schema\/person\/39a60ebe0a2b4d5a11179701e336b039"},"headline":"FEDER celebra la aprobaci\u00f3n del Proyecto de Ley que acaba con la incapacitaci\u00f3n judicial por discapacidad","datePublished":"2021-05-21T04:34:53+00:00","mainEntityOfPage":{"@id":"https:\/\/sindromecharge.es\/index.php\/2021\/05\/21\/feder-celebra-la-aprobacion-del-proyecto-de-ley-que-acaba-con-la-incapacitacion-judicial-por-discapacidad\/"},"wordCount":310,"commentCount":0,"keywords":["enfermedades raras"],"articleSection":["noticias"],"inLanguage":"es","potentialAction":[{"@type":"CommentAction","name":"Comment","target":["https:\/\/sindromecharge.es\/index.php\/2021\/05\/21\/feder-celebra-la-aprobacion-del-proyecto-de-ley-que-acaba-con-la-incapacitacion-judicial-por-discapacidad\/#respond"]}]},{"@type":"WebPage","@id":"https:\/\/sindromecharge.es\/index.php\/2021\/05\/21\/feder-celebra-la-aprobacion-del-proyecto-de-ley-que-acaba-con-la-incapacitacion-judicial-por-discapacidad\/","url":"https:\/\/sindromecharge.es\/index.php\/2021\/05\/21\/feder-celebra-la-aprobacion-del-proyecto-de-ley-que-acaba-con-la-incapacitacion-judicial-por-discapacidad\/","name":"FEDER celebra la aprobaci\u00f3n del Proyecto de Ley que acaba con la incapacitaci\u00f3n judicial por discapacidad - Asociaci\u00f3n Espa\u00f1ola S\u00edndrome de Charge","isPartOf":{"@id":"https:\/\/sindromecharge.es\/#website"},"datePublished":"2021-05-21T04:34:53+00:00","author":{"@id":"https:\/\/sindromecharge.es\/#\/schema\/person\/39a60ebe0a2b4d5a11179701e336b039"},"breadcrumb":{"@id":"https:\/\/sindromecharge.es\/index.php\/2021\/05\/21\/feder-celebra-la-aprobacion-del-proyecto-de-ley-que-acaba-con-la-incapacitacion-judicial-por-discapacidad\/#breadcrumb"},"inLanguage":"es","potentialAction":[{"@type":"ReadAction","target":["https:\/\/sindromecharge.es\/index.php\/2021\/05\/21\/feder-celebra-la-aprobacion-del-proyecto-de-ley-que-acaba-con-la-incapacitacion-judicial-por-discapacidad\/"]}]},{"@type":"BreadcrumbList","@id":"https:\/\/sindromecharge.es\/index.php\/2021\/05\/21\/feder-celebra-la-aprobacion-del-proyecto-de-ley-que-acaba-con-la-incapacitacion-judicial-por-discapacidad\/#breadcrumb","itemListElement":[{"@type":"ListItem","position":1,"name":"Portada","item":"https:\/\/sindromecharge.es\/"},{"@type":"ListItem","position":2,"name":"FEDER celebra la aprobaci\u00f3n del Proyecto de Ley que acaba con la incapacitaci\u00f3n judicial por discapacidad"}]},{"@type":"WebSite","@id":"https:\/\/sindromecharge.es\/#website","url":"https:\/\/sindromecharge.es\/","name":"Asociaci\u00f3n Espa\u00f1ola S\u00edndrome de Charge","description":"","potentialAction":[{"@type":"SearchAction","target":{"@type":"EntryPoint","urlTemplate":"https:\/\/sindromecharge.es\/?s={search_term_string}"},"query-input":{"@type":"PropertyValueSpecification","valueRequired":true,"valueName":"search_term_string"}}],"inLanguage":"es"},{"@type":"Person","@id":"https:\/\/sindromecharge.es\/#\/schema\/person\/39a60ebe0a2b4d5a11179701e336b039","name":"Charge","image":{"@type":"ImageObject","inLanguage":"es","@id":"https:\/\/secure.gravatar.com\/avatar\/c3b46e32a0fc3b093a0873fb767bf3293de856293065e84ef06b7ec7a8acfb98?s=96&d=identicon&r=x","url":"https:\/\/secure.gravatar.com\/avatar\/c3b46e32a0fc3b093a0873fb767bf3293de856293065e84ef06b7ec7a8acfb98?s=96&d=identicon&r=x","contentUrl":"https:\/\/secure.gravatar.com\/avatar\/c3b46e32a0fc3b093a0873fb767bf3293de856293065e84ef06b7ec7a8acfb98?s=96&d=identicon&r=x","caption":"Charge"},"url":"https:\/\/sindromecharge.es\/index.php\/author\/admin\/"}]}},"_links":{"self":[{"href":"https:\/\/sindromecharge.es\/index.php\/wp-json\/wp\/v2\/posts\/7192","targetHints":{"allow":["GET"]}}],"collection":[{"href":"https:\/\/sindromecharge.es\/index.php\/wp-json\/wp\/v2\/posts"}],"about":[{"href":"https:\/\/sindromecharge.es\/index.php\/wp-json\/wp\/v2\/types\/post"}],"author":[{"embeddable":true,"href":"https:\/\/sindromecharge.es\/index.php\/wp-json\/wp\/v2\/users\/1"}],"replies":[{"embeddable":true,"href":"https:\/\/sindromecharge.es\/index.php\/wp-json\/wp\/v2\/comments?post=7192"}],"version-history":[{"count":0,"href":"https:\/\/sindromecharge.es\/index.php\/wp-json\/wp\/v2\/posts\/7192\/revisions"}],"wp:attachment":[{"href":"https:\/\/sindromecharge.es\/index.php\/wp-json\/wp\/v2\/media?parent=7192"}],"wp:term":[{"taxonomy":"category","embeddable":true,"href":"https:\/\/sindromecharge.es\/index.php\/wp-json\/wp\/v2\/categories?post=7192"},{"taxonomy":"post_tag","embeddable":true,"href":"https:\/\/sindromecharge.es\/index.php\/wp-json\/wp\/v2\/tags?post=7192"}],"curies":[{"name":"wp","href":"https:\/\/api.w.org\/{rel}","templated":true}]}}