{"id":7191,"date":"2021-05-20T08:55:49","date_gmt":"2021-05-20T08:55:49","guid":{"rendered":"https:\/\/sindromecharge.es\/index.php\/2021\/05\/20\/andalucia-revela-el-requisito-para-vacunar-a-los-familiares-que-cuidan-a-grandes-dependientes\/"},"modified":"2021-05-20T08:55:49","modified_gmt":"2021-05-20T08:55:49","slug":"andalucia-revela-el-requisito-para-vacunar-a-los-familiares-que-cuidan-a-grandes-dependientes","status":"publish","type":"post","link":"https:\/\/sindromecharge.es\/index.php\/2021\/05\/20\/andalucia-revela-el-requisito-para-vacunar-a-los-familiares-que-cuidan-a-grandes-dependientes\/","title":{"rendered":"Andaluc\u00eda revela el requisito para vacunar a los familiares que cuidan a grandes dependientes"},"content":{"rendered":"<p>Leemos en FEDER la siguiente noticia que os reproducimos de forma \u00edntegra: <\/p>\n<p><p><a href=\"https:\/\/www.ideal.es\/andalucia\/andalucia-revela-requisito-vacunar-familiares-dependientes-20210512151457-nt.html\" target=\"_blank\" rel=\"noopener\">Fuente: El ideal<\/a>. Despu\u00e9s de que la Junta advirtiese de que vacunar\u00e1 con AstraZeneca a voluntarios que ya han recibido la primera dosis \u00aben un mes\u00bb, ha informado de que Andaluc\u00eda comenzar\u00e1 \u00aben los pr\u00f3ximos d\u00edas\u00bb a vacunar a los cuidadores no profesionales de grandes dependientes de la comunidad, un grupo que asciende a unas 60.000 personas. Salud tiene una estrategia para localizarlos, tal y como ha informado David Moreno, director del Plan del Plan de Vacunaci\u00f3n de Andaluc\u00eda.<\/p>\n<p>El experto, que ha detallado que este grupo incluye fundamentalmente a familiares, ha indicado que inicialmente llamar\u00e1n a aquellos que posean la tarjeta + Cuidado, que identifica a las personas cuidadoras habituales de pacientes con gran discapacidad, Alzheimer y otras demencias.<\/p>\n<p><span style=\"font-size: 12pt\">Estrategia de Sanidad<\/span><\/p>\n<p>El consejero de Salud y Familias, Jes\u00fas Aguirre, recalc\u00f3 la semana pasada que en el documento actualizado de la estrategia de vacunaci\u00f3n de Sanidad se describe a cada grupo de poblaci\u00f3n seg\u00fan el orden de prioridad en funci\u00f3n de su vulnerabilidad o grupo de trabajo, y \u00aben este no aparecen como prioritarios personas que se dedican a tareas de cuidadores no profesionales\u00bb.<\/p>\n<p>No obstante, esta Consejer\u00eda, \u00absiguiendo la sensibilidad oportuna y dado el momento de vacunaci\u00f3n en el que estamos\u00ab, ha iniciado los tr\u00e1mites para la vacunaci\u00f3n paulatina de los cuidadores no profesionales, destac\u00f3 el titular de Salud. \u00abGracias a la velocidad de vacunaci\u00f3n en Andaluc\u00eda no podemos parar el ritmo y seguimos vacunando a nuevos grupos, en coherencia con la estrategia del Ministerio\u00ab, ha a\u00f1adido.<\/p>\n<p><span style=\"font-size: 12pt\">Estimaci\u00f3n<\/span><\/p>\n<p>\u00abEn estos d\u00edas se inicia la vacunaci\u00f3n siguiendo la estimaci\u00f3n inicial de unos 60.000 cuidadores no profesionales\u00bb, agreg\u00f3, y explic\u00f3 que su departamento ha pedido ayuda a la Consejer\u00eda de Igualdad, Pol\u00edticas Sociales y Conciliaci\u00f3n porque \u00abes complicado hacer las listas, ya que son cuidadores que no est\u00e1n inscritos a ninguna empresa y es complicado saber cu\u00e1ntos son y a qui\u00e9nes se va a priorizar\u00bb.<\/p>\n<p>En este sentido, Aguirre apunt\u00f3 que otras comunidades como Castilla y Le\u00f3n tambi\u00e9n han iniciado la vacunaci\u00f3n de este grupo \u00abaunque no venga en el protocolo del Ministerio\u00bb. \u00abPodemos hacerlo porque llevamos m\u00e1s de tres millones de dosis administradas y vamos muy bien en la comparativa con otras regiones en velocidad, y no significa que vayamos a postergar ninguno de los grupos\u00bb, manifest\u00f3.<\/p>\n<p>\u00daltima actualizaci\u00f3n 20\/05\/2021<\/p>\n<\/p>\n<p>Fuente: FEDER <a href=\"https:\/\/enfermedades-raras.org\/index.php\/actualidad\/noticias-eventos\/2-feder\/15401-andaluc%C3%ADa-revela-el-requisito-para-vacunar-a-los-familiares-que-cuidan-a-grandes-dependientes\" target=\"_blank\" rel=\"noopener\">Andaluc\u00eda revela el requisito para vacunar a los familiares que cuidan a grandes dependientes<\/a><\/p>\n","protected":false},"excerpt":{"rendered":"<p>Leemos en FEDER la siguiente noticia que os reproducimos de forma \u00edntegra: Fuente: El ideal. Despu\u00e9s de que la Junta advirtiese de que vacunar\u00e1 con AstraZeneca a voluntarios que ya han recibido la primera dosis \u00aben un mes\u00bb, ha informado de que Andaluc\u00eda comenzar\u00e1 \u00aben los pr\u00f3ximos d\u00edas\u00bb a vacunar a los cuidadores no profesionales [&hellip;]<\/p>\n","protected":false},"author":1,"featured_media":0,"comment_status":"open","ping_status":"closed","sticky":false,"template":"","format":"standard","meta":{"footnotes":""},"categories":[8],"tags":[36],"class_list":["post-7191","post","type-post","status-publish","format-standard","hentry","category-noticias","tag-enfermedades-raras"],"yoast_head":"<!-- This site is optimized with the Yoast SEO plugin v27.5 - https:\/\/yoast.com\/product\/yoast-seo-wordpress\/ -->\n<title>Andaluc\u00eda revela el requisito para vacunar a los familiares que cuidan a grandes dependientes - Asociaci\u00f3n Espa\u00f1ola S\u00edndrome de Charge<\/title>\n<meta name=\"robots\" content=\"index, follow, max-snippet:-1, max-image-preview:large, max-video-preview:-1\" \/>\n<link rel=\"canonical\" href=\"https:\/\/sindromecharge.es\/index.php\/2021\/05\/20\/andalucia-revela-el-requisito-para-vacunar-a-los-familiares-que-cuidan-a-grandes-dependientes\/\" \/>\n<meta property=\"og:locale\" content=\"es_ES\" \/>\n<meta property=\"og:type\" content=\"article\" \/>\n<meta property=\"og:title\" content=\"Andaluc\u00eda revela el requisito para vacunar a los familiares que cuidan a grandes dependientes - Asociaci\u00f3n Espa\u00f1ola S\u00edndrome de Charge\" \/>\n<meta property=\"og:description\" content=\"Leemos en FEDER la siguiente noticia que os reproducimos de forma \u00edntegra: Fuente: El ideal. Despu\u00e9s de que la Junta advirtiese de que vacunar\u00e1 con AstraZeneca a voluntarios que ya han recibido la primera dosis \u00aben un mes\u00bb, ha informado de que Andaluc\u00eda comenzar\u00e1 \u00aben los pr\u00f3ximos d\u00edas\u00bb a vacunar a los cuidadores no profesionales [&hellip;]\" \/>\n<meta property=\"og:url\" content=\"https:\/\/sindromecharge.es\/index.php\/2021\/05\/20\/andalucia-revela-el-requisito-para-vacunar-a-los-familiares-que-cuidan-a-grandes-dependientes\/\" \/>\n<meta property=\"og:site_name\" content=\"Asociaci\u00f3n Espa\u00f1ola S\u00edndrome de Charge\" \/>\n<meta property=\"article:publisher\" content=\"https:\/\/www.facebook.com\/asociacionsindromecharge\" \/>\n<meta property=\"article:published_time\" content=\"2021-05-20T08:55:49+00:00\" \/>\n<meta property=\"og:image\" content=\"https:\/\/sindromecharge.es\/wp-content\/uploads\/2013\/09\/logodecharge300x98.png\" \/>\n\t<meta property=\"og:image:width\" content=\"300\" \/>\n\t<meta property=\"og:image:height\" content=\"98\" \/>\n\t<meta property=\"og:image:type\" content=\"image\/png\" \/>\n<meta name=\"author\" content=\"Charge\" \/>\n<meta name=\"twitter:card\" content=\"summary_large_image\" \/>\n<meta name=\"twitter:creator\" content=\"@sindromecharge\" \/>\n<meta name=\"twitter:site\" content=\"@sindromecharge\" \/>\n<meta name=\"twitter:label1\" content=\"Escrito por\" \/>\n\t<meta name=\"twitter:data1\" content=\"Charge\" \/>\n\t<meta name=\"twitter:label2\" content=\"Tiempo de lectura\" \/>\n\t<meta name=\"twitter:data2\" content=\"2 minutos\" \/>\n<script type=\"application\/ld+json\" class=\"yoast-schema-graph\">{\"@context\":\"https:\\\/\\\/schema.org\",\"@graph\":[{\"@type\":\"Article\",\"@id\":\"https:\\\/\\\/sindromecharge.es\\\/index.php\\\/2021\\\/05\\\/20\\\/andalucia-revela-el-requisito-para-vacunar-a-los-familiares-que-cuidan-a-grandes-dependientes\\\/#article\",\"isPartOf\":{\"@id\":\"https:\\\/\\\/sindromecharge.es\\\/index.php\\\/2021\\\/05\\\/20\\\/andalucia-revela-el-requisito-para-vacunar-a-los-familiares-que-cuidan-a-grandes-dependientes\\\/\"},\"author\":{\"name\":\"Charge\",\"@id\":\"https:\\\/\\\/sindromecharge.es\\\/#\\\/schema\\\/person\\\/39a60ebe0a2b4d5a11179701e336b039\"},\"headline\":\"Andaluc\u00eda revela el requisito para vacunar a los familiares que cuidan a grandes dependientes\",\"datePublished\":\"2021-05-20T08:55:49+00:00\",\"mainEntityOfPage\":{\"@id\":\"https:\\\/\\\/sindromecharge.es\\\/index.php\\\/2021\\\/05\\\/20\\\/andalucia-revela-el-requisito-para-vacunar-a-los-familiares-que-cuidan-a-grandes-dependientes\\\/\"},\"wordCount\":455,\"commentCount\":0,\"keywords\":[\"enfermedades raras\"],\"articleSection\":[\"noticias\"],\"inLanguage\":\"es\",\"potentialAction\":[{\"@type\":\"CommentAction\",\"name\":\"Comment\",\"target\":[\"https:\\\/\\\/sindromecharge.es\\\/index.php\\\/2021\\\/05\\\/20\\\/andalucia-revela-el-requisito-para-vacunar-a-los-familiares-que-cuidan-a-grandes-dependientes\\\/#respond\"]}]},{\"@type\":\"WebPage\",\"@id\":\"https:\\\/\\\/sindromecharge.es\\\/index.php\\\/2021\\\/05\\\/20\\\/andalucia-revela-el-requisito-para-vacunar-a-los-familiares-que-cuidan-a-grandes-dependientes\\\/\",\"url\":\"https:\\\/\\\/sindromecharge.es\\\/index.php\\\/2021\\\/05\\\/20\\\/andalucia-revela-el-requisito-para-vacunar-a-los-familiares-que-cuidan-a-grandes-dependientes\\\/\",\"name\":\"Andaluc\u00eda revela el requisito para vacunar a los familiares que cuidan a grandes dependientes - Asociaci\u00f3n Espa\u00f1ola S\u00edndrome de Charge\",\"isPartOf\":{\"@id\":\"https:\\\/\\\/sindromecharge.es\\\/#website\"},\"datePublished\":\"2021-05-20T08:55:49+00:00\",\"author\":{\"@id\":\"https:\\\/\\\/sindromecharge.es\\\/#\\\/schema\\\/person\\\/39a60ebe0a2b4d5a11179701e336b039\"},\"breadcrumb\":{\"@id\":\"https:\\\/\\\/sindromecharge.es\\\/index.php\\\/2021\\\/05\\\/20\\\/andalucia-revela-el-requisito-para-vacunar-a-los-familiares-que-cuidan-a-grandes-dependientes\\\/#breadcrumb\"},\"inLanguage\":\"es\",\"potentialAction\":[{\"@type\":\"ReadAction\",\"target\":[\"https:\\\/\\\/sindromecharge.es\\\/index.php\\\/2021\\\/05\\\/20\\\/andalucia-revela-el-requisito-para-vacunar-a-los-familiares-que-cuidan-a-grandes-dependientes\\\/\"]}]},{\"@type\":\"BreadcrumbList\",\"@id\":\"https:\\\/\\\/sindromecharge.es\\\/index.php\\\/2021\\\/05\\\/20\\\/andalucia-revela-el-requisito-para-vacunar-a-los-familiares-que-cuidan-a-grandes-dependientes\\\/#breadcrumb\",\"itemListElement\":[{\"@type\":\"ListItem\",\"position\":1,\"name\":\"Portada\",\"item\":\"https:\\\/\\\/sindromecharge.es\\\/\"},{\"@type\":\"ListItem\",\"position\":2,\"name\":\"Andaluc\u00eda revela el requisito para vacunar a los familiares que cuidan a grandes dependientes\"}]},{\"@type\":\"WebSite\",\"@id\":\"https:\\\/\\\/sindromecharge.es\\\/#website\",\"url\":\"https:\\\/\\\/sindromecharge.es\\\/\",\"name\":\"Asociaci\u00f3n Espa\u00f1ola S\u00edndrome de Charge\",\"description\":\"\",\"potentialAction\":[{\"@type\":\"SearchAction\",\"target\":{\"@type\":\"EntryPoint\",\"urlTemplate\":\"https:\\\/\\\/sindromecharge.es\\\/?s={search_term_string}\"},\"query-input\":{\"@type\":\"PropertyValueSpecification\",\"valueRequired\":true,\"valueName\":\"search_term_string\"}}],\"inLanguage\":\"es\"},{\"@type\":\"Person\",\"@id\":\"https:\\\/\\\/sindromecharge.es\\\/#\\\/schema\\\/person\\\/39a60ebe0a2b4d5a11179701e336b039\",\"name\":\"Charge\",\"image\":{\"@type\":\"ImageObject\",\"inLanguage\":\"es\",\"@id\":\"https:\\\/\\\/secure.gravatar.com\\\/avatar\\\/c3b46e32a0fc3b093a0873fb767bf3293de856293065e84ef06b7ec7a8acfb98?s=96&d=identicon&r=x\",\"url\":\"https:\\\/\\\/secure.gravatar.com\\\/avatar\\\/c3b46e32a0fc3b093a0873fb767bf3293de856293065e84ef06b7ec7a8acfb98?s=96&d=identicon&r=x\",\"contentUrl\":\"https:\\\/\\\/secure.gravatar.com\\\/avatar\\\/c3b46e32a0fc3b093a0873fb767bf3293de856293065e84ef06b7ec7a8acfb98?s=96&d=identicon&r=x\",\"caption\":\"Charge\"},\"url\":\"https:\\\/\\\/sindromecharge.es\\\/index.php\\\/author\\\/admin\\\/\"}]}<\/script>\n<!-- \/ Yoast SEO plugin. -->","yoast_head_json":{"title":"Andaluc\u00eda revela el requisito para vacunar a los familiares que cuidan a grandes dependientes - Asociaci\u00f3n Espa\u00f1ola S\u00edndrome de Charge","robots":{"index":"index","follow":"follow","max-snippet":"max-snippet:-1","max-image-preview":"max-image-preview:large","max-video-preview":"max-video-preview:-1"},"canonical":"https:\/\/sindromecharge.es\/index.php\/2021\/05\/20\/andalucia-revela-el-requisito-para-vacunar-a-los-familiares-que-cuidan-a-grandes-dependientes\/","og_locale":"es_ES","og_type":"article","og_title":"Andaluc\u00eda revela el requisito para vacunar a los familiares que cuidan a grandes dependientes - Asociaci\u00f3n Espa\u00f1ola S\u00edndrome de Charge","og_description":"Leemos en FEDER la siguiente noticia que os reproducimos de forma \u00edntegra: Fuente: El ideal. Despu\u00e9s de que la Junta advirtiese de que vacunar\u00e1 con AstraZeneca a voluntarios que ya han recibido la primera dosis \u00aben un mes\u00bb, ha informado de que Andaluc\u00eda comenzar\u00e1 \u00aben los pr\u00f3ximos d\u00edas\u00bb a vacunar a los cuidadores no profesionales [&hellip;]","og_url":"https:\/\/sindromecharge.es\/index.php\/2021\/05\/20\/andalucia-revela-el-requisito-para-vacunar-a-los-familiares-que-cuidan-a-grandes-dependientes\/","og_site_name":"Asociaci\u00f3n Espa\u00f1ola S\u00edndrome de Charge","article_publisher":"https:\/\/www.facebook.com\/asociacionsindromecharge","article_published_time":"2021-05-20T08:55:49+00:00","og_image":[{"width":300,"height":98,"url":"https:\/\/sindromecharge.es\/wp-content\/uploads\/2013\/09\/logodecharge300x98.png","type":"image\/png"}],"author":"Charge","twitter_card":"summary_large_image","twitter_creator":"@sindromecharge","twitter_site":"@sindromecharge","twitter_misc":{"Escrito por":"Charge","Tiempo de lectura":"2 minutos"},"schema":{"@context":"https:\/\/schema.org","@graph":[{"@type":"Article","@id":"https:\/\/sindromecharge.es\/index.php\/2021\/05\/20\/andalucia-revela-el-requisito-para-vacunar-a-los-familiares-que-cuidan-a-grandes-dependientes\/#article","isPartOf":{"@id":"https:\/\/sindromecharge.es\/index.php\/2021\/05\/20\/andalucia-revela-el-requisito-para-vacunar-a-los-familiares-que-cuidan-a-grandes-dependientes\/"},"author":{"name":"Charge","@id":"https:\/\/sindromecharge.es\/#\/schema\/person\/39a60ebe0a2b4d5a11179701e336b039"},"headline":"Andaluc\u00eda revela el requisito para vacunar a los familiares que cuidan a grandes dependientes","datePublished":"2021-05-20T08:55:49+00:00","mainEntityOfPage":{"@id":"https:\/\/sindromecharge.es\/index.php\/2021\/05\/20\/andalucia-revela-el-requisito-para-vacunar-a-los-familiares-que-cuidan-a-grandes-dependientes\/"},"wordCount":455,"commentCount":0,"keywords":["enfermedades raras"],"articleSection":["noticias"],"inLanguage":"es","potentialAction":[{"@type":"CommentAction","name":"Comment","target":["https:\/\/sindromecharge.es\/index.php\/2021\/05\/20\/andalucia-revela-el-requisito-para-vacunar-a-los-familiares-que-cuidan-a-grandes-dependientes\/#respond"]}]},{"@type":"WebPage","@id":"https:\/\/sindromecharge.es\/index.php\/2021\/05\/20\/andalucia-revela-el-requisito-para-vacunar-a-los-familiares-que-cuidan-a-grandes-dependientes\/","url":"https:\/\/sindromecharge.es\/index.php\/2021\/05\/20\/andalucia-revela-el-requisito-para-vacunar-a-los-familiares-que-cuidan-a-grandes-dependientes\/","name":"Andaluc\u00eda revela el requisito para vacunar a los familiares que cuidan a grandes dependientes - Asociaci\u00f3n Espa\u00f1ola S\u00edndrome de Charge","isPartOf":{"@id":"https:\/\/sindromecharge.es\/#website"},"datePublished":"2021-05-20T08:55:49+00:00","author":{"@id":"https:\/\/sindromecharge.es\/#\/schema\/person\/39a60ebe0a2b4d5a11179701e336b039"},"breadcrumb":{"@id":"https:\/\/sindromecharge.es\/index.php\/2021\/05\/20\/andalucia-revela-el-requisito-para-vacunar-a-los-familiares-que-cuidan-a-grandes-dependientes\/#breadcrumb"},"inLanguage":"es","potentialAction":[{"@type":"ReadAction","target":["https:\/\/sindromecharge.es\/index.php\/2021\/05\/20\/andalucia-revela-el-requisito-para-vacunar-a-los-familiares-que-cuidan-a-grandes-dependientes\/"]}]},{"@type":"BreadcrumbList","@id":"https:\/\/sindromecharge.es\/index.php\/2021\/05\/20\/andalucia-revela-el-requisito-para-vacunar-a-los-familiares-que-cuidan-a-grandes-dependientes\/#breadcrumb","itemListElement":[{"@type":"ListItem","position":1,"name":"Portada","item":"https:\/\/sindromecharge.es\/"},{"@type":"ListItem","position":2,"name":"Andaluc\u00eda revela el requisito para vacunar a los familiares que cuidan a grandes dependientes"}]},{"@type":"WebSite","@id":"https:\/\/sindromecharge.es\/#website","url":"https:\/\/sindromecharge.es\/","name":"Asociaci\u00f3n Espa\u00f1ola S\u00edndrome de Charge","description":"","potentialAction":[{"@type":"SearchAction","target":{"@type":"EntryPoint","urlTemplate":"https:\/\/sindromecharge.es\/?s={search_term_string}"},"query-input":{"@type":"PropertyValueSpecification","valueRequired":true,"valueName":"search_term_string"}}],"inLanguage":"es"},{"@type":"Person","@id":"https:\/\/sindromecharge.es\/#\/schema\/person\/39a60ebe0a2b4d5a11179701e336b039","name":"Charge","image":{"@type":"ImageObject","inLanguage":"es","@id":"https:\/\/secure.gravatar.com\/avatar\/c3b46e32a0fc3b093a0873fb767bf3293de856293065e84ef06b7ec7a8acfb98?s=96&d=identicon&r=x","url":"https:\/\/secure.gravatar.com\/avatar\/c3b46e32a0fc3b093a0873fb767bf3293de856293065e84ef06b7ec7a8acfb98?s=96&d=identicon&r=x","contentUrl":"https:\/\/secure.gravatar.com\/avatar\/c3b46e32a0fc3b093a0873fb767bf3293de856293065e84ef06b7ec7a8acfb98?s=96&d=identicon&r=x","caption":"Charge"},"url":"https:\/\/sindromecharge.es\/index.php\/author\/admin\/"}]}},"_links":{"self":[{"href":"https:\/\/sindromecharge.es\/index.php\/wp-json\/wp\/v2\/posts\/7191","targetHints":{"allow":["GET"]}}],"collection":[{"href":"https:\/\/sindromecharge.es\/index.php\/wp-json\/wp\/v2\/posts"}],"about":[{"href":"https:\/\/sindromecharge.es\/index.php\/wp-json\/wp\/v2\/types\/post"}],"author":[{"embeddable":true,"href":"https:\/\/sindromecharge.es\/index.php\/wp-json\/wp\/v2\/users\/1"}],"replies":[{"embeddable":true,"href":"https:\/\/sindromecharge.es\/index.php\/wp-json\/wp\/v2\/comments?post=7191"}],"version-history":[{"count":0,"href":"https:\/\/sindromecharge.es\/index.php\/wp-json\/wp\/v2\/posts\/7191\/revisions"}],"wp:attachment":[{"href":"https:\/\/sindromecharge.es\/index.php\/wp-json\/wp\/v2\/media?parent=7191"}],"wp:term":[{"taxonomy":"category","embeddable":true,"href":"https:\/\/sindromecharge.es\/index.php\/wp-json\/wp\/v2\/categories?post=7191"},{"taxonomy":"post_tag","embeddable":true,"href":"https:\/\/sindromecharge.es\/index.php\/wp-json\/wp\/v2\/tags?post=7191"}],"curies":[{"name":"wp","href":"https:\/\/api.w.org\/{rel}","templated":true}]}}