{"id":7190,"date":"2021-05-20T07:20:05","date_gmt":"2021-05-20T07:20:05","guid":{"rendered":"https:\/\/sindromecharge.es\/index.php\/2021\/05\/20\/la-dependencia-en-el-centro-de-mira-del-primer-encuentro-de-enfermeras-con-la-consejeria-de-servicios-sociales\/"},"modified":"2021-05-20T07:20:05","modified_gmt":"2021-05-20T07:20:05","slug":"la-dependencia-en-el-centro-de-mira-del-primer-encuentro-de-enfermeras-con-la-consejeria-de-servicios-sociales","status":"publish","type":"post","link":"https:\/\/sindromecharge.es\/index.php\/2021\/05\/20\/la-dependencia-en-el-centro-de-mira-del-primer-encuentro-de-enfermeras-con-la-consejeria-de-servicios-sociales\/","title":{"rendered":"La dependencia en el centro de mira del primer encuentro de enfermeras con la Consejer\u00eda de Servicios Sociales"},"content":{"rendered":"<p>Leemos en 20minutos la siguiente noticia que os reproducimos de forma \u00edntegra: <\/p>\n<p>Han centrado la conversaci\u00f3n en el equipo de valoraci\u00f3n de la dependencia riojana dado que sorprende mucho a las enfermeras que la Consejer\u00eda \u00absiga sin contar con nuestro colectivo en las valoraciones, dado que somos las especialistas en cuidados y las que mejor formadas estamos al respecto\u00bb, por lo que han insistido mucho en esta cuesti\u00f3n. Por parte del Gobierno les han indicado \u00abque van a estudiar el tema pero lo que no saben muy bien es c\u00f3mo se podr\u00eda encajar en la ley para introducir en el equipo de valoraci\u00f3n a las enfermeras\u00bb.<\/p>\n<p>No obstante, el Colegio de las enfermeras ha insistido en los ejemplos de otras Comunidades Aut\u00f3nomas, en los que en todo este proceso de valoraci\u00f3n y baremaci\u00f3n de la dependencia de las personas mayores intervienen y valoran las enfermeras, como son los casos de Valencia o Navarra.<\/p>\n<p>Tambi\u00e9n han hablado de la figura de la Enfermera Comunitaria para hacer este tipo de valoraciones e incluso se han referido a \u00abla posibilidad de la creaci\u00f3n del puesto de la enfermera gestora\u00bb, para vincular los pacientes desde el mundo hospitalario a sus hogares.<\/p>\n<p>Las representantes del Colegio de enfermeras de La Rioja han insistido sobre el tema de las Residencias de la Tercera Edad. Pablo Rubio y Mar\u00eda Somalo han manifestado sus demandas, ya que no encuentran personal de Enfermer\u00eda para estos lugares y han analizado la posibilidad de que el Colegio pueda formar en cuidados, a las auxiliares de residencias o a grupos de cuidadores.<\/p>\n<p>La reuni\u00f3n mantenida entre los representantes de los Servicios Sociales y Gobernanza P\u00fablica y el Colegio de enfermeras de La Rioja ha sido muy cordial dejando abierta la posibilidad a nuevos encuentros.<\/p>\n<p>El Colegio de las enfermeras de La Rioja ha entregado al consejero y la directora general una r\u00e9plica del monumento a las enfermeras, donde se ven reflejados los diferentes trabajos que realizan estas profesionales, tambi\u00e9n con las personas mayores.<\/p>\n<p>Fuente: 20minutos <a href=\"https:\/\/www.20minutos.es\/noticia\/4702512\/0\/la-dependencia-en-el-centro-de-mira-del-primer-encuentro-de-enfermeras-con-la-consejeria-de-servicios-sociales\/\" target=\"_blank\" rel=\"noopener\">La dependencia en el centro de mira del primer encuentro de enfermeras con la Consejer\u00eda de Servicios Sociales<\/a><\/p>\n","protected":false},"excerpt":{"rendered":"<p>Leemos en 20minutos la siguiente noticia que os reproducimos de forma \u00edntegra: Han centrado la conversaci\u00f3n en el equipo de valoraci\u00f3n de la dependencia riojana dado que sorprende mucho a las enfermeras que la Consejer\u00eda \u00absiga sin contar con nuestro colectivo en las valoraciones, dado que somos las especialistas en cuidados y las que mejor [&hellip;]<\/p>\n","protected":false},"author":1,"featured_media":0,"comment_status":"open","ping_status":"closed","sticky":false,"template":"","format":"standard","meta":{"footnotes":""},"categories":[8],"tags":[31],"class_list":["post-7190","post","type-post","status-publish","format-standard","hentry","category-noticias","tag-discapacidad"],"yoast_head":"<!-- This site is optimized with the Yoast SEO plugin v27.5 - https:\/\/yoast.com\/product\/yoast-seo-wordpress\/ -->\n<title>La dependencia en el centro de mira del primer encuentro de enfermeras con la Consejer\u00eda de Servicios Sociales - Asociaci\u00f3n Espa\u00f1ola S\u00edndrome de Charge<\/title>\n<meta name=\"robots\" content=\"index, follow, max-snippet:-1, max-image-preview:large, max-video-preview:-1\" \/>\n<link rel=\"canonical\" href=\"https:\/\/sindromecharge.es\/index.php\/2021\/05\/20\/la-dependencia-en-el-centro-de-mira-del-primer-encuentro-de-enfermeras-con-la-consejeria-de-servicios-sociales\/\" \/>\n<meta property=\"og:locale\" content=\"es_ES\" \/>\n<meta property=\"og:type\" content=\"article\" \/>\n<meta property=\"og:title\" content=\"La dependencia en el centro de mira del primer encuentro de enfermeras con la Consejer\u00eda de Servicios Sociales - Asociaci\u00f3n Espa\u00f1ola S\u00edndrome de Charge\" \/>\n<meta property=\"og:description\" content=\"Leemos en 20minutos la siguiente noticia que os reproducimos de forma \u00edntegra: Han centrado la conversaci\u00f3n en el equipo de valoraci\u00f3n de la dependencia riojana dado que sorprende mucho a las enfermeras que la Consejer\u00eda \u00absiga sin contar con nuestro colectivo en las valoraciones, dado que somos las especialistas en cuidados y las que mejor [&hellip;]\" \/>\n<meta property=\"og:url\" content=\"https:\/\/sindromecharge.es\/index.php\/2021\/05\/20\/la-dependencia-en-el-centro-de-mira-del-primer-encuentro-de-enfermeras-con-la-consejeria-de-servicios-sociales\/\" \/>\n<meta property=\"og:site_name\" content=\"Asociaci\u00f3n Espa\u00f1ola S\u00edndrome de Charge\" \/>\n<meta property=\"article:publisher\" content=\"https:\/\/www.facebook.com\/asociacionsindromecharge\" \/>\n<meta property=\"article:published_time\" content=\"2021-05-20T07:20:05+00:00\" \/>\n<meta property=\"og:image\" content=\"https:\/\/sindromecharge.es\/wp-content\/uploads\/2013\/09\/logodecharge300x98.png\" \/>\n\t<meta property=\"og:image:width\" content=\"300\" \/>\n\t<meta property=\"og:image:height\" content=\"98\" \/>\n\t<meta property=\"og:image:type\" content=\"image\/png\" \/>\n<meta name=\"author\" content=\"Charge\" \/>\n<meta name=\"twitter:card\" content=\"summary_large_image\" \/>\n<meta name=\"twitter:creator\" content=\"@sindromecharge\" \/>\n<meta name=\"twitter:site\" content=\"@sindromecharge\" \/>\n<meta name=\"twitter:label1\" content=\"Escrito por\" \/>\n\t<meta name=\"twitter:data1\" content=\"Charge\" \/>\n\t<meta name=\"twitter:label2\" content=\"Tiempo de lectura\" \/>\n\t<meta name=\"twitter:data2\" content=\"2 minutos\" \/>\n<script type=\"application\/ld+json\" class=\"yoast-schema-graph\">{\"@context\":\"https:\\\/\\\/schema.org\",\"@graph\":[{\"@type\":\"Article\",\"@id\":\"https:\\\/\\\/sindromecharge.es\\\/index.php\\\/2021\\\/05\\\/20\\\/la-dependencia-en-el-centro-de-mira-del-primer-encuentro-de-enfermeras-con-la-consejeria-de-servicios-sociales\\\/#article\",\"isPartOf\":{\"@id\":\"https:\\\/\\\/sindromecharge.es\\\/index.php\\\/2021\\\/05\\\/20\\\/la-dependencia-en-el-centro-de-mira-del-primer-encuentro-de-enfermeras-con-la-consejeria-de-servicios-sociales\\\/\"},\"author\":{\"name\":\"Charge\",\"@id\":\"https:\\\/\\\/sindromecharge.es\\\/#\\\/schema\\\/person\\\/39a60ebe0a2b4d5a11179701e336b039\"},\"headline\":\"La dependencia en el centro de mira del primer encuentro de enfermeras con la Consejer\u00eda de Servicios Sociales\",\"datePublished\":\"2021-05-20T07:20:05+00:00\",\"mainEntityOfPage\":{\"@id\":\"https:\\\/\\\/sindromecharge.es\\\/index.php\\\/2021\\\/05\\\/20\\\/la-dependencia-en-el-centro-de-mira-del-primer-encuentro-de-enfermeras-con-la-consejeria-de-servicios-sociales\\\/\"},\"wordCount\":389,\"commentCount\":0,\"keywords\":[\"discapacidad\"],\"articleSection\":[\"noticias\"],\"inLanguage\":\"es\",\"potentialAction\":[{\"@type\":\"CommentAction\",\"name\":\"Comment\",\"target\":[\"https:\\\/\\\/sindromecharge.es\\\/index.php\\\/2021\\\/05\\\/20\\\/la-dependencia-en-el-centro-de-mira-del-primer-encuentro-de-enfermeras-con-la-consejeria-de-servicios-sociales\\\/#respond\"]}]},{\"@type\":\"WebPage\",\"@id\":\"https:\\\/\\\/sindromecharge.es\\\/index.php\\\/2021\\\/05\\\/20\\\/la-dependencia-en-el-centro-de-mira-del-primer-encuentro-de-enfermeras-con-la-consejeria-de-servicios-sociales\\\/\",\"url\":\"https:\\\/\\\/sindromecharge.es\\\/index.php\\\/2021\\\/05\\\/20\\\/la-dependencia-en-el-centro-de-mira-del-primer-encuentro-de-enfermeras-con-la-consejeria-de-servicios-sociales\\\/\",\"name\":\"La dependencia en el centro de mira del primer encuentro de enfermeras con la Consejer\u00eda de Servicios Sociales - Asociaci\u00f3n Espa\u00f1ola S\u00edndrome de Charge\",\"isPartOf\":{\"@id\":\"https:\\\/\\\/sindromecharge.es\\\/#website\"},\"datePublished\":\"2021-05-20T07:20:05+00:00\",\"author\":{\"@id\":\"https:\\\/\\\/sindromecharge.es\\\/#\\\/schema\\\/person\\\/39a60ebe0a2b4d5a11179701e336b039\"},\"breadcrumb\":{\"@id\":\"https:\\\/\\\/sindromecharge.es\\\/index.php\\\/2021\\\/05\\\/20\\\/la-dependencia-en-el-centro-de-mira-del-primer-encuentro-de-enfermeras-con-la-consejeria-de-servicios-sociales\\\/#breadcrumb\"},\"inLanguage\":\"es\",\"potentialAction\":[{\"@type\":\"ReadAction\",\"target\":[\"https:\\\/\\\/sindromecharge.es\\\/index.php\\\/2021\\\/05\\\/20\\\/la-dependencia-en-el-centro-de-mira-del-primer-encuentro-de-enfermeras-con-la-consejeria-de-servicios-sociales\\\/\"]}]},{\"@type\":\"BreadcrumbList\",\"@id\":\"https:\\\/\\\/sindromecharge.es\\\/index.php\\\/2021\\\/05\\\/20\\\/la-dependencia-en-el-centro-de-mira-del-primer-encuentro-de-enfermeras-con-la-consejeria-de-servicios-sociales\\\/#breadcrumb\",\"itemListElement\":[{\"@type\":\"ListItem\",\"position\":1,\"name\":\"Portada\",\"item\":\"https:\\\/\\\/sindromecharge.es\\\/\"},{\"@type\":\"ListItem\",\"position\":2,\"name\":\"La dependencia en el centro de mira del primer encuentro de enfermeras con la Consejer\u00eda de Servicios Sociales\"}]},{\"@type\":\"WebSite\",\"@id\":\"https:\\\/\\\/sindromecharge.es\\\/#website\",\"url\":\"https:\\\/\\\/sindromecharge.es\\\/\",\"name\":\"Asociaci\u00f3n Espa\u00f1ola S\u00edndrome de Charge\",\"description\":\"\",\"potentialAction\":[{\"@type\":\"SearchAction\",\"target\":{\"@type\":\"EntryPoint\",\"urlTemplate\":\"https:\\\/\\\/sindromecharge.es\\\/?s={search_term_string}\"},\"query-input\":{\"@type\":\"PropertyValueSpecification\",\"valueRequired\":true,\"valueName\":\"search_term_string\"}}],\"inLanguage\":\"es\"},{\"@type\":\"Person\",\"@id\":\"https:\\\/\\\/sindromecharge.es\\\/#\\\/schema\\\/person\\\/39a60ebe0a2b4d5a11179701e336b039\",\"name\":\"Charge\",\"image\":{\"@type\":\"ImageObject\",\"inLanguage\":\"es\",\"@id\":\"https:\\\/\\\/secure.gravatar.com\\\/avatar\\\/c3b46e32a0fc3b093a0873fb767bf3293de856293065e84ef06b7ec7a8acfb98?s=96&d=identicon&r=x\",\"url\":\"https:\\\/\\\/secure.gravatar.com\\\/avatar\\\/c3b46e32a0fc3b093a0873fb767bf3293de856293065e84ef06b7ec7a8acfb98?s=96&d=identicon&r=x\",\"contentUrl\":\"https:\\\/\\\/secure.gravatar.com\\\/avatar\\\/c3b46e32a0fc3b093a0873fb767bf3293de856293065e84ef06b7ec7a8acfb98?s=96&d=identicon&r=x\",\"caption\":\"Charge\"},\"url\":\"https:\\\/\\\/sindromecharge.es\\\/index.php\\\/author\\\/admin\\\/\"}]}<\/script>\n<!-- \/ Yoast SEO plugin. -->","yoast_head_json":{"title":"La dependencia en el centro de mira del primer encuentro de enfermeras con la Consejer\u00eda de Servicios Sociales - Asociaci\u00f3n Espa\u00f1ola S\u00edndrome de Charge","robots":{"index":"index","follow":"follow","max-snippet":"max-snippet:-1","max-image-preview":"max-image-preview:large","max-video-preview":"max-video-preview:-1"},"canonical":"https:\/\/sindromecharge.es\/index.php\/2021\/05\/20\/la-dependencia-en-el-centro-de-mira-del-primer-encuentro-de-enfermeras-con-la-consejeria-de-servicios-sociales\/","og_locale":"es_ES","og_type":"article","og_title":"La dependencia en el centro de mira del primer encuentro de enfermeras con la Consejer\u00eda de Servicios Sociales - Asociaci\u00f3n Espa\u00f1ola S\u00edndrome de Charge","og_description":"Leemos en 20minutos la siguiente noticia que os reproducimos de forma \u00edntegra: Han centrado la conversaci\u00f3n en el equipo de valoraci\u00f3n de la dependencia riojana dado que sorprende mucho a las enfermeras que la Consejer\u00eda \u00absiga sin contar con nuestro colectivo en las valoraciones, dado que somos las especialistas en cuidados y las que mejor [&hellip;]","og_url":"https:\/\/sindromecharge.es\/index.php\/2021\/05\/20\/la-dependencia-en-el-centro-de-mira-del-primer-encuentro-de-enfermeras-con-la-consejeria-de-servicios-sociales\/","og_site_name":"Asociaci\u00f3n Espa\u00f1ola S\u00edndrome de Charge","article_publisher":"https:\/\/www.facebook.com\/asociacionsindromecharge","article_published_time":"2021-05-20T07:20:05+00:00","og_image":[{"width":300,"height":98,"url":"https:\/\/sindromecharge.es\/wp-content\/uploads\/2013\/09\/logodecharge300x98.png","type":"image\/png"}],"author":"Charge","twitter_card":"summary_large_image","twitter_creator":"@sindromecharge","twitter_site":"@sindromecharge","twitter_misc":{"Escrito por":"Charge","Tiempo de lectura":"2 minutos"},"schema":{"@context":"https:\/\/schema.org","@graph":[{"@type":"Article","@id":"https:\/\/sindromecharge.es\/index.php\/2021\/05\/20\/la-dependencia-en-el-centro-de-mira-del-primer-encuentro-de-enfermeras-con-la-consejeria-de-servicios-sociales\/#article","isPartOf":{"@id":"https:\/\/sindromecharge.es\/index.php\/2021\/05\/20\/la-dependencia-en-el-centro-de-mira-del-primer-encuentro-de-enfermeras-con-la-consejeria-de-servicios-sociales\/"},"author":{"name":"Charge","@id":"https:\/\/sindromecharge.es\/#\/schema\/person\/39a60ebe0a2b4d5a11179701e336b039"},"headline":"La dependencia en el centro de mira del primer encuentro de enfermeras con la Consejer\u00eda de Servicios Sociales","datePublished":"2021-05-20T07:20:05+00:00","mainEntityOfPage":{"@id":"https:\/\/sindromecharge.es\/index.php\/2021\/05\/20\/la-dependencia-en-el-centro-de-mira-del-primer-encuentro-de-enfermeras-con-la-consejeria-de-servicios-sociales\/"},"wordCount":389,"commentCount":0,"keywords":["discapacidad"],"articleSection":["noticias"],"inLanguage":"es","potentialAction":[{"@type":"CommentAction","name":"Comment","target":["https:\/\/sindromecharge.es\/index.php\/2021\/05\/20\/la-dependencia-en-el-centro-de-mira-del-primer-encuentro-de-enfermeras-con-la-consejeria-de-servicios-sociales\/#respond"]}]},{"@type":"WebPage","@id":"https:\/\/sindromecharge.es\/index.php\/2021\/05\/20\/la-dependencia-en-el-centro-de-mira-del-primer-encuentro-de-enfermeras-con-la-consejeria-de-servicios-sociales\/","url":"https:\/\/sindromecharge.es\/index.php\/2021\/05\/20\/la-dependencia-en-el-centro-de-mira-del-primer-encuentro-de-enfermeras-con-la-consejeria-de-servicios-sociales\/","name":"La dependencia en el centro de mira del primer encuentro de enfermeras con la Consejer\u00eda de Servicios Sociales - Asociaci\u00f3n Espa\u00f1ola S\u00edndrome de Charge","isPartOf":{"@id":"https:\/\/sindromecharge.es\/#website"},"datePublished":"2021-05-20T07:20:05+00:00","author":{"@id":"https:\/\/sindromecharge.es\/#\/schema\/person\/39a60ebe0a2b4d5a11179701e336b039"},"breadcrumb":{"@id":"https:\/\/sindromecharge.es\/index.php\/2021\/05\/20\/la-dependencia-en-el-centro-de-mira-del-primer-encuentro-de-enfermeras-con-la-consejeria-de-servicios-sociales\/#breadcrumb"},"inLanguage":"es","potentialAction":[{"@type":"ReadAction","target":["https:\/\/sindromecharge.es\/index.php\/2021\/05\/20\/la-dependencia-en-el-centro-de-mira-del-primer-encuentro-de-enfermeras-con-la-consejeria-de-servicios-sociales\/"]}]},{"@type":"BreadcrumbList","@id":"https:\/\/sindromecharge.es\/index.php\/2021\/05\/20\/la-dependencia-en-el-centro-de-mira-del-primer-encuentro-de-enfermeras-con-la-consejeria-de-servicios-sociales\/#breadcrumb","itemListElement":[{"@type":"ListItem","position":1,"name":"Portada","item":"https:\/\/sindromecharge.es\/"},{"@type":"ListItem","position":2,"name":"La dependencia en el centro de mira del primer encuentro de enfermeras con la Consejer\u00eda de Servicios Sociales"}]},{"@type":"WebSite","@id":"https:\/\/sindromecharge.es\/#website","url":"https:\/\/sindromecharge.es\/","name":"Asociaci\u00f3n Espa\u00f1ola S\u00edndrome de Charge","description":"","potentialAction":[{"@type":"SearchAction","target":{"@type":"EntryPoint","urlTemplate":"https:\/\/sindromecharge.es\/?s={search_term_string}"},"query-input":{"@type":"PropertyValueSpecification","valueRequired":true,"valueName":"search_term_string"}}],"inLanguage":"es"},{"@type":"Person","@id":"https:\/\/sindromecharge.es\/#\/schema\/person\/39a60ebe0a2b4d5a11179701e336b039","name":"Charge","image":{"@type":"ImageObject","inLanguage":"es","@id":"https:\/\/secure.gravatar.com\/avatar\/c3b46e32a0fc3b093a0873fb767bf3293de856293065e84ef06b7ec7a8acfb98?s=96&d=identicon&r=x","url":"https:\/\/secure.gravatar.com\/avatar\/c3b46e32a0fc3b093a0873fb767bf3293de856293065e84ef06b7ec7a8acfb98?s=96&d=identicon&r=x","contentUrl":"https:\/\/secure.gravatar.com\/avatar\/c3b46e32a0fc3b093a0873fb767bf3293de856293065e84ef06b7ec7a8acfb98?s=96&d=identicon&r=x","caption":"Charge"},"url":"https:\/\/sindromecharge.es\/index.php\/author\/admin\/"}]}},"_links":{"self":[{"href":"https:\/\/sindromecharge.es\/index.php\/wp-json\/wp\/v2\/posts\/7190","targetHints":{"allow":["GET"]}}],"collection":[{"href":"https:\/\/sindromecharge.es\/index.php\/wp-json\/wp\/v2\/posts"}],"about":[{"href":"https:\/\/sindromecharge.es\/index.php\/wp-json\/wp\/v2\/types\/post"}],"author":[{"embeddable":true,"href":"https:\/\/sindromecharge.es\/index.php\/wp-json\/wp\/v2\/users\/1"}],"replies":[{"embeddable":true,"href":"https:\/\/sindromecharge.es\/index.php\/wp-json\/wp\/v2\/comments?post=7190"}],"version-history":[{"count":0,"href":"https:\/\/sindromecharge.es\/index.php\/wp-json\/wp\/v2\/posts\/7190\/revisions"}],"wp:attachment":[{"href":"https:\/\/sindromecharge.es\/index.php\/wp-json\/wp\/v2\/media?parent=7190"}],"wp:term":[{"taxonomy":"category","embeddable":true,"href":"https:\/\/sindromecharge.es\/index.php\/wp-json\/wp\/v2\/categories?post=7190"},{"taxonomy":"post_tag","embeddable":true,"href":"https:\/\/sindromecharge.es\/index.php\/wp-json\/wp\/v2\/tags?post=7190"}],"curies":[{"name":"wp","href":"https:\/\/api.w.org\/{rel}","templated":true}]}}