{"id":7189,"date":"2021-05-20T07:07:03","date_gmt":"2021-05-20T07:07:03","guid":{"rendered":"https:\/\/sindromecharge.es\/index.php\/2021\/05\/20\/nos-solidarizamos-con-las-personas-con-sindrome-de-williams-en-su-dia-europeo\/"},"modified":"2021-05-20T07:07:03","modified_gmt":"2021-05-20T07:07:03","slug":"nos-solidarizamos-con-las-personas-con-sindrome-de-williams-en-su-dia-europeo","status":"publish","type":"post","link":"https:\/\/sindromecharge.es\/index.php\/2021\/05\/20\/nos-solidarizamos-con-las-personas-con-sindrome-de-williams-en-su-dia-europeo\/","title":{"rendered":"Nos solidarizamos con las personas con S\u00edndrome de Williams en su D\u00eda Europeo"},"content":{"rendered":"<p>Leemos en FEDER la siguiente noticia que os reproducimos de forma \u00edntegra: <\/p>\n<p>&nbsp;<\/p>\n<p>La Federaci\u00f3n Espa\u00f1ola de Enfermedades Raras (FEDER) se una al D\u00eda Europeo del S\u00edndrome de Williams para concienciar a la poblaci\u00f3n sobre esta patolog\u00eda que ocurre en 1 de cada 7.500 nacimientos. Esta jornada tiene como objetivo posicionar la realidad del colectivo e impulsar la transformaci\u00f3n social a trav\u00e9s de la difusi\u00f3n de informaci\u00f3n.<\/p>\n<p>El S\u00edndrome de Williams es una alteraci\u00f3n gen\u00e9tica y est\u00e1 caracterizado por, rasgos faciales t\u00edpicos, discapacidad intelectual leve o moderada, hipercalcemia &#8211; niveles de calcio en sangre elevados &#8211; en la infancia y estenosis a\u00f3rtica supravalvular, un estrechamiento de la arteria principal inmediatamente al salir del coraz\u00f3n.<\/p>\n<p>\u201cToda la familia FEDER se adhiere a esta jornada para trasladar fuerza y esperanza a las personas que conviven con S\u00edndrome de Williams y a sus familiares, quienes luchan diariamente. Adem\u00e1s, aplaudimos la labor de las entidades del movimiento asociativo, las cuales trabajan para garantizar al bienestar de los pacientes y su entorno\u201d afirma Juan Carri\u00f3n, Presidente de FEDER y su Fundaci\u00f3n.<\/p>\n<p>Las entidades del movimiento asociativo trabajan diariamente por la defensa de los derechos de las personas con S\u00edndrome de Williams, por la concienciaci\u00f3n de la poblaci\u00f3n sobre esta patolog\u00eda, por la promoci\u00f3n de su integraci\u00f3n social y laboral. As\u00ed como, faciltar el acceso a terapias especializadas en la atenci\u00f3n psico-social. Todos estos esfuerzos son para lograr un objetivo, mejorar la calidad de vida de las personas con este s\u00edndrome y el de sus familias.<\/p>\n<p>Entidades como la Asociaci\u00f3n S\u00edndrome de Williams de Espa\u00f1a, la Asociaci\u00f3n Valenciana S\u00edndrome de Williams, la Asociaci\u00f3n S\u00edndrome de Williams de Andaluc\u00eda, la Associaci\u00f3 Catalana del S\u00edndrome de Williams o la Asociaci\u00f3n S\u00edndrome de Williams de Cantabria son un pilar fundamental para las personas con esta patolog\u00eda y sus familiares, pues trabajan para garantizar su bienestar.<\/p>\n<p>\u00daltima actualizaci\u00f3n 20\/05\/2021<\/p>\n<p>&nbsp;<\/p>\n<p>Fuente: FEDER <a href=\"https:\/\/enfermedades-raras.org\/index.php\/actualidad\/noticias-eventos\/2-feder\/15398-nos-solidarizamos-con-las-personas-con-s%C3%ADndrome-de-williams-en-su-d%C3%ADa-europeo\" target=\"_blank\" rel=\"noopener\">Nos solidarizamos con las personas con S\u00edndrome de Williams en su D\u00eda Europeo<\/a><\/p>\n","protected":false},"excerpt":{"rendered":"<p>Leemos en FEDER la siguiente noticia que os reproducimos de forma \u00edntegra: &nbsp; La Federaci\u00f3n Espa\u00f1ola de Enfermedades Raras (FEDER) se una al D\u00eda Europeo del S\u00edndrome de Williams para concienciar a la poblaci\u00f3n sobre esta patolog\u00eda que ocurre en 1 de cada 7.500 nacimientos. Esta jornada tiene como objetivo posicionar la realidad del colectivo [&hellip;]<\/p>\n","protected":false},"author":1,"featured_media":0,"comment_status":"open","ping_status":"closed","sticky":false,"template":"","format":"standard","meta":{"footnotes":""},"categories":[8],"tags":[36],"class_list":["post-7189","post","type-post","status-publish","format-standard","hentry","category-noticias","tag-enfermedades-raras"],"yoast_head":"<!-- This site is optimized with the Yoast SEO plugin v27.5 - https:\/\/yoast.com\/product\/yoast-seo-wordpress\/ -->\n<title>Nos solidarizamos con las personas con S\u00edndrome de Williams en su D\u00eda Europeo - Asociaci\u00f3n Espa\u00f1ola S\u00edndrome de Charge<\/title>\n<meta name=\"robots\" content=\"index, follow, max-snippet:-1, max-image-preview:large, max-video-preview:-1\" \/>\n<link rel=\"canonical\" href=\"https:\/\/sindromecharge.es\/index.php\/2021\/05\/20\/nos-solidarizamos-con-las-personas-con-sindrome-de-williams-en-su-dia-europeo\/\" \/>\n<meta property=\"og:locale\" content=\"es_ES\" \/>\n<meta property=\"og:type\" content=\"article\" \/>\n<meta property=\"og:title\" content=\"Nos solidarizamos con las personas con S\u00edndrome de Williams en su D\u00eda Europeo - Asociaci\u00f3n Espa\u00f1ola S\u00edndrome de Charge\" \/>\n<meta property=\"og:description\" content=\"Leemos en FEDER la siguiente noticia que os reproducimos de forma \u00edntegra: &nbsp; La Federaci\u00f3n Espa\u00f1ola de Enfermedades Raras (FEDER) se una al D\u00eda Europeo del S\u00edndrome de Williams para concienciar a la poblaci\u00f3n sobre esta patolog\u00eda que ocurre en 1 de cada 7.500 nacimientos. Esta jornada tiene como objetivo posicionar la realidad del colectivo [&hellip;]\" \/>\n<meta property=\"og:url\" content=\"https:\/\/sindromecharge.es\/index.php\/2021\/05\/20\/nos-solidarizamos-con-las-personas-con-sindrome-de-williams-en-su-dia-europeo\/\" \/>\n<meta property=\"og:site_name\" content=\"Asociaci\u00f3n Espa\u00f1ola S\u00edndrome de Charge\" \/>\n<meta property=\"article:publisher\" content=\"https:\/\/www.facebook.com\/asociacionsindromecharge\" \/>\n<meta property=\"article:published_time\" content=\"2021-05-20T07:07:03+00:00\" \/>\n<meta property=\"og:image\" content=\"https:\/\/sindromecharge.es\/wp-content\/uploads\/2013\/09\/logodecharge300x98.png\" \/>\n\t<meta property=\"og:image:width\" content=\"300\" \/>\n\t<meta property=\"og:image:height\" content=\"98\" \/>\n\t<meta property=\"og:image:type\" content=\"image\/png\" \/>\n<meta name=\"author\" content=\"Charge\" \/>\n<meta name=\"twitter:card\" content=\"summary_large_image\" \/>\n<meta name=\"twitter:creator\" content=\"@sindromecharge\" \/>\n<meta name=\"twitter:site\" content=\"@sindromecharge\" \/>\n<meta name=\"twitter:label1\" content=\"Escrito por\" \/>\n\t<meta name=\"twitter:data1\" content=\"Charge\" \/>\n\t<meta name=\"twitter:label2\" content=\"Tiempo de lectura\" \/>\n\t<meta name=\"twitter:data2\" content=\"2 minutos\" \/>\n<script type=\"application\/ld+json\" class=\"yoast-schema-graph\">{\"@context\":\"https:\\\/\\\/schema.org\",\"@graph\":[{\"@type\":\"Article\",\"@id\":\"https:\\\/\\\/sindromecharge.es\\\/index.php\\\/2021\\\/05\\\/20\\\/nos-solidarizamos-con-las-personas-con-sindrome-de-williams-en-su-dia-europeo\\\/#article\",\"isPartOf\":{\"@id\":\"https:\\\/\\\/sindromecharge.es\\\/index.php\\\/2021\\\/05\\\/20\\\/nos-solidarizamos-con-las-personas-con-sindrome-de-williams-en-su-dia-europeo\\\/\"},\"author\":{\"name\":\"Charge\",\"@id\":\"https:\\\/\\\/sindromecharge.es\\\/#\\\/schema\\\/person\\\/39a60ebe0a2b4d5a11179701e336b039\"},\"headline\":\"Nos solidarizamos con las personas con S\u00edndrome de Williams en su D\u00eda Europeo\",\"datePublished\":\"2021-05-20T07:07:03+00:00\",\"mainEntityOfPage\":{\"@id\":\"https:\\\/\\\/sindromecharge.es\\\/index.php\\\/2021\\\/05\\\/20\\\/nos-solidarizamos-con-las-personas-con-sindrome-de-williams-en-su-dia-europeo\\\/\"},\"wordCount\":380,\"commentCount\":0,\"keywords\":[\"enfermedades raras\"],\"articleSection\":[\"noticias\"],\"inLanguage\":\"es\",\"potentialAction\":[{\"@type\":\"CommentAction\",\"name\":\"Comment\",\"target\":[\"https:\\\/\\\/sindromecharge.es\\\/index.php\\\/2021\\\/05\\\/20\\\/nos-solidarizamos-con-las-personas-con-sindrome-de-williams-en-su-dia-europeo\\\/#respond\"]}]},{\"@type\":\"WebPage\",\"@id\":\"https:\\\/\\\/sindromecharge.es\\\/index.php\\\/2021\\\/05\\\/20\\\/nos-solidarizamos-con-las-personas-con-sindrome-de-williams-en-su-dia-europeo\\\/\",\"url\":\"https:\\\/\\\/sindromecharge.es\\\/index.php\\\/2021\\\/05\\\/20\\\/nos-solidarizamos-con-las-personas-con-sindrome-de-williams-en-su-dia-europeo\\\/\",\"name\":\"Nos solidarizamos con las personas con S\u00edndrome de Williams en su D\u00eda Europeo - Asociaci\u00f3n Espa\u00f1ola S\u00edndrome de Charge\",\"isPartOf\":{\"@id\":\"https:\\\/\\\/sindromecharge.es\\\/#website\"},\"datePublished\":\"2021-05-20T07:07:03+00:00\",\"author\":{\"@id\":\"https:\\\/\\\/sindromecharge.es\\\/#\\\/schema\\\/person\\\/39a60ebe0a2b4d5a11179701e336b039\"},\"breadcrumb\":{\"@id\":\"https:\\\/\\\/sindromecharge.es\\\/index.php\\\/2021\\\/05\\\/20\\\/nos-solidarizamos-con-las-personas-con-sindrome-de-williams-en-su-dia-europeo\\\/#breadcrumb\"},\"inLanguage\":\"es\",\"potentialAction\":[{\"@type\":\"ReadAction\",\"target\":[\"https:\\\/\\\/sindromecharge.es\\\/index.php\\\/2021\\\/05\\\/20\\\/nos-solidarizamos-con-las-personas-con-sindrome-de-williams-en-su-dia-europeo\\\/\"]}]},{\"@type\":\"BreadcrumbList\",\"@id\":\"https:\\\/\\\/sindromecharge.es\\\/index.php\\\/2021\\\/05\\\/20\\\/nos-solidarizamos-con-las-personas-con-sindrome-de-williams-en-su-dia-europeo\\\/#breadcrumb\",\"itemListElement\":[{\"@type\":\"ListItem\",\"position\":1,\"name\":\"Portada\",\"item\":\"https:\\\/\\\/sindromecharge.es\\\/\"},{\"@type\":\"ListItem\",\"position\":2,\"name\":\"Nos solidarizamos con las personas con S\u00edndrome de Williams en su D\u00eda Europeo\"}]},{\"@type\":\"WebSite\",\"@id\":\"https:\\\/\\\/sindromecharge.es\\\/#website\",\"url\":\"https:\\\/\\\/sindromecharge.es\\\/\",\"name\":\"Asociaci\u00f3n Espa\u00f1ola S\u00edndrome de Charge\",\"description\":\"\",\"potentialAction\":[{\"@type\":\"SearchAction\",\"target\":{\"@type\":\"EntryPoint\",\"urlTemplate\":\"https:\\\/\\\/sindromecharge.es\\\/?s={search_term_string}\"},\"query-input\":{\"@type\":\"PropertyValueSpecification\",\"valueRequired\":true,\"valueName\":\"search_term_string\"}}],\"inLanguage\":\"es\"},{\"@type\":\"Person\",\"@id\":\"https:\\\/\\\/sindromecharge.es\\\/#\\\/schema\\\/person\\\/39a60ebe0a2b4d5a11179701e336b039\",\"name\":\"Charge\",\"image\":{\"@type\":\"ImageObject\",\"inLanguage\":\"es\",\"@id\":\"https:\\\/\\\/secure.gravatar.com\\\/avatar\\\/c3b46e32a0fc3b093a0873fb767bf3293de856293065e84ef06b7ec7a8acfb98?s=96&d=identicon&r=x\",\"url\":\"https:\\\/\\\/secure.gravatar.com\\\/avatar\\\/c3b46e32a0fc3b093a0873fb767bf3293de856293065e84ef06b7ec7a8acfb98?s=96&d=identicon&r=x\",\"contentUrl\":\"https:\\\/\\\/secure.gravatar.com\\\/avatar\\\/c3b46e32a0fc3b093a0873fb767bf3293de856293065e84ef06b7ec7a8acfb98?s=96&d=identicon&r=x\",\"caption\":\"Charge\"},\"url\":\"https:\\\/\\\/sindromecharge.es\\\/index.php\\\/author\\\/admin\\\/\"}]}<\/script>\n<!-- \/ Yoast SEO plugin. -->","yoast_head_json":{"title":"Nos solidarizamos con las personas con S\u00edndrome de Williams en su D\u00eda Europeo - Asociaci\u00f3n Espa\u00f1ola S\u00edndrome de Charge","robots":{"index":"index","follow":"follow","max-snippet":"max-snippet:-1","max-image-preview":"max-image-preview:large","max-video-preview":"max-video-preview:-1"},"canonical":"https:\/\/sindromecharge.es\/index.php\/2021\/05\/20\/nos-solidarizamos-con-las-personas-con-sindrome-de-williams-en-su-dia-europeo\/","og_locale":"es_ES","og_type":"article","og_title":"Nos solidarizamos con las personas con S\u00edndrome de Williams en su D\u00eda Europeo - Asociaci\u00f3n Espa\u00f1ola S\u00edndrome de Charge","og_description":"Leemos en FEDER la siguiente noticia que os reproducimos de forma \u00edntegra: &nbsp; La Federaci\u00f3n Espa\u00f1ola de Enfermedades Raras (FEDER) se una al D\u00eda Europeo del S\u00edndrome de Williams para concienciar a la poblaci\u00f3n sobre esta patolog\u00eda que ocurre en 1 de cada 7.500 nacimientos. Esta jornada tiene como objetivo posicionar la realidad del colectivo [&hellip;]","og_url":"https:\/\/sindromecharge.es\/index.php\/2021\/05\/20\/nos-solidarizamos-con-las-personas-con-sindrome-de-williams-en-su-dia-europeo\/","og_site_name":"Asociaci\u00f3n Espa\u00f1ola S\u00edndrome de Charge","article_publisher":"https:\/\/www.facebook.com\/asociacionsindromecharge","article_published_time":"2021-05-20T07:07:03+00:00","og_image":[{"width":300,"height":98,"url":"https:\/\/sindromecharge.es\/wp-content\/uploads\/2013\/09\/logodecharge300x98.png","type":"image\/png"}],"author":"Charge","twitter_card":"summary_large_image","twitter_creator":"@sindromecharge","twitter_site":"@sindromecharge","twitter_misc":{"Escrito por":"Charge","Tiempo de lectura":"2 minutos"},"schema":{"@context":"https:\/\/schema.org","@graph":[{"@type":"Article","@id":"https:\/\/sindromecharge.es\/index.php\/2021\/05\/20\/nos-solidarizamos-con-las-personas-con-sindrome-de-williams-en-su-dia-europeo\/#article","isPartOf":{"@id":"https:\/\/sindromecharge.es\/index.php\/2021\/05\/20\/nos-solidarizamos-con-las-personas-con-sindrome-de-williams-en-su-dia-europeo\/"},"author":{"name":"Charge","@id":"https:\/\/sindromecharge.es\/#\/schema\/person\/39a60ebe0a2b4d5a11179701e336b039"},"headline":"Nos solidarizamos con las personas con S\u00edndrome de Williams en su D\u00eda Europeo","datePublished":"2021-05-20T07:07:03+00:00","mainEntityOfPage":{"@id":"https:\/\/sindromecharge.es\/index.php\/2021\/05\/20\/nos-solidarizamos-con-las-personas-con-sindrome-de-williams-en-su-dia-europeo\/"},"wordCount":380,"commentCount":0,"keywords":["enfermedades raras"],"articleSection":["noticias"],"inLanguage":"es","potentialAction":[{"@type":"CommentAction","name":"Comment","target":["https:\/\/sindromecharge.es\/index.php\/2021\/05\/20\/nos-solidarizamos-con-las-personas-con-sindrome-de-williams-en-su-dia-europeo\/#respond"]}]},{"@type":"WebPage","@id":"https:\/\/sindromecharge.es\/index.php\/2021\/05\/20\/nos-solidarizamos-con-las-personas-con-sindrome-de-williams-en-su-dia-europeo\/","url":"https:\/\/sindromecharge.es\/index.php\/2021\/05\/20\/nos-solidarizamos-con-las-personas-con-sindrome-de-williams-en-su-dia-europeo\/","name":"Nos solidarizamos con las personas con S\u00edndrome de Williams en su D\u00eda Europeo - Asociaci\u00f3n Espa\u00f1ola S\u00edndrome de Charge","isPartOf":{"@id":"https:\/\/sindromecharge.es\/#website"},"datePublished":"2021-05-20T07:07:03+00:00","author":{"@id":"https:\/\/sindromecharge.es\/#\/schema\/person\/39a60ebe0a2b4d5a11179701e336b039"},"breadcrumb":{"@id":"https:\/\/sindromecharge.es\/index.php\/2021\/05\/20\/nos-solidarizamos-con-las-personas-con-sindrome-de-williams-en-su-dia-europeo\/#breadcrumb"},"inLanguage":"es","potentialAction":[{"@type":"ReadAction","target":["https:\/\/sindromecharge.es\/index.php\/2021\/05\/20\/nos-solidarizamos-con-las-personas-con-sindrome-de-williams-en-su-dia-europeo\/"]}]},{"@type":"BreadcrumbList","@id":"https:\/\/sindromecharge.es\/index.php\/2021\/05\/20\/nos-solidarizamos-con-las-personas-con-sindrome-de-williams-en-su-dia-europeo\/#breadcrumb","itemListElement":[{"@type":"ListItem","position":1,"name":"Portada","item":"https:\/\/sindromecharge.es\/"},{"@type":"ListItem","position":2,"name":"Nos solidarizamos con las personas con S\u00edndrome de Williams en su D\u00eda Europeo"}]},{"@type":"WebSite","@id":"https:\/\/sindromecharge.es\/#website","url":"https:\/\/sindromecharge.es\/","name":"Asociaci\u00f3n Espa\u00f1ola S\u00edndrome de Charge","description":"","potentialAction":[{"@type":"SearchAction","target":{"@type":"EntryPoint","urlTemplate":"https:\/\/sindromecharge.es\/?s={search_term_string}"},"query-input":{"@type":"PropertyValueSpecification","valueRequired":true,"valueName":"search_term_string"}}],"inLanguage":"es"},{"@type":"Person","@id":"https:\/\/sindromecharge.es\/#\/schema\/person\/39a60ebe0a2b4d5a11179701e336b039","name":"Charge","image":{"@type":"ImageObject","inLanguage":"es","@id":"https:\/\/secure.gravatar.com\/avatar\/c3b46e32a0fc3b093a0873fb767bf3293de856293065e84ef06b7ec7a8acfb98?s=96&d=identicon&r=x","url":"https:\/\/secure.gravatar.com\/avatar\/c3b46e32a0fc3b093a0873fb767bf3293de856293065e84ef06b7ec7a8acfb98?s=96&d=identicon&r=x","contentUrl":"https:\/\/secure.gravatar.com\/avatar\/c3b46e32a0fc3b093a0873fb767bf3293de856293065e84ef06b7ec7a8acfb98?s=96&d=identicon&r=x","caption":"Charge"},"url":"https:\/\/sindromecharge.es\/index.php\/author\/admin\/"}]}},"_links":{"self":[{"href":"https:\/\/sindromecharge.es\/index.php\/wp-json\/wp\/v2\/posts\/7189","targetHints":{"allow":["GET"]}}],"collection":[{"href":"https:\/\/sindromecharge.es\/index.php\/wp-json\/wp\/v2\/posts"}],"about":[{"href":"https:\/\/sindromecharge.es\/index.php\/wp-json\/wp\/v2\/types\/post"}],"author":[{"embeddable":true,"href":"https:\/\/sindromecharge.es\/index.php\/wp-json\/wp\/v2\/users\/1"}],"replies":[{"embeddable":true,"href":"https:\/\/sindromecharge.es\/index.php\/wp-json\/wp\/v2\/comments?post=7189"}],"version-history":[{"count":0,"href":"https:\/\/sindromecharge.es\/index.php\/wp-json\/wp\/v2\/posts\/7189\/revisions"}],"wp:attachment":[{"href":"https:\/\/sindromecharge.es\/index.php\/wp-json\/wp\/v2\/media?parent=7189"}],"wp:term":[{"taxonomy":"category","embeddable":true,"href":"https:\/\/sindromecharge.es\/index.php\/wp-json\/wp\/v2\/categories?post=7189"},{"taxonomy":"post_tag","embeddable":true,"href":"https:\/\/sindromecharge.es\/index.php\/wp-json\/wp\/v2\/tags?post=7189"}],"curies":[{"name":"wp","href":"https:\/\/api.w.org\/{rel}","templated":true}]}}