{"id":7188,"date":"2021-05-20T05:00:54","date_gmt":"2021-05-20T05:00:54","guid":{"rendered":"https:\/\/sindromecharge.es\/index.php\/2021\/05\/20\/mas-de-30-000-km-recorridos-para-impulsar-la-investigacion-gracias-a-los-voluntarios-telefonica\/"},"modified":"2021-05-20T05:00:54","modified_gmt":"2021-05-20T05:00:54","slug":"mas-de-30-000-km-recorridos-para-impulsar-la-investigacion-gracias-a-los-voluntarios-telefonica","status":"publish","type":"post","link":"https:\/\/sindromecharge.es\/index.php\/2021\/05\/20\/mas-de-30-000-km-recorridos-para-impulsar-la-investigacion-gracias-a-los-voluntarios-telefonica\/","title":{"rendered":"M\u00e1s de 30.000 km recorridos para impulsar la investigaci\u00f3n, gracias a los Voluntarios Telef\u00f3nica"},"content":{"rendered":"<p>Leemos en FEDER la siguiente noticia que os reproducimos de forma \u00edntegra: <\/p>\n<p><p>El pasado 16 de mayo y tras 13 d\u00edas de evento, finaliz\u00f3 el reto \u201cTu ejercicio, por tu salud y la de todos\u201d desarrollado por Fundaci\u00f3n Telef\u00f3nica, que buscaba impulsar la investigaci\u00f3n en enfermedades raras en el marco de su compromiso con los pacientes y sus familias.<\/p>\n<p>Fundaci\u00f3n Telef\u00f3nica, que ha establecido un acuerdo de colaboraci\u00f3n con la Federaci\u00f3n Espa\u00f1ola de Enfermedades Raras (FEDER) para impulsar la investigaci\u00f3n y la formaci\u00f3n de los pacientes al tiempo que apoya la sensibilizaci\u00f3n, trasladando a la sociedad la realidad del colectivo, lanz\u00f3 el d\u00eda 3 de mayo su reto solidario.<\/p>\n<p>Este desaf\u00edo, en el que han participado casi medio millar de personas, entre ellos un gran n\u00famero de Voluntarios Telef\u00f3nica, buscaba recorrer el mayor n\u00famero de kil\u00f3metros de manera colaborativa entre todos los participantes en favor de la investigaci\u00f3n, sensibilizando a la sociedad sobre su importancia. Estos kil\u00f3metros pod\u00edan recorrerse andando, corriendo, nadando o en bicicleta.<br \/>Adem\u00e1s, Fundaci\u00f3n Telef\u00f3nica ha querido apoyar de manera directa las acciones en favor de la investigaci\u00f3n impulsadas por FEDER, por lo que se ofrecieron a donar 1 euro por cada uno de los primeros 20.000 km recorridos.<\/p>\n<p>Este reto ha sido ampliamente superado ya que el resultado final ha sido de m\u00e1s de 30.000 km recorridos, demostrando as\u00ed la implicaci\u00f3n de los Voluntarios Telef\u00f3nica y de la sociedad en general por seguir trabajando en la mejora de la calidad de vida de quienes conviven con una enfermedad poco frecuente.<\/p>\n<p>\u201cHa sido muy emocionante ver el compromiso de tantas personas por hacer avanzar la investigaci\u00f3n en enfermedades raras. Esto es fundamental para nosotros ya que actualmente solo un 20% de estas patolog\u00edas est\u00e1n en estudio. Como dice uno de nuestros lemas \u201cLa investigaci\u00f3n es nuestra esperanza\u201d y por esa esperanza queremos dar las gracias a Fundaci\u00f3n Telef\u00f3nica y a todas las personas que han participado de este reto\u201d, ha afirmado Juan Carri\u00f3n, presidente de FEDER y su Fundaci\u00f3n.<\/p>\n<p>\u00daltima actualizaci\u00f3n 20\/05\/2021<\/p>\n<\/p>\n<p>Fuente: FEDER <a href=\"https:\/\/enfermedades-raras.org\/index.php\/actualidad\/noticias-eventos\/2-feder\/15394-m%C3%A1s-de-30-000-km-recorridos-para-impulsar-la-investigaci%C3%B3n%2C-gracias-a-los-voluntarios-telef%C3%B3nica\" target=\"_blank\" rel=\"noopener\">M\u00e1s de 30.000 km recorridos para impulsar la investigaci\u00f3n, gracias a los Voluntarios Telef\u00f3nica<\/a><\/p>\n","protected":false},"excerpt":{"rendered":"<p>Leemos en FEDER la siguiente noticia que os reproducimos de forma \u00edntegra: El pasado 16 de mayo y tras 13 d\u00edas de evento, finaliz\u00f3 el reto \u201cTu ejercicio, por tu salud y la de todos\u201d desarrollado por Fundaci\u00f3n Telef\u00f3nica, que buscaba impulsar la investigaci\u00f3n en enfermedades raras en el marco de su compromiso con los [&hellip;]<\/p>\n","protected":false},"author":1,"featured_media":0,"comment_status":"open","ping_status":"closed","sticky":false,"template":"","format":"standard","meta":{"footnotes":""},"categories":[8],"tags":[36],"class_list":["post-7188","post","type-post","status-publish","format-standard","hentry","category-noticias","tag-enfermedades-raras"],"yoast_head":"<!-- This site is optimized with the Yoast SEO plugin v27.5 - https:\/\/yoast.com\/product\/yoast-seo-wordpress\/ -->\n<title>M\u00e1s de 30.000 km recorridos para impulsar la investigaci\u00f3n, gracias a los Voluntarios Telef\u00f3nica - Asociaci\u00f3n Espa\u00f1ola S\u00edndrome de Charge<\/title>\n<meta name=\"robots\" content=\"index, follow, max-snippet:-1, max-image-preview:large, max-video-preview:-1\" \/>\n<link rel=\"canonical\" href=\"https:\/\/sindromecharge.es\/index.php\/2021\/05\/20\/mas-de-30-000-km-recorridos-para-impulsar-la-investigacion-gracias-a-los-voluntarios-telefonica\/\" \/>\n<meta property=\"og:locale\" content=\"es_ES\" \/>\n<meta property=\"og:type\" content=\"article\" \/>\n<meta property=\"og:title\" content=\"M\u00e1s de 30.000 km recorridos para impulsar la investigaci\u00f3n, gracias a los Voluntarios Telef\u00f3nica - Asociaci\u00f3n Espa\u00f1ola S\u00edndrome de Charge\" \/>\n<meta property=\"og:description\" content=\"Leemos en FEDER la siguiente noticia que os reproducimos de forma \u00edntegra: El pasado 16 de mayo y tras 13 d\u00edas de evento, finaliz\u00f3 el reto \u201cTu ejercicio, por tu salud y la de todos\u201d desarrollado por Fundaci\u00f3n Telef\u00f3nica, que buscaba impulsar la investigaci\u00f3n en enfermedades raras en el marco de su compromiso con los [&hellip;]\" \/>\n<meta property=\"og:url\" content=\"https:\/\/sindromecharge.es\/index.php\/2021\/05\/20\/mas-de-30-000-km-recorridos-para-impulsar-la-investigacion-gracias-a-los-voluntarios-telefonica\/\" \/>\n<meta property=\"og:site_name\" content=\"Asociaci\u00f3n Espa\u00f1ola S\u00edndrome de Charge\" \/>\n<meta property=\"article:publisher\" content=\"https:\/\/www.facebook.com\/asociacionsindromecharge\" \/>\n<meta property=\"article:published_time\" content=\"2021-05-20T05:00:54+00:00\" \/>\n<meta property=\"og:image\" content=\"https:\/\/sindromecharge.es\/wp-content\/uploads\/2013\/09\/logodecharge300x98.png\" \/>\n\t<meta property=\"og:image:width\" content=\"300\" \/>\n\t<meta property=\"og:image:height\" content=\"98\" \/>\n\t<meta property=\"og:image:type\" content=\"image\/png\" \/>\n<meta name=\"author\" content=\"Charge\" \/>\n<meta name=\"twitter:card\" content=\"summary_large_image\" \/>\n<meta name=\"twitter:creator\" content=\"@sindromecharge\" \/>\n<meta name=\"twitter:site\" content=\"@sindromecharge\" \/>\n<meta name=\"twitter:label1\" content=\"Escrito por\" \/>\n\t<meta name=\"twitter:data1\" content=\"Charge\" \/>\n\t<meta name=\"twitter:label2\" content=\"Tiempo de lectura\" \/>\n\t<meta name=\"twitter:data2\" content=\"2 minutos\" \/>\n<script type=\"application\/ld+json\" class=\"yoast-schema-graph\">{\"@context\":\"https:\\\/\\\/schema.org\",\"@graph\":[{\"@type\":\"Article\",\"@id\":\"https:\\\/\\\/sindromecharge.es\\\/index.php\\\/2021\\\/05\\\/20\\\/mas-de-30-000-km-recorridos-para-impulsar-la-investigacion-gracias-a-los-voluntarios-telefonica\\\/#article\",\"isPartOf\":{\"@id\":\"https:\\\/\\\/sindromecharge.es\\\/index.php\\\/2021\\\/05\\\/20\\\/mas-de-30-000-km-recorridos-para-impulsar-la-investigacion-gracias-a-los-voluntarios-telefonica\\\/\"},\"author\":{\"name\":\"Charge\",\"@id\":\"https:\\\/\\\/sindromecharge.es\\\/#\\\/schema\\\/person\\\/39a60ebe0a2b4d5a11179701e336b039\"},\"headline\":\"M\u00e1s de 30.000 km recorridos para impulsar la investigaci\u00f3n, gracias a los Voluntarios Telef\u00f3nica\",\"datePublished\":\"2021-05-20T05:00:54+00:00\",\"mainEntityOfPage\":{\"@id\":\"https:\\\/\\\/sindromecharge.es\\\/index.php\\\/2021\\\/05\\\/20\\\/mas-de-30-000-km-recorridos-para-impulsar-la-investigacion-gracias-a-los-voluntarios-telefonica\\\/\"},\"wordCount\":398,\"commentCount\":0,\"keywords\":[\"enfermedades raras\"],\"articleSection\":[\"noticias\"],\"inLanguage\":\"es\",\"potentialAction\":[{\"@type\":\"CommentAction\",\"name\":\"Comment\",\"target\":[\"https:\\\/\\\/sindromecharge.es\\\/index.php\\\/2021\\\/05\\\/20\\\/mas-de-30-000-km-recorridos-para-impulsar-la-investigacion-gracias-a-los-voluntarios-telefonica\\\/#respond\"]}]},{\"@type\":\"WebPage\",\"@id\":\"https:\\\/\\\/sindromecharge.es\\\/index.php\\\/2021\\\/05\\\/20\\\/mas-de-30-000-km-recorridos-para-impulsar-la-investigacion-gracias-a-los-voluntarios-telefonica\\\/\",\"url\":\"https:\\\/\\\/sindromecharge.es\\\/index.php\\\/2021\\\/05\\\/20\\\/mas-de-30-000-km-recorridos-para-impulsar-la-investigacion-gracias-a-los-voluntarios-telefonica\\\/\",\"name\":\"M\u00e1s de 30.000 km recorridos para impulsar la investigaci\u00f3n, gracias a los Voluntarios Telef\u00f3nica - Asociaci\u00f3n Espa\u00f1ola S\u00edndrome de Charge\",\"isPartOf\":{\"@id\":\"https:\\\/\\\/sindromecharge.es\\\/#website\"},\"datePublished\":\"2021-05-20T05:00:54+00:00\",\"author\":{\"@id\":\"https:\\\/\\\/sindromecharge.es\\\/#\\\/schema\\\/person\\\/39a60ebe0a2b4d5a11179701e336b039\"},\"breadcrumb\":{\"@id\":\"https:\\\/\\\/sindromecharge.es\\\/index.php\\\/2021\\\/05\\\/20\\\/mas-de-30-000-km-recorridos-para-impulsar-la-investigacion-gracias-a-los-voluntarios-telefonica\\\/#breadcrumb\"},\"inLanguage\":\"es\",\"potentialAction\":[{\"@type\":\"ReadAction\",\"target\":[\"https:\\\/\\\/sindromecharge.es\\\/index.php\\\/2021\\\/05\\\/20\\\/mas-de-30-000-km-recorridos-para-impulsar-la-investigacion-gracias-a-los-voluntarios-telefonica\\\/\"]}]},{\"@type\":\"BreadcrumbList\",\"@id\":\"https:\\\/\\\/sindromecharge.es\\\/index.php\\\/2021\\\/05\\\/20\\\/mas-de-30-000-km-recorridos-para-impulsar-la-investigacion-gracias-a-los-voluntarios-telefonica\\\/#breadcrumb\",\"itemListElement\":[{\"@type\":\"ListItem\",\"position\":1,\"name\":\"Portada\",\"item\":\"https:\\\/\\\/sindromecharge.es\\\/\"},{\"@type\":\"ListItem\",\"position\":2,\"name\":\"M\u00e1s de 30.000 km recorridos para impulsar la investigaci\u00f3n, gracias a los Voluntarios Telef\u00f3nica\"}]},{\"@type\":\"WebSite\",\"@id\":\"https:\\\/\\\/sindromecharge.es\\\/#website\",\"url\":\"https:\\\/\\\/sindromecharge.es\\\/\",\"name\":\"Asociaci\u00f3n Espa\u00f1ola S\u00edndrome de Charge\",\"description\":\"\",\"potentialAction\":[{\"@type\":\"SearchAction\",\"target\":{\"@type\":\"EntryPoint\",\"urlTemplate\":\"https:\\\/\\\/sindromecharge.es\\\/?s={search_term_string}\"},\"query-input\":{\"@type\":\"PropertyValueSpecification\",\"valueRequired\":true,\"valueName\":\"search_term_string\"}}],\"inLanguage\":\"es\"},{\"@type\":\"Person\",\"@id\":\"https:\\\/\\\/sindromecharge.es\\\/#\\\/schema\\\/person\\\/39a60ebe0a2b4d5a11179701e336b039\",\"name\":\"Charge\",\"image\":{\"@type\":\"ImageObject\",\"inLanguage\":\"es\",\"@id\":\"https:\\\/\\\/secure.gravatar.com\\\/avatar\\\/c3b46e32a0fc3b093a0873fb767bf3293de856293065e84ef06b7ec7a8acfb98?s=96&d=identicon&r=x\",\"url\":\"https:\\\/\\\/secure.gravatar.com\\\/avatar\\\/c3b46e32a0fc3b093a0873fb767bf3293de856293065e84ef06b7ec7a8acfb98?s=96&d=identicon&r=x\",\"contentUrl\":\"https:\\\/\\\/secure.gravatar.com\\\/avatar\\\/c3b46e32a0fc3b093a0873fb767bf3293de856293065e84ef06b7ec7a8acfb98?s=96&d=identicon&r=x\",\"caption\":\"Charge\"},\"url\":\"https:\\\/\\\/sindromecharge.es\\\/index.php\\\/author\\\/admin\\\/\"}]}<\/script>\n<!-- \/ Yoast SEO plugin. -->","yoast_head_json":{"title":"M\u00e1s de 30.000 km recorridos para impulsar la investigaci\u00f3n, gracias a los Voluntarios Telef\u00f3nica - Asociaci\u00f3n Espa\u00f1ola S\u00edndrome de Charge","robots":{"index":"index","follow":"follow","max-snippet":"max-snippet:-1","max-image-preview":"max-image-preview:large","max-video-preview":"max-video-preview:-1"},"canonical":"https:\/\/sindromecharge.es\/index.php\/2021\/05\/20\/mas-de-30-000-km-recorridos-para-impulsar-la-investigacion-gracias-a-los-voluntarios-telefonica\/","og_locale":"es_ES","og_type":"article","og_title":"M\u00e1s de 30.000 km recorridos para impulsar la investigaci\u00f3n, gracias a los Voluntarios Telef\u00f3nica - Asociaci\u00f3n Espa\u00f1ola S\u00edndrome de Charge","og_description":"Leemos en FEDER la siguiente noticia que os reproducimos de forma \u00edntegra: El pasado 16 de mayo y tras 13 d\u00edas de evento, finaliz\u00f3 el reto \u201cTu ejercicio, por tu salud y la de todos\u201d desarrollado por Fundaci\u00f3n Telef\u00f3nica, que buscaba impulsar la investigaci\u00f3n en enfermedades raras en el marco de su compromiso con los [&hellip;]","og_url":"https:\/\/sindromecharge.es\/index.php\/2021\/05\/20\/mas-de-30-000-km-recorridos-para-impulsar-la-investigacion-gracias-a-los-voluntarios-telefonica\/","og_site_name":"Asociaci\u00f3n Espa\u00f1ola S\u00edndrome de Charge","article_publisher":"https:\/\/www.facebook.com\/asociacionsindromecharge","article_published_time":"2021-05-20T05:00:54+00:00","og_image":[{"width":300,"height":98,"url":"https:\/\/sindromecharge.es\/wp-content\/uploads\/2013\/09\/logodecharge300x98.png","type":"image\/png"}],"author":"Charge","twitter_card":"summary_large_image","twitter_creator":"@sindromecharge","twitter_site":"@sindromecharge","twitter_misc":{"Escrito por":"Charge","Tiempo de lectura":"2 minutos"},"schema":{"@context":"https:\/\/schema.org","@graph":[{"@type":"Article","@id":"https:\/\/sindromecharge.es\/index.php\/2021\/05\/20\/mas-de-30-000-km-recorridos-para-impulsar-la-investigacion-gracias-a-los-voluntarios-telefonica\/#article","isPartOf":{"@id":"https:\/\/sindromecharge.es\/index.php\/2021\/05\/20\/mas-de-30-000-km-recorridos-para-impulsar-la-investigacion-gracias-a-los-voluntarios-telefonica\/"},"author":{"name":"Charge","@id":"https:\/\/sindromecharge.es\/#\/schema\/person\/39a60ebe0a2b4d5a11179701e336b039"},"headline":"M\u00e1s de 30.000 km recorridos para impulsar la investigaci\u00f3n, gracias a los Voluntarios Telef\u00f3nica","datePublished":"2021-05-20T05:00:54+00:00","mainEntityOfPage":{"@id":"https:\/\/sindromecharge.es\/index.php\/2021\/05\/20\/mas-de-30-000-km-recorridos-para-impulsar-la-investigacion-gracias-a-los-voluntarios-telefonica\/"},"wordCount":398,"commentCount":0,"keywords":["enfermedades raras"],"articleSection":["noticias"],"inLanguage":"es","potentialAction":[{"@type":"CommentAction","name":"Comment","target":["https:\/\/sindromecharge.es\/index.php\/2021\/05\/20\/mas-de-30-000-km-recorridos-para-impulsar-la-investigacion-gracias-a-los-voluntarios-telefonica\/#respond"]}]},{"@type":"WebPage","@id":"https:\/\/sindromecharge.es\/index.php\/2021\/05\/20\/mas-de-30-000-km-recorridos-para-impulsar-la-investigacion-gracias-a-los-voluntarios-telefonica\/","url":"https:\/\/sindromecharge.es\/index.php\/2021\/05\/20\/mas-de-30-000-km-recorridos-para-impulsar-la-investigacion-gracias-a-los-voluntarios-telefonica\/","name":"M\u00e1s de 30.000 km recorridos para impulsar la investigaci\u00f3n, gracias a los Voluntarios Telef\u00f3nica - Asociaci\u00f3n Espa\u00f1ola S\u00edndrome de Charge","isPartOf":{"@id":"https:\/\/sindromecharge.es\/#website"},"datePublished":"2021-05-20T05:00:54+00:00","author":{"@id":"https:\/\/sindromecharge.es\/#\/schema\/person\/39a60ebe0a2b4d5a11179701e336b039"},"breadcrumb":{"@id":"https:\/\/sindromecharge.es\/index.php\/2021\/05\/20\/mas-de-30-000-km-recorridos-para-impulsar-la-investigacion-gracias-a-los-voluntarios-telefonica\/#breadcrumb"},"inLanguage":"es","potentialAction":[{"@type":"ReadAction","target":["https:\/\/sindromecharge.es\/index.php\/2021\/05\/20\/mas-de-30-000-km-recorridos-para-impulsar-la-investigacion-gracias-a-los-voluntarios-telefonica\/"]}]},{"@type":"BreadcrumbList","@id":"https:\/\/sindromecharge.es\/index.php\/2021\/05\/20\/mas-de-30-000-km-recorridos-para-impulsar-la-investigacion-gracias-a-los-voluntarios-telefonica\/#breadcrumb","itemListElement":[{"@type":"ListItem","position":1,"name":"Portada","item":"https:\/\/sindromecharge.es\/"},{"@type":"ListItem","position":2,"name":"M\u00e1s de 30.000 km recorridos para impulsar la investigaci\u00f3n, gracias a los Voluntarios Telef\u00f3nica"}]},{"@type":"WebSite","@id":"https:\/\/sindromecharge.es\/#website","url":"https:\/\/sindromecharge.es\/","name":"Asociaci\u00f3n Espa\u00f1ola S\u00edndrome de Charge","description":"","potentialAction":[{"@type":"SearchAction","target":{"@type":"EntryPoint","urlTemplate":"https:\/\/sindromecharge.es\/?s={search_term_string}"},"query-input":{"@type":"PropertyValueSpecification","valueRequired":true,"valueName":"search_term_string"}}],"inLanguage":"es"},{"@type":"Person","@id":"https:\/\/sindromecharge.es\/#\/schema\/person\/39a60ebe0a2b4d5a11179701e336b039","name":"Charge","image":{"@type":"ImageObject","inLanguage":"es","@id":"https:\/\/secure.gravatar.com\/avatar\/c3b46e32a0fc3b093a0873fb767bf3293de856293065e84ef06b7ec7a8acfb98?s=96&d=identicon&r=x","url":"https:\/\/secure.gravatar.com\/avatar\/c3b46e32a0fc3b093a0873fb767bf3293de856293065e84ef06b7ec7a8acfb98?s=96&d=identicon&r=x","contentUrl":"https:\/\/secure.gravatar.com\/avatar\/c3b46e32a0fc3b093a0873fb767bf3293de856293065e84ef06b7ec7a8acfb98?s=96&d=identicon&r=x","caption":"Charge"},"url":"https:\/\/sindromecharge.es\/index.php\/author\/admin\/"}]}},"_links":{"self":[{"href":"https:\/\/sindromecharge.es\/index.php\/wp-json\/wp\/v2\/posts\/7188","targetHints":{"allow":["GET"]}}],"collection":[{"href":"https:\/\/sindromecharge.es\/index.php\/wp-json\/wp\/v2\/posts"}],"about":[{"href":"https:\/\/sindromecharge.es\/index.php\/wp-json\/wp\/v2\/types\/post"}],"author":[{"embeddable":true,"href":"https:\/\/sindromecharge.es\/index.php\/wp-json\/wp\/v2\/users\/1"}],"replies":[{"embeddable":true,"href":"https:\/\/sindromecharge.es\/index.php\/wp-json\/wp\/v2\/comments?post=7188"}],"version-history":[{"count":0,"href":"https:\/\/sindromecharge.es\/index.php\/wp-json\/wp\/v2\/posts\/7188\/revisions"}],"wp:attachment":[{"href":"https:\/\/sindromecharge.es\/index.php\/wp-json\/wp\/v2\/media?parent=7188"}],"wp:term":[{"taxonomy":"category","embeddable":true,"href":"https:\/\/sindromecharge.es\/index.php\/wp-json\/wp\/v2\/categories?post=7188"},{"taxonomy":"post_tag","embeddable":true,"href":"https:\/\/sindromecharge.es\/index.php\/wp-json\/wp\/v2\/tags?post=7188"}],"curies":[{"name":"wp","href":"https:\/\/api.w.org\/{rel}","templated":true}]}}