{"id":7186,"date":"2021-05-19T11:50:17","date_gmt":"2021-05-19T11:50:17","guid":{"rendered":"https:\/\/sindromecharge.es\/index.php\/2021\/05\/19\/abierto-el-plazo-de-inscripcion-para-los-campamentos-de-verano-en-ingles-y-de-atencion-a-ninos-con-discapacidad\/"},"modified":"2021-05-19T11:50:17","modified_gmt":"2021-05-19T11:50:17","slug":"abierto-el-plazo-de-inscripcion-para-los-campamentos-de-verano-en-ingles-y-de-atencion-a-ninos-con-discapacidad","status":"publish","type":"post","link":"https:\/\/sindromecharge.es\/index.php\/2021\/05\/19\/abierto-el-plazo-de-inscripcion-para-los-campamentos-de-verano-en-ingles-y-de-atencion-a-ninos-con-discapacidad\/","title":{"rendered":"Abierto el plazo de inscripci\u00f3n para los campamentos de verano en ingl\u00e9s y de atenci\u00f3n a ni\u00f1os con discapacidad"},"content":{"rendered":"<p>Leemos en 20minutos la siguiente noticia que os reproducimos de forma \u00edntegra: <\/p>\n<p>Vuelven los campamentos urbanos de verano. <strong>A partir de este mi\u00e9rcoles, <\/strong>los madrile\u00f1os de entre 3 a 21 a\u00f1os podr\u00e1n presentar su solicitud para optar a una plaza o bien en la modalidad de ingl\u00e9s, o, para acudir a un centro de atenci\u00f3n especial. Y es que, el Ayuntamiento de Madrid presenta su nuevo programa municipal &#8216;Centros Abiertos&#8217; que oferta 8.395 plazas para el verano del 2021.<\/p>\n<p>La primera modalidad -la de <strong>centros abiertos en ingl\u00e9s<\/strong>&#8211; est\u00e1 dirigido a menores empadronados en el municipio de Madrid cuyos padres o tutores  trabajen ambos, ya que se prioriza la conciliaci\u00f3n de la vida familiar y laboral\u00bb. Para suplir esta situaci\u00f3n, se ofertan<strong> 7.875 plazas <\/strong>de las cuales 1.302 se gestionan directamente por los servicios sociales de los distritos. Se desarrolla en 40 colegios p\u00fablicos de infantil y primaria durante los dos turnos del mes de julio y en 19 centros en el mes de agosto, en horario de 7:30 a 16:00 horas.<\/p>\n<p>Se incluye el desayuno y la comida, con alimentos saludables y sostenibles e incorporando productos de comercio justo. Los tres turnos de actividad son:<strong> del 1 al 16 de julio, del 19 al 30 de julio y del 2 al 13 de agosto<\/strong> (s\u00f3lo d\u00edas laborables). Adem\u00e1s, se establece una reserva de 6 plazas por centro para menores con necesidades educativas especiales escolarizados en colegios ordinarios de Educaci\u00f3n Infantil o Primaria, seg\u00fan informan las fuentes municipales.<\/p>\n<p>El segundo programa- <strong>centros abiertos especiales<\/strong>&#8211; est\u00e1 destinado a menores con<strong> cualquier tipo de discapacidad entre 3 y 21 a\u00f1os<\/strong> escolarizados en centros espec\u00edficos de educaci\u00f3n especial. Para estos ni\u00f1os se ofertan 520 plazas y se realizan en 11 colegios p\u00fablicos de educaci\u00f3n especial, en horario entre las 10:00 y las 16:00 horas, con posibilidad de servicio de acogida desde las 8:00 horas, y de ruta adaptada desde las 9:00 horas,  con paradas prefijadas, en cuatro turnos: del 1 al 16 de julio, del 19 al 30 de julio, del 2 al 13 de agosto y del 16 al 28 de agosto (s\u00f3lo los d\u00edas laborables).<\/p>\n<p>En este caso<strong> \u00abno se exige que trabajen ambos progenitores\u00bb.<\/strong> Igualmente, el servicio de comedor incluye alimentos saludables y sostenibles, como medida para asegurar una comida sana y accesible. <\/p>\n<p>Aquellos intresados pueden gestionar su plaza a trav\u00e9s de la <strong>Plataforma de actividades municipales PLACT,<\/strong> aplicaci\u00f3n<i> online, <\/i>que permite realizar todas las gestiones de forma telem\u00e1tica: inscripci\u00f3n, adjudicaci\u00f3n de plazas y pago , y que adem\u00e1s incorpora la gesti\u00f3n de las plazas vacantes, a trav\u00e9s de la compra directa de las mismas.<\/p>\n<p>\u00abLa conciliaci\u00f3n ha sido una prioridad para nosotros desde que llegamos al equipo de gobierno. Por eso, apostamos nuevamente por abrir los Centros Abiertos en ingl\u00e9s en las vacaciones de verano, aplicando las m\u00e1ximas medidas de seguridad frente a la covid\u00bb, indica el delegado del \u00e1rea de Familias. Para  <strong>Pepe Aniorte <\/strong>el programa de Centros Abiertos \u00absupone una apuesta por el <strong>impulso a la conciliaci\u00f3n de las familias y la igualdad de oportunidades a la vez que ofrece a los ni\u00f1os un aprendizaje divertido con actividades en ingl\u00e9s\u00bb.<\/strong><\/p>\n<p>Fuente: 20minutos <a href=\"https:\/\/www.20minutos.es\/noticia\/4701605\/0\/abierto-el-plazo-de-inscripcion-para-los-campamentos-de-verano-en-ingles-y-de-atencion-a-ninos-con-discapacidad\/\" target=\"_blank\" rel=\"noopener\">Abierto el plazo de inscripci\u00f3n para los campamentos de verano en ingl\u00e9s y de atenci\u00f3n a ni\u00f1os con discapacidad<\/a><\/p>\n","protected":false},"excerpt":{"rendered":"<p>Leemos en 20minutos la siguiente noticia que os reproducimos de forma \u00edntegra: Vuelven los campamentos urbanos de verano. A partir de este mi\u00e9rcoles, los madrile\u00f1os de entre 3 a 21 a\u00f1os podr\u00e1n presentar su solicitud para optar a una plaza o bien en la modalidad de ingl\u00e9s, o, para acudir a un centro de atenci\u00f3n [&hellip;]<\/p>\n","protected":false},"author":1,"featured_media":0,"comment_status":"open","ping_status":"closed","sticky":false,"template":"","format":"standard","meta":{"footnotes":""},"categories":[8],"tags":[31],"class_list":["post-7186","post","type-post","status-publish","format-standard","hentry","category-noticias","tag-discapacidad"],"yoast_head":"<!-- This site is optimized with the Yoast SEO plugin v27.5 - https:\/\/yoast.com\/product\/yoast-seo-wordpress\/ -->\n<title>Abierto el plazo de inscripci\u00f3n para los campamentos de verano en ingl\u00e9s y de atenci\u00f3n a ni\u00f1os con discapacidad - Asociaci\u00f3n Espa\u00f1ola S\u00edndrome de Charge<\/title>\n<meta name=\"robots\" content=\"index, follow, max-snippet:-1, max-image-preview:large, max-video-preview:-1\" \/>\n<link rel=\"canonical\" href=\"https:\/\/sindromecharge.es\/index.php\/2021\/05\/19\/abierto-el-plazo-de-inscripcion-para-los-campamentos-de-verano-en-ingles-y-de-atencion-a-ninos-con-discapacidad\/\" \/>\n<meta property=\"og:locale\" content=\"es_ES\" \/>\n<meta property=\"og:type\" content=\"article\" \/>\n<meta property=\"og:title\" content=\"Abierto el plazo de inscripci\u00f3n para los campamentos de verano en ingl\u00e9s y de atenci\u00f3n a ni\u00f1os con discapacidad - Asociaci\u00f3n Espa\u00f1ola S\u00edndrome de Charge\" \/>\n<meta property=\"og:description\" content=\"Leemos en 20minutos la siguiente noticia que os reproducimos de forma \u00edntegra: Vuelven los campamentos urbanos de verano. A partir de este mi\u00e9rcoles, los madrile\u00f1os de entre 3 a 21 a\u00f1os podr\u00e1n presentar su solicitud para optar a una plaza o bien en la modalidad de ingl\u00e9s, o, para acudir a un centro de atenci\u00f3n [&hellip;]\" \/>\n<meta property=\"og:url\" content=\"https:\/\/sindromecharge.es\/index.php\/2021\/05\/19\/abierto-el-plazo-de-inscripcion-para-los-campamentos-de-verano-en-ingles-y-de-atencion-a-ninos-con-discapacidad\/\" \/>\n<meta property=\"og:site_name\" content=\"Asociaci\u00f3n Espa\u00f1ola S\u00edndrome de Charge\" \/>\n<meta property=\"article:publisher\" content=\"https:\/\/www.facebook.com\/asociacionsindromecharge\" \/>\n<meta property=\"article:published_time\" content=\"2021-05-19T11:50:17+00:00\" \/>\n<meta property=\"og:image\" content=\"https:\/\/sindromecharge.es\/wp-content\/uploads\/2013\/09\/logodecharge300x98.png\" \/>\n\t<meta property=\"og:image:width\" content=\"300\" \/>\n\t<meta property=\"og:image:height\" content=\"98\" \/>\n\t<meta property=\"og:image:type\" content=\"image\/png\" \/>\n<meta name=\"author\" content=\"Charge\" \/>\n<meta name=\"twitter:card\" content=\"summary_large_image\" \/>\n<meta name=\"twitter:creator\" content=\"@sindromecharge\" \/>\n<meta name=\"twitter:site\" content=\"@sindromecharge\" \/>\n<meta name=\"twitter:label1\" content=\"Escrito por\" \/>\n\t<meta name=\"twitter:data1\" content=\"Charge\" \/>\n\t<meta name=\"twitter:label2\" content=\"Tiempo de lectura\" \/>\n\t<meta name=\"twitter:data2\" content=\"3 minutos\" \/>\n<script type=\"application\/ld+json\" class=\"yoast-schema-graph\">{\"@context\":\"https:\\\/\\\/schema.org\",\"@graph\":[{\"@type\":\"Article\",\"@id\":\"https:\\\/\\\/sindromecharge.es\\\/index.php\\\/2021\\\/05\\\/19\\\/abierto-el-plazo-de-inscripcion-para-los-campamentos-de-verano-en-ingles-y-de-atencion-a-ninos-con-discapacidad\\\/#article\",\"isPartOf\":{\"@id\":\"https:\\\/\\\/sindromecharge.es\\\/index.php\\\/2021\\\/05\\\/19\\\/abierto-el-plazo-de-inscripcion-para-los-campamentos-de-verano-en-ingles-y-de-atencion-a-ninos-con-discapacidad\\\/\"},\"author\":{\"name\":\"Charge\",\"@id\":\"https:\\\/\\\/sindromecharge.es\\\/#\\\/schema\\\/person\\\/39a60ebe0a2b4d5a11179701e336b039\"},\"headline\":\"Abierto el plazo de inscripci\u00f3n para los campamentos de verano en ingl\u00e9s y de atenci\u00f3n a ni\u00f1os con discapacidad\",\"datePublished\":\"2021-05-19T11:50:17+00:00\",\"mainEntityOfPage\":{\"@id\":\"https:\\\/\\\/sindromecharge.es\\\/index.php\\\/2021\\\/05\\\/19\\\/abierto-el-plazo-de-inscripcion-para-los-campamentos-de-verano-en-ingles-y-de-atencion-a-ninos-con-discapacidad\\\/\"},\"wordCount\":574,\"commentCount\":0,\"keywords\":[\"discapacidad\"],\"articleSection\":[\"noticias\"],\"inLanguage\":\"es\",\"potentialAction\":[{\"@type\":\"CommentAction\",\"name\":\"Comment\",\"target\":[\"https:\\\/\\\/sindromecharge.es\\\/index.php\\\/2021\\\/05\\\/19\\\/abierto-el-plazo-de-inscripcion-para-los-campamentos-de-verano-en-ingles-y-de-atencion-a-ninos-con-discapacidad\\\/#respond\"]}]},{\"@type\":\"WebPage\",\"@id\":\"https:\\\/\\\/sindromecharge.es\\\/index.php\\\/2021\\\/05\\\/19\\\/abierto-el-plazo-de-inscripcion-para-los-campamentos-de-verano-en-ingles-y-de-atencion-a-ninos-con-discapacidad\\\/\",\"url\":\"https:\\\/\\\/sindromecharge.es\\\/index.php\\\/2021\\\/05\\\/19\\\/abierto-el-plazo-de-inscripcion-para-los-campamentos-de-verano-en-ingles-y-de-atencion-a-ninos-con-discapacidad\\\/\",\"name\":\"Abierto el plazo de inscripci\u00f3n para los campamentos de verano en ingl\u00e9s y de atenci\u00f3n a ni\u00f1os con discapacidad - Asociaci\u00f3n Espa\u00f1ola S\u00edndrome de Charge\",\"isPartOf\":{\"@id\":\"https:\\\/\\\/sindromecharge.es\\\/#website\"},\"datePublished\":\"2021-05-19T11:50:17+00:00\",\"author\":{\"@id\":\"https:\\\/\\\/sindromecharge.es\\\/#\\\/schema\\\/person\\\/39a60ebe0a2b4d5a11179701e336b039\"},\"breadcrumb\":{\"@id\":\"https:\\\/\\\/sindromecharge.es\\\/index.php\\\/2021\\\/05\\\/19\\\/abierto-el-plazo-de-inscripcion-para-los-campamentos-de-verano-en-ingles-y-de-atencion-a-ninos-con-discapacidad\\\/#breadcrumb\"},\"inLanguage\":\"es\",\"potentialAction\":[{\"@type\":\"ReadAction\",\"target\":[\"https:\\\/\\\/sindromecharge.es\\\/index.php\\\/2021\\\/05\\\/19\\\/abierto-el-plazo-de-inscripcion-para-los-campamentos-de-verano-en-ingles-y-de-atencion-a-ninos-con-discapacidad\\\/\"]}]},{\"@type\":\"BreadcrumbList\",\"@id\":\"https:\\\/\\\/sindromecharge.es\\\/index.php\\\/2021\\\/05\\\/19\\\/abierto-el-plazo-de-inscripcion-para-los-campamentos-de-verano-en-ingles-y-de-atencion-a-ninos-con-discapacidad\\\/#breadcrumb\",\"itemListElement\":[{\"@type\":\"ListItem\",\"position\":1,\"name\":\"Portada\",\"item\":\"https:\\\/\\\/sindromecharge.es\\\/\"},{\"@type\":\"ListItem\",\"position\":2,\"name\":\"Abierto el plazo de inscripci\u00f3n para los campamentos de verano en ingl\u00e9s y de atenci\u00f3n a ni\u00f1os con discapacidad\"}]},{\"@type\":\"WebSite\",\"@id\":\"https:\\\/\\\/sindromecharge.es\\\/#website\",\"url\":\"https:\\\/\\\/sindromecharge.es\\\/\",\"name\":\"Asociaci\u00f3n Espa\u00f1ola S\u00edndrome de Charge\",\"description\":\"\",\"potentialAction\":[{\"@type\":\"SearchAction\",\"target\":{\"@type\":\"EntryPoint\",\"urlTemplate\":\"https:\\\/\\\/sindromecharge.es\\\/?s={search_term_string}\"},\"query-input\":{\"@type\":\"PropertyValueSpecification\",\"valueRequired\":true,\"valueName\":\"search_term_string\"}}],\"inLanguage\":\"es\"},{\"@type\":\"Person\",\"@id\":\"https:\\\/\\\/sindromecharge.es\\\/#\\\/schema\\\/person\\\/39a60ebe0a2b4d5a11179701e336b039\",\"name\":\"Charge\",\"image\":{\"@type\":\"ImageObject\",\"inLanguage\":\"es\",\"@id\":\"https:\\\/\\\/secure.gravatar.com\\\/avatar\\\/c3b46e32a0fc3b093a0873fb767bf3293de856293065e84ef06b7ec7a8acfb98?s=96&d=identicon&r=x\",\"url\":\"https:\\\/\\\/secure.gravatar.com\\\/avatar\\\/c3b46e32a0fc3b093a0873fb767bf3293de856293065e84ef06b7ec7a8acfb98?s=96&d=identicon&r=x\",\"contentUrl\":\"https:\\\/\\\/secure.gravatar.com\\\/avatar\\\/c3b46e32a0fc3b093a0873fb767bf3293de856293065e84ef06b7ec7a8acfb98?s=96&d=identicon&r=x\",\"caption\":\"Charge\"},\"url\":\"https:\\\/\\\/sindromecharge.es\\\/index.php\\\/author\\\/admin\\\/\"}]}<\/script>\n<!-- \/ Yoast SEO plugin. -->","yoast_head_json":{"title":"Abierto el plazo de inscripci\u00f3n para los campamentos de verano en ingl\u00e9s y de atenci\u00f3n a ni\u00f1os con discapacidad - Asociaci\u00f3n Espa\u00f1ola S\u00edndrome de Charge","robots":{"index":"index","follow":"follow","max-snippet":"max-snippet:-1","max-image-preview":"max-image-preview:large","max-video-preview":"max-video-preview:-1"},"canonical":"https:\/\/sindromecharge.es\/index.php\/2021\/05\/19\/abierto-el-plazo-de-inscripcion-para-los-campamentos-de-verano-en-ingles-y-de-atencion-a-ninos-con-discapacidad\/","og_locale":"es_ES","og_type":"article","og_title":"Abierto el plazo de inscripci\u00f3n para los campamentos de verano en ingl\u00e9s y de atenci\u00f3n a ni\u00f1os con discapacidad - Asociaci\u00f3n Espa\u00f1ola S\u00edndrome de Charge","og_description":"Leemos en 20minutos la siguiente noticia que os reproducimos de forma \u00edntegra: Vuelven los campamentos urbanos de verano. A partir de este mi\u00e9rcoles, los madrile\u00f1os de entre 3 a 21 a\u00f1os podr\u00e1n presentar su solicitud para optar a una plaza o bien en la modalidad de ingl\u00e9s, o, para acudir a un centro de atenci\u00f3n [&hellip;]","og_url":"https:\/\/sindromecharge.es\/index.php\/2021\/05\/19\/abierto-el-plazo-de-inscripcion-para-los-campamentos-de-verano-en-ingles-y-de-atencion-a-ninos-con-discapacidad\/","og_site_name":"Asociaci\u00f3n Espa\u00f1ola S\u00edndrome de Charge","article_publisher":"https:\/\/www.facebook.com\/asociacionsindromecharge","article_published_time":"2021-05-19T11:50:17+00:00","og_image":[{"width":300,"height":98,"url":"https:\/\/sindromecharge.es\/wp-content\/uploads\/2013\/09\/logodecharge300x98.png","type":"image\/png"}],"author":"Charge","twitter_card":"summary_large_image","twitter_creator":"@sindromecharge","twitter_site":"@sindromecharge","twitter_misc":{"Escrito por":"Charge","Tiempo de lectura":"3 minutos"},"schema":{"@context":"https:\/\/schema.org","@graph":[{"@type":"Article","@id":"https:\/\/sindromecharge.es\/index.php\/2021\/05\/19\/abierto-el-plazo-de-inscripcion-para-los-campamentos-de-verano-en-ingles-y-de-atencion-a-ninos-con-discapacidad\/#article","isPartOf":{"@id":"https:\/\/sindromecharge.es\/index.php\/2021\/05\/19\/abierto-el-plazo-de-inscripcion-para-los-campamentos-de-verano-en-ingles-y-de-atencion-a-ninos-con-discapacidad\/"},"author":{"name":"Charge","@id":"https:\/\/sindromecharge.es\/#\/schema\/person\/39a60ebe0a2b4d5a11179701e336b039"},"headline":"Abierto el plazo de inscripci\u00f3n para los campamentos de verano en ingl\u00e9s y de atenci\u00f3n a ni\u00f1os con discapacidad","datePublished":"2021-05-19T11:50:17+00:00","mainEntityOfPage":{"@id":"https:\/\/sindromecharge.es\/index.php\/2021\/05\/19\/abierto-el-plazo-de-inscripcion-para-los-campamentos-de-verano-en-ingles-y-de-atencion-a-ninos-con-discapacidad\/"},"wordCount":574,"commentCount":0,"keywords":["discapacidad"],"articleSection":["noticias"],"inLanguage":"es","potentialAction":[{"@type":"CommentAction","name":"Comment","target":["https:\/\/sindromecharge.es\/index.php\/2021\/05\/19\/abierto-el-plazo-de-inscripcion-para-los-campamentos-de-verano-en-ingles-y-de-atencion-a-ninos-con-discapacidad\/#respond"]}]},{"@type":"WebPage","@id":"https:\/\/sindromecharge.es\/index.php\/2021\/05\/19\/abierto-el-plazo-de-inscripcion-para-los-campamentos-de-verano-en-ingles-y-de-atencion-a-ninos-con-discapacidad\/","url":"https:\/\/sindromecharge.es\/index.php\/2021\/05\/19\/abierto-el-plazo-de-inscripcion-para-los-campamentos-de-verano-en-ingles-y-de-atencion-a-ninos-con-discapacidad\/","name":"Abierto el plazo de inscripci\u00f3n para los campamentos de verano en ingl\u00e9s y de atenci\u00f3n a ni\u00f1os con discapacidad - Asociaci\u00f3n Espa\u00f1ola S\u00edndrome de Charge","isPartOf":{"@id":"https:\/\/sindromecharge.es\/#website"},"datePublished":"2021-05-19T11:50:17+00:00","author":{"@id":"https:\/\/sindromecharge.es\/#\/schema\/person\/39a60ebe0a2b4d5a11179701e336b039"},"breadcrumb":{"@id":"https:\/\/sindromecharge.es\/index.php\/2021\/05\/19\/abierto-el-plazo-de-inscripcion-para-los-campamentos-de-verano-en-ingles-y-de-atencion-a-ninos-con-discapacidad\/#breadcrumb"},"inLanguage":"es","potentialAction":[{"@type":"ReadAction","target":["https:\/\/sindromecharge.es\/index.php\/2021\/05\/19\/abierto-el-plazo-de-inscripcion-para-los-campamentos-de-verano-en-ingles-y-de-atencion-a-ninos-con-discapacidad\/"]}]},{"@type":"BreadcrumbList","@id":"https:\/\/sindromecharge.es\/index.php\/2021\/05\/19\/abierto-el-plazo-de-inscripcion-para-los-campamentos-de-verano-en-ingles-y-de-atencion-a-ninos-con-discapacidad\/#breadcrumb","itemListElement":[{"@type":"ListItem","position":1,"name":"Portada","item":"https:\/\/sindromecharge.es\/"},{"@type":"ListItem","position":2,"name":"Abierto el plazo de inscripci\u00f3n para los campamentos de verano en ingl\u00e9s y de atenci\u00f3n a ni\u00f1os con discapacidad"}]},{"@type":"WebSite","@id":"https:\/\/sindromecharge.es\/#website","url":"https:\/\/sindromecharge.es\/","name":"Asociaci\u00f3n Espa\u00f1ola S\u00edndrome de Charge","description":"","potentialAction":[{"@type":"SearchAction","target":{"@type":"EntryPoint","urlTemplate":"https:\/\/sindromecharge.es\/?s={search_term_string}"},"query-input":{"@type":"PropertyValueSpecification","valueRequired":true,"valueName":"search_term_string"}}],"inLanguage":"es"},{"@type":"Person","@id":"https:\/\/sindromecharge.es\/#\/schema\/person\/39a60ebe0a2b4d5a11179701e336b039","name":"Charge","image":{"@type":"ImageObject","inLanguage":"es","@id":"https:\/\/secure.gravatar.com\/avatar\/c3b46e32a0fc3b093a0873fb767bf3293de856293065e84ef06b7ec7a8acfb98?s=96&d=identicon&r=x","url":"https:\/\/secure.gravatar.com\/avatar\/c3b46e32a0fc3b093a0873fb767bf3293de856293065e84ef06b7ec7a8acfb98?s=96&d=identicon&r=x","contentUrl":"https:\/\/secure.gravatar.com\/avatar\/c3b46e32a0fc3b093a0873fb767bf3293de856293065e84ef06b7ec7a8acfb98?s=96&d=identicon&r=x","caption":"Charge"},"url":"https:\/\/sindromecharge.es\/index.php\/author\/admin\/"}]}},"_links":{"self":[{"href":"https:\/\/sindromecharge.es\/index.php\/wp-json\/wp\/v2\/posts\/7186","targetHints":{"allow":["GET"]}}],"collection":[{"href":"https:\/\/sindromecharge.es\/index.php\/wp-json\/wp\/v2\/posts"}],"about":[{"href":"https:\/\/sindromecharge.es\/index.php\/wp-json\/wp\/v2\/types\/post"}],"author":[{"embeddable":true,"href":"https:\/\/sindromecharge.es\/index.php\/wp-json\/wp\/v2\/users\/1"}],"replies":[{"embeddable":true,"href":"https:\/\/sindromecharge.es\/index.php\/wp-json\/wp\/v2\/comments?post=7186"}],"version-history":[{"count":0,"href":"https:\/\/sindromecharge.es\/index.php\/wp-json\/wp\/v2\/posts\/7186\/revisions"}],"wp:attachment":[{"href":"https:\/\/sindromecharge.es\/index.php\/wp-json\/wp\/v2\/media?parent=7186"}],"wp:term":[{"taxonomy":"category","embeddable":true,"href":"https:\/\/sindromecharge.es\/index.php\/wp-json\/wp\/v2\/categories?post=7186"},{"taxonomy":"post_tag","embeddable":true,"href":"https:\/\/sindromecharge.es\/index.php\/wp-json\/wp\/v2\/tags?post=7186"}],"curies":[{"name":"wp","href":"https:\/\/api.w.org\/{rel}","templated":true}]}}