{"id":7185,"date":"2021-05-19T11:00:36","date_gmt":"2021-05-19T11:00:36","guid":{"rendered":"https:\/\/sindromecharge.es\/index.php\/2021\/05\/19\/hablamos-sobre-inclusion-y-discapacidad-en-una-charla-apoyada-por-la-camara-de-comercio-de-barcelona\/"},"modified":"2021-05-19T11:00:36","modified_gmt":"2021-05-19T11:00:36","slug":"hablamos-sobre-inclusion-y-discapacidad-en-una-charla-apoyada-por-la-camara-de-comercio-de-barcelona","status":"publish","type":"post","link":"https:\/\/sindromecharge.es\/index.php\/2021\/05\/19\/hablamos-sobre-inclusion-y-discapacidad-en-una-charla-apoyada-por-la-camara-de-comercio-de-barcelona\/","title":{"rendered":"Hablamos sobre inclusi\u00f3n y discapacidad en una charla apoyada por la C\u00e1mara de Comercio de Barcelona"},"content":{"rendered":"<p>Leemos en FEDER la siguiente noticia que os reproducimos de forma \u00edntegra: <\/p>\n<p><p>Orientaactiva, con el soporte de la Camara de Comercio de Barcelona y con un grupo de profesionales del Grupo de Trabajo &#8216;Psicolog\u00eda y discapacidad&#8217; del Colegio Oficial de Psicolog\u00eda de Catalu\u00f1a, organiza un curso gratuito para j\u00f3venes que desean orientarse laboralmente hacia el tercer sector. Desde FEDER, con la colaboraci\u00f3n de Jordi Cruz, Patrono de la Fundaci\u00f3n FEDER, abordaremos un espacio en el que trasladaremos nuestra labor e informaci\u00f3n sobre las enfermedades poco frecuentes.<\/p>\n<p>El objetivo general es que las participantes se familiaricen y adquieran algunas herramientas operativas para interactuar como personas de soporte para con los diferentes tipos de las discapacidades\/diversidades funcionales: Personas sordas, ciegas, con discapacidad intelectual y con trastornos de discapacidad f\u00edsica.<\/p>\n<p>Esta charla que se realiza el 19 de mayo tiene como objetivo trasladar el papel del tercer sector un sector joven, trasladando el papel de estas entidades en la sociedad y lo que supone en el d\u00eda a d\u00eda de los colectivos m\u00e1s vulnerables, como son el de las enfermedades poco frecuentes.<\/p>\n<p>\u00daltima actualizaci\u00f3n 19\/05\/2021<\/p>\n<\/p>\n<p>Fuente: FEDER <a href=\"https:\/\/enfermedades-raras.org\/index.php\/actualidad\/noticias-eventos\/2-feder\/15392-hablamos-sobre-inclusi%C3%B3n-y-discapacidad-en-una-charla-apoyada-por-la-c%C3%A1mara-de-comercio-de-barcelona\" target=\"_blank\" rel=\"noopener\">Hablamos sobre inclusi\u00f3n y discapacidad en una charla apoyada por la C\u00e1mara de Comercio de Barcelona<\/a><\/p>\n","protected":false},"excerpt":{"rendered":"<p>Leemos en FEDER la siguiente noticia que os reproducimos de forma \u00edntegra: Orientaactiva, con el soporte de la Camara de Comercio de Barcelona y con un grupo de profesionales del Grupo de Trabajo &#8216;Psicolog\u00eda y discapacidad&#8217; del Colegio Oficial de Psicolog\u00eda de Catalu\u00f1a, organiza un curso gratuito para j\u00f3venes que desean orientarse laboralmente hacia el [&hellip;]<\/p>\n","protected":false},"author":1,"featured_media":0,"comment_status":"open","ping_status":"closed","sticky":false,"template":"","format":"standard","meta":{"footnotes":""},"categories":[8],"tags":[36],"class_list":["post-7185","post","type-post","status-publish","format-standard","hentry","category-noticias","tag-enfermedades-raras"],"yoast_head":"<!-- This site is optimized with the Yoast SEO plugin v27.5 - https:\/\/yoast.com\/product\/yoast-seo-wordpress\/ -->\n<title>Hablamos sobre inclusi\u00f3n y discapacidad en una charla apoyada por la C\u00e1mara de Comercio de Barcelona - Asociaci\u00f3n Espa\u00f1ola S\u00edndrome de Charge<\/title>\n<meta name=\"robots\" content=\"index, follow, max-snippet:-1, max-image-preview:large, max-video-preview:-1\" \/>\n<link rel=\"canonical\" href=\"https:\/\/sindromecharge.es\/index.php\/2021\/05\/19\/hablamos-sobre-inclusion-y-discapacidad-en-una-charla-apoyada-por-la-camara-de-comercio-de-barcelona\/\" \/>\n<meta property=\"og:locale\" content=\"es_ES\" \/>\n<meta property=\"og:type\" content=\"article\" \/>\n<meta property=\"og:title\" content=\"Hablamos sobre inclusi\u00f3n y discapacidad en una charla apoyada por la C\u00e1mara de Comercio de Barcelona - Asociaci\u00f3n Espa\u00f1ola S\u00edndrome de Charge\" \/>\n<meta property=\"og:description\" content=\"Leemos en FEDER la siguiente noticia que os reproducimos de forma \u00edntegra: Orientaactiva, con el soporte de la Camara de Comercio de Barcelona y con un grupo de profesionales del Grupo de Trabajo &#8216;Psicolog\u00eda y discapacidad&#8217; del Colegio Oficial de Psicolog\u00eda de Catalu\u00f1a, organiza un curso gratuito para j\u00f3venes que desean orientarse laboralmente hacia el [&hellip;]\" \/>\n<meta property=\"og:url\" content=\"https:\/\/sindromecharge.es\/index.php\/2021\/05\/19\/hablamos-sobre-inclusion-y-discapacidad-en-una-charla-apoyada-por-la-camara-de-comercio-de-barcelona\/\" \/>\n<meta property=\"og:site_name\" content=\"Asociaci\u00f3n Espa\u00f1ola S\u00edndrome de Charge\" \/>\n<meta property=\"article:publisher\" content=\"https:\/\/www.facebook.com\/asociacionsindromecharge\" \/>\n<meta property=\"article:published_time\" content=\"2021-05-19T11:00:36+00:00\" \/>\n<meta property=\"og:image\" content=\"https:\/\/sindromecharge.es\/wp-content\/uploads\/2013\/09\/logodecharge300x98.png\" \/>\n\t<meta property=\"og:image:width\" content=\"300\" \/>\n\t<meta property=\"og:image:height\" content=\"98\" \/>\n\t<meta property=\"og:image:type\" content=\"image\/png\" \/>\n<meta name=\"author\" content=\"Charge\" \/>\n<meta name=\"twitter:card\" content=\"summary_large_image\" \/>\n<meta name=\"twitter:creator\" content=\"@sindromecharge\" \/>\n<meta name=\"twitter:site\" content=\"@sindromecharge\" \/>\n<meta name=\"twitter:label1\" content=\"Escrito por\" \/>\n\t<meta name=\"twitter:data1\" content=\"Charge\" \/>\n\t<meta name=\"twitter:label2\" content=\"Tiempo de lectura\" \/>\n\t<meta name=\"twitter:data2\" content=\"1 minuto\" \/>\n<script type=\"application\/ld+json\" class=\"yoast-schema-graph\">{\"@context\":\"https:\\\/\\\/schema.org\",\"@graph\":[{\"@type\":\"Article\",\"@id\":\"https:\\\/\\\/sindromecharge.es\\\/index.php\\\/2021\\\/05\\\/19\\\/hablamos-sobre-inclusion-y-discapacidad-en-una-charla-apoyada-por-la-camara-de-comercio-de-barcelona\\\/#article\",\"isPartOf\":{\"@id\":\"https:\\\/\\\/sindromecharge.es\\\/index.php\\\/2021\\\/05\\\/19\\\/hablamos-sobre-inclusion-y-discapacidad-en-una-charla-apoyada-por-la-camara-de-comercio-de-barcelona\\\/\"},\"author\":{\"name\":\"Charge\",\"@id\":\"https:\\\/\\\/sindromecharge.es\\\/#\\\/schema\\\/person\\\/39a60ebe0a2b4d5a11179701e336b039\"},\"headline\":\"Hablamos sobre inclusi\u00f3n y discapacidad en una charla apoyada por la C\u00e1mara de Comercio de Barcelona\",\"datePublished\":\"2021-05-19T11:00:36+00:00\",\"mainEntityOfPage\":{\"@id\":\"https:\\\/\\\/sindromecharge.es\\\/index.php\\\/2021\\\/05\\\/19\\\/hablamos-sobre-inclusion-y-discapacidad-en-una-charla-apoyada-por-la-camara-de-comercio-de-barcelona\\\/\"},\"wordCount\":231,\"commentCount\":0,\"keywords\":[\"enfermedades raras\"],\"articleSection\":[\"noticias\"],\"inLanguage\":\"es\",\"potentialAction\":[{\"@type\":\"CommentAction\",\"name\":\"Comment\",\"target\":[\"https:\\\/\\\/sindromecharge.es\\\/index.php\\\/2021\\\/05\\\/19\\\/hablamos-sobre-inclusion-y-discapacidad-en-una-charla-apoyada-por-la-camara-de-comercio-de-barcelona\\\/#respond\"]}]},{\"@type\":\"WebPage\",\"@id\":\"https:\\\/\\\/sindromecharge.es\\\/index.php\\\/2021\\\/05\\\/19\\\/hablamos-sobre-inclusion-y-discapacidad-en-una-charla-apoyada-por-la-camara-de-comercio-de-barcelona\\\/\",\"url\":\"https:\\\/\\\/sindromecharge.es\\\/index.php\\\/2021\\\/05\\\/19\\\/hablamos-sobre-inclusion-y-discapacidad-en-una-charla-apoyada-por-la-camara-de-comercio-de-barcelona\\\/\",\"name\":\"Hablamos sobre inclusi\u00f3n y discapacidad en una charla apoyada por la C\u00e1mara de Comercio de Barcelona - Asociaci\u00f3n Espa\u00f1ola S\u00edndrome de Charge\",\"isPartOf\":{\"@id\":\"https:\\\/\\\/sindromecharge.es\\\/#website\"},\"datePublished\":\"2021-05-19T11:00:36+00:00\",\"author\":{\"@id\":\"https:\\\/\\\/sindromecharge.es\\\/#\\\/schema\\\/person\\\/39a60ebe0a2b4d5a11179701e336b039\"},\"breadcrumb\":{\"@id\":\"https:\\\/\\\/sindromecharge.es\\\/index.php\\\/2021\\\/05\\\/19\\\/hablamos-sobre-inclusion-y-discapacidad-en-una-charla-apoyada-por-la-camara-de-comercio-de-barcelona\\\/#breadcrumb\"},\"inLanguage\":\"es\",\"potentialAction\":[{\"@type\":\"ReadAction\",\"target\":[\"https:\\\/\\\/sindromecharge.es\\\/index.php\\\/2021\\\/05\\\/19\\\/hablamos-sobre-inclusion-y-discapacidad-en-una-charla-apoyada-por-la-camara-de-comercio-de-barcelona\\\/\"]}]},{\"@type\":\"BreadcrumbList\",\"@id\":\"https:\\\/\\\/sindromecharge.es\\\/index.php\\\/2021\\\/05\\\/19\\\/hablamos-sobre-inclusion-y-discapacidad-en-una-charla-apoyada-por-la-camara-de-comercio-de-barcelona\\\/#breadcrumb\",\"itemListElement\":[{\"@type\":\"ListItem\",\"position\":1,\"name\":\"Portada\",\"item\":\"https:\\\/\\\/sindromecharge.es\\\/\"},{\"@type\":\"ListItem\",\"position\":2,\"name\":\"Hablamos sobre inclusi\u00f3n y discapacidad en una charla apoyada por la C\u00e1mara de Comercio de Barcelona\"}]},{\"@type\":\"WebSite\",\"@id\":\"https:\\\/\\\/sindromecharge.es\\\/#website\",\"url\":\"https:\\\/\\\/sindromecharge.es\\\/\",\"name\":\"Asociaci\u00f3n Espa\u00f1ola S\u00edndrome de Charge\",\"description\":\"\",\"potentialAction\":[{\"@type\":\"SearchAction\",\"target\":{\"@type\":\"EntryPoint\",\"urlTemplate\":\"https:\\\/\\\/sindromecharge.es\\\/?s={search_term_string}\"},\"query-input\":{\"@type\":\"PropertyValueSpecification\",\"valueRequired\":true,\"valueName\":\"search_term_string\"}}],\"inLanguage\":\"es\"},{\"@type\":\"Person\",\"@id\":\"https:\\\/\\\/sindromecharge.es\\\/#\\\/schema\\\/person\\\/39a60ebe0a2b4d5a11179701e336b039\",\"name\":\"Charge\",\"image\":{\"@type\":\"ImageObject\",\"inLanguage\":\"es\",\"@id\":\"https:\\\/\\\/secure.gravatar.com\\\/avatar\\\/c3b46e32a0fc3b093a0873fb767bf3293de856293065e84ef06b7ec7a8acfb98?s=96&d=identicon&r=x\",\"url\":\"https:\\\/\\\/secure.gravatar.com\\\/avatar\\\/c3b46e32a0fc3b093a0873fb767bf3293de856293065e84ef06b7ec7a8acfb98?s=96&d=identicon&r=x\",\"contentUrl\":\"https:\\\/\\\/secure.gravatar.com\\\/avatar\\\/c3b46e32a0fc3b093a0873fb767bf3293de856293065e84ef06b7ec7a8acfb98?s=96&d=identicon&r=x\",\"caption\":\"Charge\"},\"url\":\"https:\\\/\\\/sindromecharge.es\\\/index.php\\\/author\\\/admin\\\/\"}]}<\/script>\n<!-- \/ Yoast SEO plugin. -->","yoast_head_json":{"title":"Hablamos sobre inclusi\u00f3n y discapacidad en una charla apoyada por la C\u00e1mara de Comercio de Barcelona - Asociaci\u00f3n Espa\u00f1ola S\u00edndrome de Charge","robots":{"index":"index","follow":"follow","max-snippet":"max-snippet:-1","max-image-preview":"max-image-preview:large","max-video-preview":"max-video-preview:-1"},"canonical":"https:\/\/sindromecharge.es\/index.php\/2021\/05\/19\/hablamos-sobre-inclusion-y-discapacidad-en-una-charla-apoyada-por-la-camara-de-comercio-de-barcelona\/","og_locale":"es_ES","og_type":"article","og_title":"Hablamos sobre inclusi\u00f3n y discapacidad en una charla apoyada por la C\u00e1mara de Comercio de Barcelona - Asociaci\u00f3n Espa\u00f1ola S\u00edndrome de Charge","og_description":"Leemos en FEDER la siguiente noticia que os reproducimos de forma \u00edntegra: Orientaactiva, con el soporte de la Camara de Comercio de Barcelona y con un grupo de profesionales del Grupo de Trabajo &#8216;Psicolog\u00eda y discapacidad&#8217; del Colegio Oficial de Psicolog\u00eda de Catalu\u00f1a, organiza un curso gratuito para j\u00f3venes que desean orientarse laboralmente hacia el [&hellip;]","og_url":"https:\/\/sindromecharge.es\/index.php\/2021\/05\/19\/hablamos-sobre-inclusion-y-discapacidad-en-una-charla-apoyada-por-la-camara-de-comercio-de-barcelona\/","og_site_name":"Asociaci\u00f3n Espa\u00f1ola S\u00edndrome de Charge","article_publisher":"https:\/\/www.facebook.com\/asociacionsindromecharge","article_published_time":"2021-05-19T11:00:36+00:00","og_image":[{"width":300,"height":98,"url":"https:\/\/sindromecharge.es\/wp-content\/uploads\/2013\/09\/logodecharge300x98.png","type":"image\/png"}],"author":"Charge","twitter_card":"summary_large_image","twitter_creator":"@sindromecharge","twitter_site":"@sindromecharge","twitter_misc":{"Escrito por":"Charge","Tiempo de lectura":"1 minuto"},"schema":{"@context":"https:\/\/schema.org","@graph":[{"@type":"Article","@id":"https:\/\/sindromecharge.es\/index.php\/2021\/05\/19\/hablamos-sobre-inclusion-y-discapacidad-en-una-charla-apoyada-por-la-camara-de-comercio-de-barcelona\/#article","isPartOf":{"@id":"https:\/\/sindromecharge.es\/index.php\/2021\/05\/19\/hablamos-sobre-inclusion-y-discapacidad-en-una-charla-apoyada-por-la-camara-de-comercio-de-barcelona\/"},"author":{"name":"Charge","@id":"https:\/\/sindromecharge.es\/#\/schema\/person\/39a60ebe0a2b4d5a11179701e336b039"},"headline":"Hablamos sobre inclusi\u00f3n y discapacidad en una charla apoyada por la C\u00e1mara de Comercio de Barcelona","datePublished":"2021-05-19T11:00:36+00:00","mainEntityOfPage":{"@id":"https:\/\/sindromecharge.es\/index.php\/2021\/05\/19\/hablamos-sobre-inclusion-y-discapacidad-en-una-charla-apoyada-por-la-camara-de-comercio-de-barcelona\/"},"wordCount":231,"commentCount":0,"keywords":["enfermedades raras"],"articleSection":["noticias"],"inLanguage":"es","potentialAction":[{"@type":"CommentAction","name":"Comment","target":["https:\/\/sindromecharge.es\/index.php\/2021\/05\/19\/hablamos-sobre-inclusion-y-discapacidad-en-una-charla-apoyada-por-la-camara-de-comercio-de-barcelona\/#respond"]}]},{"@type":"WebPage","@id":"https:\/\/sindromecharge.es\/index.php\/2021\/05\/19\/hablamos-sobre-inclusion-y-discapacidad-en-una-charla-apoyada-por-la-camara-de-comercio-de-barcelona\/","url":"https:\/\/sindromecharge.es\/index.php\/2021\/05\/19\/hablamos-sobre-inclusion-y-discapacidad-en-una-charla-apoyada-por-la-camara-de-comercio-de-barcelona\/","name":"Hablamos sobre inclusi\u00f3n y discapacidad en una charla apoyada por la C\u00e1mara de Comercio de Barcelona - Asociaci\u00f3n Espa\u00f1ola S\u00edndrome de Charge","isPartOf":{"@id":"https:\/\/sindromecharge.es\/#website"},"datePublished":"2021-05-19T11:00:36+00:00","author":{"@id":"https:\/\/sindromecharge.es\/#\/schema\/person\/39a60ebe0a2b4d5a11179701e336b039"},"breadcrumb":{"@id":"https:\/\/sindromecharge.es\/index.php\/2021\/05\/19\/hablamos-sobre-inclusion-y-discapacidad-en-una-charla-apoyada-por-la-camara-de-comercio-de-barcelona\/#breadcrumb"},"inLanguage":"es","potentialAction":[{"@type":"ReadAction","target":["https:\/\/sindromecharge.es\/index.php\/2021\/05\/19\/hablamos-sobre-inclusion-y-discapacidad-en-una-charla-apoyada-por-la-camara-de-comercio-de-barcelona\/"]}]},{"@type":"BreadcrumbList","@id":"https:\/\/sindromecharge.es\/index.php\/2021\/05\/19\/hablamos-sobre-inclusion-y-discapacidad-en-una-charla-apoyada-por-la-camara-de-comercio-de-barcelona\/#breadcrumb","itemListElement":[{"@type":"ListItem","position":1,"name":"Portada","item":"https:\/\/sindromecharge.es\/"},{"@type":"ListItem","position":2,"name":"Hablamos sobre inclusi\u00f3n y discapacidad en una charla apoyada por la C\u00e1mara de Comercio de Barcelona"}]},{"@type":"WebSite","@id":"https:\/\/sindromecharge.es\/#website","url":"https:\/\/sindromecharge.es\/","name":"Asociaci\u00f3n Espa\u00f1ola S\u00edndrome de Charge","description":"","potentialAction":[{"@type":"SearchAction","target":{"@type":"EntryPoint","urlTemplate":"https:\/\/sindromecharge.es\/?s={search_term_string}"},"query-input":{"@type":"PropertyValueSpecification","valueRequired":true,"valueName":"search_term_string"}}],"inLanguage":"es"},{"@type":"Person","@id":"https:\/\/sindromecharge.es\/#\/schema\/person\/39a60ebe0a2b4d5a11179701e336b039","name":"Charge","image":{"@type":"ImageObject","inLanguage":"es","@id":"https:\/\/secure.gravatar.com\/avatar\/c3b46e32a0fc3b093a0873fb767bf3293de856293065e84ef06b7ec7a8acfb98?s=96&d=identicon&r=x","url":"https:\/\/secure.gravatar.com\/avatar\/c3b46e32a0fc3b093a0873fb767bf3293de856293065e84ef06b7ec7a8acfb98?s=96&d=identicon&r=x","contentUrl":"https:\/\/secure.gravatar.com\/avatar\/c3b46e32a0fc3b093a0873fb767bf3293de856293065e84ef06b7ec7a8acfb98?s=96&d=identicon&r=x","caption":"Charge"},"url":"https:\/\/sindromecharge.es\/index.php\/author\/admin\/"}]}},"_links":{"self":[{"href":"https:\/\/sindromecharge.es\/index.php\/wp-json\/wp\/v2\/posts\/7185","targetHints":{"allow":["GET"]}}],"collection":[{"href":"https:\/\/sindromecharge.es\/index.php\/wp-json\/wp\/v2\/posts"}],"about":[{"href":"https:\/\/sindromecharge.es\/index.php\/wp-json\/wp\/v2\/types\/post"}],"author":[{"embeddable":true,"href":"https:\/\/sindromecharge.es\/index.php\/wp-json\/wp\/v2\/users\/1"}],"replies":[{"embeddable":true,"href":"https:\/\/sindromecharge.es\/index.php\/wp-json\/wp\/v2\/comments?post=7185"}],"version-history":[{"count":0,"href":"https:\/\/sindromecharge.es\/index.php\/wp-json\/wp\/v2\/posts\/7185\/revisions"}],"wp:attachment":[{"href":"https:\/\/sindromecharge.es\/index.php\/wp-json\/wp\/v2\/media?parent=7185"}],"wp:term":[{"taxonomy":"category","embeddable":true,"href":"https:\/\/sindromecharge.es\/index.php\/wp-json\/wp\/v2\/categories?post=7185"},{"taxonomy":"post_tag","embeddable":true,"href":"https:\/\/sindromecharge.es\/index.php\/wp-json\/wp\/v2\/tags?post=7185"}],"curies":[{"name":"wp","href":"https:\/\/api.w.org\/{rel}","templated":true}]}}