{"id":7183,"date":"2021-05-19T08:57:53","date_gmt":"2021-05-19T08:57:53","guid":{"rendered":"https:\/\/sindromecharge.es\/index.php\/2021\/05\/19\/nos-adherimos-al-dia-internacional-de-la-enfermedad-de-behcet\/"},"modified":"2021-05-19T08:57:53","modified_gmt":"2021-05-19T08:57:53","slug":"nos-adherimos-al-dia-internacional-de-la-enfermedad-de-behcet","status":"publish","type":"post","link":"https:\/\/sindromecharge.es\/index.php\/2021\/05\/19\/nos-adherimos-al-dia-internacional-de-la-enfermedad-de-behcet\/","title":{"rendered":"Nos adherimos al D\u00eda Internacional de la Enfermedad de Beh\u00e7et"},"content":{"rendered":"<p>Leemos en FEDER la siguiente noticia que os reproducimos de forma \u00edntegra: <\/p>\n<p>&nbsp;<\/p>\n<p>Ma\u00f1ana, 20 de mayo, se celebra el D\u00eda Internacional de la Enfermedad de Beh\u00e7et para concienciar a la sociedad de esta enfermedad poco frecuente. Adem\u00e1s de, recordar la importancia de la investigaci\u00f3n cient\u00edfica para conseguir un tratamiento que mejore la calidad de vida de los pacientes de esta patolog\u00eda, es por ello que, desde la Federaci\u00f3n Espa\u00f1ola de Enfermedades Raras (FEDER) se adhieren a esta jornada para solidarizarse con las personas que conviven con esta condici\u00f3n.<\/p>\n<p>La enfermedad de Beh\u00e7et es una enfermedad multisist\u00e9mica cr\u00f3nica de causa desconocida, caracterizada por un curso recurrente, que evoluciona en brotes y con compromiso inflamatorio de los vasos sangu\u00edneos de todos los calibres. Las manifestaciones m\u00e1s frecuentes son: Aftas orales y genitales, lesiones oculares, cut\u00e1neas, artritis, manifestaciones neurol\u00f3gicas, gastrointestinales, vasculares, nefrourol\u00f3gicas, cardiopulmonares y psiqui\u00e1tricas.<\/p>\n<p>\u201cDesde la Federaci\u00f3n Espa\u00f1ola de Enfermedades Raras nos sumamos a este d\u00eda en el que, la sensibilizaci\u00f3n es la protagonista. Adem\u00e1s, queremos mostrar todo nuestro apoyo a aquellos pacientes con Enfermedad de Beh\u00e7et, as\u00ed como a sus familiares\u201d Afirma Juan Carri\u00f3n, Presidente de FEDER y su Fundaci\u00f3n.<\/p>\n<p>La Federaci\u00f3n, tambi\u00e9n, desea reconocer y aplaudir la labor que realizan las entidades que forman el movimiento asociativo vinculado a esta enfermedad poco frecuente, ya que, trabajan d\u00eda a d\u00eda para informar a la sociedad sobre la patolog\u00eda, defender los derechos de los pacientes, impulsar la investigaci\u00f3n y facilitar recursos a pacientes y familias. Esto es posible, gracias al esfuerzo de asociaciones como la Asociaci\u00f3n Espa\u00f1ola de la Enfermedad de Beh\u00e7et.<\/p>\n<p><span style=\"font-size: 12pt\">S\u00famate al Reto de la Cedilla en este D\u00eda Mundial<\/span><\/p>\n<p>La entidad lanza a lo largo de esta semana el Reto de la Cedilla que consiste en alcanzar 500 fotograf\u00edas con una \u00c7 pintada en alguna parte visible del cuerpo de pacientes, familiares y amigos.<br \/>Las personas que quieran colaborar en este reto, pueden enviar su instant\u00e1nea a <a href=\"mailto:behcet@behcet.es\">behcet@behcet.es<\/a> o adjuntarla en el apartado de la noticia del 20 de mayo en su web.<\/p>\n<p>\u00daltima actualizaci\u00f3n 19\/05\/2021<\/p>\n<p>&nbsp;<\/p>\n<p>&nbsp;<\/p>\n<p>Fuente: FEDER <a href=\"https:\/\/enfermedades-raras.org\/index.php\/actualidad\/noticias-eventos\/2-feder\/15387-nos-adherimos-al-d%C3%ADa-internacional-de-la-enfermedad-de-beh%C3%A7et\" target=\"_blank\" rel=\"noopener\">Nos adherimos al D\u00eda Internacional de la Enfermedad de Beh\u00e7et<\/a><\/p>\n","protected":false},"excerpt":{"rendered":"<p>Leemos en FEDER la siguiente noticia que os reproducimos de forma \u00edntegra: &nbsp; Ma\u00f1ana, 20 de mayo, se celebra el D\u00eda Internacional de la Enfermedad de Beh\u00e7et para concienciar a la sociedad de esta enfermedad poco frecuente. Adem\u00e1s de, recordar la importancia de la investigaci\u00f3n cient\u00edfica para conseguir un tratamiento que mejore la calidad de [&hellip;]<\/p>\n","protected":false},"author":1,"featured_media":0,"comment_status":"open","ping_status":"closed","sticky":false,"template":"","format":"standard","meta":{"footnotes":""},"categories":[8],"tags":[36],"class_list":["post-7183","post","type-post","status-publish","format-standard","hentry","category-noticias","tag-enfermedades-raras"],"yoast_head":"<!-- This site is optimized with the Yoast SEO plugin v27.5 - https:\/\/yoast.com\/product\/yoast-seo-wordpress\/ -->\n<title>Nos adherimos al D\u00eda Internacional de la Enfermedad de Beh\u00e7et - Asociaci\u00f3n Espa\u00f1ola S\u00edndrome de Charge<\/title>\n<meta name=\"robots\" content=\"index, follow, max-snippet:-1, max-image-preview:large, max-video-preview:-1\" \/>\n<link rel=\"canonical\" href=\"https:\/\/sindromecharge.es\/index.php\/2021\/05\/19\/nos-adherimos-al-dia-internacional-de-la-enfermedad-de-behcet\/\" \/>\n<meta property=\"og:locale\" content=\"es_ES\" \/>\n<meta property=\"og:type\" content=\"article\" \/>\n<meta property=\"og:title\" content=\"Nos adherimos al D\u00eda Internacional de la Enfermedad de Beh\u00e7et - Asociaci\u00f3n Espa\u00f1ola S\u00edndrome de Charge\" \/>\n<meta property=\"og:description\" content=\"Leemos en FEDER la siguiente noticia que os reproducimos de forma \u00edntegra: &nbsp; Ma\u00f1ana, 20 de mayo, se celebra el D\u00eda Internacional de la Enfermedad de Beh\u00e7et para concienciar a la sociedad de esta enfermedad poco frecuente. Adem\u00e1s de, recordar la importancia de la investigaci\u00f3n cient\u00edfica para conseguir un tratamiento que mejore la calidad de [&hellip;]\" \/>\n<meta property=\"og:url\" content=\"https:\/\/sindromecharge.es\/index.php\/2021\/05\/19\/nos-adherimos-al-dia-internacional-de-la-enfermedad-de-behcet\/\" \/>\n<meta property=\"og:site_name\" content=\"Asociaci\u00f3n Espa\u00f1ola S\u00edndrome de Charge\" \/>\n<meta property=\"article:publisher\" content=\"https:\/\/www.facebook.com\/asociacionsindromecharge\" \/>\n<meta property=\"article:published_time\" content=\"2021-05-19T08:57:53+00:00\" \/>\n<meta property=\"og:image\" content=\"https:\/\/sindromecharge.es\/wp-content\/uploads\/2013\/09\/logodecharge300x98.png\" \/>\n\t<meta property=\"og:image:width\" content=\"300\" \/>\n\t<meta property=\"og:image:height\" content=\"98\" \/>\n\t<meta property=\"og:image:type\" content=\"image\/png\" \/>\n<meta name=\"author\" content=\"Charge\" \/>\n<meta name=\"twitter:card\" content=\"summary_large_image\" \/>\n<meta name=\"twitter:creator\" content=\"@sindromecharge\" \/>\n<meta name=\"twitter:site\" content=\"@sindromecharge\" \/>\n<meta name=\"twitter:label1\" content=\"Escrito por\" \/>\n\t<meta name=\"twitter:data1\" content=\"Charge\" \/>\n\t<meta name=\"twitter:label2\" content=\"Tiempo de lectura\" \/>\n\t<meta name=\"twitter:data2\" content=\"2 minutos\" \/>\n<script type=\"application\/ld+json\" class=\"yoast-schema-graph\">{\"@context\":\"https:\\\/\\\/schema.org\",\"@graph\":[{\"@type\":\"Article\",\"@id\":\"https:\\\/\\\/sindromecharge.es\\\/index.php\\\/2021\\\/05\\\/19\\\/nos-adherimos-al-dia-internacional-de-la-enfermedad-de-behcet\\\/#article\",\"isPartOf\":{\"@id\":\"https:\\\/\\\/sindromecharge.es\\\/index.php\\\/2021\\\/05\\\/19\\\/nos-adherimos-al-dia-internacional-de-la-enfermedad-de-behcet\\\/\"},\"author\":{\"name\":\"Charge\",\"@id\":\"https:\\\/\\\/sindromecharge.es\\\/#\\\/schema\\\/person\\\/39a60ebe0a2b4d5a11179701e336b039\"},\"headline\":\"Nos adherimos al D\u00eda Internacional de la Enfermedad de Beh\u00e7et\",\"datePublished\":\"2021-05-19T08:57:53+00:00\",\"mainEntityOfPage\":{\"@id\":\"https:\\\/\\\/sindromecharge.es\\\/index.php\\\/2021\\\/05\\\/19\\\/nos-adherimos-al-dia-internacional-de-la-enfermedad-de-behcet\\\/\"},\"wordCount\":404,\"commentCount\":0,\"keywords\":[\"enfermedades raras\"],\"articleSection\":[\"noticias\"],\"inLanguage\":\"es\",\"potentialAction\":[{\"@type\":\"CommentAction\",\"name\":\"Comment\",\"target\":[\"https:\\\/\\\/sindromecharge.es\\\/index.php\\\/2021\\\/05\\\/19\\\/nos-adherimos-al-dia-internacional-de-la-enfermedad-de-behcet\\\/#respond\"]}]},{\"@type\":\"WebPage\",\"@id\":\"https:\\\/\\\/sindromecharge.es\\\/index.php\\\/2021\\\/05\\\/19\\\/nos-adherimos-al-dia-internacional-de-la-enfermedad-de-behcet\\\/\",\"url\":\"https:\\\/\\\/sindromecharge.es\\\/index.php\\\/2021\\\/05\\\/19\\\/nos-adherimos-al-dia-internacional-de-la-enfermedad-de-behcet\\\/\",\"name\":\"Nos adherimos al D\u00eda Internacional de la Enfermedad de Beh\u00e7et - Asociaci\u00f3n Espa\u00f1ola S\u00edndrome de Charge\",\"isPartOf\":{\"@id\":\"https:\\\/\\\/sindromecharge.es\\\/#website\"},\"datePublished\":\"2021-05-19T08:57:53+00:00\",\"author\":{\"@id\":\"https:\\\/\\\/sindromecharge.es\\\/#\\\/schema\\\/person\\\/39a60ebe0a2b4d5a11179701e336b039\"},\"breadcrumb\":{\"@id\":\"https:\\\/\\\/sindromecharge.es\\\/index.php\\\/2021\\\/05\\\/19\\\/nos-adherimos-al-dia-internacional-de-la-enfermedad-de-behcet\\\/#breadcrumb\"},\"inLanguage\":\"es\",\"potentialAction\":[{\"@type\":\"ReadAction\",\"target\":[\"https:\\\/\\\/sindromecharge.es\\\/index.php\\\/2021\\\/05\\\/19\\\/nos-adherimos-al-dia-internacional-de-la-enfermedad-de-behcet\\\/\"]}]},{\"@type\":\"BreadcrumbList\",\"@id\":\"https:\\\/\\\/sindromecharge.es\\\/index.php\\\/2021\\\/05\\\/19\\\/nos-adherimos-al-dia-internacional-de-la-enfermedad-de-behcet\\\/#breadcrumb\",\"itemListElement\":[{\"@type\":\"ListItem\",\"position\":1,\"name\":\"Portada\",\"item\":\"https:\\\/\\\/sindromecharge.es\\\/\"},{\"@type\":\"ListItem\",\"position\":2,\"name\":\"Nos adherimos al D\u00eda Internacional de la Enfermedad de Beh\u00e7et\"}]},{\"@type\":\"WebSite\",\"@id\":\"https:\\\/\\\/sindromecharge.es\\\/#website\",\"url\":\"https:\\\/\\\/sindromecharge.es\\\/\",\"name\":\"Asociaci\u00f3n Espa\u00f1ola S\u00edndrome de Charge\",\"description\":\"\",\"potentialAction\":[{\"@type\":\"SearchAction\",\"target\":{\"@type\":\"EntryPoint\",\"urlTemplate\":\"https:\\\/\\\/sindromecharge.es\\\/?s={search_term_string}\"},\"query-input\":{\"@type\":\"PropertyValueSpecification\",\"valueRequired\":true,\"valueName\":\"search_term_string\"}}],\"inLanguage\":\"es\"},{\"@type\":\"Person\",\"@id\":\"https:\\\/\\\/sindromecharge.es\\\/#\\\/schema\\\/person\\\/39a60ebe0a2b4d5a11179701e336b039\",\"name\":\"Charge\",\"image\":{\"@type\":\"ImageObject\",\"inLanguage\":\"es\",\"@id\":\"https:\\\/\\\/secure.gravatar.com\\\/avatar\\\/c3b46e32a0fc3b093a0873fb767bf3293de856293065e84ef06b7ec7a8acfb98?s=96&d=identicon&r=x\",\"url\":\"https:\\\/\\\/secure.gravatar.com\\\/avatar\\\/c3b46e32a0fc3b093a0873fb767bf3293de856293065e84ef06b7ec7a8acfb98?s=96&d=identicon&r=x\",\"contentUrl\":\"https:\\\/\\\/secure.gravatar.com\\\/avatar\\\/c3b46e32a0fc3b093a0873fb767bf3293de856293065e84ef06b7ec7a8acfb98?s=96&d=identicon&r=x\",\"caption\":\"Charge\"},\"url\":\"https:\\\/\\\/sindromecharge.es\\\/index.php\\\/author\\\/admin\\\/\"}]}<\/script>\n<!-- \/ Yoast SEO plugin. -->","yoast_head_json":{"title":"Nos adherimos al D\u00eda Internacional de la Enfermedad de Beh\u00e7et - Asociaci\u00f3n Espa\u00f1ola S\u00edndrome de Charge","robots":{"index":"index","follow":"follow","max-snippet":"max-snippet:-1","max-image-preview":"max-image-preview:large","max-video-preview":"max-video-preview:-1"},"canonical":"https:\/\/sindromecharge.es\/index.php\/2021\/05\/19\/nos-adherimos-al-dia-internacional-de-la-enfermedad-de-behcet\/","og_locale":"es_ES","og_type":"article","og_title":"Nos adherimos al D\u00eda Internacional de la Enfermedad de Beh\u00e7et - Asociaci\u00f3n Espa\u00f1ola S\u00edndrome de Charge","og_description":"Leemos en FEDER la siguiente noticia que os reproducimos de forma \u00edntegra: &nbsp; Ma\u00f1ana, 20 de mayo, se celebra el D\u00eda Internacional de la Enfermedad de Beh\u00e7et para concienciar a la sociedad de esta enfermedad poco frecuente. Adem\u00e1s de, recordar la importancia de la investigaci\u00f3n cient\u00edfica para conseguir un tratamiento que mejore la calidad de [&hellip;]","og_url":"https:\/\/sindromecharge.es\/index.php\/2021\/05\/19\/nos-adherimos-al-dia-internacional-de-la-enfermedad-de-behcet\/","og_site_name":"Asociaci\u00f3n Espa\u00f1ola S\u00edndrome de Charge","article_publisher":"https:\/\/www.facebook.com\/asociacionsindromecharge","article_published_time":"2021-05-19T08:57:53+00:00","og_image":[{"width":300,"height":98,"url":"https:\/\/sindromecharge.es\/wp-content\/uploads\/2013\/09\/logodecharge300x98.png","type":"image\/png"}],"author":"Charge","twitter_card":"summary_large_image","twitter_creator":"@sindromecharge","twitter_site":"@sindromecharge","twitter_misc":{"Escrito por":"Charge","Tiempo de lectura":"2 minutos"},"schema":{"@context":"https:\/\/schema.org","@graph":[{"@type":"Article","@id":"https:\/\/sindromecharge.es\/index.php\/2021\/05\/19\/nos-adherimos-al-dia-internacional-de-la-enfermedad-de-behcet\/#article","isPartOf":{"@id":"https:\/\/sindromecharge.es\/index.php\/2021\/05\/19\/nos-adherimos-al-dia-internacional-de-la-enfermedad-de-behcet\/"},"author":{"name":"Charge","@id":"https:\/\/sindromecharge.es\/#\/schema\/person\/39a60ebe0a2b4d5a11179701e336b039"},"headline":"Nos adherimos al D\u00eda Internacional de la Enfermedad de Beh\u00e7et","datePublished":"2021-05-19T08:57:53+00:00","mainEntityOfPage":{"@id":"https:\/\/sindromecharge.es\/index.php\/2021\/05\/19\/nos-adherimos-al-dia-internacional-de-la-enfermedad-de-behcet\/"},"wordCount":404,"commentCount":0,"keywords":["enfermedades raras"],"articleSection":["noticias"],"inLanguage":"es","potentialAction":[{"@type":"CommentAction","name":"Comment","target":["https:\/\/sindromecharge.es\/index.php\/2021\/05\/19\/nos-adherimos-al-dia-internacional-de-la-enfermedad-de-behcet\/#respond"]}]},{"@type":"WebPage","@id":"https:\/\/sindromecharge.es\/index.php\/2021\/05\/19\/nos-adherimos-al-dia-internacional-de-la-enfermedad-de-behcet\/","url":"https:\/\/sindromecharge.es\/index.php\/2021\/05\/19\/nos-adherimos-al-dia-internacional-de-la-enfermedad-de-behcet\/","name":"Nos adherimos al D\u00eda Internacional de la Enfermedad de Beh\u00e7et - Asociaci\u00f3n Espa\u00f1ola S\u00edndrome de Charge","isPartOf":{"@id":"https:\/\/sindromecharge.es\/#website"},"datePublished":"2021-05-19T08:57:53+00:00","author":{"@id":"https:\/\/sindromecharge.es\/#\/schema\/person\/39a60ebe0a2b4d5a11179701e336b039"},"breadcrumb":{"@id":"https:\/\/sindromecharge.es\/index.php\/2021\/05\/19\/nos-adherimos-al-dia-internacional-de-la-enfermedad-de-behcet\/#breadcrumb"},"inLanguage":"es","potentialAction":[{"@type":"ReadAction","target":["https:\/\/sindromecharge.es\/index.php\/2021\/05\/19\/nos-adherimos-al-dia-internacional-de-la-enfermedad-de-behcet\/"]}]},{"@type":"BreadcrumbList","@id":"https:\/\/sindromecharge.es\/index.php\/2021\/05\/19\/nos-adherimos-al-dia-internacional-de-la-enfermedad-de-behcet\/#breadcrumb","itemListElement":[{"@type":"ListItem","position":1,"name":"Portada","item":"https:\/\/sindromecharge.es\/"},{"@type":"ListItem","position":2,"name":"Nos adherimos al D\u00eda Internacional de la Enfermedad de Beh\u00e7et"}]},{"@type":"WebSite","@id":"https:\/\/sindromecharge.es\/#website","url":"https:\/\/sindromecharge.es\/","name":"Asociaci\u00f3n Espa\u00f1ola S\u00edndrome de Charge","description":"","potentialAction":[{"@type":"SearchAction","target":{"@type":"EntryPoint","urlTemplate":"https:\/\/sindromecharge.es\/?s={search_term_string}"},"query-input":{"@type":"PropertyValueSpecification","valueRequired":true,"valueName":"search_term_string"}}],"inLanguage":"es"},{"@type":"Person","@id":"https:\/\/sindromecharge.es\/#\/schema\/person\/39a60ebe0a2b4d5a11179701e336b039","name":"Charge","image":{"@type":"ImageObject","inLanguage":"es","@id":"https:\/\/secure.gravatar.com\/avatar\/c3b46e32a0fc3b093a0873fb767bf3293de856293065e84ef06b7ec7a8acfb98?s=96&d=identicon&r=x","url":"https:\/\/secure.gravatar.com\/avatar\/c3b46e32a0fc3b093a0873fb767bf3293de856293065e84ef06b7ec7a8acfb98?s=96&d=identicon&r=x","contentUrl":"https:\/\/secure.gravatar.com\/avatar\/c3b46e32a0fc3b093a0873fb767bf3293de856293065e84ef06b7ec7a8acfb98?s=96&d=identicon&r=x","caption":"Charge"},"url":"https:\/\/sindromecharge.es\/index.php\/author\/admin\/"}]}},"_links":{"self":[{"href":"https:\/\/sindromecharge.es\/index.php\/wp-json\/wp\/v2\/posts\/7183","targetHints":{"allow":["GET"]}}],"collection":[{"href":"https:\/\/sindromecharge.es\/index.php\/wp-json\/wp\/v2\/posts"}],"about":[{"href":"https:\/\/sindromecharge.es\/index.php\/wp-json\/wp\/v2\/types\/post"}],"author":[{"embeddable":true,"href":"https:\/\/sindromecharge.es\/index.php\/wp-json\/wp\/v2\/users\/1"}],"replies":[{"embeddable":true,"href":"https:\/\/sindromecharge.es\/index.php\/wp-json\/wp\/v2\/comments?post=7183"}],"version-history":[{"count":0,"href":"https:\/\/sindromecharge.es\/index.php\/wp-json\/wp\/v2\/posts\/7183\/revisions"}],"wp:attachment":[{"href":"https:\/\/sindromecharge.es\/index.php\/wp-json\/wp\/v2\/media?parent=7183"}],"wp:term":[{"taxonomy":"category","embeddable":true,"href":"https:\/\/sindromecharge.es\/index.php\/wp-json\/wp\/v2\/categories?post=7183"},{"taxonomy":"post_tag","embeddable":true,"href":"https:\/\/sindromecharge.es\/index.php\/wp-json\/wp\/v2\/tags?post=7183"}],"curies":[{"name":"wp","href":"https:\/\/api.w.org\/{rel}","templated":true}]}}