{"id":7182,"date":"2021-05-19T08:19:13","date_gmt":"2021-05-19T08:19:13","guid":{"rendered":"https:\/\/sindromecharge.es\/index.php\/2021\/05\/19\/supercuidadores-invita-a-participar-en-el-primer-libro-que-se-esta-escribiendo-por-cuidadores-de-espana-y-latinoamerica\/"},"modified":"2021-05-19T08:19:13","modified_gmt":"2021-05-19T08:19:13","slug":"supercuidadores-invita-a-participar-en-el-primer-libro-que-se-esta-escribiendo-por-cuidadores-de-espana-y-latinoamerica","status":"publish","type":"post","link":"https:\/\/sindromecharge.es\/index.php\/2021\/05\/19\/supercuidadores-invita-a-participar-en-el-primer-libro-que-se-esta-escribiendo-por-cuidadores-de-espana-y-latinoamerica\/","title":{"rendered":"SUPERCUIDADORES invita a participar en el primer libro que se est\u00e1 escribiendo por cuidadores de Espa\u00f1a y Latinoam\u00e9rica"},"content":{"rendered":"<p>Leemos en FEDER la siguiente noticia que os reproducimos de forma \u00edntegra: <\/p>\n<p><p>Fuente: Supercuidadores. Desde inicios del 2021 y gracias a la relevancia que han tenido los relatos escritos por cuidadores familiares y profesionales durante seis ediciones de los Premios SUPERCUIDADORES, la empresa l\u00edder en el sector de formaci\u00f3n y servicios a cuidadores, junto a la Editorial <a href=\"https:\/\/loquenoexiste.es\/\" target=\"_blank\" rel=\"noopener\">LoQueNoExiste<\/a>, ha puesto en marcha la creaci\u00f3n de una obra literaria universal y colectiva.<\/p>\n<p>Esta obra, invita a los cuidadores a coger papel y pluma y narrar, en un m\u00e1ximo de 700 palabras, el lado m\u00e1s \u00edntimo de sus vivencias, en especial en tiempos de pandemia. Ya que como afirma <a href=\"https:\/\/twitter.com\/MPpescador\" target=\"_blank\" rel=\"noopener\">Mercedes Pescador<\/a>, directora de la editorial, \u201cLa labor de los que cuidan de nosotros no se valora lo suficiente y escribir es, a menudo, una terapia\u201d.<\/p>\n<p>Como terapia, como actividad de ocio o como forma de expresi\u00f3n, la intenci\u00f3n de este proyecto es darles voz a todos los cuidadores de habla hispana y materializar sus historias en un libro revelador que ahondar\u00e1 en sus pensamientos, vivencias, aprendizajes y experiencias. De esta manera, pondremos en evidencia testimonios como el de Sara Garc\u00eda Moro (Cuidadora Familiar): \u201cla figura del cuidador nadie la tiene en cuenta. Las personas no se dan cuenta que, para cuidar, dejas de lado tu propia vida\u201d y tendremos la posibilidad de reivindicar esta valiente labor con todos estos testimonios.<\/p>\n<p><span style=\"font-size: 14pt\">Televisi\u00f3n espa\u00f1ola se ha hecho eco del libro de SUPERCUIDADORES<\/span><\/p>\n<p>El domingo 16 de mayo, en horario \u201cprime time\u201d TVE emiti\u00f3 el siguiente reportaje: \u201cUn libro que recoger\u00e1 el testimonio de cuidadores para hacer visible un trabajo muchas veces olvidado\u201d (<a href=\"https:\/\/www.rtve.es\/alacarta\/videos\/telediario\/cuidadores-personas-dedican-su-vida-hacer-mejor-otras\/5905364\/\">https:\/\/www.rtve.es\/alacarta\/videos\/telediario\/cuidadores-personas-dedican-su-vida-hacer-mejor-otras\/5905364\/<\/a>)<\/p>\n<p>El plazo para enviar los textos ser\u00e1 hasta el 15 de junio de 2021 al email: <a href=\"mailto:libro.supercuidadores@unir.net\">libro.supercuidadores@unir.net<\/a> (cumplimenta <a href=\"https:\/\/cuidadores.unir.net\/libro-supercuidadores\" target=\"_blank\" rel=\"noopener\">la inscripci\u00f3n en nuestra WEB<\/a>). La editorial convertir\u00e1 estos relatos en un libro testimonial y colectivo que estar\u00e1 publicado para el acto anual de entrega de los Premios de SUPERCUIDADORES 2021 y podr\u00e1 adquirirse en todas las librer\u00edas del pa\u00eds. \u201cEsta obra ser\u00e1 un punto de encuentro, un mensaje de esperanza contra la soledad y falta de reconocimiento que sufren muchos cuidadores familiares y profesionales\u201d, asegura Aurelio L\u00f3pez-Barajas, CEO de SUPERCUIDADORES.<\/p>\n<p>La participaci\u00f3n en el libro \u201cSUPERCUIDADORES\u201d es completamente gratuita y los derechos de autor ser\u00e1n destinados a causas sociales relacionadas con la actividad del cuidado a personas mayores o dependientes. Adem\u00e1s, quienes decidan enviar su relato obtendr\u00e1n una BECA exclusiva de 300\u20ac para cursar el <a href=\"https:\/\/cuidadores.unir.net\/libro-supercuidadores?from=beca_libro\" target=\"_blank\" rel=\"noopener\">Certificado de Profesionalidad en Atenci\u00f3n Sociosanitaria a Personas Dependientes<\/a> o un 20% de descuento en cualquiera de los cursos impartidos por SUPERCUIDADORES.<\/p>\n<p>Los participantes recibir\u00e1n una beca de 300\u20ac o un 20% de descuento en m\u00e1s de 350 cursos para aprender a cuidar<\/p>\n<p><span style=\"font-size: 14pt\">El relato tambi\u00e9n podr\u00e1 participar en la 7\u00aa edici\u00f3n de los premios SUPERCUIDADORES<\/span><\/p>\n<p>Con el objetivo de dignificar la figura de los cuidadores e impulsar una mejor atenci\u00f3n para las personas mayores y dependientes, quienes env\u00eden la candidatura para el libro, tambi\u00e9n tendr\u00e1n la opci\u00f3n de participar en los Premios SUPERCUIDADORES en la categor\u00eda \u201cCuidadores Familiares\u201d o \u201cCuidadores Profesionales\u201d.<\/p>\n<p>Estos galardones de reconocido prestigio y amplia trayectoria buscan reconocer a las personas e instituciones que desarrollan labores de cuidado de otras. Por ello, tambi\u00e9n se galardonar\u00e1 a las empresas, entidades u organizaciones que hayan desarrollado servicios para cuidadores o personas dependientes, as\u00ed como acciones o pol\u00edticas de RSC dirigidas a facilitar a sus clientes, empleados o asociados el cuidado y bienestar de sus familiares, as\u00ed como medidas para mejorar la conciliaci\u00f3n de la vida laboral, familiar y personal.<\/p>\n<p><span style=\"font-size: 14pt\">\u00bfQu\u00e9 debes tener en cuenta para participar?<\/span><\/p>\n<p>Tendr\u00e1s que cumplimentar <a href=\"https:\/\/cuidadores.unir.net\/premios-supercuidadores\/premios-2021-enviar-candidatura\" target=\"_blank\" rel=\"noopener\">el formulario de inscripci\u00f3n<\/a>.<\/p>\n<ul>\n<li>El relato debe estar escrito en espa\u00f1ol y no podr\u00e1 superar las 700 palabras.<\/li>\n<li>Deber\u00e1s adjuntar una o varias fotograf\u00edas que plasme y\/o tenga relaci\u00f3n con el contenido del relato.<\/li>\n<li>La presentaci\u00f3n de candidaturas se podr\u00e1 realizar hasta el 30 de septiembre de 2021.<\/li>\n<li>Consulta todas las <a href=\"https:\/\/cuidadores.unir.net\/premios-supercuidadores\/bases-del-concurso\" target=\"_blank\" rel=\"noopener\">Bases del concurso<\/a> para obtener m\u00e1s informaci\u00f3n.<\/li>\n<\/ul>\n<p>A todos los participantes, SUPERCUIDADORES otorgar\u00e1 igualmente una beca de 300\u20ac para realizar la formaci\u00f3n oficial para cuidar: el \u201ccertificado de profesionalidad en atenci\u00f3n sociosanitaria a personas dependientes\u201d o un descuento del 20% en cualquiera de sus <a href=\"https:\/\/cuidadores.unir.net\/formacion\" target=\"_blank\" rel=\"noopener\">m\u00e1s de 350 cursos para aprender a cuidar<\/a>. Adicionalmente, las personas ganadoras recibir\u00e1n premios en met\u00e1lico de 1.000\u20ac o la realizaci\u00f3n gratuita del curso de formaci\u00f3n que elijan.<\/p>\n<p>Los ganadores de los premios recibir\u00e1n premios de 1.000\u20ac o cursos gratuitos para aprender a cuidar<\/p>\n<p>Como SUPERCUIDADORES, nuestro fin m\u00e1s importante es \u00abprofesionalizar y dignificar la figura del cuidador para mejorar la vida de las personas mayores o dependientes\u00bb y con estas iniciativas, nuestros servicios y formaci\u00f3n online ayudamos a cubrir las necesidades reales del sector sociosanitario, as\u00ed como contribuimos al fomento de la autonom\u00eda personal y al envejecimiento activo.<\/p>\n<p>\u00a1No te pierdas esta oportunidad, participa con tu testimonio en un libro m\u00e1gico, y comun\u00edcales a otros cuidadores que NO EST\u00c1N SOLOS!<\/p>\n<p>Para m\u00e1s informaci\u00f3n, pueden dirigirse a <a href=\"mailto:supercuidadores@unir.net\">supercuidadores@unir.net<\/a> o llamar a los tel\u00e9fonos 625 127 984 &#8211; 625 187 803<\/p>\n<p>SUPERCUIDADORES, entidad impulsada por la Universidad Internacional de la Rioja (UNIR) tiene entre sus objetivos principales la prestaci\u00f3n de servicios dirigidos a los colectivos de la familia, cuidadores familiares y profesionales, personas que sufran alg\u00fan tipo de enfermedad, personas mayores, o que se encuentren en situaci\u00f3n de Discapacidad y\/o Dependencia. SUPERCUIDADORES es la empresa de l\u00edder en formaci\u00f3n sociosanitaria online, acreditada por todas las Comunidades Aut\u00f3nomas de Espa\u00f1a, con m\u00e1s de 350 cursos disponibles en su cat\u00e1logo formativo. Adem\u00e1s, ofrece informaci\u00f3n especializada, un consultorio o servicio de asistencia online, la prestaci\u00f3n de un recomendador de productos, servicios y aplicaciones m\u00f3viles de inter\u00e9s para los colectivos a los que se dirige, as\u00ed como la gesti\u00f3n de una bolsa de empleo para facilitar a las familias, empresas e instituciones cuidadores profesionales debidamente formados. SUPERCUIDADORES ofrece tambi\u00e9n <a href=\"https:\/\/cuidadores.unir.net\/colectivos\/servicio-personalizado\" target=\"_blank\" rel=\"noopener\">servicios personalizados<\/a> a empresas, asociaciones, entidades, administraciones y todo tipo de colectivos.<\/p>\n<p>\u00daltima actualizaci\u00f3n 19\/05\/2021<\/p>\n<\/p>\n<p>Fuente: FEDER <a href=\"https:\/\/enfermedades-raras.org\/index.php\/actualidad\/noticias-eventos\/2-feder\/15386-supercuidadores-invita-a-participar-en-el-primer-libro-que-se-est%C3%A1-escribiendo-por-cuidadores-de-espa%C3%B1a-y-latinoam%C3%A9rica\" target=\"_blank\" rel=\"noopener\">SUPERCUIDADORES invita a participar en el primer libro que se est\u00e1 escribiendo por cuidadores de Espa\u00f1a y Latinoam\u00e9rica<\/a><\/p>\n","protected":false},"excerpt":{"rendered":"<p>Leemos en FEDER la siguiente noticia que os reproducimos de forma \u00edntegra: Fuente: Supercuidadores. Desde inicios del 2021 y gracias a la relevancia que han tenido los relatos escritos por cuidadores familiares y profesionales durante seis ediciones de los Premios SUPERCUIDADORES, la empresa l\u00edder en el sector de formaci\u00f3n y servicios a cuidadores, junto a [&hellip;]<\/p>\n","protected":false},"author":1,"featured_media":0,"comment_status":"open","ping_status":"closed","sticky":false,"template":"","format":"standard","meta":{"footnotes":""},"categories":[8],"tags":[36],"class_list":["post-7182","post","type-post","status-publish","format-standard","hentry","category-noticias","tag-enfermedades-raras"],"yoast_head":"<!-- This site is optimized with the Yoast SEO plugin v27.5 - https:\/\/yoast.com\/product\/yoast-seo-wordpress\/ -->\n<title>SUPERCUIDADORES invita a participar en el primer libro que se est\u00e1 escribiendo por cuidadores de Espa\u00f1a y Latinoam\u00e9rica - Asociaci\u00f3n Espa\u00f1ola S\u00edndrome de Charge<\/title>\n<meta name=\"robots\" content=\"index, follow, max-snippet:-1, max-image-preview:large, max-video-preview:-1\" \/>\n<link rel=\"canonical\" href=\"https:\/\/sindromecharge.es\/index.php\/2021\/05\/19\/supercuidadores-invita-a-participar-en-el-primer-libro-que-se-esta-escribiendo-por-cuidadores-de-espana-y-latinoamerica\/\" \/>\n<meta property=\"og:locale\" content=\"es_ES\" \/>\n<meta property=\"og:type\" content=\"article\" \/>\n<meta property=\"og:title\" content=\"SUPERCUIDADORES invita a participar en el primer libro que se est\u00e1 escribiendo por cuidadores de Espa\u00f1a y Latinoam\u00e9rica - Asociaci\u00f3n Espa\u00f1ola S\u00edndrome de Charge\" \/>\n<meta property=\"og:description\" content=\"Leemos en FEDER la siguiente noticia que os reproducimos de forma \u00edntegra: Fuente: Supercuidadores. Desde inicios del 2021 y gracias a la relevancia que han tenido los relatos escritos por cuidadores familiares y profesionales durante seis ediciones de los Premios SUPERCUIDADORES, la empresa l\u00edder en el sector de formaci\u00f3n y servicios a cuidadores, junto a [&hellip;]\" \/>\n<meta property=\"og:url\" content=\"https:\/\/sindromecharge.es\/index.php\/2021\/05\/19\/supercuidadores-invita-a-participar-en-el-primer-libro-que-se-esta-escribiendo-por-cuidadores-de-espana-y-latinoamerica\/\" \/>\n<meta property=\"og:site_name\" content=\"Asociaci\u00f3n Espa\u00f1ola S\u00edndrome de Charge\" \/>\n<meta property=\"article:publisher\" content=\"https:\/\/www.facebook.com\/asociacionsindromecharge\" \/>\n<meta property=\"article:published_time\" content=\"2021-05-19T08:19:13+00:00\" \/>\n<meta property=\"og:image\" content=\"https:\/\/sindromecharge.es\/wp-content\/uploads\/2013\/09\/logodecharge300x98.png\" \/>\n\t<meta property=\"og:image:width\" content=\"300\" \/>\n\t<meta property=\"og:image:height\" content=\"98\" \/>\n\t<meta property=\"og:image:type\" content=\"image\/png\" \/>\n<meta name=\"author\" content=\"Charge\" \/>\n<meta name=\"twitter:card\" content=\"summary_large_image\" \/>\n<meta name=\"twitter:creator\" content=\"@sindromecharge\" \/>\n<meta name=\"twitter:site\" content=\"@sindromecharge\" \/>\n<meta name=\"twitter:label1\" content=\"Escrito por\" \/>\n\t<meta name=\"twitter:data1\" content=\"Charge\" \/>\n\t<meta name=\"twitter:label2\" content=\"Tiempo de lectura\" \/>\n\t<meta name=\"twitter:data2\" content=\"5 minutos\" \/>\n<script type=\"application\/ld+json\" class=\"yoast-schema-graph\">{\"@context\":\"https:\\\/\\\/schema.org\",\"@graph\":[{\"@type\":\"Article\",\"@id\":\"https:\\\/\\\/sindromecharge.es\\\/index.php\\\/2021\\\/05\\\/19\\\/supercuidadores-invita-a-participar-en-el-primer-libro-que-se-esta-escribiendo-por-cuidadores-de-espana-y-latinoamerica\\\/#article\",\"isPartOf\":{\"@id\":\"https:\\\/\\\/sindromecharge.es\\\/index.php\\\/2021\\\/05\\\/19\\\/supercuidadores-invita-a-participar-en-el-primer-libro-que-se-esta-escribiendo-por-cuidadores-de-espana-y-latinoamerica\\\/\"},\"author\":{\"name\":\"Charge\",\"@id\":\"https:\\\/\\\/sindromecharge.es\\\/#\\\/schema\\\/person\\\/39a60ebe0a2b4d5a11179701e336b039\"},\"headline\":\"SUPERCUIDADORES invita a participar en el primer libro que se est\u00e1 escribiendo por cuidadores de Espa\u00f1a y Latinoam\u00e9rica\",\"datePublished\":\"2021-05-19T08:19:13+00:00\",\"mainEntityOfPage\":{\"@id\":\"https:\\\/\\\/sindromecharge.es\\\/index.php\\\/2021\\\/05\\\/19\\\/supercuidadores-invita-a-participar-en-el-primer-libro-que-se-esta-escribiendo-por-cuidadores-de-espana-y-latinoamerica\\\/\"},\"wordCount\":1081,\"commentCount\":0,\"keywords\":[\"enfermedades raras\"],\"articleSection\":[\"noticias\"],\"inLanguage\":\"es\",\"potentialAction\":[{\"@type\":\"CommentAction\",\"name\":\"Comment\",\"target\":[\"https:\\\/\\\/sindromecharge.es\\\/index.php\\\/2021\\\/05\\\/19\\\/supercuidadores-invita-a-participar-en-el-primer-libro-que-se-esta-escribiendo-por-cuidadores-de-espana-y-latinoamerica\\\/#respond\"]}]},{\"@type\":\"WebPage\",\"@id\":\"https:\\\/\\\/sindromecharge.es\\\/index.php\\\/2021\\\/05\\\/19\\\/supercuidadores-invita-a-participar-en-el-primer-libro-que-se-esta-escribiendo-por-cuidadores-de-espana-y-latinoamerica\\\/\",\"url\":\"https:\\\/\\\/sindromecharge.es\\\/index.php\\\/2021\\\/05\\\/19\\\/supercuidadores-invita-a-participar-en-el-primer-libro-que-se-esta-escribiendo-por-cuidadores-de-espana-y-latinoamerica\\\/\",\"name\":\"SUPERCUIDADORES invita a participar en el primer libro que se est\u00e1 escribiendo por cuidadores de Espa\u00f1a y Latinoam\u00e9rica - Asociaci\u00f3n Espa\u00f1ola S\u00edndrome de Charge\",\"isPartOf\":{\"@id\":\"https:\\\/\\\/sindromecharge.es\\\/#website\"},\"datePublished\":\"2021-05-19T08:19:13+00:00\",\"author\":{\"@id\":\"https:\\\/\\\/sindromecharge.es\\\/#\\\/schema\\\/person\\\/39a60ebe0a2b4d5a11179701e336b039\"},\"breadcrumb\":{\"@id\":\"https:\\\/\\\/sindromecharge.es\\\/index.php\\\/2021\\\/05\\\/19\\\/supercuidadores-invita-a-participar-en-el-primer-libro-que-se-esta-escribiendo-por-cuidadores-de-espana-y-latinoamerica\\\/#breadcrumb\"},\"inLanguage\":\"es\",\"potentialAction\":[{\"@type\":\"ReadAction\",\"target\":[\"https:\\\/\\\/sindromecharge.es\\\/index.php\\\/2021\\\/05\\\/19\\\/supercuidadores-invita-a-participar-en-el-primer-libro-que-se-esta-escribiendo-por-cuidadores-de-espana-y-latinoamerica\\\/\"]}]},{\"@type\":\"BreadcrumbList\",\"@id\":\"https:\\\/\\\/sindromecharge.es\\\/index.php\\\/2021\\\/05\\\/19\\\/supercuidadores-invita-a-participar-en-el-primer-libro-que-se-esta-escribiendo-por-cuidadores-de-espana-y-latinoamerica\\\/#breadcrumb\",\"itemListElement\":[{\"@type\":\"ListItem\",\"position\":1,\"name\":\"Portada\",\"item\":\"https:\\\/\\\/sindromecharge.es\\\/\"},{\"@type\":\"ListItem\",\"position\":2,\"name\":\"SUPERCUIDADORES invita a participar en el primer libro que se est\u00e1 escribiendo por cuidadores de Espa\u00f1a y Latinoam\u00e9rica\"}]},{\"@type\":\"WebSite\",\"@id\":\"https:\\\/\\\/sindromecharge.es\\\/#website\",\"url\":\"https:\\\/\\\/sindromecharge.es\\\/\",\"name\":\"Asociaci\u00f3n Espa\u00f1ola S\u00edndrome de Charge\",\"description\":\"\",\"potentialAction\":[{\"@type\":\"SearchAction\",\"target\":{\"@type\":\"EntryPoint\",\"urlTemplate\":\"https:\\\/\\\/sindromecharge.es\\\/?s={search_term_string}\"},\"query-input\":{\"@type\":\"PropertyValueSpecification\",\"valueRequired\":true,\"valueName\":\"search_term_string\"}}],\"inLanguage\":\"es\"},{\"@type\":\"Person\",\"@id\":\"https:\\\/\\\/sindromecharge.es\\\/#\\\/schema\\\/person\\\/39a60ebe0a2b4d5a11179701e336b039\",\"name\":\"Charge\",\"image\":{\"@type\":\"ImageObject\",\"inLanguage\":\"es\",\"@id\":\"https:\\\/\\\/secure.gravatar.com\\\/avatar\\\/c3b46e32a0fc3b093a0873fb767bf3293de856293065e84ef06b7ec7a8acfb98?s=96&d=identicon&r=x\",\"url\":\"https:\\\/\\\/secure.gravatar.com\\\/avatar\\\/c3b46e32a0fc3b093a0873fb767bf3293de856293065e84ef06b7ec7a8acfb98?s=96&d=identicon&r=x\",\"contentUrl\":\"https:\\\/\\\/secure.gravatar.com\\\/avatar\\\/c3b46e32a0fc3b093a0873fb767bf3293de856293065e84ef06b7ec7a8acfb98?s=96&d=identicon&r=x\",\"caption\":\"Charge\"},\"url\":\"https:\\\/\\\/sindromecharge.es\\\/index.php\\\/author\\\/admin\\\/\"}]}<\/script>\n<!-- \/ Yoast SEO plugin. -->","yoast_head_json":{"title":"SUPERCUIDADORES invita a participar en el primer libro que se est\u00e1 escribiendo por cuidadores de Espa\u00f1a y Latinoam\u00e9rica - Asociaci\u00f3n Espa\u00f1ola S\u00edndrome de Charge","robots":{"index":"index","follow":"follow","max-snippet":"max-snippet:-1","max-image-preview":"max-image-preview:large","max-video-preview":"max-video-preview:-1"},"canonical":"https:\/\/sindromecharge.es\/index.php\/2021\/05\/19\/supercuidadores-invita-a-participar-en-el-primer-libro-que-se-esta-escribiendo-por-cuidadores-de-espana-y-latinoamerica\/","og_locale":"es_ES","og_type":"article","og_title":"SUPERCUIDADORES invita a participar en el primer libro que se est\u00e1 escribiendo por cuidadores de Espa\u00f1a y Latinoam\u00e9rica - Asociaci\u00f3n Espa\u00f1ola S\u00edndrome de Charge","og_description":"Leemos en FEDER la siguiente noticia que os reproducimos de forma \u00edntegra: Fuente: Supercuidadores. Desde inicios del 2021 y gracias a la relevancia que han tenido los relatos escritos por cuidadores familiares y profesionales durante seis ediciones de los Premios SUPERCUIDADORES, la empresa l\u00edder en el sector de formaci\u00f3n y servicios a cuidadores, junto a [&hellip;]","og_url":"https:\/\/sindromecharge.es\/index.php\/2021\/05\/19\/supercuidadores-invita-a-participar-en-el-primer-libro-que-se-esta-escribiendo-por-cuidadores-de-espana-y-latinoamerica\/","og_site_name":"Asociaci\u00f3n Espa\u00f1ola S\u00edndrome de Charge","article_publisher":"https:\/\/www.facebook.com\/asociacionsindromecharge","article_published_time":"2021-05-19T08:19:13+00:00","og_image":[{"width":300,"height":98,"url":"https:\/\/sindromecharge.es\/wp-content\/uploads\/2013\/09\/logodecharge300x98.png","type":"image\/png"}],"author":"Charge","twitter_card":"summary_large_image","twitter_creator":"@sindromecharge","twitter_site":"@sindromecharge","twitter_misc":{"Escrito por":"Charge","Tiempo de lectura":"5 minutos"},"schema":{"@context":"https:\/\/schema.org","@graph":[{"@type":"Article","@id":"https:\/\/sindromecharge.es\/index.php\/2021\/05\/19\/supercuidadores-invita-a-participar-en-el-primer-libro-que-se-esta-escribiendo-por-cuidadores-de-espana-y-latinoamerica\/#article","isPartOf":{"@id":"https:\/\/sindromecharge.es\/index.php\/2021\/05\/19\/supercuidadores-invita-a-participar-en-el-primer-libro-que-se-esta-escribiendo-por-cuidadores-de-espana-y-latinoamerica\/"},"author":{"name":"Charge","@id":"https:\/\/sindromecharge.es\/#\/schema\/person\/39a60ebe0a2b4d5a11179701e336b039"},"headline":"SUPERCUIDADORES invita a participar en el primer libro que se est\u00e1 escribiendo por cuidadores de Espa\u00f1a y Latinoam\u00e9rica","datePublished":"2021-05-19T08:19:13+00:00","mainEntityOfPage":{"@id":"https:\/\/sindromecharge.es\/index.php\/2021\/05\/19\/supercuidadores-invita-a-participar-en-el-primer-libro-que-se-esta-escribiendo-por-cuidadores-de-espana-y-latinoamerica\/"},"wordCount":1081,"commentCount":0,"keywords":["enfermedades raras"],"articleSection":["noticias"],"inLanguage":"es","potentialAction":[{"@type":"CommentAction","name":"Comment","target":["https:\/\/sindromecharge.es\/index.php\/2021\/05\/19\/supercuidadores-invita-a-participar-en-el-primer-libro-que-se-esta-escribiendo-por-cuidadores-de-espana-y-latinoamerica\/#respond"]}]},{"@type":"WebPage","@id":"https:\/\/sindromecharge.es\/index.php\/2021\/05\/19\/supercuidadores-invita-a-participar-en-el-primer-libro-que-se-esta-escribiendo-por-cuidadores-de-espana-y-latinoamerica\/","url":"https:\/\/sindromecharge.es\/index.php\/2021\/05\/19\/supercuidadores-invita-a-participar-en-el-primer-libro-que-se-esta-escribiendo-por-cuidadores-de-espana-y-latinoamerica\/","name":"SUPERCUIDADORES invita a participar en el primer libro que se est\u00e1 escribiendo por cuidadores de Espa\u00f1a y Latinoam\u00e9rica - Asociaci\u00f3n Espa\u00f1ola S\u00edndrome de Charge","isPartOf":{"@id":"https:\/\/sindromecharge.es\/#website"},"datePublished":"2021-05-19T08:19:13+00:00","author":{"@id":"https:\/\/sindromecharge.es\/#\/schema\/person\/39a60ebe0a2b4d5a11179701e336b039"},"breadcrumb":{"@id":"https:\/\/sindromecharge.es\/index.php\/2021\/05\/19\/supercuidadores-invita-a-participar-en-el-primer-libro-que-se-esta-escribiendo-por-cuidadores-de-espana-y-latinoamerica\/#breadcrumb"},"inLanguage":"es","potentialAction":[{"@type":"ReadAction","target":["https:\/\/sindromecharge.es\/index.php\/2021\/05\/19\/supercuidadores-invita-a-participar-en-el-primer-libro-que-se-esta-escribiendo-por-cuidadores-de-espana-y-latinoamerica\/"]}]},{"@type":"BreadcrumbList","@id":"https:\/\/sindromecharge.es\/index.php\/2021\/05\/19\/supercuidadores-invita-a-participar-en-el-primer-libro-que-se-esta-escribiendo-por-cuidadores-de-espana-y-latinoamerica\/#breadcrumb","itemListElement":[{"@type":"ListItem","position":1,"name":"Portada","item":"https:\/\/sindromecharge.es\/"},{"@type":"ListItem","position":2,"name":"SUPERCUIDADORES invita a participar en el primer libro que se est\u00e1 escribiendo por cuidadores de Espa\u00f1a y Latinoam\u00e9rica"}]},{"@type":"WebSite","@id":"https:\/\/sindromecharge.es\/#website","url":"https:\/\/sindromecharge.es\/","name":"Asociaci\u00f3n Espa\u00f1ola S\u00edndrome de Charge","description":"","potentialAction":[{"@type":"SearchAction","target":{"@type":"EntryPoint","urlTemplate":"https:\/\/sindromecharge.es\/?s={search_term_string}"},"query-input":{"@type":"PropertyValueSpecification","valueRequired":true,"valueName":"search_term_string"}}],"inLanguage":"es"},{"@type":"Person","@id":"https:\/\/sindromecharge.es\/#\/schema\/person\/39a60ebe0a2b4d5a11179701e336b039","name":"Charge","image":{"@type":"ImageObject","inLanguage":"es","@id":"https:\/\/secure.gravatar.com\/avatar\/c3b46e32a0fc3b093a0873fb767bf3293de856293065e84ef06b7ec7a8acfb98?s=96&d=identicon&r=x","url":"https:\/\/secure.gravatar.com\/avatar\/c3b46e32a0fc3b093a0873fb767bf3293de856293065e84ef06b7ec7a8acfb98?s=96&d=identicon&r=x","contentUrl":"https:\/\/secure.gravatar.com\/avatar\/c3b46e32a0fc3b093a0873fb767bf3293de856293065e84ef06b7ec7a8acfb98?s=96&d=identicon&r=x","caption":"Charge"},"url":"https:\/\/sindromecharge.es\/index.php\/author\/admin\/"}]}},"_links":{"self":[{"href":"https:\/\/sindromecharge.es\/index.php\/wp-json\/wp\/v2\/posts\/7182","targetHints":{"allow":["GET"]}}],"collection":[{"href":"https:\/\/sindromecharge.es\/index.php\/wp-json\/wp\/v2\/posts"}],"about":[{"href":"https:\/\/sindromecharge.es\/index.php\/wp-json\/wp\/v2\/types\/post"}],"author":[{"embeddable":true,"href":"https:\/\/sindromecharge.es\/index.php\/wp-json\/wp\/v2\/users\/1"}],"replies":[{"embeddable":true,"href":"https:\/\/sindromecharge.es\/index.php\/wp-json\/wp\/v2\/comments?post=7182"}],"version-history":[{"count":0,"href":"https:\/\/sindromecharge.es\/index.php\/wp-json\/wp\/v2\/posts\/7182\/revisions"}],"wp:attachment":[{"href":"https:\/\/sindromecharge.es\/index.php\/wp-json\/wp\/v2\/media?parent=7182"}],"wp:term":[{"taxonomy":"category","embeddable":true,"href":"https:\/\/sindromecharge.es\/index.php\/wp-json\/wp\/v2\/categories?post=7182"},{"taxonomy":"post_tag","embeddable":true,"href":"https:\/\/sindromecharge.es\/index.php\/wp-json\/wp\/v2\/tags?post=7182"}],"curies":[{"name":"wp","href":"https:\/\/api.w.org\/{rel}","templated":true}]}}