{"id":7181,"date":"2021-05-19T05:54:45","date_gmt":"2021-05-19T05:54:45","guid":{"rendered":"https:\/\/sindromecharge.es\/index.php\/2021\/05\/19\/sumando-kilometros-dando-visibilidad-y-apoyando-la-investigacion-de-las-er-en-tiempos-de-pandemia\/"},"modified":"2021-05-19T05:54:45","modified_gmt":"2021-05-19T05:54:45","slug":"sumando-kilometros-dando-visibilidad-y-apoyando-la-investigacion-de-las-er-en-tiempos-de-pandemia","status":"publish","type":"post","link":"https:\/\/sindromecharge.es\/index.php\/2021\/05\/19\/sumando-kilometros-dando-visibilidad-y-apoyando-la-investigacion-de-las-er-en-tiempos-de-pandemia\/","title":{"rendered":"Sumando kil\u00f3metros, dando visibilidad y apoyando la investigaci\u00f3n de las ER en tiempos de pandemia"},"content":{"rendered":"<p>Leemos en FEDER la siguiente noticia que os reproducimos de forma \u00edntegra: <\/p>\n<p><p>Las ganas de seguir sumando kil\u00f3metros por la investigaci\u00f3n de las enfermedades poco frecuentes y dar visibilidad a estas patolog\u00edas que en el momento actual han quedado relegadas a un segundo plano ante la pandemia del COVID-19, de continuar apoyando su investigaci\u00f3n, y de fomentar el senderismo, el monta\u00f1ismo y el ciclismo entre sus socios, es lo que ha llevado, en las \u00faltimas semanas, y en plena crisis sanitaria, a la asociaci\u00f3n En Ruta por las Enfermedades Raras de Palencia a poner en marcha su iniciativa #Act\u00edvateEnRuta. <\/p>\n<p>La iniciativa, que se puso en marcha en los primeros d\u00edas de marzo, pocos d\u00edas despu\u00e9s del D\u00eda Mundial de las Enfermedades Raras, ante la imposibilidad, por la situaci\u00f3n sanitaria y las restricciones normativas en vigor en Castilla y Le\u00f3n para el deporte no federado, de llevar adelante el primer reto programado inicialmente para este a\u00f1o, ha permitido sumar, a los numerosos socios que ya han querido participar en ella, individualmente o por parejas, a d\u00eda de hoy, un total de 1.573 kil\u00f3metros. La mayor\u00eda de los kil\u00f3metros, como se puede comprobar en las fotograf\u00edas que desde la asociaci\u00f3n se van difundiendo peri\u00f3dicamente como stories en sus redes sociales, se han sumado en Castilla y Le\u00f3n, de donde proceden la mayor\u00eda de sus socios, si bien, de modo especial, la provincia de Palencia, y sobre todo la Monta\u00f1a Palentina, ha sido el marco escogido por la mayor\u00eda de los que se han unido a la campa\u00f1a para seguir sumando kil\u00f3metros, continuar dando visibilidad y animar a la opini\u00f3n p\u00fablica a aportar m\u00e1s fondos para la investigaci\u00f3n de las enfermedades minoritarias. No faltan tampoco entre la lista de espacios por los que se han recorrido kil\u00f3metros, a pie o en bicicleta, algunos enclaves del norte de la provincia de Le\u00f3n, destacando varios del Parque Nacional de Picos de Europa, as\u00ed como tambi\u00e9n otros de parajes naturales de las provincias de Burgos, Salamanca, etc.. En las pr\u00f3ximos semanas, y hasta que puedan retomarse sus habituales retos deportivos grupales en la naturaleza, est\u00e1 previsto que sigan acumul\u00e1ndose m\u00e1s kil\u00f3metros a trav\u00e9s de esta iniciativa y que se sigan ampliando los escenarios por los que se desarrollar\u00e1 la misma.<\/p>\n<p>En Ruta por las Enfermedades Raras, asociaci\u00f3n palentina sin \u00e1nimo de lucro recientemente galardonada a nivel nacional por la Federaci\u00f3n Espa\u00f1ola de Enfermedades Raras (FEDER) por su compromiso con la investigaci\u00f3n, y que se fund\u00f3 en 2018, desde sus or\u00edgenes viene apostando por los valores intr\u00ednsecos del deporte, as\u00ed como por la actividad f\u00edsica y sus beneficios para la poblaci\u00f3n en general, y, de manera especial, para las personas con enfermedades poco frecuentes para quienes esta, siempre pautada por un profesional, y practicada de forma moderada, puede ser una ayuda para ralentizar los s\u00edntomas que presentan estas patolog\u00edas y convertirse en un f\u00e1rmaco m\u00e1s en la lucha diaria contra la enfermedad. <\/p>\n<p>En la actualidad, la asociaci\u00f3n est\u00e1 pr\u00f3xima a llegar al objetivo econ\u00f3mico que se propuso a comienzos de a\u00f1o para aportar su granito de arena, por cuarto a\u00f1o consecutivo, al Programa \u201cInvestigaci\u00f3n y Conocimiento\u201d de FEDER. Actualmente, tiene abierta una campa\u00f1a de captaci\u00f3n de fondos (crowdfunding) en la plataforma migranodearena.org (<a href=\"https:\/\/www.migranodearena.org\/reto\/en-ruta-por-las-enfermedades-raras-2021\">https:\/\/www.migranodearena.org\/reto\/en-ruta-por-las-enfermedades-raras-2021<\/a>) con la que ha conseguido alcanzar ya el 87 % del objetivo anual previsto (3.000 euros), gracias, en buena medida, a las aportaciones voluntarias realizadas a ra\u00edz de la importante campa\u00f1a de sensibilizaci\u00f3n que la asociaci\u00f3n acometi\u00f3 durante el mes de febrero, mes de la esperanza y de las enfermedades raras y, en las \u00faltimas semanas, a la iniciativa #Act\u00edvateEnRuta. <\/p>\n<p>\u00daltima actualizaci\u00f3n 19\/05\/2021<\/p>\n<\/p>\n<p>Fuente: FEDER <a href=\"https:\/\/enfermedades-raras.org\/index.php\/actualidad\/noticias-eventos\/2-feder\/15379-sumando-kil%C3%B3metros%2C-dando-visibilidad-y-apoyando-la-investigaci%C3%B3n-de-las-er-en-tiempos-de-pandemia\" target=\"_blank\" rel=\"noopener\">Sumando kil\u00f3metros, dando visibilidad y apoyando la investigaci\u00f3n de las ER en tiempos de pandemia<\/a><\/p>\n","protected":false},"excerpt":{"rendered":"<p>Leemos en FEDER la siguiente noticia que os reproducimos de forma \u00edntegra: Las ganas de seguir sumando kil\u00f3metros por la investigaci\u00f3n de las enfermedades poco frecuentes y dar visibilidad a estas patolog\u00edas que en el momento actual han quedado relegadas a un segundo plano ante la pandemia del COVID-19, de continuar apoyando su investigaci\u00f3n, y [&hellip;]<\/p>\n","protected":false},"author":1,"featured_media":0,"comment_status":"open","ping_status":"closed","sticky":false,"template":"","format":"standard","meta":{"footnotes":""},"categories":[8],"tags":[36],"class_list":["post-7181","post","type-post","status-publish","format-standard","hentry","category-noticias","tag-enfermedades-raras"],"yoast_head":"<!-- This site is optimized with the Yoast SEO plugin v27.5 - https:\/\/yoast.com\/product\/yoast-seo-wordpress\/ -->\n<title>Sumando kil\u00f3metros, dando visibilidad y apoyando la investigaci\u00f3n de las ER en tiempos de pandemia - Asociaci\u00f3n Espa\u00f1ola S\u00edndrome de Charge<\/title>\n<meta name=\"robots\" content=\"index, follow, max-snippet:-1, max-image-preview:large, max-video-preview:-1\" \/>\n<link rel=\"canonical\" href=\"https:\/\/sindromecharge.es\/index.php\/2021\/05\/19\/sumando-kilometros-dando-visibilidad-y-apoyando-la-investigacion-de-las-er-en-tiempos-de-pandemia\/\" \/>\n<meta property=\"og:locale\" content=\"es_ES\" \/>\n<meta property=\"og:type\" content=\"article\" \/>\n<meta property=\"og:title\" content=\"Sumando kil\u00f3metros, dando visibilidad y apoyando la investigaci\u00f3n de las ER en tiempos de pandemia - Asociaci\u00f3n Espa\u00f1ola S\u00edndrome de Charge\" \/>\n<meta property=\"og:description\" content=\"Leemos en FEDER la siguiente noticia que os reproducimos de forma \u00edntegra: Las ganas de seguir sumando kil\u00f3metros por la investigaci\u00f3n de las enfermedades poco frecuentes y dar visibilidad a estas patolog\u00edas que en el momento actual han quedado relegadas a un segundo plano ante la pandemia del COVID-19, de continuar apoyando su investigaci\u00f3n, y [&hellip;]\" \/>\n<meta property=\"og:url\" content=\"https:\/\/sindromecharge.es\/index.php\/2021\/05\/19\/sumando-kilometros-dando-visibilidad-y-apoyando-la-investigacion-de-las-er-en-tiempos-de-pandemia\/\" \/>\n<meta property=\"og:site_name\" content=\"Asociaci\u00f3n Espa\u00f1ola S\u00edndrome de Charge\" \/>\n<meta property=\"article:publisher\" content=\"https:\/\/www.facebook.com\/asociacionsindromecharge\" \/>\n<meta property=\"article:published_time\" content=\"2021-05-19T05:54:45+00:00\" \/>\n<meta property=\"og:image\" content=\"https:\/\/sindromecharge.es\/wp-content\/uploads\/2013\/09\/logodecharge300x98.png\" \/>\n\t<meta property=\"og:image:width\" content=\"300\" \/>\n\t<meta property=\"og:image:height\" content=\"98\" \/>\n\t<meta property=\"og:image:type\" content=\"image\/png\" \/>\n<meta name=\"author\" content=\"Charge\" \/>\n<meta name=\"twitter:card\" content=\"summary_large_image\" \/>\n<meta name=\"twitter:creator\" content=\"@sindromecharge\" \/>\n<meta name=\"twitter:site\" content=\"@sindromecharge\" \/>\n<meta name=\"twitter:label1\" content=\"Escrito por\" \/>\n\t<meta name=\"twitter:data1\" content=\"Charge\" \/>\n\t<meta name=\"twitter:label2\" content=\"Tiempo de lectura\" \/>\n\t<meta name=\"twitter:data2\" content=\"3 minutos\" \/>\n<script type=\"application\/ld+json\" class=\"yoast-schema-graph\">{\"@context\":\"https:\\\/\\\/schema.org\",\"@graph\":[{\"@type\":\"Article\",\"@id\":\"https:\\\/\\\/sindromecharge.es\\\/index.php\\\/2021\\\/05\\\/19\\\/sumando-kilometros-dando-visibilidad-y-apoyando-la-investigacion-de-las-er-en-tiempos-de-pandemia\\\/#article\",\"isPartOf\":{\"@id\":\"https:\\\/\\\/sindromecharge.es\\\/index.php\\\/2021\\\/05\\\/19\\\/sumando-kilometros-dando-visibilidad-y-apoyando-la-investigacion-de-las-er-en-tiempos-de-pandemia\\\/\"},\"author\":{\"name\":\"Charge\",\"@id\":\"https:\\\/\\\/sindromecharge.es\\\/#\\\/schema\\\/person\\\/39a60ebe0a2b4d5a11179701e336b039\"},\"headline\":\"Sumando kil\u00f3metros, dando visibilidad y apoyando la investigaci\u00f3n de las ER en tiempos de pandemia\",\"datePublished\":\"2021-05-19T05:54:45+00:00\",\"mainEntityOfPage\":{\"@id\":\"https:\\\/\\\/sindromecharge.es\\\/index.php\\\/2021\\\/05\\\/19\\\/sumando-kilometros-dando-visibilidad-y-apoyando-la-investigacion-de-las-er-en-tiempos-de-pandemia\\\/\"},\"wordCount\":700,\"commentCount\":0,\"keywords\":[\"enfermedades raras\"],\"articleSection\":[\"noticias\"],\"inLanguage\":\"es\",\"potentialAction\":[{\"@type\":\"CommentAction\",\"name\":\"Comment\",\"target\":[\"https:\\\/\\\/sindromecharge.es\\\/index.php\\\/2021\\\/05\\\/19\\\/sumando-kilometros-dando-visibilidad-y-apoyando-la-investigacion-de-las-er-en-tiempos-de-pandemia\\\/#respond\"]}]},{\"@type\":\"WebPage\",\"@id\":\"https:\\\/\\\/sindromecharge.es\\\/index.php\\\/2021\\\/05\\\/19\\\/sumando-kilometros-dando-visibilidad-y-apoyando-la-investigacion-de-las-er-en-tiempos-de-pandemia\\\/\",\"url\":\"https:\\\/\\\/sindromecharge.es\\\/index.php\\\/2021\\\/05\\\/19\\\/sumando-kilometros-dando-visibilidad-y-apoyando-la-investigacion-de-las-er-en-tiempos-de-pandemia\\\/\",\"name\":\"Sumando kil\u00f3metros, dando visibilidad y apoyando la investigaci\u00f3n de las ER en tiempos de pandemia - Asociaci\u00f3n Espa\u00f1ola S\u00edndrome de Charge\",\"isPartOf\":{\"@id\":\"https:\\\/\\\/sindromecharge.es\\\/#website\"},\"datePublished\":\"2021-05-19T05:54:45+00:00\",\"author\":{\"@id\":\"https:\\\/\\\/sindromecharge.es\\\/#\\\/schema\\\/person\\\/39a60ebe0a2b4d5a11179701e336b039\"},\"breadcrumb\":{\"@id\":\"https:\\\/\\\/sindromecharge.es\\\/index.php\\\/2021\\\/05\\\/19\\\/sumando-kilometros-dando-visibilidad-y-apoyando-la-investigacion-de-las-er-en-tiempos-de-pandemia\\\/#breadcrumb\"},\"inLanguage\":\"es\",\"potentialAction\":[{\"@type\":\"ReadAction\",\"target\":[\"https:\\\/\\\/sindromecharge.es\\\/index.php\\\/2021\\\/05\\\/19\\\/sumando-kilometros-dando-visibilidad-y-apoyando-la-investigacion-de-las-er-en-tiempos-de-pandemia\\\/\"]}]},{\"@type\":\"BreadcrumbList\",\"@id\":\"https:\\\/\\\/sindromecharge.es\\\/index.php\\\/2021\\\/05\\\/19\\\/sumando-kilometros-dando-visibilidad-y-apoyando-la-investigacion-de-las-er-en-tiempos-de-pandemia\\\/#breadcrumb\",\"itemListElement\":[{\"@type\":\"ListItem\",\"position\":1,\"name\":\"Portada\",\"item\":\"https:\\\/\\\/sindromecharge.es\\\/\"},{\"@type\":\"ListItem\",\"position\":2,\"name\":\"Sumando kil\u00f3metros, dando visibilidad y apoyando la investigaci\u00f3n de las ER en tiempos de pandemia\"}]},{\"@type\":\"WebSite\",\"@id\":\"https:\\\/\\\/sindromecharge.es\\\/#website\",\"url\":\"https:\\\/\\\/sindromecharge.es\\\/\",\"name\":\"Asociaci\u00f3n Espa\u00f1ola S\u00edndrome de Charge\",\"description\":\"\",\"potentialAction\":[{\"@type\":\"SearchAction\",\"target\":{\"@type\":\"EntryPoint\",\"urlTemplate\":\"https:\\\/\\\/sindromecharge.es\\\/?s={search_term_string}\"},\"query-input\":{\"@type\":\"PropertyValueSpecification\",\"valueRequired\":true,\"valueName\":\"search_term_string\"}}],\"inLanguage\":\"es\"},{\"@type\":\"Person\",\"@id\":\"https:\\\/\\\/sindromecharge.es\\\/#\\\/schema\\\/person\\\/39a60ebe0a2b4d5a11179701e336b039\",\"name\":\"Charge\",\"image\":{\"@type\":\"ImageObject\",\"inLanguage\":\"es\",\"@id\":\"https:\\\/\\\/secure.gravatar.com\\\/avatar\\\/c3b46e32a0fc3b093a0873fb767bf3293de856293065e84ef06b7ec7a8acfb98?s=96&d=identicon&r=x\",\"url\":\"https:\\\/\\\/secure.gravatar.com\\\/avatar\\\/c3b46e32a0fc3b093a0873fb767bf3293de856293065e84ef06b7ec7a8acfb98?s=96&d=identicon&r=x\",\"contentUrl\":\"https:\\\/\\\/secure.gravatar.com\\\/avatar\\\/c3b46e32a0fc3b093a0873fb767bf3293de856293065e84ef06b7ec7a8acfb98?s=96&d=identicon&r=x\",\"caption\":\"Charge\"},\"url\":\"https:\\\/\\\/sindromecharge.es\\\/index.php\\\/author\\\/admin\\\/\"}]}<\/script>\n<!-- \/ Yoast SEO plugin. -->","yoast_head_json":{"title":"Sumando kil\u00f3metros, dando visibilidad y apoyando la investigaci\u00f3n de las ER en tiempos de pandemia - Asociaci\u00f3n Espa\u00f1ola S\u00edndrome de Charge","robots":{"index":"index","follow":"follow","max-snippet":"max-snippet:-1","max-image-preview":"max-image-preview:large","max-video-preview":"max-video-preview:-1"},"canonical":"https:\/\/sindromecharge.es\/index.php\/2021\/05\/19\/sumando-kilometros-dando-visibilidad-y-apoyando-la-investigacion-de-las-er-en-tiempos-de-pandemia\/","og_locale":"es_ES","og_type":"article","og_title":"Sumando kil\u00f3metros, dando visibilidad y apoyando la investigaci\u00f3n de las ER en tiempos de pandemia - Asociaci\u00f3n Espa\u00f1ola S\u00edndrome de Charge","og_description":"Leemos en FEDER la siguiente noticia que os reproducimos de forma \u00edntegra: Las ganas de seguir sumando kil\u00f3metros por la investigaci\u00f3n de las enfermedades poco frecuentes y dar visibilidad a estas patolog\u00edas que en el momento actual han quedado relegadas a un segundo plano ante la pandemia del COVID-19, de continuar apoyando su investigaci\u00f3n, y [&hellip;]","og_url":"https:\/\/sindromecharge.es\/index.php\/2021\/05\/19\/sumando-kilometros-dando-visibilidad-y-apoyando-la-investigacion-de-las-er-en-tiempos-de-pandemia\/","og_site_name":"Asociaci\u00f3n Espa\u00f1ola S\u00edndrome de Charge","article_publisher":"https:\/\/www.facebook.com\/asociacionsindromecharge","article_published_time":"2021-05-19T05:54:45+00:00","og_image":[{"width":300,"height":98,"url":"https:\/\/sindromecharge.es\/wp-content\/uploads\/2013\/09\/logodecharge300x98.png","type":"image\/png"}],"author":"Charge","twitter_card":"summary_large_image","twitter_creator":"@sindromecharge","twitter_site":"@sindromecharge","twitter_misc":{"Escrito por":"Charge","Tiempo de lectura":"3 minutos"},"schema":{"@context":"https:\/\/schema.org","@graph":[{"@type":"Article","@id":"https:\/\/sindromecharge.es\/index.php\/2021\/05\/19\/sumando-kilometros-dando-visibilidad-y-apoyando-la-investigacion-de-las-er-en-tiempos-de-pandemia\/#article","isPartOf":{"@id":"https:\/\/sindromecharge.es\/index.php\/2021\/05\/19\/sumando-kilometros-dando-visibilidad-y-apoyando-la-investigacion-de-las-er-en-tiempos-de-pandemia\/"},"author":{"name":"Charge","@id":"https:\/\/sindromecharge.es\/#\/schema\/person\/39a60ebe0a2b4d5a11179701e336b039"},"headline":"Sumando kil\u00f3metros, dando visibilidad y apoyando la investigaci\u00f3n de las ER en tiempos de pandemia","datePublished":"2021-05-19T05:54:45+00:00","mainEntityOfPage":{"@id":"https:\/\/sindromecharge.es\/index.php\/2021\/05\/19\/sumando-kilometros-dando-visibilidad-y-apoyando-la-investigacion-de-las-er-en-tiempos-de-pandemia\/"},"wordCount":700,"commentCount":0,"keywords":["enfermedades raras"],"articleSection":["noticias"],"inLanguage":"es","potentialAction":[{"@type":"CommentAction","name":"Comment","target":["https:\/\/sindromecharge.es\/index.php\/2021\/05\/19\/sumando-kilometros-dando-visibilidad-y-apoyando-la-investigacion-de-las-er-en-tiempos-de-pandemia\/#respond"]}]},{"@type":"WebPage","@id":"https:\/\/sindromecharge.es\/index.php\/2021\/05\/19\/sumando-kilometros-dando-visibilidad-y-apoyando-la-investigacion-de-las-er-en-tiempos-de-pandemia\/","url":"https:\/\/sindromecharge.es\/index.php\/2021\/05\/19\/sumando-kilometros-dando-visibilidad-y-apoyando-la-investigacion-de-las-er-en-tiempos-de-pandemia\/","name":"Sumando kil\u00f3metros, dando visibilidad y apoyando la investigaci\u00f3n de las ER en tiempos de pandemia - Asociaci\u00f3n Espa\u00f1ola S\u00edndrome de Charge","isPartOf":{"@id":"https:\/\/sindromecharge.es\/#website"},"datePublished":"2021-05-19T05:54:45+00:00","author":{"@id":"https:\/\/sindromecharge.es\/#\/schema\/person\/39a60ebe0a2b4d5a11179701e336b039"},"breadcrumb":{"@id":"https:\/\/sindromecharge.es\/index.php\/2021\/05\/19\/sumando-kilometros-dando-visibilidad-y-apoyando-la-investigacion-de-las-er-en-tiempos-de-pandemia\/#breadcrumb"},"inLanguage":"es","potentialAction":[{"@type":"ReadAction","target":["https:\/\/sindromecharge.es\/index.php\/2021\/05\/19\/sumando-kilometros-dando-visibilidad-y-apoyando-la-investigacion-de-las-er-en-tiempos-de-pandemia\/"]}]},{"@type":"BreadcrumbList","@id":"https:\/\/sindromecharge.es\/index.php\/2021\/05\/19\/sumando-kilometros-dando-visibilidad-y-apoyando-la-investigacion-de-las-er-en-tiempos-de-pandemia\/#breadcrumb","itemListElement":[{"@type":"ListItem","position":1,"name":"Portada","item":"https:\/\/sindromecharge.es\/"},{"@type":"ListItem","position":2,"name":"Sumando kil\u00f3metros, dando visibilidad y apoyando la investigaci\u00f3n de las ER en tiempos de pandemia"}]},{"@type":"WebSite","@id":"https:\/\/sindromecharge.es\/#website","url":"https:\/\/sindromecharge.es\/","name":"Asociaci\u00f3n Espa\u00f1ola S\u00edndrome de Charge","description":"","potentialAction":[{"@type":"SearchAction","target":{"@type":"EntryPoint","urlTemplate":"https:\/\/sindromecharge.es\/?s={search_term_string}"},"query-input":{"@type":"PropertyValueSpecification","valueRequired":true,"valueName":"search_term_string"}}],"inLanguage":"es"},{"@type":"Person","@id":"https:\/\/sindromecharge.es\/#\/schema\/person\/39a60ebe0a2b4d5a11179701e336b039","name":"Charge","image":{"@type":"ImageObject","inLanguage":"es","@id":"https:\/\/secure.gravatar.com\/avatar\/c3b46e32a0fc3b093a0873fb767bf3293de856293065e84ef06b7ec7a8acfb98?s=96&d=identicon&r=x","url":"https:\/\/secure.gravatar.com\/avatar\/c3b46e32a0fc3b093a0873fb767bf3293de856293065e84ef06b7ec7a8acfb98?s=96&d=identicon&r=x","contentUrl":"https:\/\/secure.gravatar.com\/avatar\/c3b46e32a0fc3b093a0873fb767bf3293de856293065e84ef06b7ec7a8acfb98?s=96&d=identicon&r=x","caption":"Charge"},"url":"https:\/\/sindromecharge.es\/index.php\/author\/admin\/"}]}},"_links":{"self":[{"href":"https:\/\/sindromecharge.es\/index.php\/wp-json\/wp\/v2\/posts\/7181","targetHints":{"allow":["GET"]}}],"collection":[{"href":"https:\/\/sindromecharge.es\/index.php\/wp-json\/wp\/v2\/posts"}],"about":[{"href":"https:\/\/sindromecharge.es\/index.php\/wp-json\/wp\/v2\/types\/post"}],"author":[{"embeddable":true,"href":"https:\/\/sindromecharge.es\/index.php\/wp-json\/wp\/v2\/users\/1"}],"replies":[{"embeddable":true,"href":"https:\/\/sindromecharge.es\/index.php\/wp-json\/wp\/v2\/comments?post=7181"}],"version-history":[{"count":0,"href":"https:\/\/sindromecharge.es\/index.php\/wp-json\/wp\/v2\/posts\/7181\/revisions"}],"wp:attachment":[{"href":"https:\/\/sindromecharge.es\/index.php\/wp-json\/wp\/v2\/media?parent=7181"}],"wp:term":[{"taxonomy":"category","embeddable":true,"href":"https:\/\/sindromecharge.es\/index.php\/wp-json\/wp\/v2\/categories?post=7181"},{"taxonomy":"post_tag","embeddable":true,"href":"https:\/\/sindromecharge.es\/index.php\/wp-json\/wp\/v2\/tags?post=7181"}],"curies":[{"name":"wp","href":"https:\/\/api.w.org\/{rel}","templated":true}]}}