{"id":7180,"date":"2021-05-18T11:13:31","date_gmt":"2021-05-18T11:13:31","guid":{"rendered":"https:\/\/sindromecharge.es\/index.php\/2021\/05\/18\/upo-y-fundacion-altavista-impulsan-la-incorporacion-laboral-de-estudiantes-y-titulados-con-discapacidad\/"},"modified":"2021-05-18T11:13:31","modified_gmt":"2021-05-18T11:13:31","slug":"upo-y-fundacion-altavista-impulsan-la-incorporacion-laboral-de-estudiantes-y-titulados-con-discapacidad","status":"publish","type":"post","link":"https:\/\/sindromecharge.es\/index.php\/2021\/05\/18\/upo-y-fundacion-altavista-impulsan-la-incorporacion-laboral-de-estudiantes-y-titulados-con-discapacidad\/","title":{"rendered":"UPO y Fundaci\u00f3n Altavista impulsan la incorporaci\u00f3n laboral de estudiantes y titulados con discapacidad"},"content":{"rendered":"<p>Leemos en 20minutos la siguiente noticia que os reproducimos de forma \u00edntegra: <\/p>\n<p>\u00abEl compromiso y esfuerzo de la UPO con la atenci\u00f3n a la diversidad se ve reflejado en un \u00e1rea tan importante como la b\u00fasqueda de sinergias con entidades que apoyen al estudiantado en sus pr\u00e1cticas curriculares y extracurriculares\u00bb, detalla la Universidad en un comunicado.<\/p>\n<p>Este acuerdo supone una de las principales acciones en las que est\u00e1 trabajandoactualmente la Universidad Pablo de Olavide en el \u00e1mbito de la integraci\u00f3n y ladiversidad funcional, y se integra en el proyecto &#8216;Close Far Jobs&#8217; de la Fundaci\u00f3nAltavista, cuyo objetivo es conseguir que el estudiantado universitario pueda acceder a un proyecto de carrera profesional comenzando con pr\u00e1cticas becadas, contratos de formaci\u00f3n y posterior incorporaci\u00f3n laboral bajo una f\u00f3rmula de teletrabajo o &#8216;Smart Working&#8217;.<\/p>\n<p>Se trata de una f\u00f3rmula que elimina totalmente las limitaciones de accesibilidad y movilidad para el estudiante y le permitir\u00e1 poder trabajar con cualquier empresa en cualquier lugar del mundo, eliminando todas las barreras existentes.<\/p>\n<p>El convenio ha sido ratificado por el vicerrector de Cultura y Pol\u00edticasSociales de la UPO, David Cobos, y el director de la Fundaci\u00f3n Altavista, Alejandro Hern\u00e1ndez, quienes han estado acompa\u00f1ados por la directora acad\u00e9mica de Integraci\u00f3n y Diversidad Funcional de la UPO, Mar\u00eda Jos\u00e9 Parejo; el director de Innovaci\u00f3n Social de esta universidad, Jos\u00e9 Luis Sarasola; el secretario de la Fundaci\u00f3n Altavista, Jos\u00e9 Luis Alemany; y la coordinadora del proyecto, Vanessa Rodr\u00edguez.<\/p>\n<p>Para los estudiantes con diversidad funcional sus pr\u00e1cticas suponen un punto deinflexi\u00f3n y autovaloraci\u00f3n de lo que son capaces de realizar profesionalmente, nosolamente por la aplicaci\u00f3n de competencias y conocimientos, sino por la integraci\u00f3n en un contexto laboral normalizado. \u00abEnfrentarse a un entorno laboral desconocido y \u00abpinchar\u00bb la burbuja de estudiante universitario creada desde el primer curso es un aut\u00e9ntico reto.<\/p>\n<p>Estas primeras pr\u00e1cticas profesionales son fundamentales para estudiantes con diversidad funcional, especialmente si son personas dependientes, usuarias de lengua de signos, dentro del espectro autista, etc. \u00abDe unas pr\u00e1cticas satisfactorias para el estudiante y la entidad depende el buen inicio de la orientaci\u00f3n e inserci\u00f3n profesional\u00bb ha afirmado Parejo.<\/p>\n<p>As\u00ed, en estos momentos marcados por la Covid-19 en los que la b\u00fasqueda depr\u00e1cticas para los estudiantes es muy compleja por la escasez de ofertas, entidadescomo la Fundaci\u00f3n Altavista, con su proyecto &#8216;Close Far Job&#8217;, facilitan encontrar la conjunci\u00f3n perfecta entre las caracter\u00edsticas personales y las caracter\u00edsticas del entorno laboral de pr\u00e1cticas. \u00abDe esta manera, nuestro estudiantado con diversidad funcional podr\u00e1 realizar las pr\u00e1cticas satisfactoriamente y las empresas conocer\u00e1n a profesionales cualificados y altamente motivados laboralmente\u00bb, ha declarado Parejo.<\/p>\n<p>Fuente: 20minutos <a href=\"https:\/\/www.20minutos.es\/noticia\/4700173\/0\/upo-y-fundacion-altavista-impulsan-la-incorporacion-laboral-de-estudiantes-y-titulados-con-discapacidad\/\" target=\"_blank\" rel=\"noopener\">UPO y Fundaci\u00f3n Altavista impulsan la incorporaci\u00f3n laboral de estudiantes y titulados con discapacidad<\/a><\/p>\n","protected":false},"excerpt":{"rendered":"<p>Leemos en 20minutos la siguiente noticia que os reproducimos de forma \u00edntegra: \u00abEl compromiso y esfuerzo de la UPO con la atenci\u00f3n a la diversidad se ve reflejado en un \u00e1rea tan importante como la b\u00fasqueda de sinergias con entidades que apoyen al estudiantado en sus pr\u00e1cticas curriculares y extracurriculares\u00bb, detalla la Universidad en un [&hellip;]<\/p>\n","protected":false},"author":1,"featured_media":0,"comment_status":"open","ping_status":"closed","sticky":false,"template":"","format":"standard","meta":{"footnotes":""},"categories":[8],"tags":[31],"class_list":["post-7180","post","type-post","status-publish","format-standard","hentry","category-noticias","tag-discapacidad"],"yoast_head":"<!-- This site is optimized with the Yoast SEO plugin v27.5 - https:\/\/yoast.com\/product\/yoast-seo-wordpress\/ -->\n<title>UPO y Fundaci\u00f3n Altavista impulsan la incorporaci\u00f3n laboral de estudiantes y titulados con discapacidad - Asociaci\u00f3n Espa\u00f1ola S\u00edndrome de Charge<\/title>\n<meta name=\"robots\" content=\"index, follow, max-snippet:-1, max-image-preview:large, max-video-preview:-1\" \/>\n<link rel=\"canonical\" href=\"https:\/\/sindromecharge.es\/index.php\/2021\/05\/18\/upo-y-fundacion-altavista-impulsan-la-incorporacion-laboral-de-estudiantes-y-titulados-con-discapacidad\/\" \/>\n<meta property=\"og:locale\" content=\"es_ES\" \/>\n<meta property=\"og:type\" content=\"article\" \/>\n<meta property=\"og:title\" content=\"UPO y Fundaci\u00f3n Altavista impulsan la incorporaci\u00f3n laboral de estudiantes y titulados con discapacidad - Asociaci\u00f3n Espa\u00f1ola S\u00edndrome de Charge\" \/>\n<meta property=\"og:description\" content=\"Leemos en 20minutos la siguiente noticia que os reproducimos de forma \u00edntegra: \u00abEl compromiso y esfuerzo de la UPO con la atenci\u00f3n a la diversidad se ve reflejado en un \u00e1rea tan importante como la b\u00fasqueda de sinergias con entidades que apoyen al estudiantado en sus pr\u00e1cticas curriculares y extracurriculares\u00bb, detalla la Universidad en un [&hellip;]\" \/>\n<meta property=\"og:url\" content=\"https:\/\/sindromecharge.es\/index.php\/2021\/05\/18\/upo-y-fundacion-altavista-impulsan-la-incorporacion-laboral-de-estudiantes-y-titulados-con-discapacidad\/\" \/>\n<meta property=\"og:site_name\" content=\"Asociaci\u00f3n Espa\u00f1ola S\u00edndrome de Charge\" \/>\n<meta property=\"article:publisher\" content=\"https:\/\/www.facebook.com\/asociacionsindromecharge\" \/>\n<meta property=\"article:published_time\" content=\"2021-05-18T11:13:31+00:00\" \/>\n<meta property=\"og:image\" content=\"https:\/\/sindromecharge.es\/wp-content\/uploads\/2013\/09\/logodecharge300x98.png\" \/>\n\t<meta property=\"og:image:width\" content=\"300\" \/>\n\t<meta property=\"og:image:height\" content=\"98\" \/>\n\t<meta property=\"og:image:type\" content=\"image\/png\" \/>\n<meta name=\"author\" content=\"Charge\" \/>\n<meta name=\"twitter:card\" content=\"summary_large_image\" \/>\n<meta name=\"twitter:creator\" content=\"@sindromecharge\" \/>\n<meta name=\"twitter:site\" content=\"@sindromecharge\" \/>\n<meta name=\"twitter:label1\" content=\"Escrito por\" \/>\n\t<meta name=\"twitter:data1\" content=\"Charge\" \/>\n\t<meta name=\"twitter:label2\" content=\"Tiempo de lectura\" \/>\n\t<meta name=\"twitter:data2\" content=\"2 minutos\" \/>\n<script type=\"application\/ld+json\" class=\"yoast-schema-graph\">{\"@context\":\"https:\\\/\\\/schema.org\",\"@graph\":[{\"@type\":\"Article\",\"@id\":\"https:\\\/\\\/sindromecharge.es\\\/index.php\\\/2021\\\/05\\\/18\\\/upo-y-fundacion-altavista-impulsan-la-incorporacion-laboral-de-estudiantes-y-titulados-con-discapacidad\\\/#article\",\"isPartOf\":{\"@id\":\"https:\\\/\\\/sindromecharge.es\\\/index.php\\\/2021\\\/05\\\/18\\\/upo-y-fundacion-altavista-impulsan-la-incorporacion-laboral-de-estudiantes-y-titulados-con-discapacidad\\\/\"},\"author\":{\"name\":\"Charge\",\"@id\":\"https:\\\/\\\/sindromecharge.es\\\/#\\\/schema\\\/person\\\/39a60ebe0a2b4d5a11179701e336b039\"},\"headline\":\"UPO y Fundaci\u00f3n Altavista impulsan la incorporaci\u00f3n laboral de estudiantes y titulados con discapacidad\",\"datePublished\":\"2021-05-18T11:13:31+00:00\",\"mainEntityOfPage\":{\"@id\":\"https:\\\/\\\/sindromecharge.es\\\/index.php\\\/2021\\\/05\\\/18\\\/upo-y-fundacion-altavista-impulsan-la-incorporacion-laboral-de-estudiantes-y-titulados-con-discapacidad\\\/\"},\"wordCount\":499,\"commentCount\":0,\"keywords\":[\"discapacidad\"],\"articleSection\":[\"noticias\"],\"inLanguage\":\"es\",\"potentialAction\":[{\"@type\":\"CommentAction\",\"name\":\"Comment\",\"target\":[\"https:\\\/\\\/sindromecharge.es\\\/index.php\\\/2021\\\/05\\\/18\\\/upo-y-fundacion-altavista-impulsan-la-incorporacion-laboral-de-estudiantes-y-titulados-con-discapacidad\\\/#respond\"]}]},{\"@type\":\"WebPage\",\"@id\":\"https:\\\/\\\/sindromecharge.es\\\/index.php\\\/2021\\\/05\\\/18\\\/upo-y-fundacion-altavista-impulsan-la-incorporacion-laboral-de-estudiantes-y-titulados-con-discapacidad\\\/\",\"url\":\"https:\\\/\\\/sindromecharge.es\\\/index.php\\\/2021\\\/05\\\/18\\\/upo-y-fundacion-altavista-impulsan-la-incorporacion-laboral-de-estudiantes-y-titulados-con-discapacidad\\\/\",\"name\":\"UPO y Fundaci\u00f3n Altavista impulsan la incorporaci\u00f3n laboral de estudiantes y titulados con discapacidad - Asociaci\u00f3n Espa\u00f1ola S\u00edndrome de Charge\",\"isPartOf\":{\"@id\":\"https:\\\/\\\/sindromecharge.es\\\/#website\"},\"datePublished\":\"2021-05-18T11:13:31+00:00\",\"author\":{\"@id\":\"https:\\\/\\\/sindromecharge.es\\\/#\\\/schema\\\/person\\\/39a60ebe0a2b4d5a11179701e336b039\"},\"breadcrumb\":{\"@id\":\"https:\\\/\\\/sindromecharge.es\\\/index.php\\\/2021\\\/05\\\/18\\\/upo-y-fundacion-altavista-impulsan-la-incorporacion-laboral-de-estudiantes-y-titulados-con-discapacidad\\\/#breadcrumb\"},\"inLanguage\":\"es\",\"potentialAction\":[{\"@type\":\"ReadAction\",\"target\":[\"https:\\\/\\\/sindromecharge.es\\\/index.php\\\/2021\\\/05\\\/18\\\/upo-y-fundacion-altavista-impulsan-la-incorporacion-laboral-de-estudiantes-y-titulados-con-discapacidad\\\/\"]}]},{\"@type\":\"BreadcrumbList\",\"@id\":\"https:\\\/\\\/sindromecharge.es\\\/index.php\\\/2021\\\/05\\\/18\\\/upo-y-fundacion-altavista-impulsan-la-incorporacion-laboral-de-estudiantes-y-titulados-con-discapacidad\\\/#breadcrumb\",\"itemListElement\":[{\"@type\":\"ListItem\",\"position\":1,\"name\":\"Portada\",\"item\":\"https:\\\/\\\/sindromecharge.es\\\/\"},{\"@type\":\"ListItem\",\"position\":2,\"name\":\"UPO y Fundaci\u00f3n Altavista impulsan la incorporaci\u00f3n laboral de estudiantes y titulados con discapacidad\"}]},{\"@type\":\"WebSite\",\"@id\":\"https:\\\/\\\/sindromecharge.es\\\/#website\",\"url\":\"https:\\\/\\\/sindromecharge.es\\\/\",\"name\":\"Asociaci\u00f3n Espa\u00f1ola S\u00edndrome de Charge\",\"description\":\"\",\"potentialAction\":[{\"@type\":\"SearchAction\",\"target\":{\"@type\":\"EntryPoint\",\"urlTemplate\":\"https:\\\/\\\/sindromecharge.es\\\/?s={search_term_string}\"},\"query-input\":{\"@type\":\"PropertyValueSpecification\",\"valueRequired\":true,\"valueName\":\"search_term_string\"}}],\"inLanguage\":\"es\"},{\"@type\":\"Person\",\"@id\":\"https:\\\/\\\/sindromecharge.es\\\/#\\\/schema\\\/person\\\/39a60ebe0a2b4d5a11179701e336b039\",\"name\":\"Charge\",\"image\":{\"@type\":\"ImageObject\",\"inLanguage\":\"es\",\"@id\":\"https:\\\/\\\/secure.gravatar.com\\\/avatar\\\/c3b46e32a0fc3b093a0873fb767bf3293de856293065e84ef06b7ec7a8acfb98?s=96&d=identicon&r=x\",\"url\":\"https:\\\/\\\/secure.gravatar.com\\\/avatar\\\/c3b46e32a0fc3b093a0873fb767bf3293de856293065e84ef06b7ec7a8acfb98?s=96&d=identicon&r=x\",\"contentUrl\":\"https:\\\/\\\/secure.gravatar.com\\\/avatar\\\/c3b46e32a0fc3b093a0873fb767bf3293de856293065e84ef06b7ec7a8acfb98?s=96&d=identicon&r=x\",\"caption\":\"Charge\"},\"url\":\"https:\\\/\\\/sindromecharge.es\\\/index.php\\\/author\\\/admin\\\/\"}]}<\/script>\n<!-- \/ Yoast SEO plugin. -->","yoast_head_json":{"title":"UPO y Fundaci\u00f3n Altavista impulsan la incorporaci\u00f3n laboral de estudiantes y titulados con discapacidad - Asociaci\u00f3n Espa\u00f1ola S\u00edndrome de Charge","robots":{"index":"index","follow":"follow","max-snippet":"max-snippet:-1","max-image-preview":"max-image-preview:large","max-video-preview":"max-video-preview:-1"},"canonical":"https:\/\/sindromecharge.es\/index.php\/2021\/05\/18\/upo-y-fundacion-altavista-impulsan-la-incorporacion-laboral-de-estudiantes-y-titulados-con-discapacidad\/","og_locale":"es_ES","og_type":"article","og_title":"UPO y Fundaci\u00f3n Altavista impulsan la incorporaci\u00f3n laboral de estudiantes y titulados con discapacidad - Asociaci\u00f3n Espa\u00f1ola S\u00edndrome de Charge","og_description":"Leemos en 20minutos la siguiente noticia que os reproducimos de forma \u00edntegra: \u00abEl compromiso y esfuerzo de la UPO con la atenci\u00f3n a la diversidad se ve reflejado en un \u00e1rea tan importante como la b\u00fasqueda de sinergias con entidades que apoyen al estudiantado en sus pr\u00e1cticas curriculares y extracurriculares\u00bb, detalla la Universidad en un [&hellip;]","og_url":"https:\/\/sindromecharge.es\/index.php\/2021\/05\/18\/upo-y-fundacion-altavista-impulsan-la-incorporacion-laboral-de-estudiantes-y-titulados-con-discapacidad\/","og_site_name":"Asociaci\u00f3n Espa\u00f1ola S\u00edndrome de Charge","article_publisher":"https:\/\/www.facebook.com\/asociacionsindromecharge","article_published_time":"2021-05-18T11:13:31+00:00","og_image":[{"width":300,"height":98,"url":"https:\/\/sindromecharge.es\/wp-content\/uploads\/2013\/09\/logodecharge300x98.png","type":"image\/png"}],"author":"Charge","twitter_card":"summary_large_image","twitter_creator":"@sindromecharge","twitter_site":"@sindromecharge","twitter_misc":{"Escrito por":"Charge","Tiempo de lectura":"2 minutos"},"schema":{"@context":"https:\/\/schema.org","@graph":[{"@type":"Article","@id":"https:\/\/sindromecharge.es\/index.php\/2021\/05\/18\/upo-y-fundacion-altavista-impulsan-la-incorporacion-laboral-de-estudiantes-y-titulados-con-discapacidad\/#article","isPartOf":{"@id":"https:\/\/sindromecharge.es\/index.php\/2021\/05\/18\/upo-y-fundacion-altavista-impulsan-la-incorporacion-laboral-de-estudiantes-y-titulados-con-discapacidad\/"},"author":{"name":"Charge","@id":"https:\/\/sindromecharge.es\/#\/schema\/person\/39a60ebe0a2b4d5a11179701e336b039"},"headline":"UPO y Fundaci\u00f3n Altavista impulsan la incorporaci\u00f3n laboral de estudiantes y titulados con discapacidad","datePublished":"2021-05-18T11:13:31+00:00","mainEntityOfPage":{"@id":"https:\/\/sindromecharge.es\/index.php\/2021\/05\/18\/upo-y-fundacion-altavista-impulsan-la-incorporacion-laboral-de-estudiantes-y-titulados-con-discapacidad\/"},"wordCount":499,"commentCount":0,"keywords":["discapacidad"],"articleSection":["noticias"],"inLanguage":"es","potentialAction":[{"@type":"CommentAction","name":"Comment","target":["https:\/\/sindromecharge.es\/index.php\/2021\/05\/18\/upo-y-fundacion-altavista-impulsan-la-incorporacion-laboral-de-estudiantes-y-titulados-con-discapacidad\/#respond"]}]},{"@type":"WebPage","@id":"https:\/\/sindromecharge.es\/index.php\/2021\/05\/18\/upo-y-fundacion-altavista-impulsan-la-incorporacion-laboral-de-estudiantes-y-titulados-con-discapacidad\/","url":"https:\/\/sindromecharge.es\/index.php\/2021\/05\/18\/upo-y-fundacion-altavista-impulsan-la-incorporacion-laboral-de-estudiantes-y-titulados-con-discapacidad\/","name":"UPO y Fundaci\u00f3n Altavista impulsan la incorporaci\u00f3n laboral de estudiantes y titulados con discapacidad - Asociaci\u00f3n Espa\u00f1ola S\u00edndrome de Charge","isPartOf":{"@id":"https:\/\/sindromecharge.es\/#website"},"datePublished":"2021-05-18T11:13:31+00:00","author":{"@id":"https:\/\/sindromecharge.es\/#\/schema\/person\/39a60ebe0a2b4d5a11179701e336b039"},"breadcrumb":{"@id":"https:\/\/sindromecharge.es\/index.php\/2021\/05\/18\/upo-y-fundacion-altavista-impulsan-la-incorporacion-laboral-de-estudiantes-y-titulados-con-discapacidad\/#breadcrumb"},"inLanguage":"es","potentialAction":[{"@type":"ReadAction","target":["https:\/\/sindromecharge.es\/index.php\/2021\/05\/18\/upo-y-fundacion-altavista-impulsan-la-incorporacion-laboral-de-estudiantes-y-titulados-con-discapacidad\/"]}]},{"@type":"BreadcrumbList","@id":"https:\/\/sindromecharge.es\/index.php\/2021\/05\/18\/upo-y-fundacion-altavista-impulsan-la-incorporacion-laboral-de-estudiantes-y-titulados-con-discapacidad\/#breadcrumb","itemListElement":[{"@type":"ListItem","position":1,"name":"Portada","item":"https:\/\/sindromecharge.es\/"},{"@type":"ListItem","position":2,"name":"UPO y Fundaci\u00f3n Altavista impulsan la incorporaci\u00f3n laboral de estudiantes y titulados con discapacidad"}]},{"@type":"WebSite","@id":"https:\/\/sindromecharge.es\/#website","url":"https:\/\/sindromecharge.es\/","name":"Asociaci\u00f3n Espa\u00f1ola S\u00edndrome de Charge","description":"","potentialAction":[{"@type":"SearchAction","target":{"@type":"EntryPoint","urlTemplate":"https:\/\/sindromecharge.es\/?s={search_term_string}"},"query-input":{"@type":"PropertyValueSpecification","valueRequired":true,"valueName":"search_term_string"}}],"inLanguage":"es"},{"@type":"Person","@id":"https:\/\/sindromecharge.es\/#\/schema\/person\/39a60ebe0a2b4d5a11179701e336b039","name":"Charge","image":{"@type":"ImageObject","inLanguage":"es","@id":"https:\/\/secure.gravatar.com\/avatar\/c3b46e32a0fc3b093a0873fb767bf3293de856293065e84ef06b7ec7a8acfb98?s=96&d=identicon&r=x","url":"https:\/\/secure.gravatar.com\/avatar\/c3b46e32a0fc3b093a0873fb767bf3293de856293065e84ef06b7ec7a8acfb98?s=96&d=identicon&r=x","contentUrl":"https:\/\/secure.gravatar.com\/avatar\/c3b46e32a0fc3b093a0873fb767bf3293de856293065e84ef06b7ec7a8acfb98?s=96&d=identicon&r=x","caption":"Charge"},"url":"https:\/\/sindromecharge.es\/index.php\/author\/admin\/"}]}},"_links":{"self":[{"href":"https:\/\/sindromecharge.es\/index.php\/wp-json\/wp\/v2\/posts\/7180","targetHints":{"allow":["GET"]}}],"collection":[{"href":"https:\/\/sindromecharge.es\/index.php\/wp-json\/wp\/v2\/posts"}],"about":[{"href":"https:\/\/sindromecharge.es\/index.php\/wp-json\/wp\/v2\/types\/post"}],"author":[{"embeddable":true,"href":"https:\/\/sindromecharge.es\/index.php\/wp-json\/wp\/v2\/users\/1"}],"replies":[{"embeddable":true,"href":"https:\/\/sindromecharge.es\/index.php\/wp-json\/wp\/v2\/comments?post=7180"}],"version-history":[{"count":0,"href":"https:\/\/sindromecharge.es\/index.php\/wp-json\/wp\/v2\/posts\/7180\/revisions"}],"wp:attachment":[{"href":"https:\/\/sindromecharge.es\/index.php\/wp-json\/wp\/v2\/media?parent=7180"}],"wp:term":[{"taxonomy":"category","embeddable":true,"href":"https:\/\/sindromecharge.es\/index.php\/wp-json\/wp\/v2\/categories?post=7180"},{"taxonomy":"post_tag","embeddable":true,"href":"https:\/\/sindromecharge.es\/index.php\/wp-json\/wp\/v2\/tags?post=7180"}],"curies":[{"name":"wp","href":"https:\/\/api.w.org\/{rel}","templated":true}]}}