{"id":7179,"date":"2021-05-18T09:12:13","date_gmt":"2021-05-18T09:12:13","guid":{"rendered":"https:\/\/sindromecharge.es\/index.php\/2021\/05\/18\/la-fundacion-tutelar-atendio-el-ano-pasado-a-601-personas-de-las-que-206-eran-menores\/"},"modified":"2021-05-18T09:12:13","modified_gmt":"2021-05-18T09:12:13","slug":"la-fundacion-tutelar-atendio-el-ano-pasado-a-601-personas-de-las-que-206-eran-menores","status":"publish","type":"post","link":"https:\/\/sindromecharge.es\/index.php\/2021\/05\/18\/la-fundacion-tutelar-atendio-el-ano-pasado-a-601-personas-de-las-que-206-eran-menores\/","title":{"rendered":"La Fundaci\u00f3n Tutelar atendi\u00f3 el a\u00f1o pasado a 601 personas, de las que 206 eran menores"},"content":{"rendered":"<p>Leemos en 20minutos la siguiente noticia que os reproducimos de forma \u00edntegra: <\/p>\n<p>Ha sido en comparecencia de prensa en la que han recordado que la Fundaci\u00f3n busca la \u00abprotecci\u00f3n, cuidado y defensa de las personas que tienen su capacidad jur\u00eddica modificada\u00bb, al tiempo que ha avanzado que para este a\u00f1o la entidad ha aumentado su presupuesto, en unos 125.000 euros, con los que estabilizar a cuatro trabajadores de su plantilla, compuesta por catorce personas.<\/p>\n<p>((HABR\u00c1 AMPLIACI\u00d3N))<\/p>\n<p>Fuente: 20minutos <a href=\"https:\/\/www.20minutos.es\/noticia\/4699927\/0\/la-fundacion-tutelar-atendio-el-ano-pasado-a-601-personas-de-las-que-206-eran-menores\/\" target=\"_blank\" rel=\"noopener\">La Fundaci\u00f3n Tutelar atendi\u00f3 el a\u00f1o pasado a 601 personas, de las que 206 eran menores<\/a><\/p>\n","protected":false},"excerpt":{"rendered":"<p>Leemos en 20minutos la siguiente noticia que os reproducimos de forma \u00edntegra: Ha sido en comparecencia de prensa en la que han recordado que la Fundaci\u00f3n busca la \u00abprotecci\u00f3n, cuidado y defensa de las personas que tienen su capacidad jur\u00eddica modificada\u00bb, al tiempo que ha avanzado que para este a\u00f1o la entidad ha aumentado su [&hellip;]<\/p>\n","protected":false},"author":1,"featured_media":0,"comment_status":"open","ping_status":"closed","sticky":false,"template":"","format":"standard","meta":{"footnotes":""},"categories":[8],"tags":[31],"class_list":["post-7179","post","type-post","status-publish","format-standard","hentry","category-noticias","tag-discapacidad"],"yoast_head":"<!-- This site is optimized with the Yoast SEO plugin v27.5 - https:\/\/yoast.com\/product\/yoast-seo-wordpress\/ -->\n<title>La Fundaci\u00f3n Tutelar atendi\u00f3 el a\u00f1o pasado a 601 personas, de las que 206 eran menores - Asociaci\u00f3n Espa\u00f1ola S\u00edndrome de Charge<\/title>\n<meta name=\"robots\" content=\"index, follow, max-snippet:-1, max-image-preview:large, max-video-preview:-1\" \/>\n<link rel=\"canonical\" href=\"https:\/\/sindromecharge.es\/index.php\/2021\/05\/18\/la-fundacion-tutelar-atendio-el-ano-pasado-a-601-personas-de-las-que-206-eran-menores\/\" \/>\n<meta property=\"og:locale\" content=\"es_ES\" \/>\n<meta property=\"og:type\" content=\"article\" \/>\n<meta property=\"og:title\" content=\"La Fundaci\u00f3n Tutelar atendi\u00f3 el a\u00f1o pasado a 601 personas, de las que 206 eran menores - Asociaci\u00f3n Espa\u00f1ola S\u00edndrome de Charge\" \/>\n<meta property=\"og:description\" content=\"Leemos en 20minutos la siguiente noticia que os reproducimos de forma \u00edntegra: Ha sido en comparecencia de prensa en la que han recordado que la Fundaci\u00f3n busca la \u00abprotecci\u00f3n, cuidado y defensa de las personas que tienen su capacidad jur\u00eddica modificada\u00bb, al tiempo que ha avanzado que para este a\u00f1o la entidad ha aumentado su [&hellip;]\" \/>\n<meta property=\"og:url\" content=\"https:\/\/sindromecharge.es\/index.php\/2021\/05\/18\/la-fundacion-tutelar-atendio-el-ano-pasado-a-601-personas-de-las-que-206-eran-menores\/\" \/>\n<meta property=\"og:site_name\" content=\"Asociaci\u00f3n Espa\u00f1ola S\u00edndrome de Charge\" \/>\n<meta property=\"article:publisher\" content=\"https:\/\/www.facebook.com\/asociacionsindromecharge\" \/>\n<meta property=\"article:published_time\" content=\"2021-05-18T09:12:13+00:00\" \/>\n<meta property=\"og:image\" content=\"https:\/\/sindromecharge.es\/wp-content\/uploads\/2013\/09\/logodecharge300x98.png\" \/>\n\t<meta property=\"og:image:width\" content=\"300\" \/>\n\t<meta property=\"og:image:height\" content=\"98\" \/>\n\t<meta property=\"og:image:type\" content=\"image\/png\" \/>\n<meta name=\"author\" content=\"Charge\" \/>\n<meta name=\"twitter:card\" content=\"summary_large_image\" \/>\n<meta name=\"twitter:creator\" content=\"@sindromecharge\" \/>\n<meta name=\"twitter:site\" content=\"@sindromecharge\" \/>\n<meta name=\"twitter:label1\" content=\"Escrito por\" \/>\n\t<meta name=\"twitter:data1\" content=\"Charge\" \/>\n<script type=\"application\/ld+json\" class=\"yoast-schema-graph\">{\"@context\":\"https:\\\/\\\/schema.org\",\"@graph\":[{\"@type\":\"Article\",\"@id\":\"https:\\\/\\\/sindromecharge.es\\\/index.php\\\/2021\\\/05\\\/18\\\/la-fundacion-tutelar-atendio-el-ano-pasado-a-601-personas-de-las-que-206-eran-menores\\\/#article\",\"isPartOf\":{\"@id\":\"https:\\\/\\\/sindromecharge.es\\\/index.php\\\/2021\\\/05\\\/18\\\/la-fundacion-tutelar-atendio-el-ano-pasado-a-601-personas-de-las-que-206-eran-menores\\\/\"},\"author\":{\"name\":\"Charge\",\"@id\":\"https:\\\/\\\/sindromecharge.es\\\/#\\\/schema\\\/person\\\/39a60ebe0a2b4d5a11179701e336b039\"},\"headline\":\"La Fundaci\u00f3n Tutelar atendi\u00f3 el a\u00f1o pasado a 601 personas, de las que 206 eran menores\",\"datePublished\":\"2021-05-18T09:12:13+00:00\",\"mainEntityOfPage\":{\"@id\":\"https:\\\/\\\/sindromecharge.es\\\/index.php\\\/2021\\\/05\\\/18\\\/la-fundacion-tutelar-atendio-el-ano-pasado-a-601-personas-de-las-que-206-eran-menores\\\/\"},\"wordCount\":114,\"commentCount\":0,\"keywords\":[\"discapacidad\"],\"articleSection\":[\"noticias\"],\"inLanguage\":\"es\",\"potentialAction\":[{\"@type\":\"CommentAction\",\"name\":\"Comment\",\"target\":[\"https:\\\/\\\/sindromecharge.es\\\/index.php\\\/2021\\\/05\\\/18\\\/la-fundacion-tutelar-atendio-el-ano-pasado-a-601-personas-de-las-que-206-eran-menores\\\/#respond\"]}]},{\"@type\":\"WebPage\",\"@id\":\"https:\\\/\\\/sindromecharge.es\\\/index.php\\\/2021\\\/05\\\/18\\\/la-fundacion-tutelar-atendio-el-ano-pasado-a-601-personas-de-las-que-206-eran-menores\\\/\",\"url\":\"https:\\\/\\\/sindromecharge.es\\\/index.php\\\/2021\\\/05\\\/18\\\/la-fundacion-tutelar-atendio-el-ano-pasado-a-601-personas-de-las-que-206-eran-menores\\\/\",\"name\":\"La Fundaci\u00f3n Tutelar atendi\u00f3 el a\u00f1o pasado a 601 personas, de las que 206 eran menores - Asociaci\u00f3n Espa\u00f1ola S\u00edndrome de Charge\",\"isPartOf\":{\"@id\":\"https:\\\/\\\/sindromecharge.es\\\/#website\"},\"datePublished\":\"2021-05-18T09:12:13+00:00\",\"author\":{\"@id\":\"https:\\\/\\\/sindromecharge.es\\\/#\\\/schema\\\/person\\\/39a60ebe0a2b4d5a11179701e336b039\"},\"breadcrumb\":{\"@id\":\"https:\\\/\\\/sindromecharge.es\\\/index.php\\\/2021\\\/05\\\/18\\\/la-fundacion-tutelar-atendio-el-ano-pasado-a-601-personas-de-las-que-206-eran-menores\\\/#breadcrumb\"},\"inLanguage\":\"es\",\"potentialAction\":[{\"@type\":\"ReadAction\",\"target\":[\"https:\\\/\\\/sindromecharge.es\\\/index.php\\\/2021\\\/05\\\/18\\\/la-fundacion-tutelar-atendio-el-ano-pasado-a-601-personas-de-las-que-206-eran-menores\\\/\"]}]},{\"@type\":\"BreadcrumbList\",\"@id\":\"https:\\\/\\\/sindromecharge.es\\\/index.php\\\/2021\\\/05\\\/18\\\/la-fundacion-tutelar-atendio-el-ano-pasado-a-601-personas-de-las-que-206-eran-menores\\\/#breadcrumb\",\"itemListElement\":[{\"@type\":\"ListItem\",\"position\":1,\"name\":\"Portada\",\"item\":\"https:\\\/\\\/sindromecharge.es\\\/\"},{\"@type\":\"ListItem\",\"position\":2,\"name\":\"La Fundaci\u00f3n Tutelar atendi\u00f3 el a\u00f1o pasado a 601 personas, de las que 206 eran menores\"}]},{\"@type\":\"WebSite\",\"@id\":\"https:\\\/\\\/sindromecharge.es\\\/#website\",\"url\":\"https:\\\/\\\/sindromecharge.es\\\/\",\"name\":\"Asociaci\u00f3n Espa\u00f1ola S\u00edndrome de Charge\",\"description\":\"\",\"potentialAction\":[{\"@type\":\"SearchAction\",\"target\":{\"@type\":\"EntryPoint\",\"urlTemplate\":\"https:\\\/\\\/sindromecharge.es\\\/?s={search_term_string}\"},\"query-input\":{\"@type\":\"PropertyValueSpecification\",\"valueRequired\":true,\"valueName\":\"search_term_string\"}}],\"inLanguage\":\"es\"},{\"@type\":\"Person\",\"@id\":\"https:\\\/\\\/sindromecharge.es\\\/#\\\/schema\\\/person\\\/39a60ebe0a2b4d5a11179701e336b039\",\"name\":\"Charge\",\"image\":{\"@type\":\"ImageObject\",\"inLanguage\":\"es\",\"@id\":\"https:\\\/\\\/secure.gravatar.com\\\/avatar\\\/c3b46e32a0fc3b093a0873fb767bf3293de856293065e84ef06b7ec7a8acfb98?s=96&d=identicon&r=x\",\"url\":\"https:\\\/\\\/secure.gravatar.com\\\/avatar\\\/c3b46e32a0fc3b093a0873fb767bf3293de856293065e84ef06b7ec7a8acfb98?s=96&d=identicon&r=x\",\"contentUrl\":\"https:\\\/\\\/secure.gravatar.com\\\/avatar\\\/c3b46e32a0fc3b093a0873fb767bf3293de856293065e84ef06b7ec7a8acfb98?s=96&d=identicon&r=x\",\"caption\":\"Charge\"},\"url\":\"https:\\\/\\\/sindromecharge.es\\\/index.php\\\/author\\\/admin\\\/\"}]}<\/script>\n<!-- \/ Yoast SEO plugin. -->","yoast_head_json":{"title":"La Fundaci\u00f3n Tutelar atendi\u00f3 el a\u00f1o pasado a 601 personas, de las que 206 eran menores - Asociaci\u00f3n Espa\u00f1ola S\u00edndrome de Charge","robots":{"index":"index","follow":"follow","max-snippet":"max-snippet:-1","max-image-preview":"max-image-preview:large","max-video-preview":"max-video-preview:-1"},"canonical":"https:\/\/sindromecharge.es\/index.php\/2021\/05\/18\/la-fundacion-tutelar-atendio-el-ano-pasado-a-601-personas-de-las-que-206-eran-menores\/","og_locale":"es_ES","og_type":"article","og_title":"La Fundaci\u00f3n Tutelar atendi\u00f3 el a\u00f1o pasado a 601 personas, de las que 206 eran menores - Asociaci\u00f3n Espa\u00f1ola S\u00edndrome de Charge","og_description":"Leemos en 20minutos la siguiente noticia que os reproducimos de forma \u00edntegra: Ha sido en comparecencia de prensa en la que han recordado que la Fundaci\u00f3n busca la \u00abprotecci\u00f3n, cuidado y defensa de las personas que tienen su capacidad jur\u00eddica modificada\u00bb, al tiempo que ha avanzado que para este a\u00f1o la entidad ha aumentado su [&hellip;]","og_url":"https:\/\/sindromecharge.es\/index.php\/2021\/05\/18\/la-fundacion-tutelar-atendio-el-ano-pasado-a-601-personas-de-las-que-206-eran-menores\/","og_site_name":"Asociaci\u00f3n Espa\u00f1ola S\u00edndrome de Charge","article_publisher":"https:\/\/www.facebook.com\/asociacionsindromecharge","article_published_time":"2021-05-18T09:12:13+00:00","og_image":[{"width":300,"height":98,"url":"https:\/\/sindromecharge.es\/wp-content\/uploads\/2013\/09\/logodecharge300x98.png","type":"image\/png"}],"author":"Charge","twitter_card":"summary_large_image","twitter_creator":"@sindromecharge","twitter_site":"@sindromecharge","twitter_misc":{"Escrito por":"Charge"},"schema":{"@context":"https:\/\/schema.org","@graph":[{"@type":"Article","@id":"https:\/\/sindromecharge.es\/index.php\/2021\/05\/18\/la-fundacion-tutelar-atendio-el-ano-pasado-a-601-personas-de-las-que-206-eran-menores\/#article","isPartOf":{"@id":"https:\/\/sindromecharge.es\/index.php\/2021\/05\/18\/la-fundacion-tutelar-atendio-el-ano-pasado-a-601-personas-de-las-que-206-eran-menores\/"},"author":{"name":"Charge","@id":"https:\/\/sindromecharge.es\/#\/schema\/person\/39a60ebe0a2b4d5a11179701e336b039"},"headline":"La Fundaci\u00f3n Tutelar atendi\u00f3 el a\u00f1o pasado a 601 personas, de las que 206 eran menores","datePublished":"2021-05-18T09:12:13+00:00","mainEntityOfPage":{"@id":"https:\/\/sindromecharge.es\/index.php\/2021\/05\/18\/la-fundacion-tutelar-atendio-el-ano-pasado-a-601-personas-de-las-que-206-eran-menores\/"},"wordCount":114,"commentCount":0,"keywords":["discapacidad"],"articleSection":["noticias"],"inLanguage":"es","potentialAction":[{"@type":"CommentAction","name":"Comment","target":["https:\/\/sindromecharge.es\/index.php\/2021\/05\/18\/la-fundacion-tutelar-atendio-el-ano-pasado-a-601-personas-de-las-que-206-eran-menores\/#respond"]}]},{"@type":"WebPage","@id":"https:\/\/sindromecharge.es\/index.php\/2021\/05\/18\/la-fundacion-tutelar-atendio-el-ano-pasado-a-601-personas-de-las-que-206-eran-menores\/","url":"https:\/\/sindromecharge.es\/index.php\/2021\/05\/18\/la-fundacion-tutelar-atendio-el-ano-pasado-a-601-personas-de-las-que-206-eran-menores\/","name":"La Fundaci\u00f3n Tutelar atendi\u00f3 el a\u00f1o pasado a 601 personas, de las que 206 eran menores - Asociaci\u00f3n Espa\u00f1ola S\u00edndrome de Charge","isPartOf":{"@id":"https:\/\/sindromecharge.es\/#website"},"datePublished":"2021-05-18T09:12:13+00:00","author":{"@id":"https:\/\/sindromecharge.es\/#\/schema\/person\/39a60ebe0a2b4d5a11179701e336b039"},"breadcrumb":{"@id":"https:\/\/sindromecharge.es\/index.php\/2021\/05\/18\/la-fundacion-tutelar-atendio-el-ano-pasado-a-601-personas-de-las-que-206-eran-menores\/#breadcrumb"},"inLanguage":"es","potentialAction":[{"@type":"ReadAction","target":["https:\/\/sindromecharge.es\/index.php\/2021\/05\/18\/la-fundacion-tutelar-atendio-el-ano-pasado-a-601-personas-de-las-que-206-eran-menores\/"]}]},{"@type":"BreadcrumbList","@id":"https:\/\/sindromecharge.es\/index.php\/2021\/05\/18\/la-fundacion-tutelar-atendio-el-ano-pasado-a-601-personas-de-las-que-206-eran-menores\/#breadcrumb","itemListElement":[{"@type":"ListItem","position":1,"name":"Portada","item":"https:\/\/sindromecharge.es\/"},{"@type":"ListItem","position":2,"name":"La Fundaci\u00f3n Tutelar atendi\u00f3 el a\u00f1o pasado a 601 personas, de las que 206 eran menores"}]},{"@type":"WebSite","@id":"https:\/\/sindromecharge.es\/#website","url":"https:\/\/sindromecharge.es\/","name":"Asociaci\u00f3n Espa\u00f1ola S\u00edndrome de Charge","description":"","potentialAction":[{"@type":"SearchAction","target":{"@type":"EntryPoint","urlTemplate":"https:\/\/sindromecharge.es\/?s={search_term_string}"},"query-input":{"@type":"PropertyValueSpecification","valueRequired":true,"valueName":"search_term_string"}}],"inLanguage":"es"},{"@type":"Person","@id":"https:\/\/sindromecharge.es\/#\/schema\/person\/39a60ebe0a2b4d5a11179701e336b039","name":"Charge","image":{"@type":"ImageObject","inLanguage":"es","@id":"https:\/\/secure.gravatar.com\/avatar\/c3b46e32a0fc3b093a0873fb767bf3293de856293065e84ef06b7ec7a8acfb98?s=96&d=identicon&r=x","url":"https:\/\/secure.gravatar.com\/avatar\/c3b46e32a0fc3b093a0873fb767bf3293de856293065e84ef06b7ec7a8acfb98?s=96&d=identicon&r=x","contentUrl":"https:\/\/secure.gravatar.com\/avatar\/c3b46e32a0fc3b093a0873fb767bf3293de856293065e84ef06b7ec7a8acfb98?s=96&d=identicon&r=x","caption":"Charge"},"url":"https:\/\/sindromecharge.es\/index.php\/author\/admin\/"}]}},"_links":{"self":[{"href":"https:\/\/sindromecharge.es\/index.php\/wp-json\/wp\/v2\/posts\/7179","targetHints":{"allow":["GET"]}}],"collection":[{"href":"https:\/\/sindromecharge.es\/index.php\/wp-json\/wp\/v2\/posts"}],"about":[{"href":"https:\/\/sindromecharge.es\/index.php\/wp-json\/wp\/v2\/types\/post"}],"author":[{"embeddable":true,"href":"https:\/\/sindromecharge.es\/index.php\/wp-json\/wp\/v2\/users\/1"}],"replies":[{"embeddable":true,"href":"https:\/\/sindromecharge.es\/index.php\/wp-json\/wp\/v2\/comments?post=7179"}],"version-history":[{"count":0,"href":"https:\/\/sindromecharge.es\/index.php\/wp-json\/wp\/v2\/posts\/7179\/revisions"}],"wp:attachment":[{"href":"https:\/\/sindromecharge.es\/index.php\/wp-json\/wp\/v2\/media?parent=7179"}],"wp:term":[{"taxonomy":"category","embeddable":true,"href":"https:\/\/sindromecharge.es\/index.php\/wp-json\/wp\/v2\/categories?post=7179"},{"taxonomy":"post_tag","embeddable":true,"href":"https:\/\/sindromecharge.es\/index.php\/wp-json\/wp\/v2\/tags?post=7179"}],"curies":[{"name":"wp","href":"https:\/\/api.w.org\/{rel}","templated":true}]}}