{"id":7177,"date":"2021-05-18T05:14:15","date_gmt":"2021-05-18T05:14:15","guid":{"rendered":"https:\/\/sindromecharge.es\/index.php\/2021\/05\/18\/nos-adherimos-al-mes-de-la-siringomielia\/"},"modified":"2021-05-18T05:14:15","modified_gmt":"2021-05-18T05:14:15","slug":"nos-adherimos-al-mes-de-la-siringomielia","status":"publish","type":"post","link":"https:\/\/sindromecharge.es\/index.php\/2021\/05\/18\/nos-adherimos-al-mes-de-la-siringomielia\/","title":{"rendered":"Nos adherimos al Mes de la Siringomielia"},"content":{"rendered":"<p>Leemos en FEDER la siguiente noticia que os reproducimos de forma \u00edntegra: <\/p>\n<p><p>Mayo celebra el Mes de la Concienciaci\u00f3n de la Siringomielia, que tiene como objetivo principal visibilizar esta enfermedad poco frecuente y as\u00ed, mejorar la calidad de vida de las personas que conviven con esta patolog\u00eda. Por ello, desde la Federaci\u00f3n Espa\u00f1ola de Enfermedades Raras (FEDER) nos queremos sumar a este mes tan importante para los pacientes con Siringomielia y sus familiares, ya que, gracias a estas campa\u00f1as de sensibilizaci\u00f3n se consigue transmitir la importancia de la investigaci\u00f3n cient\u00edfica para conseguir un diagn\u00f3stico precoz y un tratamiento eficaz.<\/p>\n<p>Desde la Federaci\u00f3n aplaudimos y reconocemos la labor que realizan las entidades que forman el movimiento asociativo vinculado a la Siringomielia ya que, d\u00eda a d\u00eda trabajan junto a los pacientes y sus familiares para ofrecer una informaci\u00f3n fiable acerca de la enfermedad, convirti\u00e9ndose en un apoyo fundamental para las personas que tienen esta patolog\u00eda. Esto es posible gracias a las entidades como, la Asociaci\u00f3n Chiari y Siringomielia del Principado de Asturias que luch por la visibilizaci\u00f3n de la enfermedad, adem\u00e1s de potenciar los estudios cient\u00edficos con el fin de encontrar una cura.<\/p>\n<p><span style=\"font-size: 14pt\">\u00bfQu\u00e9 es Siringomielia?<\/span><\/p>\n<p>Es un ac\u00famulo en el interior de la m\u00e9dula espinal de l\u00edquido cefalorraqu\u00eddeo.<\/p>\n<p>Se asocia al s\u00edndrome de Chiari tipo I en un 40 % de los casos.<\/p>\n<p>La explicaci\u00f3n que se ha dado es una alteraci\u00f3n en la circulaci\u00f3n del l\u00edquido cefalorraqu\u00eddeo; este se produce dentro del cerebro y se reabsorbe en un 80% en la parte inferior de la columna vertebral. Por lo tanto tiene que pasar por el agujero magno, dado que este est\u00e1 ocupado con las am\u00edgdalas cerebelosas su circulaci\u00f3n se ve dificultada y se acumula en el medio de la m\u00e9dula (siringomielia) o en el cerebro (hidrocefalia solo en el 10% de los casos).<\/p>\n<p>\u00daltima actualizaci\u00f3n 18\/05\/2021<\/p>\n<\/p>\n<p>Fuente: FEDER <a href=\"https:\/\/enfermedades-raras.org\/index.php\/actualidad\/noticias-eventos\/2-feder\/15375-nos-adherimos-al-mes-de-la-siringomielia\" target=\"_blank\" rel=\"noopener\">Nos adherimos al Mes de la Siringomielia<\/a><\/p>\n","protected":false},"excerpt":{"rendered":"<p>Leemos en FEDER la siguiente noticia que os reproducimos de forma \u00edntegra: Mayo celebra el Mes de la Concienciaci\u00f3n de la Siringomielia, que tiene como objetivo principal visibilizar esta enfermedad poco frecuente y as\u00ed, mejorar la calidad de vida de las personas que conviven con esta patolog\u00eda. Por ello, desde la Federaci\u00f3n Espa\u00f1ola de Enfermedades [&hellip;]<\/p>\n","protected":false},"author":1,"featured_media":0,"comment_status":"open","ping_status":"closed","sticky":false,"template":"","format":"standard","meta":{"footnotes":""},"categories":[8],"tags":[36],"class_list":["post-7177","post","type-post","status-publish","format-standard","hentry","category-noticias","tag-enfermedades-raras"],"yoast_head":"<!-- This site is optimized with the Yoast SEO plugin v27.5 - https:\/\/yoast.com\/product\/yoast-seo-wordpress\/ -->\n<title>Nos adherimos al Mes de la Siringomielia - Asociaci\u00f3n Espa\u00f1ola S\u00edndrome de Charge<\/title>\n<meta name=\"robots\" content=\"index, follow, max-snippet:-1, max-image-preview:large, max-video-preview:-1\" \/>\n<link rel=\"canonical\" href=\"https:\/\/sindromecharge.es\/index.php\/2021\/05\/18\/nos-adherimos-al-mes-de-la-siringomielia\/\" \/>\n<meta property=\"og:locale\" content=\"es_ES\" \/>\n<meta property=\"og:type\" content=\"article\" \/>\n<meta property=\"og:title\" content=\"Nos adherimos al Mes de la Siringomielia - Asociaci\u00f3n Espa\u00f1ola S\u00edndrome de Charge\" \/>\n<meta property=\"og:description\" content=\"Leemos en FEDER la siguiente noticia que os reproducimos de forma \u00edntegra: Mayo celebra el Mes de la Concienciaci\u00f3n de la Siringomielia, que tiene como objetivo principal visibilizar esta enfermedad poco frecuente y as\u00ed, mejorar la calidad de vida de las personas que conviven con esta patolog\u00eda. Por ello, desde la Federaci\u00f3n Espa\u00f1ola de Enfermedades [&hellip;]\" \/>\n<meta property=\"og:url\" content=\"https:\/\/sindromecharge.es\/index.php\/2021\/05\/18\/nos-adherimos-al-mes-de-la-siringomielia\/\" \/>\n<meta property=\"og:site_name\" content=\"Asociaci\u00f3n Espa\u00f1ola S\u00edndrome de Charge\" \/>\n<meta property=\"article:publisher\" content=\"https:\/\/www.facebook.com\/asociacionsindromecharge\" \/>\n<meta property=\"article:published_time\" content=\"2021-05-18T05:14:15+00:00\" \/>\n<meta property=\"og:image\" content=\"https:\/\/sindromecharge.es\/wp-content\/uploads\/2013\/09\/logodecharge300x98.png\" \/>\n\t<meta property=\"og:image:width\" content=\"300\" \/>\n\t<meta property=\"og:image:height\" content=\"98\" \/>\n\t<meta property=\"og:image:type\" content=\"image\/png\" \/>\n<meta name=\"author\" content=\"Charge\" \/>\n<meta name=\"twitter:card\" content=\"summary_large_image\" \/>\n<meta name=\"twitter:creator\" content=\"@sindromecharge\" \/>\n<meta name=\"twitter:site\" content=\"@sindromecharge\" \/>\n<meta name=\"twitter:label1\" content=\"Escrito por\" \/>\n\t<meta name=\"twitter:data1\" content=\"Charge\" \/>\n\t<meta name=\"twitter:label2\" content=\"Tiempo de lectura\" \/>\n\t<meta name=\"twitter:data2\" content=\"2 minutos\" \/>\n<script type=\"application\/ld+json\" class=\"yoast-schema-graph\">{\"@context\":\"https:\\\/\\\/schema.org\",\"@graph\":[{\"@type\":\"Article\",\"@id\":\"https:\\\/\\\/sindromecharge.es\\\/index.php\\\/2021\\\/05\\\/18\\\/nos-adherimos-al-mes-de-la-siringomielia\\\/#article\",\"isPartOf\":{\"@id\":\"https:\\\/\\\/sindromecharge.es\\\/index.php\\\/2021\\\/05\\\/18\\\/nos-adherimos-al-mes-de-la-siringomielia\\\/\"},\"author\":{\"name\":\"Charge\",\"@id\":\"https:\\\/\\\/sindromecharge.es\\\/#\\\/schema\\\/person\\\/39a60ebe0a2b4d5a11179701e336b039\"},\"headline\":\"Nos adherimos al Mes de la Siringomielia\",\"datePublished\":\"2021-05-18T05:14:15+00:00\",\"mainEntityOfPage\":{\"@id\":\"https:\\\/\\\/sindromecharge.es\\\/index.php\\\/2021\\\/05\\\/18\\\/nos-adherimos-al-mes-de-la-siringomielia\\\/\"},\"wordCount\":351,\"commentCount\":0,\"keywords\":[\"enfermedades raras\"],\"articleSection\":[\"noticias\"],\"inLanguage\":\"es\",\"potentialAction\":[{\"@type\":\"CommentAction\",\"name\":\"Comment\",\"target\":[\"https:\\\/\\\/sindromecharge.es\\\/index.php\\\/2021\\\/05\\\/18\\\/nos-adherimos-al-mes-de-la-siringomielia\\\/#respond\"]}]},{\"@type\":\"WebPage\",\"@id\":\"https:\\\/\\\/sindromecharge.es\\\/index.php\\\/2021\\\/05\\\/18\\\/nos-adherimos-al-mes-de-la-siringomielia\\\/\",\"url\":\"https:\\\/\\\/sindromecharge.es\\\/index.php\\\/2021\\\/05\\\/18\\\/nos-adherimos-al-mes-de-la-siringomielia\\\/\",\"name\":\"Nos adherimos al Mes de la Siringomielia - Asociaci\u00f3n Espa\u00f1ola S\u00edndrome de Charge\",\"isPartOf\":{\"@id\":\"https:\\\/\\\/sindromecharge.es\\\/#website\"},\"datePublished\":\"2021-05-18T05:14:15+00:00\",\"author\":{\"@id\":\"https:\\\/\\\/sindromecharge.es\\\/#\\\/schema\\\/person\\\/39a60ebe0a2b4d5a11179701e336b039\"},\"breadcrumb\":{\"@id\":\"https:\\\/\\\/sindromecharge.es\\\/index.php\\\/2021\\\/05\\\/18\\\/nos-adherimos-al-mes-de-la-siringomielia\\\/#breadcrumb\"},\"inLanguage\":\"es\",\"potentialAction\":[{\"@type\":\"ReadAction\",\"target\":[\"https:\\\/\\\/sindromecharge.es\\\/index.php\\\/2021\\\/05\\\/18\\\/nos-adherimos-al-mes-de-la-siringomielia\\\/\"]}]},{\"@type\":\"BreadcrumbList\",\"@id\":\"https:\\\/\\\/sindromecharge.es\\\/index.php\\\/2021\\\/05\\\/18\\\/nos-adherimos-al-mes-de-la-siringomielia\\\/#breadcrumb\",\"itemListElement\":[{\"@type\":\"ListItem\",\"position\":1,\"name\":\"Portada\",\"item\":\"https:\\\/\\\/sindromecharge.es\\\/\"},{\"@type\":\"ListItem\",\"position\":2,\"name\":\"Nos adherimos al Mes de la Siringomielia\"}]},{\"@type\":\"WebSite\",\"@id\":\"https:\\\/\\\/sindromecharge.es\\\/#website\",\"url\":\"https:\\\/\\\/sindromecharge.es\\\/\",\"name\":\"Asociaci\u00f3n Espa\u00f1ola S\u00edndrome de Charge\",\"description\":\"\",\"potentialAction\":[{\"@type\":\"SearchAction\",\"target\":{\"@type\":\"EntryPoint\",\"urlTemplate\":\"https:\\\/\\\/sindromecharge.es\\\/?s={search_term_string}\"},\"query-input\":{\"@type\":\"PropertyValueSpecification\",\"valueRequired\":true,\"valueName\":\"search_term_string\"}}],\"inLanguage\":\"es\"},{\"@type\":\"Person\",\"@id\":\"https:\\\/\\\/sindromecharge.es\\\/#\\\/schema\\\/person\\\/39a60ebe0a2b4d5a11179701e336b039\",\"name\":\"Charge\",\"image\":{\"@type\":\"ImageObject\",\"inLanguage\":\"es\",\"@id\":\"https:\\\/\\\/secure.gravatar.com\\\/avatar\\\/c3b46e32a0fc3b093a0873fb767bf3293de856293065e84ef06b7ec7a8acfb98?s=96&d=identicon&r=x\",\"url\":\"https:\\\/\\\/secure.gravatar.com\\\/avatar\\\/c3b46e32a0fc3b093a0873fb767bf3293de856293065e84ef06b7ec7a8acfb98?s=96&d=identicon&r=x\",\"contentUrl\":\"https:\\\/\\\/secure.gravatar.com\\\/avatar\\\/c3b46e32a0fc3b093a0873fb767bf3293de856293065e84ef06b7ec7a8acfb98?s=96&d=identicon&r=x\",\"caption\":\"Charge\"},\"url\":\"https:\\\/\\\/sindromecharge.es\\\/index.php\\\/author\\\/admin\\\/\"}]}<\/script>\n<!-- \/ Yoast SEO plugin. -->","yoast_head_json":{"title":"Nos adherimos al Mes de la Siringomielia - Asociaci\u00f3n Espa\u00f1ola S\u00edndrome de Charge","robots":{"index":"index","follow":"follow","max-snippet":"max-snippet:-1","max-image-preview":"max-image-preview:large","max-video-preview":"max-video-preview:-1"},"canonical":"https:\/\/sindromecharge.es\/index.php\/2021\/05\/18\/nos-adherimos-al-mes-de-la-siringomielia\/","og_locale":"es_ES","og_type":"article","og_title":"Nos adherimos al Mes de la Siringomielia - Asociaci\u00f3n Espa\u00f1ola S\u00edndrome de Charge","og_description":"Leemos en FEDER la siguiente noticia que os reproducimos de forma \u00edntegra: Mayo celebra el Mes de la Concienciaci\u00f3n de la Siringomielia, que tiene como objetivo principal visibilizar esta enfermedad poco frecuente y as\u00ed, mejorar la calidad de vida de las personas que conviven con esta patolog\u00eda. Por ello, desde la Federaci\u00f3n Espa\u00f1ola de Enfermedades [&hellip;]","og_url":"https:\/\/sindromecharge.es\/index.php\/2021\/05\/18\/nos-adherimos-al-mes-de-la-siringomielia\/","og_site_name":"Asociaci\u00f3n Espa\u00f1ola S\u00edndrome de Charge","article_publisher":"https:\/\/www.facebook.com\/asociacionsindromecharge","article_published_time":"2021-05-18T05:14:15+00:00","og_image":[{"width":300,"height":98,"url":"https:\/\/sindromecharge.es\/wp-content\/uploads\/2013\/09\/logodecharge300x98.png","type":"image\/png"}],"author":"Charge","twitter_card":"summary_large_image","twitter_creator":"@sindromecharge","twitter_site":"@sindromecharge","twitter_misc":{"Escrito por":"Charge","Tiempo de lectura":"2 minutos"},"schema":{"@context":"https:\/\/schema.org","@graph":[{"@type":"Article","@id":"https:\/\/sindromecharge.es\/index.php\/2021\/05\/18\/nos-adherimos-al-mes-de-la-siringomielia\/#article","isPartOf":{"@id":"https:\/\/sindromecharge.es\/index.php\/2021\/05\/18\/nos-adherimos-al-mes-de-la-siringomielia\/"},"author":{"name":"Charge","@id":"https:\/\/sindromecharge.es\/#\/schema\/person\/39a60ebe0a2b4d5a11179701e336b039"},"headline":"Nos adherimos al Mes de la Siringomielia","datePublished":"2021-05-18T05:14:15+00:00","mainEntityOfPage":{"@id":"https:\/\/sindromecharge.es\/index.php\/2021\/05\/18\/nos-adherimos-al-mes-de-la-siringomielia\/"},"wordCount":351,"commentCount":0,"keywords":["enfermedades raras"],"articleSection":["noticias"],"inLanguage":"es","potentialAction":[{"@type":"CommentAction","name":"Comment","target":["https:\/\/sindromecharge.es\/index.php\/2021\/05\/18\/nos-adherimos-al-mes-de-la-siringomielia\/#respond"]}]},{"@type":"WebPage","@id":"https:\/\/sindromecharge.es\/index.php\/2021\/05\/18\/nos-adherimos-al-mes-de-la-siringomielia\/","url":"https:\/\/sindromecharge.es\/index.php\/2021\/05\/18\/nos-adherimos-al-mes-de-la-siringomielia\/","name":"Nos adherimos al Mes de la Siringomielia - Asociaci\u00f3n Espa\u00f1ola S\u00edndrome de Charge","isPartOf":{"@id":"https:\/\/sindromecharge.es\/#website"},"datePublished":"2021-05-18T05:14:15+00:00","author":{"@id":"https:\/\/sindromecharge.es\/#\/schema\/person\/39a60ebe0a2b4d5a11179701e336b039"},"breadcrumb":{"@id":"https:\/\/sindromecharge.es\/index.php\/2021\/05\/18\/nos-adherimos-al-mes-de-la-siringomielia\/#breadcrumb"},"inLanguage":"es","potentialAction":[{"@type":"ReadAction","target":["https:\/\/sindromecharge.es\/index.php\/2021\/05\/18\/nos-adherimos-al-mes-de-la-siringomielia\/"]}]},{"@type":"BreadcrumbList","@id":"https:\/\/sindromecharge.es\/index.php\/2021\/05\/18\/nos-adherimos-al-mes-de-la-siringomielia\/#breadcrumb","itemListElement":[{"@type":"ListItem","position":1,"name":"Portada","item":"https:\/\/sindromecharge.es\/"},{"@type":"ListItem","position":2,"name":"Nos adherimos al Mes de la Siringomielia"}]},{"@type":"WebSite","@id":"https:\/\/sindromecharge.es\/#website","url":"https:\/\/sindromecharge.es\/","name":"Asociaci\u00f3n Espa\u00f1ola S\u00edndrome de Charge","description":"","potentialAction":[{"@type":"SearchAction","target":{"@type":"EntryPoint","urlTemplate":"https:\/\/sindromecharge.es\/?s={search_term_string}"},"query-input":{"@type":"PropertyValueSpecification","valueRequired":true,"valueName":"search_term_string"}}],"inLanguage":"es"},{"@type":"Person","@id":"https:\/\/sindromecharge.es\/#\/schema\/person\/39a60ebe0a2b4d5a11179701e336b039","name":"Charge","image":{"@type":"ImageObject","inLanguage":"es","@id":"https:\/\/secure.gravatar.com\/avatar\/c3b46e32a0fc3b093a0873fb767bf3293de856293065e84ef06b7ec7a8acfb98?s=96&d=identicon&r=x","url":"https:\/\/secure.gravatar.com\/avatar\/c3b46e32a0fc3b093a0873fb767bf3293de856293065e84ef06b7ec7a8acfb98?s=96&d=identicon&r=x","contentUrl":"https:\/\/secure.gravatar.com\/avatar\/c3b46e32a0fc3b093a0873fb767bf3293de856293065e84ef06b7ec7a8acfb98?s=96&d=identicon&r=x","caption":"Charge"},"url":"https:\/\/sindromecharge.es\/index.php\/author\/admin\/"}]}},"_links":{"self":[{"href":"https:\/\/sindromecharge.es\/index.php\/wp-json\/wp\/v2\/posts\/7177","targetHints":{"allow":["GET"]}}],"collection":[{"href":"https:\/\/sindromecharge.es\/index.php\/wp-json\/wp\/v2\/posts"}],"about":[{"href":"https:\/\/sindromecharge.es\/index.php\/wp-json\/wp\/v2\/types\/post"}],"author":[{"embeddable":true,"href":"https:\/\/sindromecharge.es\/index.php\/wp-json\/wp\/v2\/users\/1"}],"replies":[{"embeddable":true,"href":"https:\/\/sindromecharge.es\/index.php\/wp-json\/wp\/v2\/comments?post=7177"}],"version-history":[{"count":0,"href":"https:\/\/sindromecharge.es\/index.php\/wp-json\/wp\/v2\/posts\/7177\/revisions"}],"wp:attachment":[{"href":"https:\/\/sindromecharge.es\/index.php\/wp-json\/wp\/v2\/media?parent=7177"}],"wp:term":[{"taxonomy":"category","embeddable":true,"href":"https:\/\/sindromecharge.es\/index.php\/wp-json\/wp\/v2\/categories?post=7177"},{"taxonomy":"post_tag","embeddable":true,"href":"https:\/\/sindromecharge.es\/index.php\/wp-json\/wp\/v2\/tags?post=7177"}],"curies":[{"name":"wp","href":"https:\/\/api.w.org\/{rel}","templated":true}]}}