{"id":7176,"date":"2021-05-17T10:41:37","date_gmt":"2021-05-17T10:41:37","guid":{"rendered":"https:\/\/sindromecharge.es\/index.php\/2021\/05\/17\/la-xunta-repartio-41-millones-de-unidades-de-material-sanitario-a-centros-de-mayores-y-escuelas-infantiles\/"},"modified":"2021-05-17T10:41:37","modified_gmt":"2021-05-17T10:41:37","slug":"la-xunta-repartio-41-millones-de-unidades-de-material-sanitario-a-centros-de-mayores-y-escuelas-infantiles","status":"publish","type":"post","link":"https:\/\/sindromecharge.es\/index.php\/2021\/05\/17\/la-xunta-repartio-41-millones-de-unidades-de-material-sanitario-a-centros-de-mayores-y-escuelas-infantiles\/","title":{"rendered":"La Xunta reparti\u00f3 41 millones de unidades de material sanitario a centros de mayores y escuelas infantiles"},"content":{"rendered":"<p>Leemos en 20minutos la siguiente noticia que os reproducimos de forma \u00edntegra: <\/p>\n<p>As\u00ed lo destaca la Conseller\u00eda de Pol\u00edtica Social en un comunicado, en el que explica que estos efectos se emplearon \u00abde forma ordinaria\u00bb a lo largo de los \u00faltimos 14 meses para \u00abrenovar diariamente\u00bb los equipos de protecci\u00f3n individual (EPI) b\u00e1sicos y \u00abtambi\u00e9n de forma urgente\u00bb en caso de brotes de coronavirus.<\/p>\n<p>De hecho, el departamento de Fabiola Garc\u00eda subraya que el material fue repartido \u00aben todos los centros de servicios sociales de la Comunidad, independientemente de su titularidad\u00bb.<\/p>\n<p>De todos los productos enviados a las residencias y los centros de d\u00eda, la gran mayor\u00eda, 20 millones, se corresponden con mascarillas quir\u00fargicas, al tiempo que se distribuyeron 17 millones de guantes en este tipo de instalaciones.<\/p>\n<p>Tambi\u00e9n en las escuelas infantiles el material m\u00e1s demandado fueron las mascarillas quir\u00fargicas -m\u00e1s de 2,8 millones de unidades- y los guantes -90.000-.<\/p>\n<p>Adem\u00e1s, el gel hidroalcoh\u00f3lico fue otro de los productos m\u00e1s solicitados por todos estos colectivos en Galicia. En total, Pol\u00edtica Social estima que se repartieron m\u00e1s de 140.000 botes.<\/p>\n<p>M\u00e1s all\u00e1 del material protector, la Xunta reivindica que las residencias para mayores y personas con discapacidad contaron \u00abdesde el primer momento con protocolos de prevenci\u00f3n y de actuaci\u00f3n\u00bb frente a la covid-19, lo que \u00abcontribuy\u00f3, junto al trabajo y a la profesionalidad del personal de estos centros, a reducir las consecuencias que la pandemia podr\u00eda haber dejado en este colectivo\u00bb tan vulnerable al SARS-CoV-2.<\/p>\n<p>Fuente: 20minutos <a href=\"https:\/\/www.20minutos.es\/noticia\/4698788\/0\/la-xunta-repartio-41-millones-de-unidades-de-material-sanitario-a-centros-de-mayores-y-escuelas-infantiles\/\" target=\"_blank\" rel=\"noopener\">La Xunta reparti\u00f3 41 millones de unidades de material sanitario a centros de mayores y escuelas infantiles<\/a><\/p>\n","protected":false},"excerpt":{"rendered":"<p>Leemos en 20minutos la siguiente noticia que os reproducimos de forma \u00edntegra: As\u00ed lo destaca la Conseller\u00eda de Pol\u00edtica Social en un comunicado, en el que explica que estos efectos se emplearon \u00abde forma ordinaria\u00bb a lo largo de los \u00faltimos 14 meses para \u00abrenovar diariamente\u00bb los equipos de protecci\u00f3n individual (EPI) b\u00e1sicos y \u00abtambi\u00e9n [&hellip;]<\/p>\n","protected":false},"author":1,"featured_media":0,"comment_status":"open","ping_status":"closed","sticky":false,"template":"","format":"standard","meta":{"footnotes":""},"categories":[8],"tags":[31],"class_list":["post-7176","post","type-post","status-publish","format-standard","hentry","category-noticias","tag-discapacidad"],"yoast_head":"<!-- This site is optimized with the Yoast SEO plugin v27.5 - https:\/\/yoast.com\/product\/yoast-seo-wordpress\/ -->\n<title>La Xunta reparti\u00f3 41 millones de unidades de material sanitario a centros de mayores y escuelas infantiles - Asociaci\u00f3n Espa\u00f1ola S\u00edndrome de Charge<\/title>\n<meta name=\"robots\" content=\"index, follow, max-snippet:-1, max-image-preview:large, max-video-preview:-1\" \/>\n<link rel=\"canonical\" href=\"https:\/\/sindromecharge.es\/index.php\/2021\/05\/17\/la-xunta-repartio-41-millones-de-unidades-de-material-sanitario-a-centros-de-mayores-y-escuelas-infantiles\/\" \/>\n<meta property=\"og:locale\" content=\"es_ES\" \/>\n<meta property=\"og:type\" content=\"article\" \/>\n<meta property=\"og:title\" content=\"La Xunta reparti\u00f3 41 millones de unidades de material sanitario a centros de mayores y escuelas infantiles - Asociaci\u00f3n Espa\u00f1ola S\u00edndrome de Charge\" \/>\n<meta property=\"og:description\" content=\"Leemos en 20minutos la siguiente noticia que os reproducimos de forma \u00edntegra: As\u00ed lo destaca la Conseller\u00eda de Pol\u00edtica Social en un comunicado, en el que explica que estos efectos se emplearon \u00abde forma ordinaria\u00bb a lo largo de los \u00faltimos 14 meses para \u00abrenovar diariamente\u00bb los equipos de protecci\u00f3n individual (EPI) b\u00e1sicos y \u00abtambi\u00e9n [&hellip;]\" \/>\n<meta property=\"og:url\" content=\"https:\/\/sindromecharge.es\/index.php\/2021\/05\/17\/la-xunta-repartio-41-millones-de-unidades-de-material-sanitario-a-centros-de-mayores-y-escuelas-infantiles\/\" \/>\n<meta property=\"og:site_name\" content=\"Asociaci\u00f3n Espa\u00f1ola S\u00edndrome de Charge\" \/>\n<meta property=\"article:publisher\" content=\"https:\/\/www.facebook.com\/asociacionsindromecharge\" \/>\n<meta property=\"article:published_time\" content=\"2021-05-17T10:41:37+00:00\" \/>\n<meta property=\"og:image\" content=\"https:\/\/sindromecharge.es\/wp-content\/uploads\/2013\/09\/logodecharge300x98.png\" \/>\n\t<meta property=\"og:image:width\" content=\"300\" \/>\n\t<meta property=\"og:image:height\" content=\"98\" \/>\n\t<meta property=\"og:image:type\" content=\"image\/png\" \/>\n<meta name=\"author\" content=\"Charge\" \/>\n<meta name=\"twitter:card\" content=\"summary_large_image\" \/>\n<meta name=\"twitter:creator\" content=\"@sindromecharge\" \/>\n<meta name=\"twitter:site\" content=\"@sindromecharge\" \/>\n<meta name=\"twitter:label1\" content=\"Escrito por\" \/>\n\t<meta name=\"twitter:data1\" content=\"Charge\" \/>\n\t<meta name=\"twitter:label2\" content=\"Tiempo de lectura\" \/>\n\t<meta name=\"twitter:data2\" content=\"1 minuto\" \/>\n<script type=\"application\/ld+json\" class=\"yoast-schema-graph\">{\"@context\":\"https:\\\/\\\/schema.org\",\"@graph\":[{\"@type\":\"Article\",\"@id\":\"https:\\\/\\\/sindromecharge.es\\\/index.php\\\/2021\\\/05\\\/17\\\/la-xunta-repartio-41-millones-de-unidades-de-material-sanitario-a-centros-de-mayores-y-escuelas-infantiles\\\/#article\",\"isPartOf\":{\"@id\":\"https:\\\/\\\/sindromecharge.es\\\/index.php\\\/2021\\\/05\\\/17\\\/la-xunta-repartio-41-millones-de-unidades-de-material-sanitario-a-centros-de-mayores-y-escuelas-infantiles\\\/\"},\"author\":{\"name\":\"Charge\",\"@id\":\"https:\\\/\\\/sindromecharge.es\\\/#\\\/schema\\\/person\\\/39a60ebe0a2b4d5a11179701e336b039\"},\"headline\":\"La Xunta reparti\u00f3 41 millones de unidades de material sanitario a centros de mayores y escuelas infantiles\",\"datePublished\":\"2021-05-17T10:41:37+00:00\",\"mainEntityOfPage\":{\"@id\":\"https:\\\/\\\/sindromecharge.es\\\/index.php\\\/2021\\\/05\\\/17\\\/la-xunta-repartio-41-millones-de-unidades-de-material-sanitario-a-centros-de-mayores-y-escuelas-infantiles\\\/\"},\"wordCount\":297,\"commentCount\":0,\"keywords\":[\"discapacidad\"],\"articleSection\":[\"noticias\"],\"inLanguage\":\"es\",\"potentialAction\":[{\"@type\":\"CommentAction\",\"name\":\"Comment\",\"target\":[\"https:\\\/\\\/sindromecharge.es\\\/index.php\\\/2021\\\/05\\\/17\\\/la-xunta-repartio-41-millones-de-unidades-de-material-sanitario-a-centros-de-mayores-y-escuelas-infantiles\\\/#respond\"]}]},{\"@type\":\"WebPage\",\"@id\":\"https:\\\/\\\/sindromecharge.es\\\/index.php\\\/2021\\\/05\\\/17\\\/la-xunta-repartio-41-millones-de-unidades-de-material-sanitario-a-centros-de-mayores-y-escuelas-infantiles\\\/\",\"url\":\"https:\\\/\\\/sindromecharge.es\\\/index.php\\\/2021\\\/05\\\/17\\\/la-xunta-repartio-41-millones-de-unidades-de-material-sanitario-a-centros-de-mayores-y-escuelas-infantiles\\\/\",\"name\":\"La Xunta reparti\u00f3 41 millones de unidades de material sanitario a centros de mayores y escuelas infantiles - Asociaci\u00f3n Espa\u00f1ola S\u00edndrome de Charge\",\"isPartOf\":{\"@id\":\"https:\\\/\\\/sindromecharge.es\\\/#website\"},\"datePublished\":\"2021-05-17T10:41:37+00:00\",\"author\":{\"@id\":\"https:\\\/\\\/sindromecharge.es\\\/#\\\/schema\\\/person\\\/39a60ebe0a2b4d5a11179701e336b039\"},\"breadcrumb\":{\"@id\":\"https:\\\/\\\/sindromecharge.es\\\/index.php\\\/2021\\\/05\\\/17\\\/la-xunta-repartio-41-millones-de-unidades-de-material-sanitario-a-centros-de-mayores-y-escuelas-infantiles\\\/#breadcrumb\"},\"inLanguage\":\"es\",\"potentialAction\":[{\"@type\":\"ReadAction\",\"target\":[\"https:\\\/\\\/sindromecharge.es\\\/index.php\\\/2021\\\/05\\\/17\\\/la-xunta-repartio-41-millones-de-unidades-de-material-sanitario-a-centros-de-mayores-y-escuelas-infantiles\\\/\"]}]},{\"@type\":\"BreadcrumbList\",\"@id\":\"https:\\\/\\\/sindromecharge.es\\\/index.php\\\/2021\\\/05\\\/17\\\/la-xunta-repartio-41-millones-de-unidades-de-material-sanitario-a-centros-de-mayores-y-escuelas-infantiles\\\/#breadcrumb\",\"itemListElement\":[{\"@type\":\"ListItem\",\"position\":1,\"name\":\"Portada\",\"item\":\"https:\\\/\\\/sindromecharge.es\\\/\"},{\"@type\":\"ListItem\",\"position\":2,\"name\":\"La Xunta reparti\u00f3 41 millones de unidades de material sanitario a centros de mayores y escuelas infantiles\"}]},{\"@type\":\"WebSite\",\"@id\":\"https:\\\/\\\/sindromecharge.es\\\/#website\",\"url\":\"https:\\\/\\\/sindromecharge.es\\\/\",\"name\":\"Asociaci\u00f3n Espa\u00f1ola S\u00edndrome de Charge\",\"description\":\"\",\"potentialAction\":[{\"@type\":\"SearchAction\",\"target\":{\"@type\":\"EntryPoint\",\"urlTemplate\":\"https:\\\/\\\/sindromecharge.es\\\/?s={search_term_string}\"},\"query-input\":{\"@type\":\"PropertyValueSpecification\",\"valueRequired\":true,\"valueName\":\"search_term_string\"}}],\"inLanguage\":\"es\"},{\"@type\":\"Person\",\"@id\":\"https:\\\/\\\/sindromecharge.es\\\/#\\\/schema\\\/person\\\/39a60ebe0a2b4d5a11179701e336b039\",\"name\":\"Charge\",\"image\":{\"@type\":\"ImageObject\",\"inLanguage\":\"es\",\"@id\":\"https:\\\/\\\/secure.gravatar.com\\\/avatar\\\/c3b46e32a0fc3b093a0873fb767bf3293de856293065e84ef06b7ec7a8acfb98?s=96&d=identicon&r=x\",\"url\":\"https:\\\/\\\/secure.gravatar.com\\\/avatar\\\/c3b46e32a0fc3b093a0873fb767bf3293de856293065e84ef06b7ec7a8acfb98?s=96&d=identicon&r=x\",\"contentUrl\":\"https:\\\/\\\/secure.gravatar.com\\\/avatar\\\/c3b46e32a0fc3b093a0873fb767bf3293de856293065e84ef06b7ec7a8acfb98?s=96&d=identicon&r=x\",\"caption\":\"Charge\"},\"url\":\"https:\\\/\\\/sindromecharge.es\\\/index.php\\\/author\\\/admin\\\/\"}]}<\/script>\n<!-- \/ Yoast SEO plugin. -->","yoast_head_json":{"title":"La Xunta reparti\u00f3 41 millones de unidades de material sanitario a centros de mayores y escuelas infantiles - Asociaci\u00f3n Espa\u00f1ola S\u00edndrome de Charge","robots":{"index":"index","follow":"follow","max-snippet":"max-snippet:-1","max-image-preview":"max-image-preview:large","max-video-preview":"max-video-preview:-1"},"canonical":"https:\/\/sindromecharge.es\/index.php\/2021\/05\/17\/la-xunta-repartio-41-millones-de-unidades-de-material-sanitario-a-centros-de-mayores-y-escuelas-infantiles\/","og_locale":"es_ES","og_type":"article","og_title":"La Xunta reparti\u00f3 41 millones de unidades de material sanitario a centros de mayores y escuelas infantiles - Asociaci\u00f3n Espa\u00f1ola S\u00edndrome de Charge","og_description":"Leemos en 20minutos la siguiente noticia que os reproducimos de forma \u00edntegra: As\u00ed lo destaca la Conseller\u00eda de Pol\u00edtica Social en un comunicado, en el que explica que estos efectos se emplearon \u00abde forma ordinaria\u00bb a lo largo de los \u00faltimos 14 meses para \u00abrenovar diariamente\u00bb los equipos de protecci\u00f3n individual (EPI) b\u00e1sicos y \u00abtambi\u00e9n [&hellip;]","og_url":"https:\/\/sindromecharge.es\/index.php\/2021\/05\/17\/la-xunta-repartio-41-millones-de-unidades-de-material-sanitario-a-centros-de-mayores-y-escuelas-infantiles\/","og_site_name":"Asociaci\u00f3n Espa\u00f1ola S\u00edndrome de Charge","article_publisher":"https:\/\/www.facebook.com\/asociacionsindromecharge","article_published_time":"2021-05-17T10:41:37+00:00","og_image":[{"width":300,"height":98,"url":"https:\/\/sindromecharge.es\/wp-content\/uploads\/2013\/09\/logodecharge300x98.png","type":"image\/png"}],"author":"Charge","twitter_card":"summary_large_image","twitter_creator":"@sindromecharge","twitter_site":"@sindromecharge","twitter_misc":{"Escrito por":"Charge","Tiempo de lectura":"1 minuto"},"schema":{"@context":"https:\/\/schema.org","@graph":[{"@type":"Article","@id":"https:\/\/sindromecharge.es\/index.php\/2021\/05\/17\/la-xunta-repartio-41-millones-de-unidades-de-material-sanitario-a-centros-de-mayores-y-escuelas-infantiles\/#article","isPartOf":{"@id":"https:\/\/sindromecharge.es\/index.php\/2021\/05\/17\/la-xunta-repartio-41-millones-de-unidades-de-material-sanitario-a-centros-de-mayores-y-escuelas-infantiles\/"},"author":{"name":"Charge","@id":"https:\/\/sindromecharge.es\/#\/schema\/person\/39a60ebe0a2b4d5a11179701e336b039"},"headline":"La Xunta reparti\u00f3 41 millones de unidades de material sanitario a centros de mayores y escuelas infantiles","datePublished":"2021-05-17T10:41:37+00:00","mainEntityOfPage":{"@id":"https:\/\/sindromecharge.es\/index.php\/2021\/05\/17\/la-xunta-repartio-41-millones-de-unidades-de-material-sanitario-a-centros-de-mayores-y-escuelas-infantiles\/"},"wordCount":297,"commentCount":0,"keywords":["discapacidad"],"articleSection":["noticias"],"inLanguage":"es","potentialAction":[{"@type":"CommentAction","name":"Comment","target":["https:\/\/sindromecharge.es\/index.php\/2021\/05\/17\/la-xunta-repartio-41-millones-de-unidades-de-material-sanitario-a-centros-de-mayores-y-escuelas-infantiles\/#respond"]}]},{"@type":"WebPage","@id":"https:\/\/sindromecharge.es\/index.php\/2021\/05\/17\/la-xunta-repartio-41-millones-de-unidades-de-material-sanitario-a-centros-de-mayores-y-escuelas-infantiles\/","url":"https:\/\/sindromecharge.es\/index.php\/2021\/05\/17\/la-xunta-repartio-41-millones-de-unidades-de-material-sanitario-a-centros-de-mayores-y-escuelas-infantiles\/","name":"La Xunta reparti\u00f3 41 millones de unidades de material sanitario a centros de mayores y escuelas infantiles - Asociaci\u00f3n Espa\u00f1ola S\u00edndrome de Charge","isPartOf":{"@id":"https:\/\/sindromecharge.es\/#website"},"datePublished":"2021-05-17T10:41:37+00:00","author":{"@id":"https:\/\/sindromecharge.es\/#\/schema\/person\/39a60ebe0a2b4d5a11179701e336b039"},"breadcrumb":{"@id":"https:\/\/sindromecharge.es\/index.php\/2021\/05\/17\/la-xunta-repartio-41-millones-de-unidades-de-material-sanitario-a-centros-de-mayores-y-escuelas-infantiles\/#breadcrumb"},"inLanguage":"es","potentialAction":[{"@type":"ReadAction","target":["https:\/\/sindromecharge.es\/index.php\/2021\/05\/17\/la-xunta-repartio-41-millones-de-unidades-de-material-sanitario-a-centros-de-mayores-y-escuelas-infantiles\/"]}]},{"@type":"BreadcrumbList","@id":"https:\/\/sindromecharge.es\/index.php\/2021\/05\/17\/la-xunta-repartio-41-millones-de-unidades-de-material-sanitario-a-centros-de-mayores-y-escuelas-infantiles\/#breadcrumb","itemListElement":[{"@type":"ListItem","position":1,"name":"Portada","item":"https:\/\/sindromecharge.es\/"},{"@type":"ListItem","position":2,"name":"La Xunta reparti\u00f3 41 millones de unidades de material sanitario a centros de mayores y escuelas infantiles"}]},{"@type":"WebSite","@id":"https:\/\/sindromecharge.es\/#website","url":"https:\/\/sindromecharge.es\/","name":"Asociaci\u00f3n Espa\u00f1ola S\u00edndrome de Charge","description":"","potentialAction":[{"@type":"SearchAction","target":{"@type":"EntryPoint","urlTemplate":"https:\/\/sindromecharge.es\/?s={search_term_string}"},"query-input":{"@type":"PropertyValueSpecification","valueRequired":true,"valueName":"search_term_string"}}],"inLanguage":"es"},{"@type":"Person","@id":"https:\/\/sindromecharge.es\/#\/schema\/person\/39a60ebe0a2b4d5a11179701e336b039","name":"Charge","image":{"@type":"ImageObject","inLanguage":"es","@id":"https:\/\/secure.gravatar.com\/avatar\/c3b46e32a0fc3b093a0873fb767bf3293de856293065e84ef06b7ec7a8acfb98?s=96&d=identicon&r=x","url":"https:\/\/secure.gravatar.com\/avatar\/c3b46e32a0fc3b093a0873fb767bf3293de856293065e84ef06b7ec7a8acfb98?s=96&d=identicon&r=x","contentUrl":"https:\/\/secure.gravatar.com\/avatar\/c3b46e32a0fc3b093a0873fb767bf3293de856293065e84ef06b7ec7a8acfb98?s=96&d=identicon&r=x","caption":"Charge"},"url":"https:\/\/sindromecharge.es\/index.php\/author\/admin\/"}]}},"_links":{"self":[{"href":"https:\/\/sindromecharge.es\/index.php\/wp-json\/wp\/v2\/posts\/7176","targetHints":{"allow":["GET"]}}],"collection":[{"href":"https:\/\/sindromecharge.es\/index.php\/wp-json\/wp\/v2\/posts"}],"about":[{"href":"https:\/\/sindromecharge.es\/index.php\/wp-json\/wp\/v2\/types\/post"}],"author":[{"embeddable":true,"href":"https:\/\/sindromecharge.es\/index.php\/wp-json\/wp\/v2\/users\/1"}],"replies":[{"embeddable":true,"href":"https:\/\/sindromecharge.es\/index.php\/wp-json\/wp\/v2\/comments?post=7176"}],"version-history":[{"count":0,"href":"https:\/\/sindromecharge.es\/index.php\/wp-json\/wp\/v2\/posts\/7176\/revisions"}],"wp:attachment":[{"href":"https:\/\/sindromecharge.es\/index.php\/wp-json\/wp\/v2\/media?parent=7176"}],"wp:term":[{"taxonomy":"category","embeddable":true,"href":"https:\/\/sindromecharge.es\/index.php\/wp-json\/wp\/v2\/categories?post=7176"},{"taxonomy":"post_tag","embeddable":true,"href":"https:\/\/sindromecharge.es\/index.php\/wp-json\/wp\/v2\/tags?post=7176"}],"curies":[{"name":"wp","href":"https:\/\/api.w.org\/{rel}","templated":true}]}}