{"id":7174,"date":"2021-05-17T07:26:07","date_gmt":"2021-05-17T07:26:07","guid":{"rendered":"https:\/\/sindromecharge.es\/index.php\/2021\/05\/17\/cermi-la-rioja-mantiene-un-encuentro-con-el-irvi-para-abordar-las-viviendas-accesibles-para-personas-con-discapacidad\/"},"modified":"2021-05-17T07:26:07","modified_gmt":"2021-05-17T07:26:07","slug":"cermi-la-rioja-mantiene-un-encuentro-con-el-irvi-para-abordar-las-viviendas-accesibles-para-personas-con-discapacidad","status":"publish","type":"post","link":"https:\/\/sindromecharge.es\/index.php\/2021\/05\/17\/cermi-la-rioja-mantiene-un-encuentro-con-el-irvi-para-abordar-las-viviendas-accesibles-para-personas-con-discapacidad\/","title":{"rendered":"CERMI La Rioja mantiene un encuentro con el IRVI para abordar las viviendas accesibles para personas con discapacidad"},"content":{"rendered":"<p>Leemos en 20minutos la siguiente noticia que os reproducimos de forma \u00edntegra: <\/p>\n<p>Durante el encuentro el gerente comparti\u00f3 la situaci\u00f3n del parque de viviendas con el que cuenta en la actualidad y los proyectos en los que est\u00e1n inmersos en relaci\u00f3n con la vivienda social. Por parte del CERMI se insisti\u00f3 en que se realizara un estudio para ver cu\u00e1les de estas son accesibles y las que se puedan adaptar para que cumplan con los est\u00e1ndares de accesibilidad y pod\u00e9rselas ofertar al Colectivo de Personas con Discapacidad.<\/p>\n<p>Asimismo, adquirieron ambas partes el compromiso de continuar trabajando para implementar medidas que faciliten el acceso a una vivienda para aquellas personas que, en la actualidad, debido a la aplicaci\u00f3n de la Ley de Propiedad Horizontal, se encuentran literalmente atrapadas en sus casas sin poder salir por falta de accesibilidad en las zonas comunes de sus inmuebles. En ese sentido, Francisco Javier Caldito puso alguna propuesta encima de la mesa que se est\u00e1 estudiando en la actualidad, pero que tiene que pasar previamente por los \u00f3rganos de decisi\u00f3n del Instituto de la Vivienda de La Rioja.<\/p>\n<p>Fuente: 20minutos <a href=\"https:\/\/www.20minutos.es\/noticia\/4698507\/0\/cermi-la-rioja-mantiene-un-encuentro-con-el-irvi-para-abordar-las-viviendas-accesibles-para-personas-con-discapacidad\/\" target=\"_blank\" rel=\"noopener\">CERMI La Rioja mantiene un encuentro con el IRVI para abordar las viviendas accesibles para personas con discapacidad<\/a><\/p>\n","protected":false},"excerpt":{"rendered":"<p>Leemos en 20minutos la siguiente noticia que os reproducimos de forma \u00edntegra: Durante el encuentro el gerente comparti\u00f3 la situaci\u00f3n del parque de viviendas con el que cuenta en la actualidad y los proyectos en los que est\u00e1n inmersos en relaci\u00f3n con la vivienda social. Por parte del CERMI se insisti\u00f3 en que se realizara [&hellip;]<\/p>\n","protected":false},"author":1,"featured_media":0,"comment_status":"open","ping_status":"closed","sticky":false,"template":"","format":"standard","meta":{"footnotes":""},"categories":[8],"tags":[31],"class_list":["post-7174","post","type-post","status-publish","format-standard","hentry","category-noticias","tag-discapacidad"],"yoast_head":"<!-- This site is optimized with the Yoast SEO plugin v27.5 - https:\/\/yoast.com\/product\/yoast-seo-wordpress\/ -->\n<title>CERMI La Rioja mantiene un encuentro con el IRVI para abordar las viviendas accesibles para personas con discapacidad - Asociaci\u00f3n Espa\u00f1ola S\u00edndrome de Charge<\/title>\n<meta name=\"robots\" content=\"index, follow, max-snippet:-1, max-image-preview:large, max-video-preview:-1\" \/>\n<link rel=\"canonical\" href=\"https:\/\/sindromecharge.es\/index.php\/2021\/05\/17\/cermi-la-rioja-mantiene-un-encuentro-con-el-irvi-para-abordar-las-viviendas-accesibles-para-personas-con-discapacidad\/\" \/>\n<meta property=\"og:locale\" content=\"es_ES\" \/>\n<meta property=\"og:type\" content=\"article\" \/>\n<meta property=\"og:title\" content=\"CERMI La Rioja mantiene un encuentro con el IRVI para abordar las viviendas accesibles para personas con discapacidad - Asociaci\u00f3n Espa\u00f1ola S\u00edndrome de Charge\" \/>\n<meta property=\"og:description\" content=\"Leemos en 20minutos la siguiente noticia que os reproducimos de forma \u00edntegra: Durante el encuentro el gerente comparti\u00f3 la situaci\u00f3n del parque de viviendas con el que cuenta en la actualidad y los proyectos en los que est\u00e1n inmersos en relaci\u00f3n con la vivienda social. Por parte del CERMI se insisti\u00f3 en que se realizara [&hellip;]\" \/>\n<meta property=\"og:url\" content=\"https:\/\/sindromecharge.es\/index.php\/2021\/05\/17\/cermi-la-rioja-mantiene-un-encuentro-con-el-irvi-para-abordar-las-viviendas-accesibles-para-personas-con-discapacidad\/\" \/>\n<meta property=\"og:site_name\" content=\"Asociaci\u00f3n Espa\u00f1ola S\u00edndrome de Charge\" \/>\n<meta property=\"article:publisher\" content=\"https:\/\/www.facebook.com\/asociacionsindromecharge\" \/>\n<meta property=\"article:published_time\" content=\"2021-05-17T07:26:07+00:00\" \/>\n<meta property=\"og:image\" content=\"https:\/\/sindromecharge.es\/wp-content\/uploads\/2013\/09\/logodecharge300x98.png\" \/>\n\t<meta property=\"og:image:width\" content=\"300\" \/>\n\t<meta property=\"og:image:height\" content=\"98\" \/>\n\t<meta property=\"og:image:type\" content=\"image\/png\" \/>\n<meta name=\"author\" content=\"Charge\" \/>\n<meta name=\"twitter:card\" content=\"summary_large_image\" \/>\n<meta name=\"twitter:creator\" content=\"@sindromecharge\" \/>\n<meta name=\"twitter:site\" content=\"@sindromecharge\" \/>\n<meta name=\"twitter:label1\" content=\"Escrito por\" \/>\n\t<meta name=\"twitter:data1\" content=\"Charge\" \/>\n\t<meta name=\"twitter:label2\" content=\"Tiempo de lectura\" \/>\n\t<meta name=\"twitter:data2\" content=\"1 minuto\" \/>\n<script type=\"application\/ld+json\" class=\"yoast-schema-graph\">{\"@context\":\"https:\\\/\\\/schema.org\",\"@graph\":[{\"@type\":\"Article\",\"@id\":\"https:\\\/\\\/sindromecharge.es\\\/index.php\\\/2021\\\/05\\\/17\\\/cermi-la-rioja-mantiene-un-encuentro-con-el-irvi-para-abordar-las-viviendas-accesibles-para-personas-con-discapacidad\\\/#article\",\"isPartOf\":{\"@id\":\"https:\\\/\\\/sindromecharge.es\\\/index.php\\\/2021\\\/05\\\/17\\\/cermi-la-rioja-mantiene-un-encuentro-con-el-irvi-para-abordar-las-viviendas-accesibles-para-personas-con-discapacidad\\\/\"},\"author\":{\"name\":\"Charge\",\"@id\":\"https:\\\/\\\/sindromecharge.es\\\/#\\\/schema\\\/person\\\/39a60ebe0a2b4d5a11179701e336b039\"},\"headline\":\"CERMI La Rioja mantiene un encuentro con el IRVI para abordar las viviendas accesibles para personas con discapacidad\",\"datePublished\":\"2021-05-17T07:26:07+00:00\",\"mainEntityOfPage\":{\"@id\":\"https:\\\/\\\/sindromecharge.es\\\/index.php\\\/2021\\\/05\\\/17\\\/cermi-la-rioja-mantiene-un-encuentro-con-el-irvi-para-abordar-las-viviendas-accesibles-para-personas-con-discapacidad\\\/\"},\"wordCount\":229,\"commentCount\":0,\"keywords\":[\"discapacidad\"],\"articleSection\":[\"noticias\"],\"inLanguage\":\"es\",\"potentialAction\":[{\"@type\":\"CommentAction\",\"name\":\"Comment\",\"target\":[\"https:\\\/\\\/sindromecharge.es\\\/index.php\\\/2021\\\/05\\\/17\\\/cermi-la-rioja-mantiene-un-encuentro-con-el-irvi-para-abordar-las-viviendas-accesibles-para-personas-con-discapacidad\\\/#respond\"]}]},{\"@type\":\"WebPage\",\"@id\":\"https:\\\/\\\/sindromecharge.es\\\/index.php\\\/2021\\\/05\\\/17\\\/cermi-la-rioja-mantiene-un-encuentro-con-el-irvi-para-abordar-las-viviendas-accesibles-para-personas-con-discapacidad\\\/\",\"url\":\"https:\\\/\\\/sindromecharge.es\\\/index.php\\\/2021\\\/05\\\/17\\\/cermi-la-rioja-mantiene-un-encuentro-con-el-irvi-para-abordar-las-viviendas-accesibles-para-personas-con-discapacidad\\\/\",\"name\":\"CERMI La Rioja mantiene un encuentro con el IRVI para abordar las viviendas accesibles para personas con discapacidad - Asociaci\u00f3n Espa\u00f1ola S\u00edndrome de Charge\",\"isPartOf\":{\"@id\":\"https:\\\/\\\/sindromecharge.es\\\/#website\"},\"datePublished\":\"2021-05-17T07:26:07+00:00\",\"author\":{\"@id\":\"https:\\\/\\\/sindromecharge.es\\\/#\\\/schema\\\/person\\\/39a60ebe0a2b4d5a11179701e336b039\"},\"breadcrumb\":{\"@id\":\"https:\\\/\\\/sindromecharge.es\\\/index.php\\\/2021\\\/05\\\/17\\\/cermi-la-rioja-mantiene-un-encuentro-con-el-irvi-para-abordar-las-viviendas-accesibles-para-personas-con-discapacidad\\\/#breadcrumb\"},\"inLanguage\":\"es\",\"potentialAction\":[{\"@type\":\"ReadAction\",\"target\":[\"https:\\\/\\\/sindromecharge.es\\\/index.php\\\/2021\\\/05\\\/17\\\/cermi-la-rioja-mantiene-un-encuentro-con-el-irvi-para-abordar-las-viviendas-accesibles-para-personas-con-discapacidad\\\/\"]}]},{\"@type\":\"BreadcrumbList\",\"@id\":\"https:\\\/\\\/sindromecharge.es\\\/index.php\\\/2021\\\/05\\\/17\\\/cermi-la-rioja-mantiene-un-encuentro-con-el-irvi-para-abordar-las-viviendas-accesibles-para-personas-con-discapacidad\\\/#breadcrumb\",\"itemListElement\":[{\"@type\":\"ListItem\",\"position\":1,\"name\":\"Portada\",\"item\":\"https:\\\/\\\/sindromecharge.es\\\/\"},{\"@type\":\"ListItem\",\"position\":2,\"name\":\"CERMI La Rioja mantiene un encuentro con el IRVI para abordar las viviendas accesibles para personas con discapacidad\"}]},{\"@type\":\"WebSite\",\"@id\":\"https:\\\/\\\/sindromecharge.es\\\/#website\",\"url\":\"https:\\\/\\\/sindromecharge.es\\\/\",\"name\":\"Asociaci\u00f3n Espa\u00f1ola S\u00edndrome de Charge\",\"description\":\"\",\"potentialAction\":[{\"@type\":\"SearchAction\",\"target\":{\"@type\":\"EntryPoint\",\"urlTemplate\":\"https:\\\/\\\/sindromecharge.es\\\/?s={search_term_string}\"},\"query-input\":{\"@type\":\"PropertyValueSpecification\",\"valueRequired\":true,\"valueName\":\"search_term_string\"}}],\"inLanguage\":\"es\"},{\"@type\":\"Person\",\"@id\":\"https:\\\/\\\/sindromecharge.es\\\/#\\\/schema\\\/person\\\/39a60ebe0a2b4d5a11179701e336b039\",\"name\":\"Charge\",\"image\":{\"@type\":\"ImageObject\",\"inLanguage\":\"es\",\"@id\":\"https:\\\/\\\/secure.gravatar.com\\\/avatar\\\/c3b46e32a0fc3b093a0873fb767bf3293de856293065e84ef06b7ec7a8acfb98?s=96&d=identicon&r=x\",\"url\":\"https:\\\/\\\/secure.gravatar.com\\\/avatar\\\/c3b46e32a0fc3b093a0873fb767bf3293de856293065e84ef06b7ec7a8acfb98?s=96&d=identicon&r=x\",\"contentUrl\":\"https:\\\/\\\/secure.gravatar.com\\\/avatar\\\/c3b46e32a0fc3b093a0873fb767bf3293de856293065e84ef06b7ec7a8acfb98?s=96&d=identicon&r=x\",\"caption\":\"Charge\"},\"url\":\"https:\\\/\\\/sindromecharge.es\\\/index.php\\\/author\\\/admin\\\/\"}]}<\/script>\n<!-- \/ Yoast SEO plugin. -->","yoast_head_json":{"title":"CERMI La Rioja mantiene un encuentro con el IRVI para abordar las viviendas accesibles para personas con discapacidad - Asociaci\u00f3n Espa\u00f1ola S\u00edndrome de Charge","robots":{"index":"index","follow":"follow","max-snippet":"max-snippet:-1","max-image-preview":"max-image-preview:large","max-video-preview":"max-video-preview:-1"},"canonical":"https:\/\/sindromecharge.es\/index.php\/2021\/05\/17\/cermi-la-rioja-mantiene-un-encuentro-con-el-irvi-para-abordar-las-viviendas-accesibles-para-personas-con-discapacidad\/","og_locale":"es_ES","og_type":"article","og_title":"CERMI La Rioja mantiene un encuentro con el IRVI para abordar las viviendas accesibles para personas con discapacidad - Asociaci\u00f3n Espa\u00f1ola S\u00edndrome de Charge","og_description":"Leemos en 20minutos la siguiente noticia que os reproducimos de forma \u00edntegra: Durante el encuentro el gerente comparti\u00f3 la situaci\u00f3n del parque de viviendas con el que cuenta en la actualidad y los proyectos en los que est\u00e1n inmersos en relaci\u00f3n con la vivienda social. Por parte del CERMI se insisti\u00f3 en que se realizara [&hellip;]","og_url":"https:\/\/sindromecharge.es\/index.php\/2021\/05\/17\/cermi-la-rioja-mantiene-un-encuentro-con-el-irvi-para-abordar-las-viviendas-accesibles-para-personas-con-discapacidad\/","og_site_name":"Asociaci\u00f3n Espa\u00f1ola S\u00edndrome de Charge","article_publisher":"https:\/\/www.facebook.com\/asociacionsindromecharge","article_published_time":"2021-05-17T07:26:07+00:00","og_image":[{"width":300,"height":98,"url":"https:\/\/sindromecharge.es\/wp-content\/uploads\/2013\/09\/logodecharge300x98.png","type":"image\/png"}],"author":"Charge","twitter_card":"summary_large_image","twitter_creator":"@sindromecharge","twitter_site":"@sindromecharge","twitter_misc":{"Escrito por":"Charge","Tiempo de lectura":"1 minuto"},"schema":{"@context":"https:\/\/schema.org","@graph":[{"@type":"Article","@id":"https:\/\/sindromecharge.es\/index.php\/2021\/05\/17\/cermi-la-rioja-mantiene-un-encuentro-con-el-irvi-para-abordar-las-viviendas-accesibles-para-personas-con-discapacidad\/#article","isPartOf":{"@id":"https:\/\/sindromecharge.es\/index.php\/2021\/05\/17\/cermi-la-rioja-mantiene-un-encuentro-con-el-irvi-para-abordar-las-viviendas-accesibles-para-personas-con-discapacidad\/"},"author":{"name":"Charge","@id":"https:\/\/sindromecharge.es\/#\/schema\/person\/39a60ebe0a2b4d5a11179701e336b039"},"headline":"CERMI La Rioja mantiene un encuentro con el IRVI para abordar las viviendas accesibles para personas con discapacidad","datePublished":"2021-05-17T07:26:07+00:00","mainEntityOfPage":{"@id":"https:\/\/sindromecharge.es\/index.php\/2021\/05\/17\/cermi-la-rioja-mantiene-un-encuentro-con-el-irvi-para-abordar-las-viviendas-accesibles-para-personas-con-discapacidad\/"},"wordCount":229,"commentCount":0,"keywords":["discapacidad"],"articleSection":["noticias"],"inLanguage":"es","potentialAction":[{"@type":"CommentAction","name":"Comment","target":["https:\/\/sindromecharge.es\/index.php\/2021\/05\/17\/cermi-la-rioja-mantiene-un-encuentro-con-el-irvi-para-abordar-las-viviendas-accesibles-para-personas-con-discapacidad\/#respond"]}]},{"@type":"WebPage","@id":"https:\/\/sindromecharge.es\/index.php\/2021\/05\/17\/cermi-la-rioja-mantiene-un-encuentro-con-el-irvi-para-abordar-las-viviendas-accesibles-para-personas-con-discapacidad\/","url":"https:\/\/sindromecharge.es\/index.php\/2021\/05\/17\/cermi-la-rioja-mantiene-un-encuentro-con-el-irvi-para-abordar-las-viviendas-accesibles-para-personas-con-discapacidad\/","name":"CERMI La Rioja mantiene un encuentro con el IRVI para abordar las viviendas accesibles para personas con discapacidad - Asociaci\u00f3n Espa\u00f1ola S\u00edndrome de Charge","isPartOf":{"@id":"https:\/\/sindromecharge.es\/#website"},"datePublished":"2021-05-17T07:26:07+00:00","author":{"@id":"https:\/\/sindromecharge.es\/#\/schema\/person\/39a60ebe0a2b4d5a11179701e336b039"},"breadcrumb":{"@id":"https:\/\/sindromecharge.es\/index.php\/2021\/05\/17\/cermi-la-rioja-mantiene-un-encuentro-con-el-irvi-para-abordar-las-viviendas-accesibles-para-personas-con-discapacidad\/#breadcrumb"},"inLanguage":"es","potentialAction":[{"@type":"ReadAction","target":["https:\/\/sindromecharge.es\/index.php\/2021\/05\/17\/cermi-la-rioja-mantiene-un-encuentro-con-el-irvi-para-abordar-las-viviendas-accesibles-para-personas-con-discapacidad\/"]}]},{"@type":"BreadcrumbList","@id":"https:\/\/sindromecharge.es\/index.php\/2021\/05\/17\/cermi-la-rioja-mantiene-un-encuentro-con-el-irvi-para-abordar-las-viviendas-accesibles-para-personas-con-discapacidad\/#breadcrumb","itemListElement":[{"@type":"ListItem","position":1,"name":"Portada","item":"https:\/\/sindromecharge.es\/"},{"@type":"ListItem","position":2,"name":"CERMI La Rioja mantiene un encuentro con el IRVI para abordar las viviendas accesibles para personas con discapacidad"}]},{"@type":"WebSite","@id":"https:\/\/sindromecharge.es\/#website","url":"https:\/\/sindromecharge.es\/","name":"Asociaci\u00f3n Espa\u00f1ola S\u00edndrome de Charge","description":"","potentialAction":[{"@type":"SearchAction","target":{"@type":"EntryPoint","urlTemplate":"https:\/\/sindromecharge.es\/?s={search_term_string}"},"query-input":{"@type":"PropertyValueSpecification","valueRequired":true,"valueName":"search_term_string"}}],"inLanguage":"es"},{"@type":"Person","@id":"https:\/\/sindromecharge.es\/#\/schema\/person\/39a60ebe0a2b4d5a11179701e336b039","name":"Charge","image":{"@type":"ImageObject","inLanguage":"es","@id":"https:\/\/secure.gravatar.com\/avatar\/c3b46e32a0fc3b093a0873fb767bf3293de856293065e84ef06b7ec7a8acfb98?s=96&d=identicon&r=x","url":"https:\/\/secure.gravatar.com\/avatar\/c3b46e32a0fc3b093a0873fb767bf3293de856293065e84ef06b7ec7a8acfb98?s=96&d=identicon&r=x","contentUrl":"https:\/\/secure.gravatar.com\/avatar\/c3b46e32a0fc3b093a0873fb767bf3293de856293065e84ef06b7ec7a8acfb98?s=96&d=identicon&r=x","caption":"Charge"},"url":"https:\/\/sindromecharge.es\/index.php\/author\/admin\/"}]}},"_links":{"self":[{"href":"https:\/\/sindromecharge.es\/index.php\/wp-json\/wp\/v2\/posts\/7174","targetHints":{"allow":["GET"]}}],"collection":[{"href":"https:\/\/sindromecharge.es\/index.php\/wp-json\/wp\/v2\/posts"}],"about":[{"href":"https:\/\/sindromecharge.es\/index.php\/wp-json\/wp\/v2\/types\/post"}],"author":[{"embeddable":true,"href":"https:\/\/sindromecharge.es\/index.php\/wp-json\/wp\/v2\/users\/1"}],"replies":[{"embeddable":true,"href":"https:\/\/sindromecharge.es\/index.php\/wp-json\/wp\/v2\/comments?post=7174"}],"version-history":[{"count":0,"href":"https:\/\/sindromecharge.es\/index.php\/wp-json\/wp\/v2\/posts\/7174\/revisions"}],"wp:attachment":[{"href":"https:\/\/sindromecharge.es\/index.php\/wp-json\/wp\/v2\/media?parent=7174"}],"wp:term":[{"taxonomy":"category","embeddable":true,"href":"https:\/\/sindromecharge.es\/index.php\/wp-json\/wp\/v2\/categories?post=7174"},{"taxonomy":"post_tag","embeddable":true,"href":"https:\/\/sindromecharge.es\/index.php\/wp-json\/wp\/v2\/tags?post=7174"}],"curies":[{"name":"wp","href":"https:\/\/api.w.org\/{rel}","templated":true}]}}