{"id":7173,"date":"2021-05-16T12:53:13","date_gmt":"2021-05-16T12:53:13","guid":{"rendered":"https:\/\/sindromecharge.es\/index.php\/2021\/05\/16\/ayuntamiento-se-reune-con-agadi-para-coordinar-el-funcionamiento-de-modulos-integrados-en-temporada-alta-de-playa\/"},"modified":"2021-05-16T12:53:13","modified_gmt":"2021-05-16T12:53:13","slug":"ayuntamiento-se-reune-con-agadi-para-coordinar-el-funcionamiento-de-modulos-integrados-en-temporada-alta-de-playa","status":"publish","type":"post","link":"https:\/\/sindromecharge.es\/index.php\/2021\/05\/16\/ayuntamiento-se-reune-con-agadi-para-coordinar-el-funcionamiento-de-modulos-integrados-en-temporada-alta-de-playa\/","title":{"rendered":"Ayuntamiento se re\u00fane con Agadi para coordinar el funcionamiento de m\u00f3dulos integrados en temporada alta de playa"},"content":{"rendered":"<p>Leemos en 20minutos la siguiente noticia que os reproducimos de forma \u00edntegra: <\/p>\n<p>En dicha reuni\u00f3n, celebrada en la Casa Consistorial y en la que tambi\u00e9n han estado presentes el vicepresidente de la sociedad municipal, Jos\u00e9 Antonio Garc\u00eda de Quir\u00f3s, y una representante de la gerencia de la empresa, Gema Rold\u00e1n N\u00fa\u00f1ez, se ha informado a los integrantes de Agadi que la totalidad de los m\u00f3dulos adaptados para personas con movilidad reducida contar\u00e1n este verano con sillas anfibias para el ba\u00f1o tanto de adultos como infantiles.<\/p>\n<p>De esta forma, seg\u00fan un comunicado, se da cumplimiento a una de las demandas de la entidad, prestando as\u00ed \u00abun servicio completo y que abarque todos los tramos de edad, algo que es imprescindible\u00bb, ha recalcado la edil.<\/p>\n<p>Asimismo, S\u00e1ez ha repasado con Agadi los puntos m\u00e1s controvertidos del protocolo Covid que se implat\u00f3 en las playas de la ciudad el pasado verano. En este sentido, se les ha comunicado que este verano no funcionar\u00e1 el sistema de cita previa implantado en 2020 con motivo de la pandemia para evitar aglomeraciones en los m\u00f3dulos integrados.<\/p>\n<p>\u00abHemos acordado que se suprima para que las personas usuarias puedan acudir a la playa con total libertad durante el horario completo del servicio y a demanda como siempre\u00bb. En esta misma l\u00ednea, la concejala ha apuntado que tampoco ser\u00e1 necesario que acudan con acompa\u00f1ante de manera obligatoria.<\/p>\n<p>\u00abEl a\u00f1o anterior, reci\u00e9n pasado el confinamiento y con una situaci\u00f3n de novedad e incertidumbre total, resultaba muy complicado gestionar las temporadas de playas y garantizar la seguridad sanitaria, pero en 2021 estamos en una situaci\u00f3n distinta, con la pandemia m\u00e1s controlada y la vacunaci\u00f3n avanzando a buen ritmo, por lo que es imprescindible que recuperemos servicios y eliminemos restricciones que ya no son necesarias\u00bb, ha expuesto la edil.<\/p>\n<p>En este punto, ha recordado que el a\u00f1o pasado \u00ablas personas con movilidad reducida tanto de la ciudad como visitantes tuvieron un verano a\u00fan m\u00e1s limitado que el resto de la ciudadan\u00eda, por lo que no estamos hablando de Ayuntamiento de C\u00e1diz Gabinete de Prensa medidas balad\u00edes, sino de que puedan recuperar derechos, autonom\u00eda y libertad para disfrutar de nuestras playas en igualdad y plenitud\u00bb.<\/p>\n<p>Por otro lado, y tambi\u00e9n a diferencia del pasado a\u00f1o por motivos de seguridad sanitaria, S\u00e1ez ha informado a los representantes de Agadi que la pr\u00f3xima temporada alta de playas estar\u00e1 en funcionamiento la totalidad de las duchas adaptadas del interior de los m\u00f3dulos.<\/p>\n<p>Adem\u00e1s, se les ha trasladado que desde la empresa municipal C\u00e1diz 2000 y desde la Delegaci\u00f3n municipal de Salud se est\u00e1n haciendo todas las gestiones oportunas para solicitar a la Junta de Andaluc\u00eda que el personal de los servicios de playas se considere prioritario y se vacune lo antes posible de cara a la temporada, en especial el de salvamento y socorrismo y limpieza de m\u00f3dulos.<\/p>\n<p>En la reuni\u00f3n tambi\u00e9n han abordado la mejora de algunas infraestructuras, como los toldos de sombra y los m\u00f3dulos m\u00f3viles de aseo de La Caleta y Santa Mar\u00eda del Mar, y cuya compra para su completa renovaci\u00f3n ya ha sido licitada por el Ayuntamiento de C\u00e1diz, teniendo en cuenta adem\u00e1s que los nuevos m\u00f3dulos incluir\u00e1n un aseo para exclusivo para PMR.<\/p>\n<p>\u00abSabemos que a\u00fan queda trabajo por hacer para que nuestras playas urbanas sean completamente accesibles, y estamos en ello. No podemos cejar en el empe\u00f1o de seguir avanzando a\u00f1o a a\u00f1o en este objetivo, primero porque la accesibilidad universal es un derecho y queremos que todo el mundo pueda disfrutar de nuestras maravillosas playas en igualdad, y segundo porque dicha accesibilidad tanto en las entradas como en las infraestructuras y en los servicios les da un plus de calidad impresionante a nuestra costa\u00bb, ha manifestado S\u00e1ez.<\/p>\n<p>Por \u00faltimo, destacar que la concejala se ha mostrado \u00abenormemente agradecida por la informaci\u00f3n, las aportaciones y las propuestas recibidas por parte de Agadi, porque nos sirven para corregir situaciones y mejorar, que es siempre nuestra m\u00e1xima aspiraci\u00f3n\u00bb.<\/p>\n<p>Fuente: 20minutos <a href=\"https:\/\/www.20minutos.es\/noticia\/4698262\/0\/ayuntamiento-se-reune-con-agadi-para-coordinar-el-funcionamiento-de-modulos-integrados-en-temporada-alta-de-playa\/\" target=\"_blank\" rel=\"noopener\">Ayuntamiento se re\u00fane con Agadi para coordinar el funcionamiento de m\u00f3dulos integrados en temporada alta de playa<\/a><\/p>\n","protected":false},"excerpt":{"rendered":"<p>Leemos en 20minutos la siguiente noticia que os reproducimos de forma \u00edntegra: En dicha reuni\u00f3n, celebrada en la Casa Consistorial y en la que tambi\u00e9n han estado presentes el vicepresidente de la sociedad municipal, Jos\u00e9 Antonio Garc\u00eda de Quir\u00f3s, y una representante de la gerencia de la empresa, Gema Rold\u00e1n N\u00fa\u00f1ez, se ha informado a [&hellip;]<\/p>\n","protected":false},"author":1,"featured_media":0,"comment_status":"open","ping_status":"closed","sticky":false,"template":"","format":"standard","meta":{"footnotes":""},"categories":[8],"tags":[31],"class_list":["post-7173","post","type-post","status-publish","format-standard","hentry","category-noticias","tag-discapacidad"],"yoast_head":"<!-- This site is optimized with the Yoast SEO plugin v27.5 - https:\/\/yoast.com\/product\/yoast-seo-wordpress\/ -->\n<title>Ayuntamiento se re\u00fane con Agadi para coordinar el funcionamiento de m\u00f3dulos integrados en temporada alta de playa - Asociaci\u00f3n Espa\u00f1ola S\u00edndrome de Charge<\/title>\n<meta name=\"robots\" content=\"index, follow, max-snippet:-1, max-image-preview:large, max-video-preview:-1\" \/>\n<link rel=\"canonical\" href=\"https:\/\/sindromecharge.es\/index.php\/2021\/05\/16\/ayuntamiento-se-reune-con-agadi-para-coordinar-el-funcionamiento-de-modulos-integrados-en-temporada-alta-de-playa\/\" \/>\n<meta property=\"og:locale\" content=\"es_ES\" \/>\n<meta property=\"og:type\" content=\"article\" \/>\n<meta property=\"og:title\" content=\"Ayuntamiento se re\u00fane con Agadi para coordinar el funcionamiento de m\u00f3dulos integrados en temporada alta de playa - Asociaci\u00f3n Espa\u00f1ola S\u00edndrome de Charge\" \/>\n<meta property=\"og:description\" content=\"Leemos en 20minutos la siguiente noticia que os reproducimos de forma \u00edntegra: En dicha reuni\u00f3n, celebrada en la Casa Consistorial y en la que tambi\u00e9n han estado presentes el vicepresidente de la sociedad municipal, Jos\u00e9 Antonio Garc\u00eda de Quir\u00f3s, y una representante de la gerencia de la empresa, Gema Rold\u00e1n N\u00fa\u00f1ez, se ha informado a [&hellip;]\" \/>\n<meta property=\"og:url\" content=\"https:\/\/sindromecharge.es\/index.php\/2021\/05\/16\/ayuntamiento-se-reune-con-agadi-para-coordinar-el-funcionamiento-de-modulos-integrados-en-temporada-alta-de-playa\/\" \/>\n<meta property=\"og:site_name\" content=\"Asociaci\u00f3n Espa\u00f1ola S\u00edndrome de Charge\" \/>\n<meta property=\"article:publisher\" content=\"https:\/\/www.facebook.com\/asociacionsindromecharge\" \/>\n<meta property=\"article:published_time\" content=\"2021-05-16T12:53:13+00:00\" \/>\n<meta property=\"og:image\" content=\"https:\/\/sindromecharge.es\/wp-content\/uploads\/2013\/09\/logodecharge300x98.png\" \/>\n\t<meta property=\"og:image:width\" content=\"300\" \/>\n\t<meta property=\"og:image:height\" content=\"98\" \/>\n\t<meta property=\"og:image:type\" content=\"image\/png\" \/>\n<meta name=\"author\" content=\"Charge\" \/>\n<meta name=\"twitter:card\" content=\"summary_large_image\" \/>\n<meta name=\"twitter:creator\" content=\"@sindromecharge\" \/>\n<meta name=\"twitter:site\" content=\"@sindromecharge\" \/>\n<meta name=\"twitter:label1\" content=\"Escrito por\" \/>\n\t<meta name=\"twitter:data1\" content=\"Charge\" \/>\n\t<meta name=\"twitter:label2\" content=\"Tiempo de lectura\" \/>\n\t<meta name=\"twitter:data2\" content=\"4 minutos\" \/>\n<script type=\"application\/ld+json\" class=\"yoast-schema-graph\">{\"@context\":\"https:\\\/\\\/schema.org\",\"@graph\":[{\"@type\":\"Article\",\"@id\":\"https:\\\/\\\/sindromecharge.es\\\/index.php\\\/2021\\\/05\\\/16\\\/ayuntamiento-se-reune-con-agadi-para-coordinar-el-funcionamiento-de-modulos-integrados-en-temporada-alta-de-playa\\\/#article\",\"isPartOf\":{\"@id\":\"https:\\\/\\\/sindromecharge.es\\\/index.php\\\/2021\\\/05\\\/16\\\/ayuntamiento-se-reune-con-agadi-para-coordinar-el-funcionamiento-de-modulos-integrados-en-temporada-alta-de-playa\\\/\"},\"author\":{\"name\":\"Charge\",\"@id\":\"https:\\\/\\\/sindromecharge.es\\\/#\\\/schema\\\/person\\\/39a60ebe0a2b4d5a11179701e336b039\"},\"headline\":\"Ayuntamiento se re\u00fane con Agadi para coordinar el funcionamiento de m\u00f3dulos integrados en temporada alta de playa\",\"datePublished\":\"2021-05-16T12:53:13+00:00\",\"mainEntityOfPage\":{\"@id\":\"https:\\\/\\\/sindromecharge.es\\\/index.php\\\/2021\\\/05\\\/16\\\/ayuntamiento-se-reune-con-agadi-para-coordinar-el-funcionamiento-de-modulos-integrados-en-temporada-alta-de-playa\\\/\"},\"wordCount\":751,\"commentCount\":0,\"keywords\":[\"discapacidad\"],\"articleSection\":[\"noticias\"],\"inLanguage\":\"es\",\"potentialAction\":[{\"@type\":\"CommentAction\",\"name\":\"Comment\",\"target\":[\"https:\\\/\\\/sindromecharge.es\\\/index.php\\\/2021\\\/05\\\/16\\\/ayuntamiento-se-reune-con-agadi-para-coordinar-el-funcionamiento-de-modulos-integrados-en-temporada-alta-de-playa\\\/#respond\"]}]},{\"@type\":\"WebPage\",\"@id\":\"https:\\\/\\\/sindromecharge.es\\\/index.php\\\/2021\\\/05\\\/16\\\/ayuntamiento-se-reune-con-agadi-para-coordinar-el-funcionamiento-de-modulos-integrados-en-temporada-alta-de-playa\\\/\",\"url\":\"https:\\\/\\\/sindromecharge.es\\\/index.php\\\/2021\\\/05\\\/16\\\/ayuntamiento-se-reune-con-agadi-para-coordinar-el-funcionamiento-de-modulos-integrados-en-temporada-alta-de-playa\\\/\",\"name\":\"Ayuntamiento se re\u00fane con Agadi para coordinar el funcionamiento de m\u00f3dulos integrados en temporada alta de playa - Asociaci\u00f3n Espa\u00f1ola S\u00edndrome de Charge\",\"isPartOf\":{\"@id\":\"https:\\\/\\\/sindromecharge.es\\\/#website\"},\"datePublished\":\"2021-05-16T12:53:13+00:00\",\"author\":{\"@id\":\"https:\\\/\\\/sindromecharge.es\\\/#\\\/schema\\\/person\\\/39a60ebe0a2b4d5a11179701e336b039\"},\"breadcrumb\":{\"@id\":\"https:\\\/\\\/sindromecharge.es\\\/index.php\\\/2021\\\/05\\\/16\\\/ayuntamiento-se-reune-con-agadi-para-coordinar-el-funcionamiento-de-modulos-integrados-en-temporada-alta-de-playa\\\/#breadcrumb\"},\"inLanguage\":\"es\",\"potentialAction\":[{\"@type\":\"ReadAction\",\"target\":[\"https:\\\/\\\/sindromecharge.es\\\/index.php\\\/2021\\\/05\\\/16\\\/ayuntamiento-se-reune-con-agadi-para-coordinar-el-funcionamiento-de-modulos-integrados-en-temporada-alta-de-playa\\\/\"]}]},{\"@type\":\"BreadcrumbList\",\"@id\":\"https:\\\/\\\/sindromecharge.es\\\/index.php\\\/2021\\\/05\\\/16\\\/ayuntamiento-se-reune-con-agadi-para-coordinar-el-funcionamiento-de-modulos-integrados-en-temporada-alta-de-playa\\\/#breadcrumb\",\"itemListElement\":[{\"@type\":\"ListItem\",\"position\":1,\"name\":\"Portada\",\"item\":\"https:\\\/\\\/sindromecharge.es\\\/\"},{\"@type\":\"ListItem\",\"position\":2,\"name\":\"Ayuntamiento se re\u00fane con Agadi para coordinar el funcionamiento de m\u00f3dulos integrados en temporada alta de playa\"}]},{\"@type\":\"WebSite\",\"@id\":\"https:\\\/\\\/sindromecharge.es\\\/#website\",\"url\":\"https:\\\/\\\/sindromecharge.es\\\/\",\"name\":\"Asociaci\u00f3n Espa\u00f1ola S\u00edndrome de Charge\",\"description\":\"\",\"potentialAction\":[{\"@type\":\"SearchAction\",\"target\":{\"@type\":\"EntryPoint\",\"urlTemplate\":\"https:\\\/\\\/sindromecharge.es\\\/?s={search_term_string}\"},\"query-input\":{\"@type\":\"PropertyValueSpecification\",\"valueRequired\":true,\"valueName\":\"search_term_string\"}}],\"inLanguage\":\"es\"},{\"@type\":\"Person\",\"@id\":\"https:\\\/\\\/sindromecharge.es\\\/#\\\/schema\\\/person\\\/39a60ebe0a2b4d5a11179701e336b039\",\"name\":\"Charge\",\"image\":{\"@type\":\"ImageObject\",\"inLanguage\":\"es\",\"@id\":\"https:\\\/\\\/secure.gravatar.com\\\/avatar\\\/c3b46e32a0fc3b093a0873fb767bf3293de856293065e84ef06b7ec7a8acfb98?s=96&d=identicon&r=x\",\"url\":\"https:\\\/\\\/secure.gravatar.com\\\/avatar\\\/c3b46e32a0fc3b093a0873fb767bf3293de856293065e84ef06b7ec7a8acfb98?s=96&d=identicon&r=x\",\"contentUrl\":\"https:\\\/\\\/secure.gravatar.com\\\/avatar\\\/c3b46e32a0fc3b093a0873fb767bf3293de856293065e84ef06b7ec7a8acfb98?s=96&d=identicon&r=x\",\"caption\":\"Charge\"},\"url\":\"https:\\\/\\\/sindromecharge.es\\\/index.php\\\/author\\\/admin\\\/\"}]}<\/script>\n<!-- \/ Yoast SEO plugin. -->","yoast_head_json":{"title":"Ayuntamiento se re\u00fane con Agadi para coordinar el funcionamiento de m\u00f3dulos integrados en temporada alta de playa - Asociaci\u00f3n Espa\u00f1ola S\u00edndrome de Charge","robots":{"index":"index","follow":"follow","max-snippet":"max-snippet:-1","max-image-preview":"max-image-preview:large","max-video-preview":"max-video-preview:-1"},"canonical":"https:\/\/sindromecharge.es\/index.php\/2021\/05\/16\/ayuntamiento-se-reune-con-agadi-para-coordinar-el-funcionamiento-de-modulos-integrados-en-temporada-alta-de-playa\/","og_locale":"es_ES","og_type":"article","og_title":"Ayuntamiento se re\u00fane con Agadi para coordinar el funcionamiento de m\u00f3dulos integrados en temporada alta de playa - Asociaci\u00f3n Espa\u00f1ola S\u00edndrome de Charge","og_description":"Leemos en 20minutos la siguiente noticia que os reproducimos de forma \u00edntegra: En dicha reuni\u00f3n, celebrada en la Casa Consistorial y en la que tambi\u00e9n han estado presentes el vicepresidente de la sociedad municipal, Jos\u00e9 Antonio Garc\u00eda de Quir\u00f3s, y una representante de la gerencia de la empresa, Gema Rold\u00e1n N\u00fa\u00f1ez, se ha informado a [&hellip;]","og_url":"https:\/\/sindromecharge.es\/index.php\/2021\/05\/16\/ayuntamiento-se-reune-con-agadi-para-coordinar-el-funcionamiento-de-modulos-integrados-en-temporada-alta-de-playa\/","og_site_name":"Asociaci\u00f3n Espa\u00f1ola S\u00edndrome de Charge","article_publisher":"https:\/\/www.facebook.com\/asociacionsindromecharge","article_published_time":"2021-05-16T12:53:13+00:00","og_image":[{"width":300,"height":98,"url":"https:\/\/sindromecharge.es\/wp-content\/uploads\/2013\/09\/logodecharge300x98.png","type":"image\/png"}],"author":"Charge","twitter_card":"summary_large_image","twitter_creator":"@sindromecharge","twitter_site":"@sindromecharge","twitter_misc":{"Escrito por":"Charge","Tiempo de lectura":"4 minutos"},"schema":{"@context":"https:\/\/schema.org","@graph":[{"@type":"Article","@id":"https:\/\/sindromecharge.es\/index.php\/2021\/05\/16\/ayuntamiento-se-reune-con-agadi-para-coordinar-el-funcionamiento-de-modulos-integrados-en-temporada-alta-de-playa\/#article","isPartOf":{"@id":"https:\/\/sindromecharge.es\/index.php\/2021\/05\/16\/ayuntamiento-se-reune-con-agadi-para-coordinar-el-funcionamiento-de-modulos-integrados-en-temporada-alta-de-playa\/"},"author":{"name":"Charge","@id":"https:\/\/sindromecharge.es\/#\/schema\/person\/39a60ebe0a2b4d5a11179701e336b039"},"headline":"Ayuntamiento se re\u00fane con Agadi para coordinar el funcionamiento de m\u00f3dulos integrados en temporada alta de playa","datePublished":"2021-05-16T12:53:13+00:00","mainEntityOfPage":{"@id":"https:\/\/sindromecharge.es\/index.php\/2021\/05\/16\/ayuntamiento-se-reune-con-agadi-para-coordinar-el-funcionamiento-de-modulos-integrados-en-temporada-alta-de-playa\/"},"wordCount":751,"commentCount":0,"keywords":["discapacidad"],"articleSection":["noticias"],"inLanguage":"es","potentialAction":[{"@type":"CommentAction","name":"Comment","target":["https:\/\/sindromecharge.es\/index.php\/2021\/05\/16\/ayuntamiento-se-reune-con-agadi-para-coordinar-el-funcionamiento-de-modulos-integrados-en-temporada-alta-de-playa\/#respond"]}]},{"@type":"WebPage","@id":"https:\/\/sindromecharge.es\/index.php\/2021\/05\/16\/ayuntamiento-se-reune-con-agadi-para-coordinar-el-funcionamiento-de-modulos-integrados-en-temporada-alta-de-playa\/","url":"https:\/\/sindromecharge.es\/index.php\/2021\/05\/16\/ayuntamiento-se-reune-con-agadi-para-coordinar-el-funcionamiento-de-modulos-integrados-en-temporada-alta-de-playa\/","name":"Ayuntamiento se re\u00fane con Agadi para coordinar el funcionamiento de m\u00f3dulos integrados en temporada alta de playa - Asociaci\u00f3n Espa\u00f1ola S\u00edndrome de Charge","isPartOf":{"@id":"https:\/\/sindromecharge.es\/#website"},"datePublished":"2021-05-16T12:53:13+00:00","author":{"@id":"https:\/\/sindromecharge.es\/#\/schema\/person\/39a60ebe0a2b4d5a11179701e336b039"},"breadcrumb":{"@id":"https:\/\/sindromecharge.es\/index.php\/2021\/05\/16\/ayuntamiento-se-reune-con-agadi-para-coordinar-el-funcionamiento-de-modulos-integrados-en-temporada-alta-de-playa\/#breadcrumb"},"inLanguage":"es","potentialAction":[{"@type":"ReadAction","target":["https:\/\/sindromecharge.es\/index.php\/2021\/05\/16\/ayuntamiento-se-reune-con-agadi-para-coordinar-el-funcionamiento-de-modulos-integrados-en-temporada-alta-de-playa\/"]}]},{"@type":"BreadcrumbList","@id":"https:\/\/sindromecharge.es\/index.php\/2021\/05\/16\/ayuntamiento-se-reune-con-agadi-para-coordinar-el-funcionamiento-de-modulos-integrados-en-temporada-alta-de-playa\/#breadcrumb","itemListElement":[{"@type":"ListItem","position":1,"name":"Portada","item":"https:\/\/sindromecharge.es\/"},{"@type":"ListItem","position":2,"name":"Ayuntamiento se re\u00fane con Agadi para coordinar el funcionamiento de m\u00f3dulos integrados en temporada alta de playa"}]},{"@type":"WebSite","@id":"https:\/\/sindromecharge.es\/#website","url":"https:\/\/sindromecharge.es\/","name":"Asociaci\u00f3n Espa\u00f1ola S\u00edndrome de Charge","description":"","potentialAction":[{"@type":"SearchAction","target":{"@type":"EntryPoint","urlTemplate":"https:\/\/sindromecharge.es\/?s={search_term_string}"},"query-input":{"@type":"PropertyValueSpecification","valueRequired":true,"valueName":"search_term_string"}}],"inLanguage":"es"},{"@type":"Person","@id":"https:\/\/sindromecharge.es\/#\/schema\/person\/39a60ebe0a2b4d5a11179701e336b039","name":"Charge","image":{"@type":"ImageObject","inLanguage":"es","@id":"https:\/\/secure.gravatar.com\/avatar\/c3b46e32a0fc3b093a0873fb767bf3293de856293065e84ef06b7ec7a8acfb98?s=96&d=identicon&r=x","url":"https:\/\/secure.gravatar.com\/avatar\/c3b46e32a0fc3b093a0873fb767bf3293de856293065e84ef06b7ec7a8acfb98?s=96&d=identicon&r=x","contentUrl":"https:\/\/secure.gravatar.com\/avatar\/c3b46e32a0fc3b093a0873fb767bf3293de856293065e84ef06b7ec7a8acfb98?s=96&d=identicon&r=x","caption":"Charge"},"url":"https:\/\/sindromecharge.es\/index.php\/author\/admin\/"}]}},"_links":{"self":[{"href":"https:\/\/sindromecharge.es\/index.php\/wp-json\/wp\/v2\/posts\/7173","targetHints":{"allow":["GET"]}}],"collection":[{"href":"https:\/\/sindromecharge.es\/index.php\/wp-json\/wp\/v2\/posts"}],"about":[{"href":"https:\/\/sindromecharge.es\/index.php\/wp-json\/wp\/v2\/types\/post"}],"author":[{"embeddable":true,"href":"https:\/\/sindromecharge.es\/index.php\/wp-json\/wp\/v2\/users\/1"}],"replies":[{"embeddable":true,"href":"https:\/\/sindromecharge.es\/index.php\/wp-json\/wp\/v2\/comments?post=7173"}],"version-history":[{"count":0,"href":"https:\/\/sindromecharge.es\/index.php\/wp-json\/wp\/v2\/posts\/7173\/revisions"}],"wp:attachment":[{"href":"https:\/\/sindromecharge.es\/index.php\/wp-json\/wp\/v2\/media?parent=7173"}],"wp:term":[{"taxonomy":"category","embeddable":true,"href":"https:\/\/sindromecharge.es\/index.php\/wp-json\/wp\/v2\/categories?post=7173"},{"taxonomy":"post_tag","embeddable":true,"href":"https:\/\/sindromecharge.es\/index.php\/wp-json\/wp\/v2\/tags?post=7173"}],"curies":[{"name":"wp","href":"https:\/\/api.w.org\/{rel}","templated":true}]}}