{"id":7172,"date":"2021-05-15T07:38:05","date_gmt":"2021-05-15T07:38:05","guid":{"rendered":"https:\/\/sindromecharge.es\/index.php\/2021\/05\/15\/frm-y-aspace-trabajan-juntos-por-la-integracion-laboral-de-las-personas-con-discapacidad\/"},"modified":"2021-05-15T07:38:05","modified_gmt":"2021-05-15T07:38:05","slug":"frm-y-aspace-trabajan-juntos-por-la-integracion-laboral-de-las-personas-con-discapacidad","status":"publish","type":"post","link":"https:\/\/sindromecharge.es\/index.php\/2021\/05\/15\/frm-y-aspace-trabajan-juntos-por-la-integracion-laboral-de-las-personas-con-discapacidad\/","title":{"rendered":"FRM y ASPACE trabajan juntos &quot;por la integraci\u00f3n laboral de las personas con discapacidad&quot;"},"content":{"rendered":"<p>Leemos en 20minutos la siguiente noticia que os reproducimos de forma \u00edntegra: <\/p>\n<p>En la reuni\u00f3n mantenida se puso en marcha la elaboraci\u00f3n de un Convenio de colaboraci\u00f3n entre FRM y el Centro Especial de Empleo de Aspace Rioja dirigido a potenciar la inclusi\u00f3n en el mundo laboral de personas con discapacidad y las f\u00f3rmulas para facilitar esa empleabilidad en todos los municipios riojanos.<\/p>\n<p>La colaboraci\u00f3n y coordinaci\u00f3n entre las administraciones p\u00fablicas y los agentes sociales es de m\u00e1xima importancia para avanzar en la posibilidad de ofrecer oportunidades laborales a las personas con discapacidad, un aspecto fundamental para estas personas.FRM y Aspace Rioja a trav\u00e9s del Centro Especial de Empleo, ultiman el Convenio en base al que trabajar\u00e1n de forma conjunta para ofrecer oportunidades laborales en todos los municipios de la regi\u00f3n a las personas con discapacidad, mejorando su calidad de vida y favoreciendo su integraci\u00f3n social.<\/p>\n<p>El presidente de la FRM, Daniel Os\u00e9s ha reafirmado \u00abel firme compromiso de los municipios riojanos en la colaboraci\u00f3n con el \u00e1mbito de la discapacidad para mejorar la vida de las las personas que la padecen y de sus familias\u00bb.<\/p>\n<p>Os\u00e9s ha finalizado mostrando su \u00abreconocimiento a la gran labor social que desempe\u00f1a Aspace Rioja en favor del mundo de la discapacidad en La Rioja\u00bb.<\/p>\n<p>Fuente: 20minutos <a href=\"https:\/\/www.20minutos.es\/noticia\/4697516\/0\/frm-y-aspace-trabajan-juntos-por-la-integracion-laboral-de-las-personas-con-discapacidad\/\" target=\"_blank\" rel=\"noopener\">FRM y ASPACE trabajan juntos &quot;por la integraci\u00f3n laboral de las personas con discapacidad&quot;<\/a><\/p>\n","protected":false},"excerpt":{"rendered":"<p>Leemos en 20minutos la siguiente noticia que os reproducimos de forma \u00edntegra: En la reuni\u00f3n mantenida se puso en marcha la elaboraci\u00f3n de un Convenio de colaboraci\u00f3n entre FRM y el Centro Especial de Empleo de Aspace Rioja dirigido a potenciar la inclusi\u00f3n en el mundo laboral de personas con discapacidad y las f\u00f3rmulas para [&hellip;]<\/p>\n","protected":false},"author":1,"featured_media":0,"comment_status":"open","ping_status":"closed","sticky":false,"template":"","format":"standard","meta":{"footnotes":""},"categories":[8],"tags":[31],"class_list":["post-7172","post","type-post","status-publish","format-standard","hentry","category-noticias","tag-discapacidad"],"yoast_head":"<!-- This site is optimized with the Yoast SEO plugin v27.5 - https:\/\/yoast.com\/product\/yoast-seo-wordpress\/ -->\n<title>FRM y ASPACE trabajan juntos &quot;por la integraci\u00f3n laboral de las personas con discapacidad&quot; - Asociaci\u00f3n Espa\u00f1ola S\u00edndrome de Charge<\/title>\n<meta name=\"robots\" content=\"index, follow, max-snippet:-1, max-image-preview:large, max-video-preview:-1\" \/>\n<link rel=\"canonical\" href=\"https:\/\/sindromecharge.es\/index.php\/2021\/05\/15\/frm-y-aspace-trabajan-juntos-por-la-integracion-laboral-de-las-personas-con-discapacidad\/\" \/>\n<meta property=\"og:locale\" content=\"es_ES\" \/>\n<meta property=\"og:type\" content=\"article\" \/>\n<meta property=\"og:title\" content=\"FRM y ASPACE trabajan juntos &quot;por la integraci\u00f3n laboral de las personas con discapacidad&quot; - Asociaci\u00f3n Espa\u00f1ola S\u00edndrome de Charge\" \/>\n<meta property=\"og:description\" content=\"Leemos en 20minutos la siguiente noticia que os reproducimos de forma \u00edntegra: En la reuni\u00f3n mantenida se puso en marcha la elaboraci\u00f3n de un Convenio de colaboraci\u00f3n entre FRM y el Centro Especial de Empleo de Aspace Rioja dirigido a potenciar la inclusi\u00f3n en el mundo laboral de personas con discapacidad y las f\u00f3rmulas para [&hellip;]\" \/>\n<meta property=\"og:url\" content=\"https:\/\/sindromecharge.es\/index.php\/2021\/05\/15\/frm-y-aspace-trabajan-juntos-por-la-integracion-laboral-de-las-personas-con-discapacidad\/\" \/>\n<meta property=\"og:site_name\" content=\"Asociaci\u00f3n Espa\u00f1ola S\u00edndrome de Charge\" \/>\n<meta property=\"article:publisher\" content=\"https:\/\/www.facebook.com\/asociacionsindromecharge\" \/>\n<meta property=\"article:published_time\" content=\"2021-05-15T07:38:05+00:00\" \/>\n<meta property=\"og:image\" content=\"https:\/\/sindromecharge.es\/wp-content\/uploads\/2013\/09\/logodecharge300x98.png\" \/>\n\t<meta property=\"og:image:width\" content=\"300\" \/>\n\t<meta property=\"og:image:height\" content=\"98\" \/>\n\t<meta property=\"og:image:type\" content=\"image\/png\" \/>\n<meta name=\"author\" content=\"Charge\" \/>\n<meta name=\"twitter:card\" content=\"summary_large_image\" \/>\n<meta name=\"twitter:creator\" content=\"@sindromecharge\" \/>\n<meta name=\"twitter:site\" content=\"@sindromecharge\" \/>\n<meta name=\"twitter:label1\" content=\"Escrito por\" \/>\n\t<meta name=\"twitter:data1\" content=\"Charge\" \/>\n\t<meta name=\"twitter:label2\" content=\"Tiempo de lectura\" \/>\n\t<meta name=\"twitter:data2\" content=\"1 minuto\" \/>\n<script type=\"application\/ld+json\" class=\"yoast-schema-graph\">{\"@context\":\"https:\\\/\\\/schema.org\",\"@graph\":[{\"@type\":\"Article\",\"@id\":\"https:\\\/\\\/sindromecharge.es\\\/index.php\\\/2021\\\/05\\\/15\\\/frm-y-aspace-trabajan-juntos-por-la-integracion-laboral-de-las-personas-con-discapacidad\\\/#article\",\"isPartOf\":{\"@id\":\"https:\\\/\\\/sindromecharge.es\\\/index.php\\\/2021\\\/05\\\/15\\\/frm-y-aspace-trabajan-juntos-por-la-integracion-laboral-de-las-personas-con-discapacidad\\\/\"},\"author\":{\"name\":\"Charge\",\"@id\":\"https:\\\/\\\/sindromecharge.es\\\/#\\\/schema\\\/person\\\/39a60ebe0a2b4d5a11179701e336b039\"},\"headline\":\"FRM y ASPACE trabajan juntos &quot;por la integraci\u00f3n laboral de las personas con discapacidad&quot;\",\"datePublished\":\"2021-05-15T07:38:05+00:00\",\"mainEntityOfPage\":{\"@id\":\"https:\\\/\\\/sindromecharge.es\\\/index.php\\\/2021\\\/05\\\/15\\\/frm-y-aspace-trabajan-juntos-por-la-integracion-laboral-de-las-personas-con-discapacidad\\\/\"},\"wordCount\":265,\"commentCount\":0,\"keywords\":[\"discapacidad\"],\"articleSection\":[\"noticias\"],\"inLanguage\":\"es\",\"potentialAction\":[{\"@type\":\"CommentAction\",\"name\":\"Comment\",\"target\":[\"https:\\\/\\\/sindromecharge.es\\\/index.php\\\/2021\\\/05\\\/15\\\/frm-y-aspace-trabajan-juntos-por-la-integracion-laboral-de-las-personas-con-discapacidad\\\/#respond\"]}]},{\"@type\":\"WebPage\",\"@id\":\"https:\\\/\\\/sindromecharge.es\\\/index.php\\\/2021\\\/05\\\/15\\\/frm-y-aspace-trabajan-juntos-por-la-integracion-laboral-de-las-personas-con-discapacidad\\\/\",\"url\":\"https:\\\/\\\/sindromecharge.es\\\/index.php\\\/2021\\\/05\\\/15\\\/frm-y-aspace-trabajan-juntos-por-la-integracion-laboral-de-las-personas-con-discapacidad\\\/\",\"name\":\"FRM y ASPACE trabajan juntos &quot;por la integraci\u00f3n laboral de las personas con discapacidad&quot; - Asociaci\u00f3n Espa\u00f1ola S\u00edndrome de Charge\",\"isPartOf\":{\"@id\":\"https:\\\/\\\/sindromecharge.es\\\/#website\"},\"datePublished\":\"2021-05-15T07:38:05+00:00\",\"author\":{\"@id\":\"https:\\\/\\\/sindromecharge.es\\\/#\\\/schema\\\/person\\\/39a60ebe0a2b4d5a11179701e336b039\"},\"breadcrumb\":{\"@id\":\"https:\\\/\\\/sindromecharge.es\\\/index.php\\\/2021\\\/05\\\/15\\\/frm-y-aspace-trabajan-juntos-por-la-integracion-laboral-de-las-personas-con-discapacidad\\\/#breadcrumb\"},\"inLanguage\":\"es\",\"potentialAction\":[{\"@type\":\"ReadAction\",\"target\":[\"https:\\\/\\\/sindromecharge.es\\\/index.php\\\/2021\\\/05\\\/15\\\/frm-y-aspace-trabajan-juntos-por-la-integracion-laboral-de-las-personas-con-discapacidad\\\/\"]}]},{\"@type\":\"BreadcrumbList\",\"@id\":\"https:\\\/\\\/sindromecharge.es\\\/index.php\\\/2021\\\/05\\\/15\\\/frm-y-aspace-trabajan-juntos-por-la-integracion-laboral-de-las-personas-con-discapacidad\\\/#breadcrumb\",\"itemListElement\":[{\"@type\":\"ListItem\",\"position\":1,\"name\":\"Portada\",\"item\":\"https:\\\/\\\/sindromecharge.es\\\/\"},{\"@type\":\"ListItem\",\"position\":2,\"name\":\"FRM y ASPACE trabajan juntos &quot;por la integraci\u00f3n laboral de las personas con discapacidad&quot;\"}]},{\"@type\":\"WebSite\",\"@id\":\"https:\\\/\\\/sindromecharge.es\\\/#website\",\"url\":\"https:\\\/\\\/sindromecharge.es\\\/\",\"name\":\"Asociaci\u00f3n Espa\u00f1ola S\u00edndrome de Charge\",\"description\":\"\",\"potentialAction\":[{\"@type\":\"SearchAction\",\"target\":{\"@type\":\"EntryPoint\",\"urlTemplate\":\"https:\\\/\\\/sindromecharge.es\\\/?s={search_term_string}\"},\"query-input\":{\"@type\":\"PropertyValueSpecification\",\"valueRequired\":true,\"valueName\":\"search_term_string\"}}],\"inLanguage\":\"es\"},{\"@type\":\"Person\",\"@id\":\"https:\\\/\\\/sindromecharge.es\\\/#\\\/schema\\\/person\\\/39a60ebe0a2b4d5a11179701e336b039\",\"name\":\"Charge\",\"image\":{\"@type\":\"ImageObject\",\"inLanguage\":\"es\",\"@id\":\"https:\\\/\\\/secure.gravatar.com\\\/avatar\\\/c3b46e32a0fc3b093a0873fb767bf3293de856293065e84ef06b7ec7a8acfb98?s=96&d=identicon&r=x\",\"url\":\"https:\\\/\\\/secure.gravatar.com\\\/avatar\\\/c3b46e32a0fc3b093a0873fb767bf3293de856293065e84ef06b7ec7a8acfb98?s=96&d=identicon&r=x\",\"contentUrl\":\"https:\\\/\\\/secure.gravatar.com\\\/avatar\\\/c3b46e32a0fc3b093a0873fb767bf3293de856293065e84ef06b7ec7a8acfb98?s=96&d=identicon&r=x\",\"caption\":\"Charge\"},\"url\":\"https:\\\/\\\/sindromecharge.es\\\/index.php\\\/author\\\/admin\\\/\"}]}<\/script>\n<!-- \/ Yoast SEO plugin. -->","yoast_head_json":{"title":"FRM y ASPACE trabajan juntos &quot;por la integraci\u00f3n laboral de las personas con discapacidad&quot; - Asociaci\u00f3n Espa\u00f1ola S\u00edndrome de Charge","robots":{"index":"index","follow":"follow","max-snippet":"max-snippet:-1","max-image-preview":"max-image-preview:large","max-video-preview":"max-video-preview:-1"},"canonical":"https:\/\/sindromecharge.es\/index.php\/2021\/05\/15\/frm-y-aspace-trabajan-juntos-por-la-integracion-laboral-de-las-personas-con-discapacidad\/","og_locale":"es_ES","og_type":"article","og_title":"FRM y ASPACE trabajan juntos &quot;por la integraci\u00f3n laboral de las personas con discapacidad&quot; - Asociaci\u00f3n Espa\u00f1ola S\u00edndrome de Charge","og_description":"Leemos en 20minutos la siguiente noticia que os reproducimos de forma \u00edntegra: En la reuni\u00f3n mantenida se puso en marcha la elaboraci\u00f3n de un Convenio de colaboraci\u00f3n entre FRM y el Centro Especial de Empleo de Aspace Rioja dirigido a potenciar la inclusi\u00f3n en el mundo laboral de personas con discapacidad y las f\u00f3rmulas para [&hellip;]","og_url":"https:\/\/sindromecharge.es\/index.php\/2021\/05\/15\/frm-y-aspace-trabajan-juntos-por-la-integracion-laboral-de-las-personas-con-discapacidad\/","og_site_name":"Asociaci\u00f3n Espa\u00f1ola S\u00edndrome de Charge","article_publisher":"https:\/\/www.facebook.com\/asociacionsindromecharge","article_published_time":"2021-05-15T07:38:05+00:00","og_image":[{"width":300,"height":98,"url":"https:\/\/sindromecharge.es\/wp-content\/uploads\/2013\/09\/logodecharge300x98.png","type":"image\/png"}],"author":"Charge","twitter_card":"summary_large_image","twitter_creator":"@sindromecharge","twitter_site":"@sindromecharge","twitter_misc":{"Escrito por":"Charge","Tiempo de lectura":"1 minuto"},"schema":{"@context":"https:\/\/schema.org","@graph":[{"@type":"Article","@id":"https:\/\/sindromecharge.es\/index.php\/2021\/05\/15\/frm-y-aspace-trabajan-juntos-por-la-integracion-laboral-de-las-personas-con-discapacidad\/#article","isPartOf":{"@id":"https:\/\/sindromecharge.es\/index.php\/2021\/05\/15\/frm-y-aspace-trabajan-juntos-por-la-integracion-laboral-de-las-personas-con-discapacidad\/"},"author":{"name":"Charge","@id":"https:\/\/sindromecharge.es\/#\/schema\/person\/39a60ebe0a2b4d5a11179701e336b039"},"headline":"FRM y ASPACE trabajan juntos &quot;por la integraci\u00f3n laboral de las personas con discapacidad&quot;","datePublished":"2021-05-15T07:38:05+00:00","mainEntityOfPage":{"@id":"https:\/\/sindromecharge.es\/index.php\/2021\/05\/15\/frm-y-aspace-trabajan-juntos-por-la-integracion-laboral-de-las-personas-con-discapacidad\/"},"wordCount":265,"commentCount":0,"keywords":["discapacidad"],"articleSection":["noticias"],"inLanguage":"es","potentialAction":[{"@type":"CommentAction","name":"Comment","target":["https:\/\/sindromecharge.es\/index.php\/2021\/05\/15\/frm-y-aspace-trabajan-juntos-por-la-integracion-laboral-de-las-personas-con-discapacidad\/#respond"]}]},{"@type":"WebPage","@id":"https:\/\/sindromecharge.es\/index.php\/2021\/05\/15\/frm-y-aspace-trabajan-juntos-por-la-integracion-laboral-de-las-personas-con-discapacidad\/","url":"https:\/\/sindromecharge.es\/index.php\/2021\/05\/15\/frm-y-aspace-trabajan-juntos-por-la-integracion-laboral-de-las-personas-con-discapacidad\/","name":"FRM y ASPACE trabajan juntos &quot;por la integraci\u00f3n laboral de las personas con discapacidad&quot; - Asociaci\u00f3n Espa\u00f1ola S\u00edndrome de Charge","isPartOf":{"@id":"https:\/\/sindromecharge.es\/#website"},"datePublished":"2021-05-15T07:38:05+00:00","author":{"@id":"https:\/\/sindromecharge.es\/#\/schema\/person\/39a60ebe0a2b4d5a11179701e336b039"},"breadcrumb":{"@id":"https:\/\/sindromecharge.es\/index.php\/2021\/05\/15\/frm-y-aspace-trabajan-juntos-por-la-integracion-laboral-de-las-personas-con-discapacidad\/#breadcrumb"},"inLanguage":"es","potentialAction":[{"@type":"ReadAction","target":["https:\/\/sindromecharge.es\/index.php\/2021\/05\/15\/frm-y-aspace-trabajan-juntos-por-la-integracion-laboral-de-las-personas-con-discapacidad\/"]}]},{"@type":"BreadcrumbList","@id":"https:\/\/sindromecharge.es\/index.php\/2021\/05\/15\/frm-y-aspace-trabajan-juntos-por-la-integracion-laboral-de-las-personas-con-discapacidad\/#breadcrumb","itemListElement":[{"@type":"ListItem","position":1,"name":"Portada","item":"https:\/\/sindromecharge.es\/"},{"@type":"ListItem","position":2,"name":"FRM y ASPACE trabajan juntos &quot;por la integraci\u00f3n laboral de las personas con discapacidad&quot;"}]},{"@type":"WebSite","@id":"https:\/\/sindromecharge.es\/#website","url":"https:\/\/sindromecharge.es\/","name":"Asociaci\u00f3n Espa\u00f1ola S\u00edndrome de Charge","description":"","potentialAction":[{"@type":"SearchAction","target":{"@type":"EntryPoint","urlTemplate":"https:\/\/sindromecharge.es\/?s={search_term_string}"},"query-input":{"@type":"PropertyValueSpecification","valueRequired":true,"valueName":"search_term_string"}}],"inLanguage":"es"},{"@type":"Person","@id":"https:\/\/sindromecharge.es\/#\/schema\/person\/39a60ebe0a2b4d5a11179701e336b039","name":"Charge","image":{"@type":"ImageObject","inLanguage":"es","@id":"https:\/\/secure.gravatar.com\/avatar\/c3b46e32a0fc3b093a0873fb767bf3293de856293065e84ef06b7ec7a8acfb98?s=96&d=identicon&r=x","url":"https:\/\/secure.gravatar.com\/avatar\/c3b46e32a0fc3b093a0873fb767bf3293de856293065e84ef06b7ec7a8acfb98?s=96&d=identicon&r=x","contentUrl":"https:\/\/secure.gravatar.com\/avatar\/c3b46e32a0fc3b093a0873fb767bf3293de856293065e84ef06b7ec7a8acfb98?s=96&d=identicon&r=x","caption":"Charge"},"url":"https:\/\/sindromecharge.es\/index.php\/author\/admin\/"}]}},"_links":{"self":[{"href":"https:\/\/sindromecharge.es\/index.php\/wp-json\/wp\/v2\/posts\/7172","targetHints":{"allow":["GET"]}}],"collection":[{"href":"https:\/\/sindromecharge.es\/index.php\/wp-json\/wp\/v2\/posts"}],"about":[{"href":"https:\/\/sindromecharge.es\/index.php\/wp-json\/wp\/v2\/types\/post"}],"author":[{"embeddable":true,"href":"https:\/\/sindromecharge.es\/index.php\/wp-json\/wp\/v2\/users\/1"}],"replies":[{"embeddable":true,"href":"https:\/\/sindromecharge.es\/index.php\/wp-json\/wp\/v2\/comments?post=7172"}],"version-history":[{"count":0,"href":"https:\/\/sindromecharge.es\/index.php\/wp-json\/wp\/v2\/posts\/7172\/revisions"}],"wp:attachment":[{"href":"https:\/\/sindromecharge.es\/index.php\/wp-json\/wp\/v2\/media?parent=7172"}],"wp:term":[{"taxonomy":"category","embeddable":true,"href":"https:\/\/sindromecharge.es\/index.php\/wp-json\/wp\/v2\/categories?post=7172"},{"taxonomy":"post_tag","embeddable":true,"href":"https:\/\/sindromecharge.es\/index.php\/wp-json\/wp\/v2\/tags?post=7172"}],"curies":[{"name":"wp","href":"https:\/\/api.w.org\/{rel}","templated":true}]}}