{"id":7171,"date":"2021-05-14T10:39:37","date_gmt":"2021-05-14T10:39:37","guid":{"rendered":"https:\/\/sindromecharge.es\/index.php\/2021\/05\/14\/supercuidadores-lanza-la-7a-edicion-de-sus-premios-e-invita-a-todos-los-cuidadores-a-contar-su-historia-en-un-gran-libro-solidario\/"},"modified":"2021-05-14T10:39:37","modified_gmt":"2021-05-14T10:39:37","slug":"supercuidadores-lanza-la-7a-edicion-de-sus-premios-e-invita-a-todos-los-cuidadores-a-contar-su-historia-en-un-gran-libro-solidario","status":"publish","type":"post","link":"https:\/\/sindromecharge.es\/index.php\/2021\/05\/14\/supercuidadores-lanza-la-7a-edicion-de-sus-premios-e-invita-a-todos-los-cuidadores-a-contar-su-historia-en-un-gran-libro-solidario\/","title":{"rendered":"SUPERCUIDADORES lanza la 7\u00aa edici\u00f3n de sus premios e invita a todos los cuidadores a contar su historia en un gran libro solidario"},"content":{"rendered":"<p>Leemos en FEDER la siguiente noticia que os reproducimos de forma \u00edntegra: <\/p>\n<p><p>La compa\u00f1\u00eda de servicios y formaci\u00f3n sociosanitaria <a href=\"https:\/\/cuidadores.unir.net\/\">SUPERCUIDADORES<\/a>, ha anunciado el lanzamiento de la s\u00e9ptima convocatoria de sus premios. Unos galardones de reconocido prestigio y amplia trayectoria, que buscan reconocer a las personas e instituciones que desarrollan labores de cuidado de otras, con el objetivo de dignificar la figura de estos cuidadores e impulsar una mejor atenci\u00f3n para las personas mayores y dependientes.<\/p>\n<p>De esta manera se premiar\u00e1 a las personas cuidadoras, tanto familiares como profesionales, por su atenci\u00f3n y trabajo para mejorar la calidad de vida de las personas a las que cuidan.<br \/>De igual modo, se galardonar\u00e1 a las empresas, entidades u organizaciones que hayan desarrollado servicios para cuidadores o personas dependientes, as\u00ed como acciones o pol\u00edticas de RSC dirigidas a facilitar a sus clientes, empleados o asociados el cuidado y bienestar de sus familiares, as\u00ed como medidas para mejorar la conciliaci\u00f3n de la vida laboral, familiar y personal.<\/p>\n<p>Se podr\u00e1n presentar candidaturas procedentes de cualquier parte del mundo, siempre y cuando est\u00e9n en espa\u00f1ol. Las candidaturas podr\u00e1n presentarse directamente por el cuidador o por la persona cuidada, as\u00ed como por medio de cualquier otra persona f\u00edsica o jur\u00eddica. La presentaci\u00f3n de candidaturas se podr\u00e1 realizar hasta el 30 de septiembre de 2021.<\/p>\n<p><span style=\"font-size: 12pt\">\u00bfC\u00f3mo participar?<\/span><\/p>\n<p>Aquellas personas que deseen participar en las categor\u00edas de cuidador familiar y de cuidador profesional podr\u00e1n hacerlo adjuntando un relato o v\u00eddeo explicativo sobre la experiencia, la atenci\u00f3n y el trabajo realizado con la persona\/as a la\/as que cuida, mejorando su vida, tanto en el plano f\u00edsico como en el ps\u00edquico-emocional.<\/p>\n<p>En cuanto a las candidaturas de entidades del tercer sector, se busca galardonar iniciativas concretas que realizan asociaciones, fundaciones e instituciones del Tercer Sector, como por ejemplo campa\u00f1as de concienciaci\u00f3n y sensibilizaci\u00f3n social, de RSC, voluntariado, programas de respiro o asistencia domiciliaria, planes de atenci\u00f3n integral e incluso de integraci\u00f3n laboral. En este caso, las entidades tambi\u00e9n deber\u00e1n remitir un relato en el que expliquen su labor y su experiencia.<\/p>\n<p>Toda la informaci\u00f3n sobre esta convocatoria se encuentra en <a href=\"https:\/\/cuidadores.unir.net\/premios-supercuidadores\/premios-2021-enviar-candidatura\">https:\/\/cuidadores.unir.net\/premios-supercuidadores\/premios-2021-enviar-candidatura<\/a><\/p>\n<p>El gran libro de los supercuidadores de Espa\u00f1a y Latinoam\u00e9rica<\/p>\n<p>De manera paralela, SUPERCUIDADORES est\u00e1 trabajando en la creaci\u00f3n de una obra literaria universal y colectiva, promovida por la editorial LoQueNoExiste.<\/p>\n<p>Esta obra, invita a los cuidadores a coger papel y pluma y a narrar, en un m\u00e1ximo de 700 palabras, el lado m\u00e1s \u00edntimo de sus vivencias, en especial en tiempos de pandemia. Ya que como afirma Mercedes Pescador, directora de la editorial, \u201cLa labor de los que cuidan de nosotros no se valora lo suficiente y escribir es, a menudo, una terapia\u201d<\/p>\n<p>La editorial convertir\u00e1 estos relatos en un libro testimonial y colectivo que lanzar\u00e1 en el acto anual de entrega de los Premios de SUPERCUIDADORES 2021, un punto de encuentro de prestigio en el sector. La obra podr\u00e1 adquirirse en todas las librer\u00edas del pa\u00eds y pretende servir de gu\u00eda emocional, reconocimiento y homenaje a todas las personas que dedican su tiempo, energ\u00eda y esfuerzo al cuidado de otras personas.<\/p>\n<p>El <a href=\"https:\/\/cuidadores.unir.net\/libro-supercuidadores\" target=\"_blank\" rel=\"noopener\">libro \u201cSUPERCUIDADORES\u201d<\/a> es una iniciativa solidaria. La participaci\u00f3n es completamente gratuita, y pretende estimular la escritura y creatividad de aquellos que cuidan de personas con mayor o menor grado de dependencia. Los derechos de autor ser\u00e1n destinados por SUPERCUIDADORES a causas sociales relacionadas con su actividad. \u201cEsta obra ser\u00e1 un punto de encuentro, un mensaje de esperanza contra la soledad y falta de reconocimiento que sufren muchos cuidadores familiares y profesionales\u201d, asegura Aurelio L\u00f3pez-Barajas, CEO de SUPERCUIDADORES. Los relatos se pueden enviar hasta el 1 de julio al siguiente email: <a href=\"mailto:libro.supercuidadores@unir.net\">libro.supercuidadores@unir.net<\/a><\/p>\n<p><span style=\"font-size: 12pt\">Sobre SUPERCUIDADORES<\/span><\/p>\n<p>SUPERCUIDADORES es una empresa l\u00edder en servicios y formaci\u00f3n sociosanitaria online <a href=\"https:\/\/cuidadores.unir.net\/formacion\" target=\"_blank\" rel=\"noopener\">con m\u00e1s de 350 tem\u00e1ticas formativas<\/a>. Es una empresa con un claro fin social: \u00abprofesionalizar y dignificar la figura del cuidador para mejorar la calidad de vida de las personas mayores y dependientes\u00bb.<\/p>\n<p>Buscan que todos los cuidadores se beneficien de los servicios y formaci\u00f3n que ofrecen. Tanto cuidadores familiares como cuidadores profesionales. Tambi\u00e9n quieren fomentar la autonom\u00eda personal y el envejecimiento activo de las personas.<\/p>\n<p>Nacieron en 2014 dentro de la Fundaci\u00f3n UNIR y cuentan adem\u00e1s con el respaldo de la Universidad Internacional de La Rioja, de quien toman su metodolog\u00eda formativa online, completamente eficaz.<br \/>SUPERCUIDADORES cubre una necesidad real que es la de proporcionar servicios profesionales y formaci\u00f3n especializada a todo el sector de las personas Mayores, de la Discapacidad y la Dependencia, tanto a las personas f\u00edsicas como a las empresas e instituciones.<\/p>\n<p>\u00daltima actualizaci\u00f3n 14\/05\/2021<\/p>\n<\/p>\n<p>Fuente: FEDER <a href=\"https:\/\/enfermedades-raras.org\/index.php\/actualidad\/noticias-eventos\/2-feder\/15369-supercuidadores-lanza-la-7%C2%AA-edici%C3%B3n-de-sus-premios-e-invita-a-todos-los-cuidadores-a-contar-su-historia-en-un-gran-libro-solidario\" target=\"_blank\" rel=\"noopener\">SUPERCUIDADORES lanza la 7\u00aa edici\u00f3n de sus premios e invita a todos los cuidadores a contar su historia en un gran libro solidario<\/a><\/p>\n","protected":false},"excerpt":{"rendered":"<p>Leemos en FEDER la siguiente noticia que os reproducimos de forma \u00edntegra: La compa\u00f1\u00eda de servicios y formaci\u00f3n sociosanitaria SUPERCUIDADORES, ha anunciado el lanzamiento de la s\u00e9ptima convocatoria de sus premios. Unos galardones de reconocido prestigio y amplia trayectoria, que buscan reconocer a las personas e instituciones que desarrollan labores de cuidado de otras, con [&hellip;]<\/p>\n","protected":false},"author":1,"featured_media":0,"comment_status":"open","ping_status":"closed","sticky":false,"template":"","format":"standard","meta":{"footnotes":""},"categories":[8],"tags":[36],"class_list":["post-7171","post","type-post","status-publish","format-standard","hentry","category-noticias","tag-enfermedades-raras"],"yoast_head":"<!-- This site is optimized with the Yoast SEO plugin v27.5 - https:\/\/yoast.com\/product\/yoast-seo-wordpress\/ -->\n<title>SUPERCUIDADORES lanza la 7\u00aa edici\u00f3n de sus premios e invita a todos los cuidadores a contar su historia en un gran libro solidario - Asociaci\u00f3n Espa\u00f1ola S\u00edndrome de Charge<\/title>\n<meta name=\"robots\" content=\"index, follow, max-snippet:-1, max-image-preview:large, max-video-preview:-1\" \/>\n<link rel=\"canonical\" href=\"https:\/\/sindromecharge.es\/index.php\/2021\/05\/14\/supercuidadores-lanza-la-7a-edicion-de-sus-premios-e-invita-a-todos-los-cuidadores-a-contar-su-historia-en-un-gran-libro-solidario\/\" \/>\n<meta property=\"og:locale\" content=\"es_ES\" \/>\n<meta property=\"og:type\" content=\"article\" \/>\n<meta property=\"og:title\" content=\"SUPERCUIDADORES lanza la 7\u00aa edici\u00f3n de sus premios e invita a todos los cuidadores a contar su historia en un gran libro solidario - Asociaci\u00f3n Espa\u00f1ola S\u00edndrome de Charge\" \/>\n<meta property=\"og:description\" content=\"Leemos en FEDER la siguiente noticia que os reproducimos de forma \u00edntegra: La compa\u00f1\u00eda de servicios y formaci\u00f3n sociosanitaria SUPERCUIDADORES, ha anunciado el lanzamiento de la s\u00e9ptima convocatoria de sus premios. Unos galardones de reconocido prestigio y amplia trayectoria, que buscan reconocer a las personas e instituciones que desarrollan labores de cuidado de otras, con [&hellip;]\" \/>\n<meta property=\"og:url\" content=\"https:\/\/sindromecharge.es\/index.php\/2021\/05\/14\/supercuidadores-lanza-la-7a-edicion-de-sus-premios-e-invita-a-todos-los-cuidadores-a-contar-su-historia-en-un-gran-libro-solidario\/\" \/>\n<meta property=\"og:site_name\" content=\"Asociaci\u00f3n Espa\u00f1ola S\u00edndrome de Charge\" \/>\n<meta property=\"article:publisher\" content=\"https:\/\/www.facebook.com\/asociacionsindromecharge\" \/>\n<meta property=\"article:published_time\" content=\"2021-05-14T10:39:37+00:00\" \/>\n<meta property=\"og:image\" content=\"https:\/\/sindromecharge.es\/wp-content\/uploads\/2013\/09\/logodecharge300x98.png\" \/>\n\t<meta property=\"og:image:width\" content=\"300\" \/>\n\t<meta property=\"og:image:height\" content=\"98\" \/>\n\t<meta property=\"og:image:type\" content=\"image\/png\" \/>\n<meta name=\"author\" content=\"Charge\" \/>\n<meta name=\"twitter:card\" content=\"summary_large_image\" \/>\n<meta name=\"twitter:creator\" content=\"@sindromecharge\" \/>\n<meta name=\"twitter:site\" content=\"@sindromecharge\" \/>\n<meta name=\"twitter:label1\" content=\"Escrito por\" \/>\n\t<meta name=\"twitter:data1\" content=\"Charge\" \/>\n\t<meta name=\"twitter:label2\" content=\"Tiempo de lectura\" \/>\n\t<meta name=\"twitter:data2\" content=\"4 minutos\" \/>\n<script type=\"application\/ld+json\" class=\"yoast-schema-graph\">{\"@context\":\"https:\\\/\\\/schema.org\",\"@graph\":[{\"@type\":\"Article\",\"@id\":\"https:\\\/\\\/sindromecharge.es\\\/index.php\\\/2021\\\/05\\\/14\\\/supercuidadores-lanza-la-7a-edicion-de-sus-premios-e-invita-a-todos-los-cuidadores-a-contar-su-historia-en-un-gran-libro-solidario\\\/#article\",\"isPartOf\":{\"@id\":\"https:\\\/\\\/sindromecharge.es\\\/index.php\\\/2021\\\/05\\\/14\\\/supercuidadores-lanza-la-7a-edicion-de-sus-premios-e-invita-a-todos-los-cuidadores-a-contar-su-historia-en-un-gran-libro-solidario\\\/\"},\"author\":{\"name\":\"Charge\",\"@id\":\"https:\\\/\\\/sindromecharge.es\\\/#\\\/schema\\\/person\\\/39a60ebe0a2b4d5a11179701e336b039\"},\"headline\":\"SUPERCUIDADORES lanza la 7\u00aa edici\u00f3n de sus premios e invita a todos los cuidadores a contar su historia en un gran libro solidario\",\"datePublished\":\"2021-05-14T10:39:37+00:00\",\"mainEntityOfPage\":{\"@id\":\"https:\\\/\\\/sindromecharge.es\\\/index.php\\\/2021\\\/05\\\/14\\\/supercuidadores-lanza-la-7a-edicion-de-sus-premios-e-invita-a-todos-los-cuidadores-a-contar-su-historia-en-un-gran-libro-solidario\\\/\"},\"wordCount\":862,\"commentCount\":0,\"keywords\":[\"enfermedades raras\"],\"articleSection\":[\"noticias\"],\"inLanguage\":\"es\",\"potentialAction\":[{\"@type\":\"CommentAction\",\"name\":\"Comment\",\"target\":[\"https:\\\/\\\/sindromecharge.es\\\/index.php\\\/2021\\\/05\\\/14\\\/supercuidadores-lanza-la-7a-edicion-de-sus-premios-e-invita-a-todos-los-cuidadores-a-contar-su-historia-en-un-gran-libro-solidario\\\/#respond\"]}]},{\"@type\":\"WebPage\",\"@id\":\"https:\\\/\\\/sindromecharge.es\\\/index.php\\\/2021\\\/05\\\/14\\\/supercuidadores-lanza-la-7a-edicion-de-sus-premios-e-invita-a-todos-los-cuidadores-a-contar-su-historia-en-un-gran-libro-solidario\\\/\",\"url\":\"https:\\\/\\\/sindromecharge.es\\\/index.php\\\/2021\\\/05\\\/14\\\/supercuidadores-lanza-la-7a-edicion-de-sus-premios-e-invita-a-todos-los-cuidadores-a-contar-su-historia-en-un-gran-libro-solidario\\\/\",\"name\":\"SUPERCUIDADORES lanza la 7\u00aa edici\u00f3n de sus premios e invita a todos los cuidadores a contar su historia en un gran libro solidario - Asociaci\u00f3n Espa\u00f1ola S\u00edndrome de Charge\",\"isPartOf\":{\"@id\":\"https:\\\/\\\/sindromecharge.es\\\/#website\"},\"datePublished\":\"2021-05-14T10:39:37+00:00\",\"author\":{\"@id\":\"https:\\\/\\\/sindromecharge.es\\\/#\\\/schema\\\/person\\\/39a60ebe0a2b4d5a11179701e336b039\"},\"breadcrumb\":{\"@id\":\"https:\\\/\\\/sindromecharge.es\\\/index.php\\\/2021\\\/05\\\/14\\\/supercuidadores-lanza-la-7a-edicion-de-sus-premios-e-invita-a-todos-los-cuidadores-a-contar-su-historia-en-un-gran-libro-solidario\\\/#breadcrumb\"},\"inLanguage\":\"es\",\"potentialAction\":[{\"@type\":\"ReadAction\",\"target\":[\"https:\\\/\\\/sindromecharge.es\\\/index.php\\\/2021\\\/05\\\/14\\\/supercuidadores-lanza-la-7a-edicion-de-sus-premios-e-invita-a-todos-los-cuidadores-a-contar-su-historia-en-un-gran-libro-solidario\\\/\"]}]},{\"@type\":\"BreadcrumbList\",\"@id\":\"https:\\\/\\\/sindromecharge.es\\\/index.php\\\/2021\\\/05\\\/14\\\/supercuidadores-lanza-la-7a-edicion-de-sus-premios-e-invita-a-todos-los-cuidadores-a-contar-su-historia-en-un-gran-libro-solidario\\\/#breadcrumb\",\"itemListElement\":[{\"@type\":\"ListItem\",\"position\":1,\"name\":\"Portada\",\"item\":\"https:\\\/\\\/sindromecharge.es\\\/\"},{\"@type\":\"ListItem\",\"position\":2,\"name\":\"SUPERCUIDADORES lanza la 7\u00aa edici\u00f3n de sus premios e invita a todos los cuidadores a contar su historia en un gran libro solidario\"}]},{\"@type\":\"WebSite\",\"@id\":\"https:\\\/\\\/sindromecharge.es\\\/#website\",\"url\":\"https:\\\/\\\/sindromecharge.es\\\/\",\"name\":\"Asociaci\u00f3n Espa\u00f1ola S\u00edndrome de Charge\",\"description\":\"\",\"potentialAction\":[{\"@type\":\"SearchAction\",\"target\":{\"@type\":\"EntryPoint\",\"urlTemplate\":\"https:\\\/\\\/sindromecharge.es\\\/?s={search_term_string}\"},\"query-input\":{\"@type\":\"PropertyValueSpecification\",\"valueRequired\":true,\"valueName\":\"search_term_string\"}}],\"inLanguage\":\"es\"},{\"@type\":\"Person\",\"@id\":\"https:\\\/\\\/sindromecharge.es\\\/#\\\/schema\\\/person\\\/39a60ebe0a2b4d5a11179701e336b039\",\"name\":\"Charge\",\"image\":{\"@type\":\"ImageObject\",\"inLanguage\":\"es\",\"@id\":\"https:\\\/\\\/secure.gravatar.com\\\/avatar\\\/c3b46e32a0fc3b093a0873fb767bf3293de856293065e84ef06b7ec7a8acfb98?s=96&d=identicon&r=x\",\"url\":\"https:\\\/\\\/secure.gravatar.com\\\/avatar\\\/c3b46e32a0fc3b093a0873fb767bf3293de856293065e84ef06b7ec7a8acfb98?s=96&d=identicon&r=x\",\"contentUrl\":\"https:\\\/\\\/secure.gravatar.com\\\/avatar\\\/c3b46e32a0fc3b093a0873fb767bf3293de856293065e84ef06b7ec7a8acfb98?s=96&d=identicon&r=x\",\"caption\":\"Charge\"},\"url\":\"https:\\\/\\\/sindromecharge.es\\\/index.php\\\/author\\\/admin\\\/\"}]}<\/script>\n<!-- \/ Yoast SEO plugin. -->","yoast_head_json":{"title":"SUPERCUIDADORES lanza la 7\u00aa edici\u00f3n de sus premios e invita a todos los cuidadores a contar su historia en un gran libro solidario - Asociaci\u00f3n Espa\u00f1ola S\u00edndrome de Charge","robots":{"index":"index","follow":"follow","max-snippet":"max-snippet:-1","max-image-preview":"max-image-preview:large","max-video-preview":"max-video-preview:-1"},"canonical":"https:\/\/sindromecharge.es\/index.php\/2021\/05\/14\/supercuidadores-lanza-la-7a-edicion-de-sus-premios-e-invita-a-todos-los-cuidadores-a-contar-su-historia-en-un-gran-libro-solidario\/","og_locale":"es_ES","og_type":"article","og_title":"SUPERCUIDADORES lanza la 7\u00aa edici\u00f3n de sus premios e invita a todos los cuidadores a contar su historia en un gran libro solidario - Asociaci\u00f3n Espa\u00f1ola S\u00edndrome de Charge","og_description":"Leemos en FEDER la siguiente noticia que os reproducimos de forma \u00edntegra: La compa\u00f1\u00eda de servicios y formaci\u00f3n sociosanitaria SUPERCUIDADORES, ha anunciado el lanzamiento de la s\u00e9ptima convocatoria de sus premios. Unos galardones de reconocido prestigio y amplia trayectoria, que buscan reconocer a las personas e instituciones que desarrollan labores de cuidado de otras, con [&hellip;]","og_url":"https:\/\/sindromecharge.es\/index.php\/2021\/05\/14\/supercuidadores-lanza-la-7a-edicion-de-sus-premios-e-invita-a-todos-los-cuidadores-a-contar-su-historia-en-un-gran-libro-solidario\/","og_site_name":"Asociaci\u00f3n Espa\u00f1ola S\u00edndrome de Charge","article_publisher":"https:\/\/www.facebook.com\/asociacionsindromecharge","article_published_time":"2021-05-14T10:39:37+00:00","og_image":[{"width":300,"height":98,"url":"https:\/\/sindromecharge.es\/wp-content\/uploads\/2013\/09\/logodecharge300x98.png","type":"image\/png"}],"author":"Charge","twitter_card":"summary_large_image","twitter_creator":"@sindromecharge","twitter_site":"@sindromecharge","twitter_misc":{"Escrito por":"Charge","Tiempo de lectura":"4 minutos"},"schema":{"@context":"https:\/\/schema.org","@graph":[{"@type":"Article","@id":"https:\/\/sindromecharge.es\/index.php\/2021\/05\/14\/supercuidadores-lanza-la-7a-edicion-de-sus-premios-e-invita-a-todos-los-cuidadores-a-contar-su-historia-en-un-gran-libro-solidario\/#article","isPartOf":{"@id":"https:\/\/sindromecharge.es\/index.php\/2021\/05\/14\/supercuidadores-lanza-la-7a-edicion-de-sus-premios-e-invita-a-todos-los-cuidadores-a-contar-su-historia-en-un-gran-libro-solidario\/"},"author":{"name":"Charge","@id":"https:\/\/sindromecharge.es\/#\/schema\/person\/39a60ebe0a2b4d5a11179701e336b039"},"headline":"SUPERCUIDADORES lanza la 7\u00aa edici\u00f3n de sus premios e invita a todos los cuidadores a contar su historia en un gran libro solidario","datePublished":"2021-05-14T10:39:37+00:00","mainEntityOfPage":{"@id":"https:\/\/sindromecharge.es\/index.php\/2021\/05\/14\/supercuidadores-lanza-la-7a-edicion-de-sus-premios-e-invita-a-todos-los-cuidadores-a-contar-su-historia-en-un-gran-libro-solidario\/"},"wordCount":862,"commentCount":0,"keywords":["enfermedades raras"],"articleSection":["noticias"],"inLanguage":"es","potentialAction":[{"@type":"CommentAction","name":"Comment","target":["https:\/\/sindromecharge.es\/index.php\/2021\/05\/14\/supercuidadores-lanza-la-7a-edicion-de-sus-premios-e-invita-a-todos-los-cuidadores-a-contar-su-historia-en-un-gran-libro-solidario\/#respond"]}]},{"@type":"WebPage","@id":"https:\/\/sindromecharge.es\/index.php\/2021\/05\/14\/supercuidadores-lanza-la-7a-edicion-de-sus-premios-e-invita-a-todos-los-cuidadores-a-contar-su-historia-en-un-gran-libro-solidario\/","url":"https:\/\/sindromecharge.es\/index.php\/2021\/05\/14\/supercuidadores-lanza-la-7a-edicion-de-sus-premios-e-invita-a-todos-los-cuidadores-a-contar-su-historia-en-un-gran-libro-solidario\/","name":"SUPERCUIDADORES lanza la 7\u00aa edici\u00f3n de sus premios e invita a todos los cuidadores a contar su historia en un gran libro solidario - Asociaci\u00f3n Espa\u00f1ola S\u00edndrome de Charge","isPartOf":{"@id":"https:\/\/sindromecharge.es\/#website"},"datePublished":"2021-05-14T10:39:37+00:00","author":{"@id":"https:\/\/sindromecharge.es\/#\/schema\/person\/39a60ebe0a2b4d5a11179701e336b039"},"breadcrumb":{"@id":"https:\/\/sindromecharge.es\/index.php\/2021\/05\/14\/supercuidadores-lanza-la-7a-edicion-de-sus-premios-e-invita-a-todos-los-cuidadores-a-contar-su-historia-en-un-gran-libro-solidario\/#breadcrumb"},"inLanguage":"es","potentialAction":[{"@type":"ReadAction","target":["https:\/\/sindromecharge.es\/index.php\/2021\/05\/14\/supercuidadores-lanza-la-7a-edicion-de-sus-premios-e-invita-a-todos-los-cuidadores-a-contar-su-historia-en-un-gran-libro-solidario\/"]}]},{"@type":"BreadcrumbList","@id":"https:\/\/sindromecharge.es\/index.php\/2021\/05\/14\/supercuidadores-lanza-la-7a-edicion-de-sus-premios-e-invita-a-todos-los-cuidadores-a-contar-su-historia-en-un-gran-libro-solidario\/#breadcrumb","itemListElement":[{"@type":"ListItem","position":1,"name":"Portada","item":"https:\/\/sindromecharge.es\/"},{"@type":"ListItem","position":2,"name":"SUPERCUIDADORES lanza la 7\u00aa edici\u00f3n de sus premios e invita a todos los cuidadores a contar su historia en un gran libro solidario"}]},{"@type":"WebSite","@id":"https:\/\/sindromecharge.es\/#website","url":"https:\/\/sindromecharge.es\/","name":"Asociaci\u00f3n Espa\u00f1ola S\u00edndrome de Charge","description":"","potentialAction":[{"@type":"SearchAction","target":{"@type":"EntryPoint","urlTemplate":"https:\/\/sindromecharge.es\/?s={search_term_string}"},"query-input":{"@type":"PropertyValueSpecification","valueRequired":true,"valueName":"search_term_string"}}],"inLanguage":"es"},{"@type":"Person","@id":"https:\/\/sindromecharge.es\/#\/schema\/person\/39a60ebe0a2b4d5a11179701e336b039","name":"Charge","image":{"@type":"ImageObject","inLanguage":"es","@id":"https:\/\/secure.gravatar.com\/avatar\/c3b46e32a0fc3b093a0873fb767bf3293de856293065e84ef06b7ec7a8acfb98?s=96&d=identicon&r=x","url":"https:\/\/secure.gravatar.com\/avatar\/c3b46e32a0fc3b093a0873fb767bf3293de856293065e84ef06b7ec7a8acfb98?s=96&d=identicon&r=x","contentUrl":"https:\/\/secure.gravatar.com\/avatar\/c3b46e32a0fc3b093a0873fb767bf3293de856293065e84ef06b7ec7a8acfb98?s=96&d=identicon&r=x","caption":"Charge"},"url":"https:\/\/sindromecharge.es\/index.php\/author\/admin\/"}]}},"_links":{"self":[{"href":"https:\/\/sindromecharge.es\/index.php\/wp-json\/wp\/v2\/posts\/7171","targetHints":{"allow":["GET"]}}],"collection":[{"href":"https:\/\/sindromecharge.es\/index.php\/wp-json\/wp\/v2\/posts"}],"about":[{"href":"https:\/\/sindromecharge.es\/index.php\/wp-json\/wp\/v2\/types\/post"}],"author":[{"embeddable":true,"href":"https:\/\/sindromecharge.es\/index.php\/wp-json\/wp\/v2\/users\/1"}],"replies":[{"embeddable":true,"href":"https:\/\/sindromecharge.es\/index.php\/wp-json\/wp\/v2\/comments?post=7171"}],"version-history":[{"count":0,"href":"https:\/\/sindromecharge.es\/index.php\/wp-json\/wp\/v2\/posts\/7171\/revisions"}],"wp:attachment":[{"href":"https:\/\/sindromecharge.es\/index.php\/wp-json\/wp\/v2\/media?parent=7171"}],"wp:term":[{"taxonomy":"category","embeddable":true,"href":"https:\/\/sindromecharge.es\/index.php\/wp-json\/wp\/v2\/categories?post=7171"},{"taxonomy":"post_tag","embeddable":true,"href":"https:\/\/sindromecharge.es\/index.php\/wp-json\/wp\/v2\/tags?post=7171"}],"curies":[{"name":"wp","href":"https:\/\/api.w.org\/{rel}","templated":true}]}}