{"id":7169,"date":"2021-05-14T08:00:55","date_gmt":"2021-05-14T08:00:55","guid":{"rendered":"https:\/\/sindromecharge.es\/index.php\/2021\/05\/14\/ivan-corazon-luchador\/"},"modified":"2021-05-14T08:00:55","modified_gmt":"2021-05-14T08:00:55","slug":"ivan-corazon-luchador","status":"publish","type":"post","link":"https:\/\/sindromecharge.es\/index.php\/2021\/05\/14\/ivan-corazon-luchador\/","title":{"rendered":"Iv\u00e1n, coraz\u00f3n luchador"},"content":{"rendered":"<p>Leemos en Menudos Corazones la siguiente noticia que os reproducimos de forma \u00edntegra: <\/p>\n<p>Todo empez\u00f3 con una palabra que muchas personas que tenemos cardiopat\u00eda queremos evitar pronunciar: trasplante. Me hicieron las pruebas necesarias en febrero de 2018 y a lo largo diez meses y diez d\u00edas estuve esperando a que llegara el momento en que pasase de ser solo eso, una palabra, a convertirse en una realidad. Fueron un total de <strong>7.540 horas en las que tuve que estar permanentemente localizable<\/strong> por si, al fin, hab\u00eda un nuevo coraz\u00f3n para m\u00ed.<\/p>\n<figure id=\"attachment_28947\" aria-describedby=\"caption-attachment-28947\" style=\"width: 457px\" class=\"wp-caption aligncenter\"><img loading=\"lazy\" decoding=\"async\" class=\"wp-image-28947 \" src=\"https:\/\/www.menudoscorazones.org\/wp-content\/uploads\/2021\/05\/Ivan-y-su-abuelo.jpg\" alt=\"\" width=\"457\" height=\"408\" \/><figcaption id=\"caption-attachment-28947\" class=\"wp-caption-text\">Con su abuelo.<\/figcaption><\/figure>\n<h3>La cuenta atr\u00e1s<\/h3>\n<p>Lo malo era ir tachando cada d\u00eda en el calendario; y despu\u00e9s uno y otro mes, que pon\u00eda de un color distinto en esta cuenta atr\u00e1s. Empec\u00e9 a quedarme en casa, dej\u00e9 de juntarme con algunas personas, perd\u00ed a otras\u2026 Lloraba cada dos por tres y ten\u00eda cambios de humor, depresi\u00f3n, ansiedad\u2026 Incluso sufr\u00ed bloqueos en redes sociales como WhatsApp o Instagram, dej\u00e9 de boxear y de ir al gimnasio durante un tiempo. <strong>Esa es la realidad de la espera de un trasplante,<\/strong> al menos la que yo viv\u00ed; incluso despu\u00e9s.<\/p>\n<p><strong>El deporte fue muy importante para m\u00ed<\/strong> en la preparaci\u00f3n para el trasplante y en la posterior rehabilitaci\u00f3n. Antes de la operaci\u00f3n, me dediqu\u00e9 a realizar boxeo y ejercicios de levantamiento de pesas, m\u00e1quinas de esfuerzo f\u00edsico\u2026 Los m\u00e9dicos me animaban a seguir haci\u00e9ndolo. A los dos meses de la intervenci\u00f3n, volv\u00ed a hacer deporte: pesas, bici y algo de correr; y en el cuarto y quinto mes, empec\u00e9 a practicar defensa personal y otros ejercicios f\u00edsicos para afrontar mejor la rehabilitaci\u00f3n.<\/p>\n<h3>La llamada<\/h3>\n<p><strong>Tu cabeza se queda bloqueada ese d\u00eda,<\/strong> el d\u00eda en que recibes la llamada en que te dicen que todo est\u00e1 listo para el trasplante y vas al hospital para la intervenci\u00f3n. Yo la recib\u00ed a las 18:47 y a los pocos minutos me estaba enfrentando a mi \u00faltima gran batalla.<\/p>\n<p>En esos instantes, la sensaci\u00f3n es rara; se mezclan varios sentimientos y sensaciones: <strong>ganas de llorar, nervios, aceleramiento\u2026 y tambi\u00e9n ganas de re\u00edr.<\/strong><\/p>\n<p>Antes de entrar a quir\u00f3fano bes\u00e9 mi pulsera de la asociaci\u00f3n Jusapol, donde me conocen como \u201cIv\u00e1n, Coraz\u00f3n Jusapolero\u201d, con la frase: \u201cProhibido rendirse\u201d.<\/p>\n<figure id=\"attachment_28949\" aria-describedby=\"caption-attachment-28949\" style=\"width: 300px\" class=\"wp-caption aligncenter\"><img loading=\"lazy\" decoding=\"async\" class=\"size-medium wp-image-28949\" src=\"https:\/\/www.menudoscorazones.org\/wp-content\/uploads\/2021\/05\/Ivan-y-Jandro-300x235.jpg\" alt=\"\" width=\"300\" height=\"235\" \/><figcaption id=\"caption-attachment-28949\" class=\"wp-caption-text\">Con Jandro Lion.<\/figcaption><\/figure>\n<h3>Despu\u00e9s de la gran batalla<\/h3>\n<p>Tan solo dos semanas despu\u00e9s del trasplante, <strong>me dieron el alta del Hospital Gregorio Mara\u00f1\u00f3n<\/strong> (Madrid). Pocos d\u00edas despu\u00e9s fui al \u00e1rea materno-infantil a visitar a otro guerrero que hab\u00eda pasado por lo mismo: le dije que era un superh\u00e9roe y que pod\u00eda superarlo.<\/p>\n<p>Por <strong>superar esta gran batalla<\/strong> recib\u00ed en 2019 la <strong>segunda condecoraci\u00f3n<\/strong> de la Asociaci\u00f3n Santos \u00c1ngeles Custodios a la que pertenezco desde el 23 de marzo de 2017. En aquel momento, con 19 a\u00f1os, me nombraron \u00c1ngel Custodio, entrando a formar parte de la junta directiva y convirti\u00e9ndome en <strong>su miembro m\u00e1s joven<\/strong> y en el \u00fanico con cardiopat\u00eda cong\u00e9nita de su historia.<\/p>\n<p><a href='https:\/\/www.menudoscorazones.org\/2021\/ivan-corazon-luchador\/ivan_\/'><img loading=\"lazy\" decoding=\"async\" width=\"173\" height=\"300\" src=\"https:\/\/www.menudoscorazones.org\/wp-content\/uploads\/2021\/05\/Ivan_-173x300.jpg\" class=\"attachment-medium size-medium\" alt=\"\" \/><\/a><br \/>\n<a href='https:\/\/www.menudoscorazones.org\/2021\/ivan-corazon-luchador\/ivan-y-el-dr-maroto-en-2018\/'><img loading=\"lazy\" decoding=\"async\" width=\"218\" height=\"300\" src=\"https:\/\/www.menudoscorazones.org\/wp-content\/uploads\/2021\/05\/Ivan-y-el-Dr.-Maroto-en-2018-218x300.jpg\" class=\"attachment-medium size-medium\" alt=\"\" \/><\/a><br \/>\n<a href='https:\/\/www.menudoscorazones.org\/2021\/ivan-corazon-luchador\/ivan-y-su-madre\/'><img loading=\"lazy\" decoding=\"async\" width=\"164\" height=\"300\" src=\"https:\/\/www.menudoscorazones.org\/wp-content\/uploads\/2021\/05\/Ivan-y-su-madre-164x300.jpg\" class=\"attachment-medium size-medium\" alt=\"\" \/><\/a><\/p>\n<p>En circunstancias como estas te das cuenta de <strong>qui\u00e9nes est\u00e1n contigo en la vida,<\/strong> \u00a1hasta los que menos te lo esperas! Y tambi\u00e9n de qui\u00e9nes no lo est\u00e1n.<\/p>\n<p>Actualmente, me encuentro bien, aunque en ocasiones tengo temblores por los medicamentos. He recuperado las ganas de hacer cosas y he vuelto a ser feliz. Las restricciones por la covid-19 no me han resultado tan duras porque<strong> ya hab\u00eda vivido situaciones de aislamiento previas en el hospital.<\/strong><\/p>\n<figure id=\"attachment_28945\" aria-describedby=\"caption-attachment-28945\" style=\"width: 380px\" class=\"wp-caption aligncenter\"><img loading=\"lazy\" decoding=\"async\" class=\"wp-image-28945 \" src=\"https:\/\/www.menudoscorazones.org\/wp-content\/uploads\/2021\/05\/Ivan-en-mayo-2021-597x1024.jpg\" alt=\"\" width=\"380\" height=\"652\" \/><figcaption id=\"caption-attachment-28945\" class=\"wp-caption-text\">Iv\u00e1n, en mayo de 2021<\/figcaption><\/figure>\n<p><strong>Estoy orgulloso de mis cicatrices y de haber luchado hasta el final con la cabeza bien alta.<\/strong> Si algo puedo decir a mis 23 a\u00f1os de edad es que cada persona ha de afrontar sus propias guerras. Esta fue la m\u00eda y, en la tuya, recuerda: no luchas solo.<\/p>\n<h3>\u00a1Gracias!<\/h3>\n<p><strong>Quiero agradecer<\/strong> a mi madre, Pilar Ad\u00e1n, a mi familia, a mis amigos de Pasar\u00f3n de la Vera (C\u00e1ceres) que, en la distancia, me apoyaron; as\u00ed como a los conocidos y compa\u00f1eros del trabajo de mi padre, a los miembros de la Asociaci\u00f3n \u00c1ngeles Custodios y de la plataforma Jusapol; a Jandro Lion, al cardi\u00f3logo Enrique Maroto; y a Menudos Corazones por el apoyo psicol\u00f3gico de Ana Bel\u00e9n. Y, por supuesto, a la familia que autoriz\u00f3 la donaci\u00f3n del coraz\u00f3n que ahora late dentro de m\u00ed.<\/p>\n<p><strong>Iv\u00e1n<\/strong><\/p>\n<p><em>Mayo de 2021<\/em><\/p>\n<p>&nbsp;<\/p>\n<p>&nbsp;<\/p>\n<p><em><span style=\"text-decoration: line-through\">\u00a0<\/span><\/em><\/p>\n<p>&nbsp;<\/p>\n<p>La entrada <a rel=\"nofollow\" href=\"https:\/\/www.menudoscorazones.org\/2021\/ivan-corazon-luchador\/\">Iv\u00e1n, coraz\u00f3n luchador<\/a> aparece primero en <a rel=\"nofollow\" href=\"https:\/\/www.menudoscorazones.org\">Menudos Corazones<\/a>.<\/p>\n<p>Fuente: Menudos Corazones <a href=\"https:\/\/www.menudoscorazones.org\/2021\/ivan-corazon-luchador\/\" target=\"_blank\" rel=\"noopener\">Iv\u00e1n, coraz\u00f3n luchador<\/a><\/p>\n","protected":false},"excerpt":{"rendered":"<p>Leemos en Menudos Corazones la siguiente noticia que os reproducimos de forma \u00edntegra: Todo empez\u00f3 con una palabra que muchas personas que tenemos cardiopat\u00eda queremos evitar pronunciar: trasplante. Me hicieron las pruebas necesarias en febrero de 2018 y a lo largo diez meses y diez d\u00edas estuve esperando a que llegara el momento en que [&hellip;]<\/p>\n","protected":false},"author":1,"featured_media":0,"comment_status":"open","ping_status":"closed","sticky":false,"template":"","format":"standard","meta":{"footnotes":""},"categories":[8],"tags":[113],"class_list":["post-7169","post","type-post","status-publish","format-standard","hentry","category-noticias","tag-corazon"],"yoast_head":"<!-- This site is optimized with the Yoast SEO plugin v27.5 - https:\/\/yoast.com\/product\/yoast-seo-wordpress\/ -->\n<title>Iv\u00e1n, coraz\u00f3n luchador - Asociaci\u00f3n Espa\u00f1ola S\u00edndrome de Charge<\/title>\n<meta name=\"robots\" content=\"index, follow, max-snippet:-1, max-image-preview:large, max-video-preview:-1\" \/>\n<link rel=\"canonical\" href=\"https:\/\/sindromecharge.es\/index.php\/2021\/05\/14\/ivan-corazon-luchador\/\" \/>\n<meta property=\"og:locale\" content=\"es_ES\" \/>\n<meta property=\"og:type\" content=\"article\" \/>\n<meta property=\"og:title\" content=\"Iv\u00e1n, coraz\u00f3n luchador - Asociaci\u00f3n Espa\u00f1ola S\u00edndrome de Charge\" \/>\n<meta property=\"og:description\" content=\"Leemos en Menudos Corazones la siguiente noticia que os reproducimos de forma \u00edntegra: Todo empez\u00f3 con una palabra que muchas personas que tenemos cardiopat\u00eda queremos evitar pronunciar: trasplante. Me hicieron las pruebas necesarias en febrero de 2018 y a lo largo diez meses y diez d\u00edas estuve esperando a que llegara el momento en que [&hellip;]\" \/>\n<meta property=\"og:url\" content=\"https:\/\/sindromecharge.es\/index.php\/2021\/05\/14\/ivan-corazon-luchador\/\" \/>\n<meta property=\"og:site_name\" content=\"Asociaci\u00f3n Espa\u00f1ola S\u00edndrome de Charge\" \/>\n<meta property=\"article:publisher\" content=\"https:\/\/www.facebook.com\/asociacionsindromecharge\" \/>\n<meta property=\"article:published_time\" content=\"2021-05-14T08:00:55+00:00\" \/>\n<meta property=\"og:image\" content=\"https:\/\/www.menudoscorazones.org\/wp-content\/uploads\/2021\/05\/Ivan-y-su-abuelo.jpg\" \/>\n<meta name=\"author\" content=\"Charge\" \/>\n<meta name=\"twitter:card\" content=\"summary_large_image\" \/>\n<meta name=\"twitter:creator\" content=\"@sindromecharge\" \/>\n<meta name=\"twitter:site\" content=\"@sindromecharge\" \/>\n<meta name=\"twitter:label1\" content=\"Escrito por\" \/>\n\t<meta name=\"twitter:data1\" content=\"Charge\" \/>\n\t<meta name=\"twitter:label2\" content=\"Tiempo de lectura\" \/>\n\t<meta name=\"twitter:data2\" content=\"4 minutos\" \/>\n<script type=\"application\/ld+json\" class=\"yoast-schema-graph\">{\"@context\":\"https:\\\/\\\/schema.org\",\"@graph\":[{\"@type\":\"Article\",\"@id\":\"https:\\\/\\\/sindromecharge.es\\\/index.php\\\/2021\\\/05\\\/14\\\/ivan-corazon-luchador\\\/#article\",\"isPartOf\":{\"@id\":\"https:\\\/\\\/sindromecharge.es\\\/index.php\\\/2021\\\/05\\\/14\\\/ivan-corazon-luchador\\\/\"},\"author\":{\"name\":\"Charge\",\"@id\":\"https:\\\/\\\/sindromecharge.es\\\/#\\\/schema\\\/person\\\/39a60ebe0a2b4d5a11179701e336b039\"},\"headline\":\"Iv\u00e1n, coraz\u00f3n luchador\",\"datePublished\":\"2021-05-14T08:00:55+00:00\",\"mainEntityOfPage\":{\"@id\":\"https:\\\/\\\/sindromecharge.es\\\/index.php\\\/2021\\\/05\\\/14\\\/ivan-corazon-luchador\\\/\"},\"wordCount\":790,\"commentCount\":0,\"image\":{\"@id\":\"https:\\\/\\\/sindromecharge.es\\\/index.php\\\/2021\\\/05\\\/14\\\/ivan-corazon-luchador\\\/#primaryimage\"},\"thumbnailUrl\":\"https:\\\/\\\/www.menudoscorazones.org\\\/wp-content\\\/uploads\\\/2021\\\/05\\\/Ivan-y-su-abuelo.jpg\",\"keywords\":[\"corazon\"],\"articleSection\":[\"noticias\"],\"inLanguage\":\"es\",\"potentialAction\":[{\"@type\":\"CommentAction\",\"name\":\"Comment\",\"target\":[\"https:\\\/\\\/sindromecharge.es\\\/index.php\\\/2021\\\/05\\\/14\\\/ivan-corazon-luchador\\\/#respond\"]}]},{\"@type\":\"WebPage\",\"@id\":\"https:\\\/\\\/sindromecharge.es\\\/index.php\\\/2021\\\/05\\\/14\\\/ivan-corazon-luchador\\\/\",\"url\":\"https:\\\/\\\/sindromecharge.es\\\/index.php\\\/2021\\\/05\\\/14\\\/ivan-corazon-luchador\\\/\",\"name\":\"Iv\u00e1n, coraz\u00f3n luchador - Asociaci\u00f3n Espa\u00f1ola S\u00edndrome de Charge\",\"isPartOf\":{\"@id\":\"https:\\\/\\\/sindromecharge.es\\\/#website\"},\"primaryImageOfPage\":{\"@id\":\"https:\\\/\\\/sindromecharge.es\\\/index.php\\\/2021\\\/05\\\/14\\\/ivan-corazon-luchador\\\/#primaryimage\"},\"image\":{\"@id\":\"https:\\\/\\\/sindromecharge.es\\\/index.php\\\/2021\\\/05\\\/14\\\/ivan-corazon-luchador\\\/#primaryimage\"},\"thumbnailUrl\":\"https:\\\/\\\/www.menudoscorazones.org\\\/wp-content\\\/uploads\\\/2021\\\/05\\\/Ivan-y-su-abuelo.jpg\",\"datePublished\":\"2021-05-14T08:00:55+00:00\",\"author\":{\"@id\":\"https:\\\/\\\/sindromecharge.es\\\/#\\\/schema\\\/person\\\/39a60ebe0a2b4d5a11179701e336b039\"},\"breadcrumb\":{\"@id\":\"https:\\\/\\\/sindromecharge.es\\\/index.php\\\/2021\\\/05\\\/14\\\/ivan-corazon-luchador\\\/#breadcrumb\"},\"inLanguage\":\"es\",\"potentialAction\":[{\"@type\":\"ReadAction\",\"target\":[\"https:\\\/\\\/sindromecharge.es\\\/index.php\\\/2021\\\/05\\\/14\\\/ivan-corazon-luchador\\\/\"]}]},{\"@type\":\"ImageObject\",\"inLanguage\":\"es\",\"@id\":\"https:\\\/\\\/sindromecharge.es\\\/index.php\\\/2021\\\/05\\\/14\\\/ivan-corazon-luchador\\\/#primaryimage\",\"url\":\"https:\\\/\\\/www.menudoscorazones.org\\\/wp-content\\\/uploads\\\/2021\\\/05\\\/Ivan-y-su-abuelo.jpg\",\"contentUrl\":\"https:\\\/\\\/www.menudoscorazones.org\\\/wp-content\\\/uploads\\\/2021\\\/05\\\/Ivan-y-su-abuelo.jpg\"},{\"@type\":\"BreadcrumbList\",\"@id\":\"https:\\\/\\\/sindromecharge.es\\\/index.php\\\/2021\\\/05\\\/14\\\/ivan-corazon-luchador\\\/#breadcrumb\",\"itemListElement\":[{\"@type\":\"ListItem\",\"position\":1,\"name\":\"Portada\",\"item\":\"https:\\\/\\\/sindromecharge.es\\\/\"},{\"@type\":\"ListItem\",\"position\":2,\"name\":\"Iv\u00e1n, coraz\u00f3n luchador\"}]},{\"@type\":\"WebSite\",\"@id\":\"https:\\\/\\\/sindromecharge.es\\\/#website\",\"url\":\"https:\\\/\\\/sindromecharge.es\\\/\",\"name\":\"Asociaci\u00f3n Espa\u00f1ola S\u00edndrome de Charge\",\"description\":\"\",\"potentialAction\":[{\"@type\":\"SearchAction\",\"target\":{\"@type\":\"EntryPoint\",\"urlTemplate\":\"https:\\\/\\\/sindromecharge.es\\\/?s={search_term_string}\"},\"query-input\":{\"@type\":\"PropertyValueSpecification\",\"valueRequired\":true,\"valueName\":\"search_term_string\"}}],\"inLanguage\":\"es\"},{\"@type\":\"Person\",\"@id\":\"https:\\\/\\\/sindromecharge.es\\\/#\\\/schema\\\/person\\\/39a60ebe0a2b4d5a11179701e336b039\",\"name\":\"Charge\",\"image\":{\"@type\":\"ImageObject\",\"inLanguage\":\"es\",\"@id\":\"https:\\\/\\\/secure.gravatar.com\\\/avatar\\\/c3b46e32a0fc3b093a0873fb767bf3293de856293065e84ef06b7ec7a8acfb98?s=96&d=identicon&r=x\",\"url\":\"https:\\\/\\\/secure.gravatar.com\\\/avatar\\\/c3b46e32a0fc3b093a0873fb767bf3293de856293065e84ef06b7ec7a8acfb98?s=96&d=identicon&r=x\",\"contentUrl\":\"https:\\\/\\\/secure.gravatar.com\\\/avatar\\\/c3b46e32a0fc3b093a0873fb767bf3293de856293065e84ef06b7ec7a8acfb98?s=96&d=identicon&r=x\",\"caption\":\"Charge\"},\"url\":\"https:\\\/\\\/sindromecharge.es\\\/index.php\\\/author\\\/admin\\\/\"}]}<\/script>\n<!-- \/ Yoast SEO plugin. -->","yoast_head_json":{"title":"Iv\u00e1n, coraz\u00f3n luchador - Asociaci\u00f3n Espa\u00f1ola S\u00edndrome de Charge","robots":{"index":"index","follow":"follow","max-snippet":"max-snippet:-1","max-image-preview":"max-image-preview:large","max-video-preview":"max-video-preview:-1"},"canonical":"https:\/\/sindromecharge.es\/index.php\/2021\/05\/14\/ivan-corazon-luchador\/","og_locale":"es_ES","og_type":"article","og_title":"Iv\u00e1n, coraz\u00f3n luchador - Asociaci\u00f3n Espa\u00f1ola S\u00edndrome de Charge","og_description":"Leemos en Menudos Corazones la siguiente noticia que os reproducimos de forma \u00edntegra: Todo empez\u00f3 con una palabra que muchas personas que tenemos cardiopat\u00eda queremos evitar pronunciar: trasplante. Me hicieron las pruebas necesarias en febrero de 2018 y a lo largo diez meses y diez d\u00edas estuve esperando a que llegara el momento en que [&hellip;]","og_url":"https:\/\/sindromecharge.es\/index.php\/2021\/05\/14\/ivan-corazon-luchador\/","og_site_name":"Asociaci\u00f3n Espa\u00f1ola S\u00edndrome de Charge","article_publisher":"https:\/\/www.facebook.com\/asociacionsindromecharge","article_published_time":"2021-05-14T08:00:55+00:00","og_image":[{"url":"https:\/\/www.menudoscorazones.org\/wp-content\/uploads\/2021\/05\/Ivan-y-su-abuelo.jpg","type":"","width":"","height":""}],"author":"Charge","twitter_card":"summary_large_image","twitter_creator":"@sindromecharge","twitter_site":"@sindromecharge","twitter_misc":{"Escrito por":"Charge","Tiempo de lectura":"4 minutos"},"schema":{"@context":"https:\/\/schema.org","@graph":[{"@type":"Article","@id":"https:\/\/sindromecharge.es\/index.php\/2021\/05\/14\/ivan-corazon-luchador\/#article","isPartOf":{"@id":"https:\/\/sindromecharge.es\/index.php\/2021\/05\/14\/ivan-corazon-luchador\/"},"author":{"name":"Charge","@id":"https:\/\/sindromecharge.es\/#\/schema\/person\/39a60ebe0a2b4d5a11179701e336b039"},"headline":"Iv\u00e1n, coraz\u00f3n luchador","datePublished":"2021-05-14T08:00:55+00:00","mainEntityOfPage":{"@id":"https:\/\/sindromecharge.es\/index.php\/2021\/05\/14\/ivan-corazon-luchador\/"},"wordCount":790,"commentCount":0,"image":{"@id":"https:\/\/sindromecharge.es\/index.php\/2021\/05\/14\/ivan-corazon-luchador\/#primaryimage"},"thumbnailUrl":"https:\/\/www.menudoscorazones.org\/wp-content\/uploads\/2021\/05\/Ivan-y-su-abuelo.jpg","keywords":["corazon"],"articleSection":["noticias"],"inLanguage":"es","potentialAction":[{"@type":"CommentAction","name":"Comment","target":["https:\/\/sindromecharge.es\/index.php\/2021\/05\/14\/ivan-corazon-luchador\/#respond"]}]},{"@type":"WebPage","@id":"https:\/\/sindromecharge.es\/index.php\/2021\/05\/14\/ivan-corazon-luchador\/","url":"https:\/\/sindromecharge.es\/index.php\/2021\/05\/14\/ivan-corazon-luchador\/","name":"Iv\u00e1n, coraz\u00f3n luchador - Asociaci\u00f3n Espa\u00f1ola S\u00edndrome de Charge","isPartOf":{"@id":"https:\/\/sindromecharge.es\/#website"},"primaryImageOfPage":{"@id":"https:\/\/sindromecharge.es\/index.php\/2021\/05\/14\/ivan-corazon-luchador\/#primaryimage"},"image":{"@id":"https:\/\/sindromecharge.es\/index.php\/2021\/05\/14\/ivan-corazon-luchador\/#primaryimage"},"thumbnailUrl":"https:\/\/www.menudoscorazones.org\/wp-content\/uploads\/2021\/05\/Ivan-y-su-abuelo.jpg","datePublished":"2021-05-14T08:00:55+00:00","author":{"@id":"https:\/\/sindromecharge.es\/#\/schema\/person\/39a60ebe0a2b4d5a11179701e336b039"},"breadcrumb":{"@id":"https:\/\/sindromecharge.es\/index.php\/2021\/05\/14\/ivan-corazon-luchador\/#breadcrumb"},"inLanguage":"es","potentialAction":[{"@type":"ReadAction","target":["https:\/\/sindromecharge.es\/index.php\/2021\/05\/14\/ivan-corazon-luchador\/"]}]},{"@type":"ImageObject","inLanguage":"es","@id":"https:\/\/sindromecharge.es\/index.php\/2021\/05\/14\/ivan-corazon-luchador\/#primaryimage","url":"https:\/\/www.menudoscorazones.org\/wp-content\/uploads\/2021\/05\/Ivan-y-su-abuelo.jpg","contentUrl":"https:\/\/www.menudoscorazones.org\/wp-content\/uploads\/2021\/05\/Ivan-y-su-abuelo.jpg"},{"@type":"BreadcrumbList","@id":"https:\/\/sindromecharge.es\/index.php\/2021\/05\/14\/ivan-corazon-luchador\/#breadcrumb","itemListElement":[{"@type":"ListItem","position":1,"name":"Portada","item":"https:\/\/sindromecharge.es\/"},{"@type":"ListItem","position":2,"name":"Iv\u00e1n, coraz\u00f3n luchador"}]},{"@type":"WebSite","@id":"https:\/\/sindromecharge.es\/#website","url":"https:\/\/sindromecharge.es\/","name":"Asociaci\u00f3n Espa\u00f1ola S\u00edndrome de Charge","description":"","potentialAction":[{"@type":"SearchAction","target":{"@type":"EntryPoint","urlTemplate":"https:\/\/sindromecharge.es\/?s={search_term_string}"},"query-input":{"@type":"PropertyValueSpecification","valueRequired":true,"valueName":"search_term_string"}}],"inLanguage":"es"},{"@type":"Person","@id":"https:\/\/sindromecharge.es\/#\/schema\/person\/39a60ebe0a2b4d5a11179701e336b039","name":"Charge","image":{"@type":"ImageObject","inLanguage":"es","@id":"https:\/\/secure.gravatar.com\/avatar\/c3b46e32a0fc3b093a0873fb767bf3293de856293065e84ef06b7ec7a8acfb98?s=96&d=identicon&r=x","url":"https:\/\/secure.gravatar.com\/avatar\/c3b46e32a0fc3b093a0873fb767bf3293de856293065e84ef06b7ec7a8acfb98?s=96&d=identicon&r=x","contentUrl":"https:\/\/secure.gravatar.com\/avatar\/c3b46e32a0fc3b093a0873fb767bf3293de856293065e84ef06b7ec7a8acfb98?s=96&d=identicon&r=x","caption":"Charge"},"url":"https:\/\/sindromecharge.es\/index.php\/author\/admin\/"}]}},"_links":{"self":[{"href":"https:\/\/sindromecharge.es\/index.php\/wp-json\/wp\/v2\/posts\/7169","targetHints":{"allow":["GET"]}}],"collection":[{"href":"https:\/\/sindromecharge.es\/index.php\/wp-json\/wp\/v2\/posts"}],"about":[{"href":"https:\/\/sindromecharge.es\/index.php\/wp-json\/wp\/v2\/types\/post"}],"author":[{"embeddable":true,"href":"https:\/\/sindromecharge.es\/index.php\/wp-json\/wp\/v2\/users\/1"}],"replies":[{"embeddable":true,"href":"https:\/\/sindromecharge.es\/index.php\/wp-json\/wp\/v2\/comments?post=7169"}],"version-history":[{"count":0,"href":"https:\/\/sindromecharge.es\/index.php\/wp-json\/wp\/v2\/posts\/7169\/revisions"}],"wp:attachment":[{"href":"https:\/\/sindromecharge.es\/index.php\/wp-json\/wp\/v2\/media?parent=7169"}],"wp:term":[{"taxonomy":"category","embeddable":true,"href":"https:\/\/sindromecharge.es\/index.php\/wp-json\/wp\/v2\/categories?post=7169"},{"taxonomy":"post_tag","embeddable":true,"href":"https:\/\/sindromecharge.es\/index.php\/wp-json\/wp\/v2\/tags?post=7169"}],"curies":[{"name":"wp","href":"https:\/\/api.w.org\/{rel}","templated":true}]}}