{"id":7168,"date":"2021-05-14T08:45:43","date_gmt":"2021-05-14T08:45:43","guid":{"rendered":"https:\/\/sindromecharge.es\/index.php\/2021\/05\/14\/nos-sumamos-a-un-fin-de-semana-donde-la-esperanza-y-la-concienciacion-son-las-protagonistas\/"},"modified":"2021-05-14T08:45:43","modified_gmt":"2021-05-14T08:45:43","slug":"nos-sumamos-a-un-fin-de-semana-donde-la-esperanza-y-la-concienciacion-son-las-protagonistas","status":"publish","type":"post","link":"https:\/\/sindromecharge.es\/index.php\/2021\/05\/14\/nos-sumamos-a-un-fin-de-semana-donde-la-esperanza-y-la-concienciacion-son-las-protagonistas\/","title":{"rendered":"Nos sumamos a un fin de semana donde la esperanza y la concienciaci\u00f3n son las protagonistas"},"content":{"rendered":"<p>Leemos en FEDER la siguiente noticia que os reproducimos de forma \u00edntegra: <\/p>\n<p>&nbsp;<\/p>\n<p>La Federaci\u00f3n Espa\u00f1ola de Enfermedades Raras (FEDER) se solidariza con las personas que conviven con Mucopolisacaridosis, con Esclerosis Tuberosa, con S\u00edndrome de Ehlers-Danlos y con Angioedema Familiar con motivo de la celebraci\u00f3n de sus d\u00edas mundiales durante este fin de semana. El objetivo de la realizaci\u00f3n de estas jornadas es potenciar la transformaci\u00f3n social a trav\u00e9s de la visibilidad y sensibilizaci\u00f3n.<\/p>\n<p>\u201cToda la familia FEDER se quiere unir a cada uno de estos d\u00edas para visibilizar la realidad del colectivo de pacientes y familiares, quienes cada d\u00eda hacen frente a diversos desaf\u00edos que les presenta su enfermedad, adem\u00e1s, queremos reconocer la labor del tejido asociativo, imprescindible para garantizar la calidad de vida de todos ellos\u201d afirma Juan Carri\u00f3n, presidente de FEDER y su Fundaci\u00f3n.<\/p>\n<p><span style=\"text-decoration: underline\"><span style=\"font-size: 12pt\">D\u00eda Mundial de las Mucopolisacaridosis<\/span><\/span><\/p>\n<p>El 15 de mayo se celebra el D\u00eda Mundial de las Mucopolisacaridosis, una patolog\u00eda poco frecuente con la que las personas que conviven con ella carecen de capacidad de producir una enzima que degrada los mucopolisac\u00e1ridos, carbohidratos complejos, a mol\u00e9culas m\u00e1s simples. La esperanza de vida de los menores con estos s\u00edndromes no suele llegar a la pubertad.<\/p>\n<p>Entidades como la Asociaci\u00f3n Espa\u00f1ola de las Mucopolisacaridosis y S\u00edndromes Relacionados trabajan para garantizar la calidad del colectivo. Adem\u00e1s, esta entidad, con motivo de este d\u00eda, organiza una campa\u00f1a en redes sociales con el hashtag #DiaMundialMPS2021 con que el hacen un llamamiento a toda la poblaci\u00f3n para participar en la difusi\u00f3n de im\u00e1genes con el barco de la entidad como protagonista, solo tendr\u00e1n que construir un barco de papel y hacerse una foto.<\/p>\n<p>Adem\u00e1s, en este d\u00eda, la ciudad valenciana de Elx celebrar\u00e1 esta jornada con la iluminaci\u00f3n de color azul del Palau Mol\u00ed del Real. Por otro lado, Bilbobus y Autobuses de C\u00f3rdoba lucir\u00e1n la imagen de MPS Lisosomales para fomentar la visibilidad de la entidad y patolog\u00eda.<\/p>\n<p><span style=\"text-decoration: underline;font-size: 12pt\">D\u00eda Mundial de la Esclerosis Tuberosa<\/span><\/p>\n<p>El 15 de mayo se celebra el D\u00eda Internacional de la Esclerosis Tuberosa, un trastorno gen\u00e9tico, sin curaci\u00f3n que causa la formaci\u00f3n de tumores no cancer\u00edgenos en \u00f3rganos vitales. Los s\u00edntomas a menudo var\u00edan a lo largo de la vida de una persona.<\/p>\n<p>Gracias al esfuerzo incansable de asociaciones como, la Asociaci\u00f3n Nacional de Esclerosis Tuberosa cada vez son m\u00e1s personas las que conocen esta enfermedad, debido a sus campa\u00f1as de visibilizaci\u00f3n, garantizando as\u00ed la transformaci\u00f3n social y mejorando el d\u00eda a d\u00eda de las personas que conviven con esta enfermedad poco frecuente.<\/p>\n<p>Con motivo de esta jornada, la Asociaci\u00f3n Nacional de Esclerosis Tuberosa visibilizar un ejemplo de superaci\u00f3n, la historia de Daniel Aguilar, un chico diagnosticado de Esclerosis Tuberosa que se ha convertido en el ganador de la Liga Genuine Talente, rapeando su canci\u00f3n m\u00e1s personal.<\/p>\n<p><span style=\"text-decoration: underline\"><span style=\"font-size: 12pt\">D\u00eda Mundial del S\u00edndrome Ehlers-Danlos<\/span><\/span><\/p>\n<p>Este s\u00e1bado se celebra el D\u00eda Mundial del S\u00edndrome de Ehlers-Danlos, un grupo heterog\u00e9neo de trastornos hereditarios del tejido conectivo (THTC) caracterizados por hipermovilidad articular, hiperextensibilidad de la piel y fragilidad de los tejidos.<\/p>\n<p>Entidades como la Asociaci\u00f3n Nacional del S\u00edndrome de Ehlers-Danlos, Hiperlaxitud y Colagenopat\u00edas trabajan a diario para mejorar la calidad de vida de los pacientes, potenciando la investigaci\u00f3n, facilitando informaci\u00f3n a la sociedad y al colectivo y ofreciendo ayuda y orientaci\u00f3n para as\u00ed, garantizar el bienestar del colectivo.<\/p>\n<p><span style=\"text-decoration: underline;font-size: 12pt\">D\u00eda Mundial del Angioedema Familiar<\/span><\/p>\n<p>Este domingo se organiza el D\u00eda Mundial del Angioedema Familiar, una enfermedad vascular hereditaria rara, caracterizada por una acumulaci\u00f3n excesiva de los l\u00edquidos o fluidos del organismo que da lugar a \u00e1reas de obstrucci\u00f3n en los vasos linf\u00e1ticos o las venas.<\/p>\n<p>Las asociaciones de pacientes como la Asociaci\u00f3n Espa\u00f1ola de Angioedema Familiar por Deficit C1 se convierten en un pilar fundamental para las personas que conviven con esta enfermedad poco frecuente, ya que centran su esfuerzo en sensibilizar a la sociedad, en orientar al colectivo, en defender sus derechos, todo ello con un objetivo, velar por los pacientes y sus familias.<\/p>\n<p>\u00daltima actualizaci\u00f3n 14\/05\/2021<\/p>\n<p>&nbsp;<\/p>\n<p>Fuente: FEDER <a href=\"https:\/\/enfermedades-raras.org\/index.php\/actualidad\/noticias-eventos\/2-feder\/15368-nos-sumamos-a-un-fin-de-semana-donde-la-esperanza-y-la-concienciaci%C3%B3n-es-la-protagonista\" target=\"_blank\" rel=\"noopener\">Nos sumamos a un fin de semana donde la esperanza y la concienciaci\u00f3n son las protagonistas<\/a><\/p>\n","protected":false},"excerpt":{"rendered":"<p>Leemos en FEDER la siguiente noticia que os reproducimos de forma \u00edntegra: &nbsp; La Federaci\u00f3n Espa\u00f1ola de Enfermedades Raras (FEDER) se solidariza con las personas que conviven con Mucopolisacaridosis, con Esclerosis Tuberosa, con S\u00edndrome de Ehlers-Danlos y con Angioedema Familiar con motivo de la celebraci\u00f3n de sus d\u00edas mundiales durante este fin de semana. El [&hellip;]<\/p>\n","protected":false},"author":1,"featured_media":0,"comment_status":"open","ping_status":"closed","sticky":false,"template":"","format":"standard","meta":{"footnotes":""},"categories":[8],"tags":[36],"class_list":["post-7168","post","type-post","status-publish","format-standard","hentry","category-noticias","tag-enfermedades-raras"],"yoast_head":"<!-- This site is optimized with the Yoast SEO plugin v27.5 - https:\/\/yoast.com\/product\/yoast-seo-wordpress\/ -->\n<title>Nos sumamos a un fin de semana donde la esperanza y la concienciaci\u00f3n son las protagonistas - Asociaci\u00f3n Espa\u00f1ola S\u00edndrome de Charge<\/title>\n<meta name=\"robots\" content=\"index, follow, max-snippet:-1, max-image-preview:large, max-video-preview:-1\" \/>\n<link rel=\"canonical\" href=\"https:\/\/sindromecharge.es\/index.php\/2021\/05\/14\/nos-sumamos-a-un-fin-de-semana-donde-la-esperanza-y-la-concienciacion-son-las-protagonistas\/\" \/>\n<meta property=\"og:locale\" content=\"es_ES\" \/>\n<meta property=\"og:type\" content=\"article\" \/>\n<meta property=\"og:title\" content=\"Nos sumamos a un fin de semana donde la esperanza y la concienciaci\u00f3n son las protagonistas - Asociaci\u00f3n Espa\u00f1ola S\u00edndrome de Charge\" \/>\n<meta property=\"og:description\" content=\"Leemos en FEDER la siguiente noticia que os reproducimos de forma \u00edntegra: &nbsp; La Federaci\u00f3n Espa\u00f1ola de Enfermedades Raras (FEDER) se solidariza con las personas que conviven con Mucopolisacaridosis, con Esclerosis Tuberosa, con S\u00edndrome de Ehlers-Danlos y con Angioedema Familiar con motivo de la celebraci\u00f3n de sus d\u00edas mundiales durante este fin de semana. El [&hellip;]\" \/>\n<meta property=\"og:url\" content=\"https:\/\/sindromecharge.es\/index.php\/2021\/05\/14\/nos-sumamos-a-un-fin-de-semana-donde-la-esperanza-y-la-concienciacion-son-las-protagonistas\/\" \/>\n<meta property=\"og:site_name\" content=\"Asociaci\u00f3n Espa\u00f1ola S\u00edndrome de Charge\" \/>\n<meta property=\"article:publisher\" content=\"https:\/\/www.facebook.com\/asociacionsindromecharge\" \/>\n<meta property=\"article:published_time\" content=\"2021-05-14T08:45:43+00:00\" \/>\n<meta property=\"og:image\" content=\"https:\/\/sindromecharge.es\/wp-content\/uploads\/2013\/09\/logodecharge300x98.png\" \/>\n\t<meta property=\"og:image:width\" content=\"300\" \/>\n\t<meta property=\"og:image:height\" content=\"98\" \/>\n\t<meta property=\"og:image:type\" content=\"image\/png\" \/>\n<meta name=\"author\" content=\"Charge\" \/>\n<meta name=\"twitter:card\" content=\"summary_large_image\" \/>\n<meta name=\"twitter:creator\" content=\"@sindromecharge\" \/>\n<meta name=\"twitter:site\" content=\"@sindromecharge\" \/>\n<meta name=\"twitter:label1\" content=\"Escrito por\" \/>\n\t<meta name=\"twitter:data1\" content=\"Charge\" \/>\n\t<meta name=\"twitter:label2\" content=\"Tiempo de lectura\" \/>\n\t<meta name=\"twitter:data2\" content=\"4 minutos\" \/>\n<script type=\"application\/ld+json\" class=\"yoast-schema-graph\">{\"@context\":\"https:\\\/\\\/schema.org\",\"@graph\":[{\"@type\":\"Article\",\"@id\":\"https:\\\/\\\/sindromecharge.es\\\/index.php\\\/2021\\\/05\\\/14\\\/nos-sumamos-a-un-fin-de-semana-donde-la-esperanza-y-la-concienciacion-son-las-protagonistas\\\/#article\",\"isPartOf\":{\"@id\":\"https:\\\/\\\/sindromecharge.es\\\/index.php\\\/2021\\\/05\\\/14\\\/nos-sumamos-a-un-fin-de-semana-donde-la-esperanza-y-la-concienciacion-son-las-protagonistas\\\/\"},\"author\":{\"name\":\"Charge\",\"@id\":\"https:\\\/\\\/sindromecharge.es\\\/#\\\/schema\\\/person\\\/39a60ebe0a2b4d5a11179701e336b039\"},\"headline\":\"Nos sumamos a un fin de semana donde la esperanza y la concienciaci\u00f3n son las protagonistas\",\"datePublished\":\"2021-05-14T08:45:43+00:00\",\"mainEntityOfPage\":{\"@id\":\"https:\\\/\\\/sindromecharge.es\\\/index.php\\\/2021\\\/05\\\/14\\\/nos-sumamos-a-un-fin-de-semana-donde-la-esperanza-y-la-concienciacion-son-las-protagonistas\\\/\"},\"wordCount\":769,\"commentCount\":0,\"keywords\":[\"enfermedades raras\"],\"articleSection\":[\"noticias\"],\"inLanguage\":\"es\",\"potentialAction\":[{\"@type\":\"CommentAction\",\"name\":\"Comment\",\"target\":[\"https:\\\/\\\/sindromecharge.es\\\/index.php\\\/2021\\\/05\\\/14\\\/nos-sumamos-a-un-fin-de-semana-donde-la-esperanza-y-la-concienciacion-son-las-protagonistas\\\/#respond\"]}]},{\"@type\":\"WebPage\",\"@id\":\"https:\\\/\\\/sindromecharge.es\\\/index.php\\\/2021\\\/05\\\/14\\\/nos-sumamos-a-un-fin-de-semana-donde-la-esperanza-y-la-concienciacion-son-las-protagonistas\\\/\",\"url\":\"https:\\\/\\\/sindromecharge.es\\\/index.php\\\/2021\\\/05\\\/14\\\/nos-sumamos-a-un-fin-de-semana-donde-la-esperanza-y-la-concienciacion-son-las-protagonistas\\\/\",\"name\":\"Nos sumamos a un fin de semana donde la esperanza y la concienciaci\u00f3n son las protagonistas - Asociaci\u00f3n Espa\u00f1ola S\u00edndrome de Charge\",\"isPartOf\":{\"@id\":\"https:\\\/\\\/sindromecharge.es\\\/#website\"},\"datePublished\":\"2021-05-14T08:45:43+00:00\",\"author\":{\"@id\":\"https:\\\/\\\/sindromecharge.es\\\/#\\\/schema\\\/person\\\/39a60ebe0a2b4d5a11179701e336b039\"},\"breadcrumb\":{\"@id\":\"https:\\\/\\\/sindromecharge.es\\\/index.php\\\/2021\\\/05\\\/14\\\/nos-sumamos-a-un-fin-de-semana-donde-la-esperanza-y-la-concienciacion-son-las-protagonistas\\\/#breadcrumb\"},\"inLanguage\":\"es\",\"potentialAction\":[{\"@type\":\"ReadAction\",\"target\":[\"https:\\\/\\\/sindromecharge.es\\\/index.php\\\/2021\\\/05\\\/14\\\/nos-sumamos-a-un-fin-de-semana-donde-la-esperanza-y-la-concienciacion-son-las-protagonistas\\\/\"]}]},{\"@type\":\"BreadcrumbList\",\"@id\":\"https:\\\/\\\/sindromecharge.es\\\/index.php\\\/2021\\\/05\\\/14\\\/nos-sumamos-a-un-fin-de-semana-donde-la-esperanza-y-la-concienciacion-son-las-protagonistas\\\/#breadcrumb\",\"itemListElement\":[{\"@type\":\"ListItem\",\"position\":1,\"name\":\"Portada\",\"item\":\"https:\\\/\\\/sindromecharge.es\\\/\"},{\"@type\":\"ListItem\",\"position\":2,\"name\":\"Nos sumamos a un fin de semana donde la esperanza y la concienciaci\u00f3n son las protagonistas\"}]},{\"@type\":\"WebSite\",\"@id\":\"https:\\\/\\\/sindromecharge.es\\\/#website\",\"url\":\"https:\\\/\\\/sindromecharge.es\\\/\",\"name\":\"Asociaci\u00f3n Espa\u00f1ola S\u00edndrome de Charge\",\"description\":\"\",\"potentialAction\":[{\"@type\":\"SearchAction\",\"target\":{\"@type\":\"EntryPoint\",\"urlTemplate\":\"https:\\\/\\\/sindromecharge.es\\\/?s={search_term_string}\"},\"query-input\":{\"@type\":\"PropertyValueSpecification\",\"valueRequired\":true,\"valueName\":\"search_term_string\"}}],\"inLanguage\":\"es\"},{\"@type\":\"Person\",\"@id\":\"https:\\\/\\\/sindromecharge.es\\\/#\\\/schema\\\/person\\\/39a60ebe0a2b4d5a11179701e336b039\",\"name\":\"Charge\",\"image\":{\"@type\":\"ImageObject\",\"inLanguage\":\"es\",\"@id\":\"https:\\\/\\\/secure.gravatar.com\\\/avatar\\\/c3b46e32a0fc3b093a0873fb767bf3293de856293065e84ef06b7ec7a8acfb98?s=96&d=identicon&r=x\",\"url\":\"https:\\\/\\\/secure.gravatar.com\\\/avatar\\\/c3b46e32a0fc3b093a0873fb767bf3293de856293065e84ef06b7ec7a8acfb98?s=96&d=identicon&r=x\",\"contentUrl\":\"https:\\\/\\\/secure.gravatar.com\\\/avatar\\\/c3b46e32a0fc3b093a0873fb767bf3293de856293065e84ef06b7ec7a8acfb98?s=96&d=identicon&r=x\",\"caption\":\"Charge\"},\"url\":\"https:\\\/\\\/sindromecharge.es\\\/index.php\\\/author\\\/admin\\\/\"}]}<\/script>\n<!-- \/ Yoast SEO plugin. -->","yoast_head_json":{"title":"Nos sumamos a un fin de semana donde la esperanza y la concienciaci\u00f3n son las protagonistas - Asociaci\u00f3n Espa\u00f1ola S\u00edndrome de Charge","robots":{"index":"index","follow":"follow","max-snippet":"max-snippet:-1","max-image-preview":"max-image-preview:large","max-video-preview":"max-video-preview:-1"},"canonical":"https:\/\/sindromecharge.es\/index.php\/2021\/05\/14\/nos-sumamos-a-un-fin-de-semana-donde-la-esperanza-y-la-concienciacion-son-las-protagonistas\/","og_locale":"es_ES","og_type":"article","og_title":"Nos sumamos a un fin de semana donde la esperanza y la concienciaci\u00f3n son las protagonistas - Asociaci\u00f3n Espa\u00f1ola S\u00edndrome de Charge","og_description":"Leemos en FEDER la siguiente noticia que os reproducimos de forma \u00edntegra: &nbsp; La Federaci\u00f3n Espa\u00f1ola de Enfermedades Raras (FEDER) se solidariza con las personas que conviven con Mucopolisacaridosis, con Esclerosis Tuberosa, con S\u00edndrome de Ehlers-Danlos y con Angioedema Familiar con motivo de la celebraci\u00f3n de sus d\u00edas mundiales durante este fin de semana. El [&hellip;]","og_url":"https:\/\/sindromecharge.es\/index.php\/2021\/05\/14\/nos-sumamos-a-un-fin-de-semana-donde-la-esperanza-y-la-concienciacion-son-las-protagonistas\/","og_site_name":"Asociaci\u00f3n Espa\u00f1ola S\u00edndrome de Charge","article_publisher":"https:\/\/www.facebook.com\/asociacionsindromecharge","article_published_time":"2021-05-14T08:45:43+00:00","og_image":[{"width":300,"height":98,"url":"https:\/\/sindromecharge.es\/wp-content\/uploads\/2013\/09\/logodecharge300x98.png","type":"image\/png"}],"author":"Charge","twitter_card":"summary_large_image","twitter_creator":"@sindromecharge","twitter_site":"@sindromecharge","twitter_misc":{"Escrito por":"Charge","Tiempo de lectura":"4 minutos"},"schema":{"@context":"https:\/\/schema.org","@graph":[{"@type":"Article","@id":"https:\/\/sindromecharge.es\/index.php\/2021\/05\/14\/nos-sumamos-a-un-fin-de-semana-donde-la-esperanza-y-la-concienciacion-son-las-protagonistas\/#article","isPartOf":{"@id":"https:\/\/sindromecharge.es\/index.php\/2021\/05\/14\/nos-sumamos-a-un-fin-de-semana-donde-la-esperanza-y-la-concienciacion-son-las-protagonistas\/"},"author":{"name":"Charge","@id":"https:\/\/sindromecharge.es\/#\/schema\/person\/39a60ebe0a2b4d5a11179701e336b039"},"headline":"Nos sumamos a un fin de semana donde la esperanza y la concienciaci\u00f3n son las protagonistas","datePublished":"2021-05-14T08:45:43+00:00","mainEntityOfPage":{"@id":"https:\/\/sindromecharge.es\/index.php\/2021\/05\/14\/nos-sumamos-a-un-fin-de-semana-donde-la-esperanza-y-la-concienciacion-son-las-protagonistas\/"},"wordCount":769,"commentCount":0,"keywords":["enfermedades raras"],"articleSection":["noticias"],"inLanguage":"es","potentialAction":[{"@type":"CommentAction","name":"Comment","target":["https:\/\/sindromecharge.es\/index.php\/2021\/05\/14\/nos-sumamos-a-un-fin-de-semana-donde-la-esperanza-y-la-concienciacion-son-las-protagonistas\/#respond"]}]},{"@type":"WebPage","@id":"https:\/\/sindromecharge.es\/index.php\/2021\/05\/14\/nos-sumamos-a-un-fin-de-semana-donde-la-esperanza-y-la-concienciacion-son-las-protagonistas\/","url":"https:\/\/sindromecharge.es\/index.php\/2021\/05\/14\/nos-sumamos-a-un-fin-de-semana-donde-la-esperanza-y-la-concienciacion-son-las-protagonistas\/","name":"Nos sumamos a un fin de semana donde la esperanza y la concienciaci\u00f3n son las protagonistas - Asociaci\u00f3n Espa\u00f1ola S\u00edndrome de Charge","isPartOf":{"@id":"https:\/\/sindromecharge.es\/#website"},"datePublished":"2021-05-14T08:45:43+00:00","author":{"@id":"https:\/\/sindromecharge.es\/#\/schema\/person\/39a60ebe0a2b4d5a11179701e336b039"},"breadcrumb":{"@id":"https:\/\/sindromecharge.es\/index.php\/2021\/05\/14\/nos-sumamos-a-un-fin-de-semana-donde-la-esperanza-y-la-concienciacion-son-las-protagonistas\/#breadcrumb"},"inLanguage":"es","potentialAction":[{"@type":"ReadAction","target":["https:\/\/sindromecharge.es\/index.php\/2021\/05\/14\/nos-sumamos-a-un-fin-de-semana-donde-la-esperanza-y-la-concienciacion-son-las-protagonistas\/"]}]},{"@type":"BreadcrumbList","@id":"https:\/\/sindromecharge.es\/index.php\/2021\/05\/14\/nos-sumamos-a-un-fin-de-semana-donde-la-esperanza-y-la-concienciacion-son-las-protagonistas\/#breadcrumb","itemListElement":[{"@type":"ListItem","position":1,"name":"Portada","item":"https:\/\/sindromecharge.es\/"},{"@type":"ListItem","position":2,"name":"Nos sumamos a un fin de semana donde la esperanza y la concienciaci\u00f3n son las protagonistas"}]},{"@type":"WebSite","@id":"https:\/\/sindromecharge.es\/#website","url":"https:\/\/sindromecharge.es\/","name":"Asociaci\u00f3n Espa\u00f1ola S\u00edndrome de Charge","description":"","potentialAction":[{"@type":"SearchAction","target":{"@type":"EntryPoint","urlTemplate":"https:\/\/sindromecharge.es\/?s={search_term_string}"},"query-input":{"@type":"PropertyValueSpecification","valueRequired":true,"valueName":"search_term_string"}}],"inLanguage":"es"},{"@type":"Person","@id":"https:\/\/sindromecharge.es\/#\/schema\/person\/39a60ebe0a2b4d5a11179701e336b039","name":"Charge","image":{"@type":"ImageObject","inLanguage":"es","@id":"https:\/\/secure.gravatar.com\/avatar\/c3b46e32a0fc3b093a0873fb767bf3293de856293065e84ef06b7ec7a8acfb98?s=96&d=identicon&r=x","url":"https:\/\/secure.gravatar.com\/avatar\/c3b46e32a0fc3b093a0873fb767bf3293de856293065e84ef06b7ec7a8acfb98?s=96&d=identicon&r=x","contentUrl":"https:\/\/secure.gravatar.com\/avatar\/c3b46e32a0fc3b093a0873fb767bf3293de856293065e84ef06b7ec7a8acfb98?s=96&d=identicon&r=x","caption":"Charge"},"url":"https:\/\/sindromecharge.es\/index.php\/author\/admin\/"}]}},"_links":{"self":[{"href":"https:\/\/sindromecharge.es\/index.php\/wp-json\/wp\/v2\/posts\/7168","targetHints":{"allow":["GET"]}}],"collection":[{"href":"https:\/\/sindromecharge.es\/index.php\/wp-json\/wp\/v2\/posts"}],"about":[{"href":"https:\/\/sindromecharge.es\/index.php\/wp-json\/wp\/v2\/types\/post"}],"author":[{"embeddable":true,"href":"https:\/\/sindromecharge.es\/index.php\/wp-json\/wp\/v2\/users\/1"}],"replies":[{"embeddable":true,"href":"https:\/\/sindromecharge.es\/index.php\/wp-json\/wp\/v2\/comments?post=7168"}],"version-history":[{"count":0,"href":"https:\/\/sindromecharge.es\/index.php\/wp-json\/wp\/v2\/posts\/7168\/revisions"}],"wp:attachment":[{"href":"https:\/\/sindromecharge.es\/index.php\/wp-json\/wp\/v2\/media?parent=7168"}],"wp:term":[{"taxonomy":"category","embeddable":true,"href":"https:\/\/sindromecharge.es\/index.php\/wp-json\/wp\/v2\/categories?post=7168"},{"taxonomy":"post_tag","embeddable":true,"href":"https:\/\/sindromecharge.es\/index.php\/wp-json\/wp\/v2\/tags?post=7168"}],"curies":[{"name":"wp","href":"https:\/\/api.w.org\/{rel}","templated":true}]}}