{"id":7167,"date":"2021-05-14T05:18:23","date_gmt":"2021-05-14T05:18:23","guid":{"rendered":"https:\/\/sindromecharge.es\/index.php\/2021\/05\/14\/nos-unimos-al-dia-mundial-del-angioedema-hereditario\/"},"modified":"2021-05-14T05:18:23","modified_gmt":"2021-05-14T05:18:23","slug":"nos-unimos-al-dia-mundial-del-angioedema-hereditario","status":"publish","type":"post","link":"https:\/\/sindromecharge.es\/index.php\/2021\/05\/14\/nos-unimos-al-dia-mundial-del-angioedema-hereditario\/","title":{"rendered":"Nos unimos al D\u00eda Mundial del Angioedema Hereditario"},"content":{"rendered":"<p>Leemos en FEDER la siguiente noticia que os reproducimos de forma \u00edntegra: <\/p>\n<p><p>En el marco del D\u00eda Mundial del Angioedema Hereditario (AEH) que se celebra hoy, 16 de mayo para visibilizar esta patolog\u00eda poco frecuente y potenciar la transformaci\u00f3n social. Adem\u00e1s, desde la Federaci\u00f3n Espa\u00f1ola de Enfermedades Raras (FEDER) queremos mostrar su apoyo a todas las personas que conviven con esta patolog\u00eda y a sus familias sum\u00e1ndose a la campa\u00f1a de este a\u00f1o.<\/p>\n<p>El Angioedema Hereditario es una enfermedad vascular hereditaria rara, caracterizada por una acumulaci\u00f3n excesiva de los l\u00edquidos o flu\u00eddos del organismo que da lugar a \u00e1reas de obstrucci\u00f3n en los vasos linf\u00e1ticos o las venas.<\/p>\n<p>La obstrucci\u00f3n del flujo normal de la sangre o de la linfa conduce a la hinchaz\u00f3n temporal de la piel y de las membranas mucosas.<\/p>\n<p>Los s\u00edntomas se desarrollan por la deficiencia o el funcionamiento incorrecto de ciertas prote\u00ednas que ayudan a mantener el flujo normal de l\u00edquidos a trav\u00e9s de los capilares (vasos sangu\u00edneos de di\u00e1metro muy peque\u00f1o). En algunos casos los flu\u00eddos pueden acumularse en otros \u00f3rganos internos.<\/p>\n<p>Desde FEDER, quieren poner en valor el trabajo de las entidades que representan y mejoran el d\u00eda a d\u00eda de las personas con Angioedema Familiar en Espa\u00f1a, ya que a trav\u00e9s de su esfuerzo se consigue una difusi\u00f3n de conocmientos, la promocion de reuniones entre pacientes y profesionales sanitario y perseguir una disponibilidad de asistencia m\u00e9dica completa y de alta calidad, todo ello, es gracias a: Asociaci\u00f3n Espa\u00f1ola de Angioedema Familiar por Deficit C1<\/p>\n<p>\u00daltima actualizaci\u00f3n 14\/05\/2021<\/p>\n<\/p>\n<p>Fuente: FEDER <a href=\"https:\/\/enfermedades-raras.org\/index.php\/actualidad\/noticias-eventos\/2-feder\/15362-nos-unimos-al-d%C3%ADa-mundial-del-angioedema-hereditario\" target=\"_blank\" rel=\"noopener\">Nos unimos al D\u00eda Mundial del Angioedema Hereditario<\/a><\/p>\n","protected":false},"excerpt":{"rendered":"<p>Leemos en FEDER la siguiente noticia que os reproducimos de forma \u00edntegra: En el marco del D\u00eda Mundial del Angioedema Hereditario (AEH) que se celebra hoy, 16 de mayo para visibilizar esta patolog\u00eda poco frecuente y potenciar la transformaci\u00f3n social. Adem\u00e1s, desde la Federaci\u00f3n Espa\u00f1ola de Enfermedades Raras (FEDER) queremos mostrar su apoyo a todas [&hellip;]<\/p>\n","protected":false},"author":1,"featured_media":0,"comment_status":"open","ping_status":"closed","sticky":false,"template":"","format":"standard","meta":{"footnotes":""},"categories":[8],"tags":[36],"class_list":["post-7167","post","type-post","status-publish","format-standard","hentry","category-noticias","tag-enfermedades-raras"],"yoast_head":"<!-- This site is optimized with the Yoast SEO plugin v27.5 - https:\/\/yoast.com\/product\/yoast-seo-wordpress\/ -->\n<title>Nos unimos al D\u00eda Mundial del Angioedema Hereditario - Asociaci\u00f3n Espa\u00f1ola S\u00edndrome de Charge<\/title>\n<meta name=\"robots\" content=\"index, follow, max-snippet:-1, max-image-preview:large, max-video-preview:-1\" \/>\n<link rel=\"canonical\" href=\"https:\/\/sindromecharge.es\/index.php\/2021\/05\/14\/nos-unimos-al-dia-mundial-del-angioedema-hereditario\/\" \/>\n<meta property=\"og:locale\" content=\"es_ES\" \/>\n<meta property=\"og:type\" content=\"article\" \/>\n<meta property=\"og:title\" content=\"Nos unimos al D\u00eda Mundial del Angioedema Hereditario - Asociaci\u00f3n Espa\u00f1ola S\u00edndrome de Charge\" \/>\n<meta property=\"og:description\" content=\"Leemos en FEDER la siguiente noticia que os reproducimos de forma \u00edntegra: En el marco del D\u00eda Mundial del Angioedema Hereditario (AEH) que se celebra hoy, 16 de mayo para visibilizar esta patolog\u00eda poco frecuente y potenciar la transformaci\u00f3n social. Adem\u00e1s, desde la Federaci\u00f3n Espa\u00f1ola de Enfermedades Raras (FEDER) queremos mostrar su apoyo a todas [&hellip;]\" \/>\n<meta property=\"og:url\" content=\"https:\/\/sindromecharge.es\/index.php\/2021\/05\/14\/nos-unimos-al-dia-mundial-del-angioedema-hereditario\/\" \/>\n<meta property=\"og:site_name\" content=\"Asociaci\u00f3n Espa\u00f1ola S\u00edndrome de Charge\" \/>\n<meta property=\"article:publisher\" content=\"https:\/\/www.facebook.com\/asociacionsindromecharge\" \/>\n<meta property=\"article:published_time\" content=\"2021-05-14T05:18:23+00:00\" \/>\n<meta property=\"og:image\" content=\"https:\/\/sindromecharge.es\/wp-content\/uploads\/2013\/09\/logodecharge300x98.png\" \/>\n\t<meta property=\"og:image:width\" content=\"300\" \/>\n\t<meta property=\"og:image:height\" content=\"98\" \/>\n\t<meta property=\"og:image:type\" content=\"image\/png\" \/>\n<meta name=\"author\" content=\"Charge\" \/>\n<meta name=\"twitter:card\" content=\"summary_large_image\" \/>\n<meta name=\"twitter:creator\" content=\"@sindromecharge\" \/>\n<meta name=\"twitter:site\" content=\"@sindromecharge\" \/>\n<meta name=\"twitter:label1\" content=\"Escrito por\" \/>\n\t<meta name=\"twitter:data1\" content=\"Charge\" \/>\n\t<meta name=\"twitter:label2\" content=\"Tiempo de lectura\" \/>\n\t<meta name=\"twitter:data2\" content=\"1 minuto\" \/>\n<script type=\"application\/ld+json\" class=\"yoast-schema-graph\">{\"@context\":\"https:\\\/\\\/schema.org\",\"@graph\":[{\"@type\":\"Article\",\"@id\":\"https:\\\/\\\/sindromecharge.es\\\/index.php\\\/2021\\\/05\\\/14\\\/nos-unimos-al-dia-mundial-del-angioedema-hereditario\\\/#article\",\"isPartOf\":{\"@id\":\"https:\\\/\\\/sindromecharge.es\\\/index.php\\\/2021\\\/05\\\/14\\\/nos-unimos-al-dia-mundial-del-angioedema-hereditario\\\/\"},\"author\":{\"name\":\"Charge\",\"@id\":\"https:\\\/\\\/sindromecharge.es\\\/#\\\/schema\\\/person\\\/39a60ebe0a2b4d5a11179701e336b039\"},\"headline\":\"Nos unimos al D\u00eda Mundial del Angioedema Hereditario\",\"datePublished\":\"2021-05-14T05:18:23+00:00\",\"mainEntityOfPage\":{\"@id\":\"https:\\\/\\\/sindromecharge.es\\\/index.php\\\/2021\\\/05\\\/14\\\/nos-unimos-al-dia-mundial-del-angioedema-hereditario\\\/\"},\"wordCount\":307,\"commentCount\":0,\"keywords\":[\"enfermedades raras\"],\"articleSection\":[\"noticias\"],\"inLanguage\":\"es\",\"potentialAction\":[{\"@type\":\"CommentAction\",\"name\":\"Comment\",\"target\":[\"https:\\\/\\\/sindromecharge.es\\\/index.php\\\/2021\\\/05\\\/14\\\/nos-unimos-al-dia-mundial-del-angioedema-hereditario\\\/#respond\"]}]},{\"@type\":\"WebPage\",\"@id\":\"https:\\\/\\\/sindromecharge.es\\\/index.php\\\/2021\\\/05\\\/14\\\/nos-unimos-al-dia-mundial-del-angioedema-hereditario\\\/\",\"url\":\"https:\\\/\\\/sindromecharge.es\\\/index.php\\\/2021\\\/05\\\/14\\\/nos-unimos-al-dia-mundial-del-angioedema-hereditario\\\/\",\"name\":\"Nos unimos al D\u00eda Mundial del Angioedema Hereditario - Asociaci\u00f3n Espa\u00f1ola S\u00edndrome de Charge\",\"isPartOf\":{\"@id\":\"https:\\\/\\\/sindromecharge.es\\\/#website\"},\"datePublished\":\"2021-05-14T05:18:23+00:00\",\"author\":{\"@id\":\"https:\\\/\\\/sindromecharge.es\\\/#\\\/schema\\\/person\\\/39a60ebe0a2b4d5a11179701e336b039\"},\"breadcrumb\":{\"@id\":\"https:\\\/\\\/sindromecharge.es\\\/index.php\\\/2021\\\/05\\\/14\\\/nos-unimos-al-dia-mundial-del-angioedema-hereditario\\\/#breadcrumb\"},\"inLanguage\":\"es\",\"potentialAction\":[{\"@type\":\"ReadAction\",\"target\":[\"https:\\\/\\\/sindromecharge.es\\\/index.php\\\/2021\\\/05\\\/14\\\/nos-unimos-al-dia-mundial-del-angioedema-hereditario\\\/\"]}]},{\"@type\":\"BreadcrumbList\",\"@id\":\"https:\\\/\\\/sindromecharge.es\\\/index.php\\\/2021\\\/05\\\/14\\\/nos-unimos-al-dia-mundial-del-angioedema-hereditario\\\/#breadcrumb\",\"itemListElement\":[{\"@type\":\"ListItem\",\"position\":1,\"name\":\"Portada\",\"item\":\"https:\\\/\\\/sindromecharge.es\\\/\"},{\"@type\":\"ListItem\",\"position\":2,\"name\":\"Nos unimos al D\u00eda Mundial del Angioedema Hereditario\"}]},{\"@type\":\"WebSite\",\"@id\":\"https:\\\/\\\/sindromecharge.es\\\/#website\",\"url\":\"https:\\\/\\\/sindromecharge.es\\\/\",\"name\":\"Asociaci\u00f3n Espa\u00f1ola S\u00edndrome de Charge\",\"description\":\"\",\"potentialAction\":[{\"@type\":\"SearchAction\",\"target\":{\"@type\":\"EntryPoint\",\"urlTemplate\":\"https:\\\/\\\/sindromecharge.es\\\/?s={search_term_string}\"},\"query-input\":{\"@type\":\"PropertyValueSpecification\",\"valueRequired\":true,\"valueName\":\"search_term_string\"}}],\"inLanguage\":\"es\"},{\"@type\":\"Person\",\"@id\":\"https:\\\/\\\/sindromecharge.es\\\/#\\\/schema\\\/person\\\/39a60ebe0a2b4d5a11179701e336b039\",\"name\":\"Charge\",\"image\":{\"@type\":\"ImageObject\",\"inLanguage\":\"es\",\"@id\":\"https:\\\/\\\/secure.gravatar.com\\\/avatar\\\/c3b46e32a0fc3b093a0873fb767bf3293de856293065e84ef06b7ec7a8acfb98?s=96&d=identicon&r=x\",\"url\":\"https:\\\/\\\/secure.gravatar.com\\\/avatar\\\/c3b46e32a0fc3b093a0873fb767bf3293de856293065e84ef06b7ec7a8acfb98?s=96&d=identicon&r=x\",\"contentUrl\":\"https:\\\/\\\/secure.gravatar.com\\\/avatar\\\/c3b46e32a0fc3b093a0873fb767bf3293de856293065e84ef06b7ec7a8acfb98?s=96&d=identicon&r=x\",\"caption\":\"Charge\"},\"url\":\"https:\\\/\\\/sindromecharge.es\\\/index.php\\\/author\\\/admin\\\/\"}]}<\/script>\n<!-- \/ Yoast SEO plugin. -->","yoast_head_json":{"title":"Nos unimos al D\u00eda Mundial del Angioedema Hereditario - Asociaci\u00f3n Espa\u00f1ola S\u00edndrome de Charge","robots":{"index":"index","follow":"follow","max-snippet":"max-snippet:-1","max-image-preview":"max-image-preview:large","max-video-preview":"max-video-preview:-1"},"canonical":"https:\/\/sindromecharge.es\/index.php\/2021\/05\/14\/nos-unimos-al-dia-mundial-del-angioedema-hereditario\/","og_locale":"es_ES","og_type":"article","og_title":"Nos unimos al D\u00eda Mundial del Angioedema Hereditario - Asociaci\u00f3n Espa\u00f1ola S\u00edndrome de Charge","og_description":"Leemos en FEDER la siguiente noticia que os reproducimos de forma \u00edntegra: En el marco del D\u00eda Mundial del Angioedema Hereditario (AEH) que se celebra hoy, 16 de mayo para visibilizar esta patolog\u00eda poco frecuente y potenciar la transformaci\u00f3n social. Adem\u00e1s, desde la Federaci\u00f3n Espa\u00f1ola de Enfermedades Raras (FEDER) queremos mostrar su apoyo a todas [&hellip;]","og_url":"https:\/\/sindromecharge.es\/index.php\/2021\/05\/14\/nos-unimos-al-dia-mundial-del-angioedema-hereditario\/","og_site_name":"Asociaci\u00f3n Espa\u00f1ola S\u00edndrome de Charge","article_publisher":"https:\/\/www.facebook.com\/asociacionsindromecharge","article_published_time":"2021-05-14T05:18:23+00:00","og_image":[{"width":300,"height":98,"url":"https:\/\/sindromecharge.es\/wp-content\/uploads\/2013\/09\/logodecharge300x98.png","type":"image\/png"}],"author":"Charge","twitter_card":"summary_large_image","twitter_creator":"@sindromecharge","twitter_site":"@sindromecharge","twitter_misc":{"Escrito por":"Charge","Tiempo de lectura":"1 minuto"},"schema":{"@context":"https:\/\/schema.org","@graph":[{"@type":"Article","@id":"https:\/\/sindromecharge.es\/index.php\/2021\/05\/14\/nos-unimos-al-dia-mundial-del-angioedema-hereditario\/#article","isPartOf":{"@id":"https:\/\/sindromecharge.es\/index.php\/2021\/05\/14\/nos-unimos-al-dia-mundial-del-angioedema-hereditario\/"},"author":{"name":"Charge","@id":"https:\/\/sindromecharge.es\/#\/schema\/person\/39a60ebe0a2b4d5a11179701e336b039"},"headline":"Nos unimos al D\u00eda Mundial del Angioedema Hereditario","datePublished":"2021-05-14T05:18:23+00:00","mainEntityOfPage":{"@id":"https:\/\/sindromecharge.es\/index.php\/2021\/05\/14\/nos-unimos-al-dia-mundial-del-angioedema-hereditario\/"},"wordCount":307,"commentCount":0,"keywords":["enfermedades raras"],"articleSection":["noticias"],"inLanguage":"es","potentialAction":[{"@type":"CommentAction","name":"Comment","target":["https:\/\/sindromecharge.es\/index.php\/2021\/05\/14\/nos-unimos-al-dia-mundial-del-angioedema-hereditario\/#respond"]}]},{"@type":"WebPage","@id":"https:\/\/sindromecharge.es\/index.php\/2021\/05\/14\/nos-unimos-al-dia-mundial-del-angioedema-hereditario\/","url":"https:\/\/sindromecharge.es\/index.php\/2021\/05\/14\/nos-unimos-al-dia-mundial-del-angioedema-hereditario\/","name":"Nos unimos al D\u00eda Mundial del Angioedema Hereditario - Asociaci\u00f3n Espa\u00f1ola S\u00edndrome de Charge","isPartOf":{"@id":"https:\/\/sindromecharge.es\/#website"},"datePublished":"2021-05-14T05:18:23+00:00","author":{"@id":"https:\/\/sindromecharge.es\/#\/schema\/person\/39a60ebe0a2b4d5a11179701e336b039"},"breadcrumb":{"@id":"https:\/\/sindromecharge.es\/index.php\/2021\/05\/14\/nos-unimos-al-dia-mundial-del-angioedema-hereditario\/#breadcrumb"},"inLanguage":"es","potentialAction":[{"@type":"ReadAction","target":["https:\/\/sindromecharge.es\/index.php\/2021\/05\/14\/nos-unimos-al-dia-mundial-del-angioedema-hereditario\/"]}]},{"@type":"BreadcrumbList","@id":"https:\/\/sindromecharge.es\/index.php\/2021\/05\/14\/nos-unimos-al-dia-mundial-del-angioedema-hereditario\/#breadcrumb","itemListElement":[{"@type":"ListItem","position":1,"name":"Portada","item":"https:\/\/sindromecharge.es\/"},{"@type":"ListItem","position":2,"name":"Nos unimos al D\u00eda Mundial del Angioedema Hereditario"}]},{"@type":"WebSite","@id":"https:\/\/sindromecharge.es\/#website","url":"https:\/\/sindromecharge.es\/","name":"Asociaci\u00f3n Espa\u00f1ola S\u00edndrome de Charge","description":"","potentialAction":[{"@type":"SearchAction","target":{"@type":"EntryPoint","urlTemplate":"https:\/\/sindromecharge.es\/?s={search_term_string}"},"query-input":{"@type":"PropertyValueSpecification","valueRequired":true,"valueName":"search_term_string"}}],"inLanguage":"es"},{"@type":"Person","@id":"https:\/\/sindromecharge.es\/#\/schema\/person\/39a60ebe0a2b4d5a11179701e336b039","name":"Charge","image":{"@type":"ImageObject","inLanguage":"es","@id":"https:\/\/secure.gravatar.com\/avatar\/c3b46e32a0fc3b093a0873fb767bf3293de856293065e84ef06b7ec7a8acfb98?s=96&d=identicon&r=x","url":"https:\/\/secure.gravatar.com\/avatar\/c3b46e32a0fc3b093a0873fb767bf3293de856293065e84ef06b7ec7a8acfb98?s=96&d=identicon&r=x","contentUrl":"https:\/\/secure.gravatar.com\/avatar\/c3b46e32a0fc3b093a0873fb767bf3293de856293065e84ef06b7ec7a8acfb98?s=96&d=identicon&r=x","caption":"Charge"},"url":"https:\/\/sindromecharge.es\/index.php\/author\/admin\/"}]}},"_links":{"self":[{"href":"https:\/\/sindromecharge.es\/index.php\/wp-json\/wp\/v2\/posts\/7167","targetHints":{"allow":["GET"]}}],"collection":[{"href":"https:\/\/sindromecharge.es\/index.php\/wp-json\/wp\/v2\/posts"}],"about":[{"href":"https:\/\/sindromecharge.es\/index.php\/wp-json\/wp\/v2\/types\/post"}],"author":[{"embeddable":true,"href":"https:\/\/sindromecharge.es\/index.php\/wp-json\/wp\/v2\/users\/1"}],"replies":[{"embeddable":true,"href":"https:\/\/sindromecharge.es\/index.php\/wp-json\/wp\/v2\/comments?post=7167"}],"version-history":[{"count":0,"href":"https:\/\/sindromecharge.es\/index.php\/wp-json\/wp\/v2\/posts\/7167\/revisions"}],"wp:attachment":[{"href":"https:\/\/sindromecharge.es\/index.php\/wp-json\/wp\/v2\/media?parent=7167"}],"wp:term":[{"taxonomy":"category","embeddable":true,"href":"https:\/\/sindromecharge.es\/index.php\/wp-json\/wp\/v2\/categories?post=7167"},{"taxonomy":"post_tag","embeddable":true,"href":"https:\/\/sindromecharge.es\/index.php\/wp-json\/wp\/v2\/tags?post=7167"}],"curies":[{"name":"wp","href":"https:\/\/api.w.org\/{rel}","templated":true}]}}