{"id":7166,"date":"2021-05-14T04:06:02","date_gmt":"2021-05-14T04:06:02","guid":{"rendered":"https:\/\/sindromecharge.es\/index.php\/2021\/05\/14\/exito-de-celebracion-del-dia-del-nino-hospitalizado-que-consigue-movilizar-a-200-hospitales-pediatricos\/"},"modified":"2021-05-14T04:06:02","modified_gmt":"2021-05-14T04:06:02","slug":"exito-de-celebracion-del-dia-del-nino-hospitalizado-que-consigue-movilizar-a-200-hospitales-pediatricos","status":"publish","type":"post","link":"https:\/\/sindromecharge.es\/index.php\/2021\/05\/14\/exito-de-celebracion-del-dia-del-nino-hospitalizado-que-consigue-movilizar-a-200-hospitales-pediatricos\/","title":{"rendered":"\u00c9xito de celebraci\u00f3n del D\u00eda del Ni\u00f1o Hospitalizado que consigue movilizar a 200 hospitales pedi\u00e1tricos"},"content":{"rendered":"<p>Leemos en FEDER la siguiente noticia que os reproducimos de forma \u00edntegra: <\/p>\n<p><p>Fuente: Fundaci\u00f3n Atresmedia. Fundaci\u00f3n ATRESMEDIA en colaboraci\u00f3n con m\u00e1s de 30 organizaciones sociales y entidades amigas, han organizado junto a 200 hospitales la celebraci\u00f3n del D\u00eda del Ni\u00f1o Hospitalizado, iniciativa que cumple siete a\u00f1os y que rinde homenaje a los ni\u00f1os hospitalizados, sus familias, el personal socio-sanitario y los voluntarios.<\/p>\n<p>Los actos coordinados por la Fundaci\u00f3n ATRESMEDIA, los hospitales y las entidades sociales han contado con diversas actividades dentro de sus centros, entre los que destaca la lectura del manifiesto del D\u00eda del Ni\u00f1o Hospitalizado que promueve el reconocimiento oficial de esta celebraci\u00f3n como D\u00eda Nacional. El 13 de mayo es una fecha clave por ser el d\u00eda en el que el Parlamento Europeo emiti\u00f3 en 1986 la resoluci\u00f3n de la Carta de los Derechos del Ni\u00f1o Hospitalizado, para asentar y reforzar la idea de que el derecho a la mejor asistencia m\u00e9dica posible constituye un derecho fundamental tambi\u00e9n para los ni\u00f1os y adolescentes ingresados.<\/p>\n<p>La creaci\u00f3n en 2015 del D\u00eda del Ni\u00f1o Hospitalizado por parte de la Fundaci\u00f3n ATRESMEDIA y su impulso en la mayor\u00eda de los hospitales de pediatr\u00eda de Espa\u00f1a junto con las entidades sociales relacionadas con la humanizaci\u00f3n, hacen de esta jornada una fiesta en la que se lanzan besos en honor a todos los ni\u00f1os que est\u00e1n o han estado hospitalizados.<\/p>\n<p>En la s\u00e9ptima edici\u00f3n, la Fundaci\u00f3n ATRESMEDIA ha organizado una video llamada con la embajadora del D\u00eda del Ni\u00f1o Hospitalizado y presentadora de La Voz, Eva Gonz\u00e1lez, la cantante Conchita y el grupo Bombai con los ni\u00f1os hospitalizados en el Hospital Virgen del Roc\u00edo (Sevilla) y el Hospital Poniente de Almer\u00eda. A lo largo de la conexi\u00f3n, los protagonistas de este d\u00eda han tenido la oportunidad junto a sus familias y personal m\u00e9dico sanitario de conversar, compartir sus experiencias, cantar y ver los videoclips de ambos m\u00fasicos junto con la nueva versi\u00f3n de la canci\u00f3n Un beso redondo de Conchita cuyo estribillo est\u00e1 cantado por ni\u00f1os y j\u00f3venes de diferentes hospitales.<\/p>\n<p>A esta acci\u00f3n se suma el env\u00edo de materiales para la celebraci\u00f3n del d\u00eda en las aulas hospitalarias, la programaci\u00f3n especial del concierto solidario de Conchita y Bombai en FAN3, el canal de televisi\u00f3n de la Fundaci\u00f3n ATRESMEDIA con emisi\u00f3n gratuita en los hospitales, y la difusi\u00f3n de mensajes de \u00e1nimo y apoyo en la web y las redes sociales de la fundaci\u00f3n.<\/p>\n<p>Adem\u00e1s, el 13 de mayo se ha emitido un programa especial solidario de La Ruleta de la Suerte de Antena 3, en el que los concursantes han sido profesionales del hospital: el Dr. Caraba\u00f1o, pediatra del Hospital 12 de octubre, Ana Latorre, enfermera en el Hospital Miguel Servet de Zaragoza y Raquel Arenas, profesora del Aula Hospitalaria del Hospital de Hell\u00edn de Albacete. La recaudaci\u00f3n solidaria del programa en el D\u00eda del Ni\u00f1o Hospitalizado se destinar\u00e1 a los proyectos de Humanizaci\u00f3n de hospitales infantiles de la Fundaci\u00f3n ATRESMEDIA<\/p>\n<p>Esta iniciativa social referente en la humanizaci\u00f3n de los hospitales infantiles, cuenta como cada a\u00f1o con el compromiso de entidades amigas como Fundaci\u00f3n Lilly, Fundaci\u00f3n ASISA, Pfizer y Fundaci\u00f3n Merck Salud, y con el apoyo de m\u00e1s de 30 organizaciones sociales de asistencia sanitaria como las fundaciones: ALADINA, ABRACADABRA, Theodora, Peque\u00f1o Deseo, Menudos Corazones, Asociaci\u00f3n Espa\u00f1ola Contra el C\u00e1ncer AECC, Federaci\u00f3n Espa\u00f1ola de Padres de Ni\u00f1os con C\u00e1ncer, Curarte, Juegaterapia, Make a Wish, Pallapupas, Somos NUPA, ASION, Blas M\u00e9ndez Ponce, Cesare Scariolo, Cruz Roja Juventud, Leucemia y Linfoma, Diversi\u00f3n Solidaria, ELA Espa\u00f1a, \u00c9rase una vez, Andrea, Asociaci\u00f3n Esc\u00e9nicas, PayaSOSpital, Ronald McDonald, El sue\u00f1o de Vicky, Tierra de Hombres, Familias CMV, ACTAYS, HEPA, Guerreros P\u00farpura, PUPACLOWN y FEDER.<\/p>\n<p>Con esta acci\u00f3n de sensibilizaci\u00f3n, la Fundaci\u00f3n Atresmedia y las organizaciones sociales hacen un llamamiento para que se reconozca oficialmente esta jornada como el D\u00eda Nacional del Ni\u00f1o Hospitalizado.<\/p>\n<p>La Fundaci\u00f3n ATRESMEDIA, constituida en 2005, tiene como objetivo facilitar que ni\u00f1os y adolescentes tengan los apoyos necesarios para su bienestar y formaci\u00f3n, as\u00ed como fomentar la sensibilizaci\u00f3n social sobre sus derechos, necesidades e intereses. Las l\u00edneas principales sobre las que trabaja son: la \u2018Mejora Educativa\u2019, el impulso de la `Empleabilidad juvenil\u00b4 y la Formaci\u00f3n Profesional y la \u2018Humanizaci\u00f3n de los Hospitales Infantiles\u2019 cuyos principales objetivos son: mejorar la experiencia hospitalaria de ni\u00f1os y adolescentes, generar conciencia social sobre la humanizaci\u00f3n de la asistencia sanitaria para ni\u00f1os y adolescentes as\u00ed como generar conocimiento y proporcionar herramientas a la comunidad sanitaria para la mejora de la humanizaci\u00f3n de la asistencia para ni\u00f1os y adolescentes.<\/p>\n<p>\u00daltima actualizaci\u00f3n 14\/05\/2021<\/p>\n<\/p>\n<p>Fuente: FEDER <a href=\"https:\/\/enfermedades-raras.org\/index.php\/actualidad\/noticias-eventos\/2-feder\/15357-%C3%A9xito-de-celebraci%C3%B3n-del-d%C3%ADa-del-ni%C3%B1o-hospitalizado-que-consigue-movilizar-a-200-hospitales-pedi%C3%A1tricos\" target=\"_blank\" rel=\"noopener\">\u00c9xito de celebraci\u00f3n del D\u00eda del Ni\u00f1o Hospitalizado que consigue movilizar a 200 hospitales pedi\u00e1tricos<\/a><\/p>\n","protected":false},"excerpt":{"rendered":"<p>Leemos en FEDER la siguiente noticia que os reproducimos de forma \u00edntegra: Fuente: Fundaci\u00f3n Atresmedia. Fundaci\u00f3n ATRESMEDIA en colaboraci\u00f3n con m\u00e1s de 30 organizaciones sociales y entidades amigas, han organizado junto a 200 hospitales la celebraci\u00f3n del D\u00eda del Ni\u00f1o Hospitalizado, iniciativa que cumple siete a\u00f1os y que rinde homenaje a los ni\u00f1os hospitalizados, sus [&hellip;]<\/p>\n","protected":false},"author":1,"featured_media":0,"comment_status":"open","ping_status":"closed","sticky":false,"template":"","format":"standard","meta":{"footnotes":""},"categories":[8],"tags":[36],"class_list":["post-7166","post","type-post","status-publish","format-standard","hentry","category-noticias","tag-enfermedades-raras"],"yoast_head":"<!-- This site is optimized with the Yoast SEO plugin v27.5 - https:\/\/yoast.com\/product\/yoast-seo-wordpress\/ -->\n<title>\u00c9xito de celebraci\u00f3n del D\u00eda del Ni\u00f1o Hospitalizado que consigue movilizar a 200 hospitales pedi\u00e1tricos - Asociaci\u00f3n Espa\u00f1ola S\u00edndrome de Charge<\/title>\n<meta name=\"robots\" content=\"index, follow, max-snippet:-1, max-image-preview:large, max-video-preview:-1\" \/>\n<link rel=\"canonical\" href=\"https:\/\/sindromecharge.es\/index.php\/2021\/05\/14\/exito-de-celebracion-del-dia-del-nino-hospitalizado-que-consigue-movilizar-a-200-hospitales-pediatricos\/\" \/>\n<meta property=\"og:locale\" content=\"es_ES\" \/>\n<meta property=\"og:type\" content=\"article\" \/>\n<meta property=\"og:title\" content=\"\u00c9xito de celebraci\u00f3n del D\u00eda del Ni\u00f1o Hospitalizado que consigue movilizar a 200 hospitales pedi\u00e1tricos - Asociaci\u00f3n Espa\u00f1ola S\u00edndrome de Charge\" \/>\n<meta property=\"og:description\" content=\"Leemos en FEDER la siguiente noticia que os reproducimos de forma \u00edntegra: Fuente: Fundaci\u00f3n Atresmedia. Fundaci\u00f3n ATRESMEDIA en colaboraci\u00f3n con m\u00e1s de 30 organizaciones sociales y entidades amigas, han organizado junto a 200 hospitales la celebraci\u00f3n del D\u00eda del Ni\u00f1o Hospitalizado, iniciativa que cumple siete a\u00f1os y que rinde homenaje a los ni\u00f1os hospitalizados, sus [&hellip;]\" \/>\n<meta property=\"og:url\" content=\"https:\/\/sindromecharge.es\/index.php\/2021\/05\/14\/exito-de-celebracion-del-dia-del-nino-hospitalizado-que-consigue-movilizar-a-200-hospitales-pediatricos\/\" \/>\n<meta property=\"og:site_name\" content=\"Asociaci\u00f3n Espa\u00f1ola S\u00edndrome de Charge\" \/>\n<meta property=\"article:publisher\" content=\"https:\/\/www.facebook.com\/asociacionsindromecharge\" \/>\n<meta property=\"article:published_time\" content=\"2021-05-14T04:06:02+00:00\" \/>\n<meta property=\"og:image\" content=\"https:\/\/sindromecharge.es\/wp-content\/uploads\/2013\/09\/logodecharge300x98.png\" \/>\n\t<meta property=\"og:image:width\" content=\"300\" \/>\n\t<meta property=\"og:image:height\" content=\"98\" \/>\n\t<meta property=\"og:image:type\" content=\"image\/png\" \/>\n<meta name=\"author\" content=\"Charge\" \/>\n<meta name=\"twitter:card\" content=\"summary_large_image\" \/>\n<meta name=\"twitter:creator\" content=\"@sindromecharge\" \/>\n<meta name=\"twitter:site\" content=\"@sindromecharge\" \/>\n<meta name=\"twitter:label1\" content=\"Escrito por\" \/>\n\t<meta name=\"twitter:data1\" content=\"Charge\" \/>\n\t<meta name=\"twitter:label2\" content=\"Tiempo de lectura\" \/>\n\t<meta name=\"twitter:data2\" content=\"4 minutos\" \/>\n<script type=\"application\/ld+json\" class=\"yoast-schema-graph\">{\"@context\":\"https:\\\/\\\/schema.org\",\"@graph\":[{\"@type\":\"Article\",\"@id\":\"https:\\\/\\\/sindromecharge.es\\\/index.php\\\/2021\\\/05\\\/14\\\/exito-de-celebracion-del-dia-del-nino-hospitalizado-que-consigue-movilizar-a-200-hospitales-pediatricos\\\/#article\",\"isPartOf\":{\"@id\":\"https:\\\/\\\/sindromecharge.es\\\/index.php\\\/2021\\\/05\\\/14\\\/exito-de-celebracion-del-dia-del-nino-hospitalizado-que-consigue-movilizar-a-200-hospitales-pediatricos\\\/\"},\"author\":{\"name\":\"Charge\",\"@id\":\"https:\\\/\\\/sindromecharge.es\\\/#\\\/schema\\\/person\\\/39a60ebe0a2b4d5a11179701e336b039\"},\"headline\":\"\u00c9xito de celebraci\u00f3n del D\u00eda del Ni\u00f1o Hospitalizado que consigue movilizar a 200 hospitales pedi\u00e1tricos\",\"datePublished\":\"2021-05-14T04:06:02+00:00\",\"mainEntityOfPage\":{\"@id\":\"https:\\\/\\\/sindromecharge.es\\\/index.php\\\/2021\\\/05\\\/14\\\/exito-de-celebracion-del-dia-del-nino-hospitalizado-que-consigue-movilizar-a-200-hospitales-pediatricos\\\/\"},\"wordCount\":883,\"commentCount\":0,\"keywords\":[\"enfermedades raras\"],\"articleSection\":[\"noticias\"],\"inLanguage\":\"es\",\"potentialAction\":[{\"@type\":\"CommentAction\",\"name\":\"Comment\",\"target\":[\"https:\\\/\\\/sindromecharge.es\\\/index.php\\\/2021\\\/05\\\/14\\\/exito-de-celebracion-del-dia-del-nino-hospitalizado-que-consigue-movilizar-a-200-hospitales-pediatricos\\\/#respond\"]}]},{\"@type\":\"WebPage\",\"@id\":\"https:\\\/\\\/sindromecharge.es\\\/index.php\\\/2021\\\/05\\\/14\\\/exito-de-celebracion-del-dia-del-nino-hospitalizado-que-consigue-movilizar-a-200-hospitales-pediatricos\\\/\",\"url\":\"https:\\\/\\\/sindromecharge.es\\\/index.php\\\/2021\\\/05\\\/14\\\/exito-de-celebracion-del-dia-del-nino-hospitalizado-que-consigue-movilizar-a-200-hospitales-pediatricos\\\/\",\"name\":\"\u00c9xito de celebraci\u00f3n del D\u00eda del Ni\u00f1o Hospitalizado que consigue movilizar a 200 hospitales pedi\u00e1tricos - Asociaci\u00f3n Espa\u00f1ola S\u00edndrome de Charge\",\"isPartOf\":{\"@id\":\"https:\\\/\\\/sindromecharge.es\\\/#website\"},\"datePublished\":\"2021-05-14T04:06:02+00:00\",\"author\":{\"@id\":\"https:\\\/\\\/sindromecharge.es\\\/#\\\/schema\\\/person\\\/39a60ebe0a2b4d5a11179701e336b039\"},\"breadcrumb\":{\"@id\":\"https:\\\/\\\/sindromecharge.es\\\/index.php\\\/2021\\\/05\\\/14\\\/exito-de-celebracion-del-dia-del-nino-hospitalizado-que-consigue-movilizar-a-200-hospitales-pediatricos\\\/#breadcrumb\"},\"inLanguage\":\"es\",\"potentialAction\":[{\"@type\":\"ReadAction\",\"target\":[\"https:\\\/\\\/sindromecharge.es\\\/index.php\\\/2021\\\/05\\\/14\\\/exito-de-celebracion-del-dia-del-nino-hospitalizado-que-consigue-movilizar-a-200-hospitales-pediatricos\\\/\"]}]},{\"@type\":\"BreadcrumbList\",\"@id\":\"https:\\\/\\\/sindromecharge.es\\\/index.php\\\/2021\\\/05\\\/14\\\/exito-de-celebracion-del-dia-del-nino-hospitalizado-que-consigue-movilizar-a-200-hospitales-pediatricos\\\/#breadcrumb\",\"itemListElement\":[{\"@type\":\"ListItem\",\"position\":1,\"name\":\"Portada\",\"item\":\"https:\\\/\\\/sindromecharge.es\\\/\"},{\"@type\":\"ListItem\",\"position\":2,\"name\":\"\u00c9xito de celebraci\u00f3n del D\u00eda del Ni\u00f1o Hospitalizado que consigue movilizar a 200 hospitales pedi\u00e1tricos\"}]},{\"@type\":\"WebSite\",\"@id\":\"https:\\\/\\\/sindromecharge.es\\\/#website\",\"url\":\"https:\\\/\\\/sindromecharge.es\\\/\",\"name\":\"Asociaci\u00f3n Espa\u00f1ola S\u00edndrome de Charge\",\"description\":\"\",\"potentialAction\":[{\"@type\":\"SearchAction\",\"target\":{\"@type\":\"EntryPoint\",\"urlTemplate\":\"https:\\\/\\\/sindromecharge.es\\\/?s={search_term_string}\"},\"query-input\":{\"@type\":\"PropertyValueSpecification\",\"valueRequired\":true,\"valueName\":\"search_term_string\"}}],\"inLanguage\":\"es\"},{\"@type\":\"Person\",\"@id\":\"https:\\\/\\\/sindromecharge.es\\\/#\\\/schema\\\/person\\\/39a60ebe0a2b4d5a11179701e336b039\",\"name\":\"Charge\",\"image\":{\"@type\":\"ImageObject\",\"inLanguage\":\"es\",\"@id\":\"https:\\\/\\\/secure.gravatar.com\\\/avatar\\\/c3b46e32a0fc3b093a0873fb767bf3293de856293065e84ef06b7ec7a8acfb98?s=96&d=identicon&r=x\",\"url\":\"https:\\\/\\\/secure.gravatar.com\\\/avatar\\\/c3b46e32a0fc3b093a0873fb767bf3293de856293065e84ef06b7ec7a8acfb98?s=96&d=identicon&r=x\",\"contentUrl\":\"https:\\\/\\\/secure.gravatar.com\\\/avatar\\\/c3b46e32a0fc3b093a0873fb767bf3293de856293065e84ef06b7ec7a8acfb98?s=96&d=identicon&r=x\",\"caption\":\"Charge\"},\"url\":\"https:\\\/\\\/sindromecharge.es\\\/index.php\\\/author\\\/admin\\\/\"}]}<\/script>\n<!-- \/ Yoast SEO plugin. -->","yoast_head_json":{"title":"\u00c9xito de celebraci\u00f3n del D\u00eda del Ni\u00f1o Hospitalizado que consigue movilizar a 200 hospitales pedi\u00e1tricos - Asociaci\u00f3n Espa\u00f1ola S\u00edndrome de Charge","robots":{"index":"index","follow":"follow","max-snippet":"max-snippet:-1","max-image-preview":"max-image-preview:large","max-video-preview":"max-video-preview:-1"},"canonical":"https:\/\/sindromecharge.es\/index.php\/2021\/05\/14\/exito-de-celebracion-del-dia-del-nino-hospitalizado-que-consigue-movilizar-a-200-hospitales-pediatricos\/","og_locale":"es_ES","og_type":"article","og_title":"\u00c9xito de celebraci\u00f3n del D\u00eda del Ni\u00f1o Hospitalizado que consigue movilizar a 200 hospitales pedi\u00e1tricos - Asociaci\u00f3n Espa\u00f1ola S\u00edndrome de Charge","og_description":"Leemos en FEDER la siguiente noticia que os reproducimos de forma \u00edntegra: Fuente: Fundaci\u00f3n Atresmedia. Fundaci\u00f3n ATRESMEDIA en colaboraci\u00f3n con m\u00e1s de 30 organizaciones sociales y entidades amigas, han organizado junto a 200 hospitales la celebraci\u00f3n del D\u00eda del Ni\u00f1o Hospitalizado, iniciativa que cumple siete a\u00f1os y que rinde homenaje a los ni\u00f1os hospitalizados, sus [&hellip;]","og_url":"https:\/\/sindromecharge.es\/index.php\/2021\/05\/14\/exito-de-celebracion-del-dia-del-nino-hospitalizado-que-consigue-movilizar-a-200-hospitales-pediatricos\/","og_site_name":"Asociaci\u00f3n Espa\u00f1ola S\u00edndrome de Charge","article_publisher":"https:\/\/www.facebook.com\/asociacionsindromecharge","article_published_time":"2021-05-14T04:06:02+00:00","og_image":[{"width":300,"height":98,"url":"https:\/\/sindromecharge.es\/wp-content\/uploads\/2013\/09\/logodecharge300x98.png","type":"image\/png"}],"author":"Charge","twitter_card":"summary_large_image","twitter_creator":"@sindromecharge","twitter_site":"@sindromecharge","twitter_misc":{"Escrito por":"Charge","Tiempo de lectura":"4 minutos"},"schema":{"@context":"https:\/\/schema.org","@graph":[{"@type":"Article","@id":"https:\/\/sindromecharge.es\/index.php\/2021\/05\/14\/exito-de-celebracion-del-dia-del-nino-hospitalizado-que-consigue-movilizar-a-200-hospitales-pediatricos\/#article","isPartOf":{"@id":"https:\/\/sindromecharge.es\/index.php\/2021\/05\/14\/exito-de-celebracion-del-dia-del-nino-hospitalizado-que-consigue-movilizar-a-200-hospitales-pediatricos\/"},"author":{"name":"Charge","@id":"https:\/\/sindromecharge.es\/#\/schema\/person\/39a60ebe0a2b4d5a11179701e336b039"},"headline":"\u00c9xito de celebraci\u00f3n del D\u00eda del Ni\u00f1o Hospitalizado que consigue movilizar a 200 hospitales pedi\u00e1tricos","datePublished":"2021-05-14T04:06:02+00:00","mainEntityOfPage":{"@id":"https:\/\/sindromecharge.es\/index.php\/2021\/05\/14\/exito-de-celebracion-del-dia-del-nino-hospitalizado-que-consigue-movilizar-a-200-hospitales-pediatricos\/"},"wordCount":883,"commentCount":0,"keywords":["enfermedades raras"],"articleSection":["noticias"],"inLanguage":"es","potentialAction":[{"@type":"CommentAction","name":"Comment","target":["https:\/\/sindromecharge.es\/index.php\/2021\/05\/14\/exito-de-celebracion-del-dia-del-nino-hospitalizado-que-consigue-movilizar-a-200-hospitales-pediatricos\/#respond"]}]},{"@type":"WebPage","@id":"https:\/\/sindromecharge.es\/index.php\/2021\/05\/14\/exito-de-celebracion-del-dia-del-nino-hospitalizado-que-consigue-movilizar-a-200-hospitales-pediatricos\/","url":"https:\/\/sindromecharge.es\/index.php\/2021\/05\/14\/exito-de-celebracion-del-dia-del-nino-hospitalizado-que-consigue-movilizar-a-200-hospitales-pediatricos\/","name":"\u00c9xito de celebraci\u00f3n del D\u00eda del Ni\u00f1o Hospitalizado que consigue movilizar a 200 hospitales pedi\u00e1tricos - Asociaci\u00f3n Espa\u00f1ola S\u00edndrome de Charge","isPartOf":{"@id":"https:\/\/sindromecharge.es\/#website"},"datePublished":"2021-05-14T04:06:02+00:00","author":{"@id":"https:\/\/sindromecharge.es\/#\/schema\/person\/39a60ebe0a2b4d5a11179701e336b039"},"breadcrumb":{"@id":"https:\/\/sindromecharge.es\/index.php\/2021\/05\/14\/exito-de-celebracion-del-dia-del-nino-hospitalizado-que-consigue-movilizar-a-200-hospitales-pediatricos\/#breadcrumb"},"inLanguage":"es","potentialAction":[{"@type":"ReadAction","target":["https:\/\/sindromecharge.es\/index.php\/2021\/05\/14\/exito-de-celebracion-del-dia-del-nino-hospitalizado-que-consigue-movilizar-a-200-hospitales-pediatricos\/"]}]},{"@type":"BreadcrumbList","@id":"https:\/\/sindromecharge.es\/index.php\/2021\/05\/14\/exito-de-celebracion-del-dia-del-nino-hospitalizado-que-consigue-movilizar-a-200-hospitales-pediatricos\/#breadcrumb","itemListElement":[{"@type":"ListItem","position":1,"name":"Portada","item":"https:\/\/sindromecharge.es\/"},{"@type":"ListItem","position":2,"name":"\u00c9xito de celebraci\u00f3n del D\u00eda del Ni\u00f1o Hospitalizado que consigue movilizar a 200 hospitales pedi\u00e1tricos"}]},{"@type":"WebSite","@id":"https:\/\/sindromecharge.es\/#website","url":"https:\/\/sindromecharge.es\/","name":"Asociaci\u00f3n Espa\u00f1ola S\u00edndrome de Charge","description":"","potentialAction":[{"@type":"SearchAction","target":{"@type":"EntryPoint","urlTemplate":"https:\/\/sindromecharge.es\/?s={search_term_string}"},"query-input":{"@type":"PropertyValueSpecification","valueRequired":true,"valueName":"search_term_string"}}],"inLanguage":"es"},{"@type":"Person","@id":"https:\/\/sindromecharge.es\/#\/schema\/person\/39a60ebe0a2b4d5a11179701e336b039","name":"Charge","image":{"@type":"ImageObject","inLanguage":"es","@id":"https:\/\/secure.gravatar.com\/avatar\/c3b46e32a0fc3b093a0873fb767bf3293de856293065e84ef06b7ec7a8acfb98?s=96&d=identicon&r=x","url":"https:\/\/secure.gravatar.com\/avatar\/c3b46e32a0fc3b093a0873fb767bf3293de856293065e84ef06b7ec7a8acfb98?s=96&d=identicon&r=x","contentUrl":"https:\/\/secure.gravatar.com\/avatar\/c3b46e32a0fc3b093a0873fb767bf3293de856293065e84ef06b7ec7a8acfb98?s=96&d=identicon&r=x","caption":"Charge"},"url":"https:\/\/sindromecharge.es\/index.php\/author\/admin\/"}]}},"_links":{"self":[{"href":"https:\/\/sindromecharge.es\/index.php\/wp-json\/wp\/v2\/posts\/7166","targetHints":{"allow":["GET"]}}],"collection":[{"href":"https:\/\/sindromecharge.es\/index.php\/wp-json\/wp\/v2\/posts"}],"about":[{"href":"https:\/\/sindromecharge.es\/index.php\/wp-json\/wp\/v2\/types\/post"}],"author":[{"embeddable":true,"href":"https:\/\/sindromecharge.es\/index.php\/wp-json\/wp\/v2\/users\/1"}],"replies":[{"embeddable":true,"href":"https:\/\/sindromecharge.es\/index.php\/wp-json\/wp\/v2\/comments?post=7166"}],"version-history":[{"count":0,"href":"https:\/\/sindromecharge.es\/index.php\/wp-json\/wp\/v2\/posts\/7166\/revisions"}],"wp:attachment":[{"href":"https:\/\/sindromecharge.es\/index.php\/wp-json\/wp\/v2\/media?parent=7166"}],"wp:term":[{"taxonomy":"category","embeddable":true,"href":"https:\/\/sindromecharge.es\/index.php\/wp-json\/wp\/v2\/categories?post=7166"},{"taxonomy":"post_tag","embeddable":true,"href":"https:\/\/sindromecharge.es\/index.php\/wp-json\/wp\/v2\/tags?post=7166"}],"curies":[{"name":"wp","href":"https:\/\/api.w.org\/{rel}","templated":true}]}}