{"id":7165,"date":"2021-05-13T11:08:51","date_gmt":"2021-05-13T11:08:51","guid":{"rendered":"https:\/\/sindromecharge.es\/index.php\/2021\/05\/13\/acompanamos-al-cermi-en-el-acto-con-pedro-sanchez-para-celebrar-la-reforma-de-la-constitucion\/"},"modified":"2021-05-13T11:08:51","modified_gmt":"2021-05-13T11:08:51","slug":"acompanamos-al-cermi-en-el-acto-con-pedro-sanchez-para-celebrar-la-reforma-de-la-constitucion","status":"publish","type":"post","link":"https:\/\/sindromecharge.es\/index.php\/2021\/05\/13\/acompanamos-al-cermi-en-el-acto-con-pedro-sanchez-para-celebrar-la-reforma-de-la-constitucion\/","title":{"rendered":"Acompa\u00f1amos al CERMI en el acto con Pedro S\u00e1nchez para celebrar la reforma de la Constituci\u00f3n"},"content":{"rendered":"<p>Leemos en FEDER la siguiente noticia que os reproducimos de forma \u00edntegra: <\/p>\n<p>Nuestra directora, Alba Ancochea, ha acompa\u00f1ado a representantes del Comit\u00e9 Espa\u00f1ol de Representantes de Personas con Discapacidad (CERMI) al Acto presencial con Pedro S\u00e1nchez, Presidente del Gobierno de Espa\u00f1a, para celebrar la aprobaci\u00f3n del Consejo de Ministros del proyecto de reforma del art\u00edculo 49 de la Constituci\u00f3n.<\/p>\n<p>S\u00e1nchez ha trasladado su satisfacci\u00f3n por este proyecto de reforma que actualiza la terminolog\u00eda desterrando la palabra disminuidos y establece un nuevo art\u00edculo m\u00e1s amplio e integral que cristaliza la visi\u00f3n de derechos humanos.<\/p>\n<p>En esta l\u00ednea, la vicepresidenta primera y ministra de la Presidencia, Relaciones con las Cortes y Memoria Democr\u00e1tica, Carmen Calvo, ha expresado la emoci\u00f3n que supone para el Gobierno y los grupos parlamentarios una modificaci\u00f3n del marco constitucional que \u201cdeja de denominar de manera ofensiva a casi cuatro millones de compatriotas\u201d.  <\/p>\n<p>Asimismo, ha puesto de manifiesto la importancia de la misma ya que no solo hace que desaparezca este t\u00e9rmino, sino que hace que se considere que \u201clas personas con discapacidad gozan de los mismos libertades y derechos\u201d y que, adem\u00e1s, \u201cincluye una perspectiva de g\u00e9nero\u201d<\/p>\n<p>Durante el acto, tambi\u00e9n ha participado el presidente del CERMI, Luis Cayo P\u00e9rez Bueno, quien ha asegurado que \u201ceste acto supone un momento de solemnidad y emotividad para la discapacidad\u201d. Asimismo, ha alabado la democracia espa\u00f1ola y la ha calificado como \u201cuna de las mejores del mundo puesto que cuenta con un ordenamiento jur\u00eddico de los m\u00e1s garantistas\u201d. \u201cLa dimensi\u00f3n social es la que definir\u00e1 las democracias m\u00e1s avanzadas y solo se conseguir\u00e1 la paz social cuando haya una gran dimensi\u00f3n social en la que haya inclusi\u00f3n y donde nadie quede atr\u00e1s\u201d, ha asegurado. <\/p>\n<p>En este sentido, Cayo ha confiado en que esta reforma sirva como precursora para abrir la puerta a una reforma constitucional que eleve los derechos sociales a categor\u00eda de fundamentales. <\/p>\n<p>Por su parte, el presidente del Gobierno, Pedro S\u00e1nchez, ha asegurado que para hacer efectiva la igualdad, no solo basta con el comportamiento individual, sino que las instituciones p\u00fablicas deben tener un papel activo para conseguirlo. De la misma manera, ha defendido la importancia de atender las demandas de las personas con discapacidad ya que, a su juicio, \u201cno es solo una recomendaci\u00f3n de justicia social, sino que supone ser conscientes de nuestra realidad diversa para atenderla bajo un proyecto de cohesi\u00f3n social\u201d.<\/p>\n<p>Fuente: CERMI.<\/p>\n<p>Por \u00faltimo, se ha comprometido a permanecer atento a las demandas y necesidades sociales para actuar al m\u00e1ximo nivel normativo y avanzar \u201cen la protecci\u00f3n social\u201d. <\/p>\n<p>\u00daltima actualizaci\u00f3n: 13\/05\/2021.<\/p>\n<p>Fuente: FEDER <a href=\"https:\/\/enfermedades-raras.org\/index.php\/actualidad\/noticias-eventos\/2-feder\/15355-acompa%C3%B1amos-al-cermi-en-el-acto-con-pedro-s%C3%A1nchez-para-celebrar-la-reforma-del-art%C3%ADculo-49-de-la-constituci%C3%B3n\" target=\"_blank\" rel=\"noopener\">Acompa\u00f1amos al CERMI en el acto con Pedro S\u00e1nchez para celebrar la reforma de la Constituci\u00f3n<\/a><\/p>\n","protected":false},"excerpt":{"rendered":"<p>Leemos en FEDER la siguiente noticia que os reproducimos de forma \u00edntegra: Nuestra directora, Alba Ancochea, ha acompa\u00f1ado a representantes del Comit\u00e9 Espa\u00f1ol de Representantes de Personas con Discapacidad (CERMI) al Acto presencial con Pedro S\u00e1nchez, Presidente del Gobierno de Espa\u00f1a, para celebrar la aprobaci\u00f3n del Consejo de Ministros del proyecto de reforma del art\u00edculo [&hellip;]<\/p>\n","protected":false},"author":1,"featured_media":0,"comment_status":"open","ping_status":"closed","sticky":false,"template":"","format":"standard","meta":{"footnotes":""},"categories":[8],"tags":[36],"class_list":["post-7165","post","type-post","status-publish","format-standard","hentry","category-noticias","tag-enfermedades-raras"],"yoast_head":"<!-- This site is optimized with the Yoast SEO plugin v27.5 - https:\/\/yoast.com\/product\/yoast-seo-wordpress\/ -->\n<title>Acompa\u00f1amos al CERMI en el acto con Pedro S\u00e1nchez para celebrar la reforma de la Constituci\u00f3n - Asociaci\u00f3n Espa\u00f1ola S\u00edndrome de Charge<\/title>\n<meta name=\"robots\" content=\"index, follow, max-snippet:-1, max-image-preview:large, max-video-preview:-1\" \/>\n<link rel=\"canonical\" href=\"https:\/\/sindromecharge.es\/index.php\/2021\/05\/13\/acompanamos-al-cermi-en-el-acto-con-pedro-sanchez-para-celebrar-la-reforma-de-la-constitucion\/\" \/>\n<meta property=\"og:locale\" content=\"es_ES\" \/>\n<meta property=\"og:type\" content=\"article\" \/>\n<meta property=\"og:title\" content=\"Acompa\u00f1amos al CERMI en el acto con Pedro S\u00e1nchez para celebrar la reforma de la Constituci\u00f3n - Asociaci\u00f3n Espa\u00f1ola S\u00edndrome de Charge\" \/>\n<meta property=\"og:description\" content=\"Leemos en FEDER la siguiente noticia que os reproducimos de forma \u00edntegra: Nuestra directora, Alba Ancochea, ha acompa\u00f1ado a representantes del Comit\u00e9 Espa\u00f1ol de Representantes de Personas con Discapacidad (CERMI) al Acto presencial con Pedro S\u00e1nchez, Presidente del Gobierno de Espa\u00f1a, para celebrar la aprobaci\u00f3n del Consejo de Ministros del proyecto de reforma del art\u00edculo [&hellip;]\" \/>\n<meta property=\"og:url\" content=\"https:\/\/sindromecharge.es\/index.php\/2021\/05\/13\/acompanamos-al-cermi-en-el-acto-con-pedro-sanchez-para-celebrar-la-reforma-de-la-constitucion\/\" \/>\n<meta property=\"og:site_name\" content=\"Asociaci\u00f3n Espa\u00f1ola S\u00edndrome de Charge\" \/>\n<meta property=\"article:publisher\" content=\"https:\/\/www.facebook.com\/asociacionsindromecharge\" \/>\n<meta property=\"article:published_time\" content=\"2021-05-13T11:08:51+00:00\" \/>\n<meta property=\"og:image\" content=\"https:\/\/sindromecharge.es\/wp-content\/uploads\/2013\/09\/logodecharge300x98.png\" \/>\n\t<meta property=\"og:image:width\" content=\"300\" \/>\n\t<meta property=\"og:image:height\" content=\"98\" \/>\n\t<meta property=\"og:image:type\" content=\"image\/png\" \/>\n<meta name=\"author\" content=\"Charge\" \/>\n<meta name=\"twitter:card\" content=\"summary_large_image\" \/>\n<meta name=\"twitter:creator\" content=\"@sindromecharge\" \/>\n<meta name=\"twitter:site\" content=\"@sindromecharge\" \/>\n<meta name=\"twitter:label1\" content=\"Escrito por\" \/>\n\t<meta name=\"twitter:data1\" content=\"Charge\" \/>\n\t<meta name=\"twitter:label2\" content=\"Tiempo de lectura\" \/>\n\t<meta name=\"twitter:data2\" content=\"2 minutos\" \/>\n<script type=\"application\/ld+json\" class=\"yoast-schema-graph\">{\"@context\":\"https:\\\/\\\/schema.org\",\"@graph\":[{\"@type\":\"Article\",\"@id\":\"https:\\\/\\\/sindromecharge.es\\\/index.php\\\/2021\\\/05\\\/13\\\/acompanamos-al-cermi-en-el-acto-con-pedro-sanchez-para-celebrar-la-reforma-de-la-constitucion\\\/#article\",\"isPartOf\":{\"@id\":\"https:\\\/\\\/sindromecharge.es\\\/index.php\\\/2021\\\/05\\\/13\\\/acompanamos-al-cermi-en-el-acto-con-pedro-sanchez-para-celebrar-la-reforma-de-la-constitucion\\\/\"},\"author\":{\"name\":\"Charge\",\"@id\":\"https:\\\/\\\/sindromecharge.es\\\/#\\\/schema\\\/person\\\/39a60ebe0a2b4d5a11179701e336b039\"},\"headline\":\"Acompa\u00f1amos al CERMI en el acto con Pedro S\u00e1nchez para celebrar la reforma de la Constituci\u00f3n\",\"datePublished\":\"2021-05-13T11:08:51+00:00\",\"mainEntityOfPage\":{\"@id\":\"https:\\\/\\\/sindromecharge.es\\\/index.php\\\/2021\\\/05\\\/13\\\/acompanamos-al-cermi-en-el-acto-con-pedro-sanchez-para-celebrar-la-reforma-de-la-constitucion\\\/\"},\"wordCount\":503,\"commentCount\":0,\"keywords\":[\"enfermedades raras\"],\"articleSection\":[\"noticias\"],\"inLanguage\":\"es\",\"potentialAction\":[{\"@type\":\"CommentAction\",\"name\":\"Comment\",\"target\":[\"https:\\\/\\\/sindromecharge.es\\\/index.php\\\/2021\\\/05\\\/13\\\/acompanamos-al-cermi-en-el-acto-con-pedro-sanchez-para-celebrar-la-reforma-de-la-constitucion\\\/#respond\"]}]},{\"@type\":\"WebPage\",\"@id\":\"https:\\\/\\\/sindromecharge.es\\\/index.php\\\/2021\\\/05\\\/13\\\/acompanamos-al-cermi-en-el-acto-con-pedro-sanchez-para-celebrar-la-reforma-de-la-constitucion\\\/\",\"url\":\"https:\\\/\\\/sindromecharge.es\\\/index.php\\\/2021\\\/05\\\/13\\\/acompanamos-al-cermi-en-el-acto-con-pedro-sanchez-para-celebrar-la-reforma-de-la-constitucion\\\/\",\"name\":\"Acompa\u00f1amos al CERMI en el acto con Pedro S\u00e1nchez para celebrar la reforma de la Constituci\u00f3n - Asociaci\u00f3n Espa\u00f1ola S\u00edndrome de Charge\",\"isPartOf\":{\"@id\":\"https:\\\/\\\/sindromecharge.es\\\/#website\"},\"datePublished\":\"2021-05-13T11:08:51+00:00\",\"author\":{\"@id\":\"https:\\\/\\\/sindromecharge.es\\\/#\\\/schema\\\/person\\\/39a60ebe0a2b4d5a11179701e336b039\"},\"breadcrumb\":{\"@id\":\"https:\\\/\\\/sindromecharge.es\\\/index.php\\\/2021\\\/05\\\/13\\\/acompanamos-al-cermi-en-el-acto-con-pedro-sanchez-para-celebrar-la-reforma-de-la-constitucion\\\/#breadcrumb\"},\"inLanguage\":\"es\",\"potentialAction\":[{\"@type\":\"ReadAction\",\"target\":[\"https:\\\/\\\/sindromecharge.es\\\/index.php\\\/2021\\\/05\\\/13\\\/acompanamos-al-cermi-en-el-acto-con-pedro-sanchez-para-celebrar-la-reforma-de-la-constitucion\\\/\"]}]},{\"@type\":\"BreadcrumbList\",\"@id\":\"https:\\\/\\\/sindromecharge.es\\\/index.php\\\/2021\\\/05\\\/13\\\/acompanamos-al-cermi-en-el-acto-con-pedro-sanchez-para-celebrar-la-reforma-de-la-constitucion\\\/#breadcrumb\",\"itemListElement\":[{\"@type\":\"ListItem\",\"position\":1,\"name\":\"Portada\",\"item\":\"https:\\\/\\\/sindromecharge.es\\\/\"},{\"@type\":\"ListItem\",\"position\":2,\"name\":\"Acompa\u00f1amos al CERMI en el acto con Pedro S\u00e1nchez para celebrar la reforma de la Constituci\u00f3n\"}]},{\"@type\":\"WebSite\",\"@id\":\"https:\\\/\\\/sindromecharge.es\\\/#website\",\"url\":\"https:\\\/\\\/sindromecharge.es\\\/\",\"name\":\"Asociaci\u00f3n Espa\u00f1ola S\u00edndrome de Charge\",\"description\":\"\",\"potentialAction\":[{\"@type\":\"SearchAction\",\"target\":{\"@type\":\"EntryPoint\",\"urlTemplate\":\"https:\\\/\\\/sindromecharge.es\\\/?s={search_term_string}\"},\"query-input\":{\"@type\":\"PropertyValueSpecification\",\"valueRequired\":true,\"valueName\":\"search_term_string\"}}],\"inLanguage\":\"es\"},{\"@type\":\"Person\",\"@id\":\"https:\\\/\\\/sindromecharge.es\\\/#\\\/schema\\\/person\\\/39a60ebe0a2b4d5a11179701e336b039\",\"name\":\"Charge\",\"image\":{\"@type\":\"ImageObject\",\"inLanguage\":\"es\",\"@id\":\"https:\\\/\\\/secure.gravatar.com\\\/avatar\\\/c3b46e32a0fc3b093a0873fb767bf3293de856293065e84ef06b7ec7a8acfb98?s=96&d=identicon&r=x\",\"url\":\"https:\\\/\\\/secure.gravatar.com\\\/avatar\\\/c3b46e32a0fc3b093a0873fb767bf3293de856293065e84ef06b7ec7a8acfb98?s=96&d=identicon&r=x\",\"contentUrl\":\"https:\\\/\\\/secure.gravatar.com\\\/avatar\\\/c3b46e32a0fc3b093a0873fb767bf3293de856293065e84ef06b7ec7a8acfb98?s=96&d=identicon&r=x\",\"caption\":\"Charge\"},\"url\":\"https:\\\/\\\/sindromecharge.es\\\/index.php\\\/author\\\/admin\\\/\"}]}<\/script>\n<!-- \/ Yoast SEO plugin. -->","yoast_head_json":{"title":"Acompa\u00f1amos al CERMI en el acto con Pedro S\u00e1nchez para celebrar la reforma de la Constituci\u00f3n - Asociaci\u00f3n Espa\u00f1ola S\u00edndrome de Charge","robots":{"index":"index","follow":"follow","max-snippet":"max-snippet:-1","max-image-preview":"max-image-preview:large","max-video-preview":"max-video-preview:-1"},"canonical":"https:\/\/sindromecharge.es\/index.php\/2021\/05\/13\/acompanamos-al-cermi-en-el-acto-con-pedro-sanchez-para-celebrar-la-reforma-de-la-constitucion\/","og_locale":"es_ES","og_type":"article","og_title":"Acompa\u00f1amos al CERMI en el acto con Pedro S\u00e1nchez para celebrar la reforma de la Constituci\u00f3n - Asociaci\u00f3n Espa\u00f1ola S\u00edndrome de Charge","og_description":"Leemos en FEDER la siguiente noticia que os reproducimos de forma \u00edntegra: Nuestra directora, Alba Ancochea, ha acompa\u00f1ado a representantes del Comit\u00e9 Espa\u00f1ol de Representantes de Personas con Discapacidad (CERMI) al Acto presencial con Pedro S\u00e1nchez, Presidente del Gobierno de Espa\u00f1a, para celebrar la aprobaci\u00f3n del Consejo de Ministros del proyecto de reforma del art\u00edculo [&hellip;]","og_url":"https:\/\/sindromecharge.es\/index.php\/2021\/05\/13\/acompanamos-al-cermi-en-el-acto-con-pedro-sanchez-para-celebrar-la-reforma-de-la-constitucion\/","og_site_name":"Asociaci\u00f3n Espa\u00f1ola S\u00edndrome de Charge","article_publisher":"https:\/\/www.facebook.com\/asociacionsindromecharge","article_published_time":"2021-05-13T11:08:51+00:00","og_image":[{"width":300,"height":98,"url":"https:\/\/sindromecharge.es\/wp-content\/uploads\/2013\/09\/logodecharge300x98.png","type":"image\/png"}],"author":"Charge","twitter_card":"summary_large_image","twitter_creator":"@sindromecharge","twitter_site":"@sindromecharge","twitter_misc":{"Escrito por":"Charge","Tiempo de lectura":"2 minutos"},"schema":{"@context":"https:\/\/schema.org","@graph":[{"@type":"Article","@id":"https:\/\/sindromecharge.es\/index.php\/2021\/05\/13\/acompanamos-al-cermi-en-el-acto-con-pedro-sanchez-para-celebrar-la-reforma-de-la-constitucion\/#article","isPartOf":{"@id":"https:\/\/sindromecharge.es\/index.php\/2021\/05\/13\/acompanamos-al-cermi-en-el-acto-con-pedro-sanchez-para-celebrar-la-reforma-de-la-constitucion\/"},"author":{"name":"Charge","@id":"https:\/\/sindromecharge.es\/#\/schema\/person\/39a60ebe0a2b4d5a11179701e336b039"},"headline":"Acompa\u00f1amos al CERMI en el acto con Pedro S\u00e1nchez para celebrar la reforma de la Constituci\u00f3n","datePublished":"2021-05-13T11:08:51+00:00","mainEntityOfPage":{"@id":"https:\/\/sindromecharge.es\/index.php\/2021\/05\/13\/acompanamos-al-cermi-en-el-acto-con-pedro-sanchez-para-celebrar-la-reforma-de-la-constitucion\/"},"wordCount":503,"commentCount":0,"keywords":["enfermedades raras"],"articleSection":["noticias"],"inLanguage":"es","potentialAction":[{"@type":"CommentAction","name":"Comment","target":["https:\/\/sindromecharge.es\/index.php\/2021\/05\/13\/acompanamos-al-cermi-en-el-acto-con-pedro-sanchez-para-celebrar-la-reforma-de-la-constitucion\/#respond"]}]},{"@type":"WebPage","@id":"https:\/\/sindromecharge.es\/index.php\/2021\/05\/13\/acompanamos-al-cermi-en-el-acto-con-pedro-sanchez-para-celebrar-la-reforma-de-la-constitucion\/","url":"https:\/\/sindromecharge.es\/index.php\/2021\/05\/13\/acompanamos-al-cermi-en-el-acto-con-pedro-sanchez-para-celebrar-la-reforma-de-la-constitucion\/","name":"Acompa\u00f1amos al CERMI en el acto con Pedro S\u00e1nchez para celebrar la reforma de la Constituci\u00f3n - Asociaci\u00f3n Espa\u00f1ola S\u00edndrome de Charge","isPartOf":{"@id":"https:\/\/sindromecharge.es\/#website"},"datePublished":"2021-05-13T11:08:51+00:00","author":{"@id":"https:\/\/sindromecharge.es\/#\/schema\/person\/39a60ebe0a2b4d5a11179701e336b039"},"breadcrumb":{"@id":"https:\/\/sindromecharge.es\/index.php\/2021\/05\/13\/acompanamos-al-cermi-en-el-acto-con-pedro-sanchez-para-celebrar-la-reforma-de-la-constitucion\/#breadcrumb"},"inLanguage":"es","potentialAction":[{"@type":"ReadAction","target":["https:\/\/sindromecharge.es\/index.php\/2021\/05\/13\/acompanamos-al-cermi-en-el-acto-con-pedro-sanchez-para-celebrar-la-reforma-de-la-constitucion\/"]}]},{"@type":"BreadcrumbList","@id":"https:\/\/sindromecharge.es\/index.php\/2021\/05\/13\/acompanamos-al-cermi-en-el-acto-con-pedro-sanchez-para-celebrar-la-reforma-de-la-constitucion\/#breadcrumb","itemListElement":[{"@type":"ListItem","position":1,"name":"Portada","item":"https:\/\/sindromecharge.es\/"},{"@type":"ListItem","position":2,"name":"Acompa\u00f1amos al CERMI en el acto con Pedro S\u00e1nchez para celebrar la reforma de la Constituci\u00f3n"}]},{"@type":"WebSite","@id":"https:\/\/sindromecharge.es\/#website","url":"https:\/\/sindromecharge.es\/","name":"Asociaci\u00f3n Espa\u00f1ola S\u00edndrome de Charge","description":"","potentialAction":[{"@type":"SearchAction","target":{"@type":"EntryPoint","urlTemplate":"https:\/\/sindromecharge.es\/?s={search_term_string}"},"query-input":{"@type":"PropertyValueSpecification","valueRequired":true,"valueName":"search_term_string"}}],"inLanguage":"es"},{"@type":"Person","@id":"https:\/\/sindromecharge.es\/#\/schema\/person\/39a60ebe0a2b4d5a11179701e336b039","name":"Charge","image":{"@type":"ImageObject","inLanguage":"es","@id":"https:\/\/secure.gravatar.com\/avatar\/c3b46e32a0fc3b093a0873fb767bf3293de856293065e84ef06b7ec7a8acfb98?s=96&d=identicon&r=x","url":"https:\/\/secure.gravatar.com\/avatar\/c3b46e32a0fc3b093a0873fb767bf3293de856293065e84ef06b7ec7a8acfb98?s=96&d=identicon&r=x","contentUrl":"https:\/\/secure.gravatar.com\/avatar\/c3b46e32a0fc3b093a0873fb767bf3293de856293065e84ef06b7ec7a8acfb98?s=96&d=identicon&r=x","caption":"Charge"},"url":"https:\/\/sindromecharge.es\/index.php\/author\/admin\/"}]}},"_links":{"self":[{"href":"https:\/\/sindromecharge.es\/index.php\/wp-json\/wp\/v2\/posts\/7165","targetHints":{"allow":["GET"]}}],"collection":[{"href":"https:\/\/sindromecharge.es\/index.php\/wp-json\/wp\/v2\/posts"}],"about":[{"href":"https:\/\/sindromecharge.es\/index.php\/wp-json\/wp\/v2\/types\/post"}],"author":[{"embeddable":true,"href":"https:\/\/sindromecharge.es\/index.php\/wp-json\/wp\/v2\/users\/1"}],"replies":[{"embeddable":true,"href":"https:\/\/sindromecharge.es\/index.php\/wp-json\/wp\/v2\/comments?post=7165"}],"version-history":[{"count":0,"href":"https:\/\/sindromecharge.es\/index.php\/wp-json\/wp\/v2\/posts\/7165\/revisions"}],"wp:attachment":[{"href":"https:\/\/sindromecharge.es\/index.php\/wp-json\/wp\/v2\/media?parent=7165"}],"wp:term":[{"taxonomy":"category","embeddable":true,"href":"https:\/\/sindromecharge.es\/index.php\/wp-json\/wp\/v2\/categories?post=7165"},{"taxonomy":"post_tag","embeddable":true,"href":"https:\/\/sindromecharge.es\/index.php\/wp-json\/wp\/v2\/tags?post=7165"}],"curies":[{"name":"wp","href":"https:\/\/api.w.org\/{rel}","templated":true}]}}