{"id":7164,"date":"2021-05-13T11:08:19","date_gmt":"2021-05-13T11:08:19","guid":{"rendered":"https:\/\/sindromecharge.es\/index.php\/2021\/05\/13\/valencia-capital-mundial-del-diseno-une-a-profesionales-y-personas-con-discapacidad-en-la-plataforma-creativa-trampolin\/"},"modified":"2021-05-13T11:08:19","modified_gmt":"2021-05-13T11:08:19","slug":"valencia-capital-mundial-del-diseno-une-a-profesionales-y-personas-con-discapacidad-en-la-plataforma-creativa-trampolin","status":"publish","type":"post","link":"https:\/\/sindromecharge.es\/index.php\/2021\/05\/13\/valencia-capital-mundial-del-diseno-une-a-profesionales-y-personas-con-discapacidad-en-la-plataforma-creativa-trampolin\/","title":{"rendered":"Val\u00e8ncia Capital Mundial del Dise\u00f1o une a profesionales y personas con discapacidad en la plataforma creativa Trampol\u00edn"},"content":{"rendered":"<p>Leemos en 20minutos la siguiente noticia que os reproducimos de forma \u00edntegra: <\/p>\n<p>La iniciativa est\u00e1 dirigida por Yvette Garc\u00eda y Javier La Casta e impulsado desde varias entidades p\u00fablicas y privadas como son Val\u00e8ncia Capital Mundial del Dise\u00f1o 2022, Las Naves, La Nau de la Universitat de Val\u00e8ncia, Plena Inclusi\u00f3 e Impresum.<\/p>\n<p>As\u00ed, Val\u00e8ncia Capital Mundial del Dise\u00f1o 2022 y Trampol\u00edn se han unido para impulsar y organizar los Colabs, sesiones de trabajo dirigidas por profesionales del dise\u00f1o en las que las personas con discapacidad intelectual deben superar un reto y cumplir un objetivo.<\/p>\n<p>Se trata de la primera oportunidad para que formen parte de una sesi\u00f3n de trabajo profesional en la que poner en pr\u00e1ctica los conocimientos adquiridos en Trampol\u00edn, y una de las primeras fases de este proyecto inclusivo.<\/p>\n<p>Adem\u00e1s del impulso de Val\u00e8ncia Capital Mundial del Dise\u00f1o 2022, surgido tras la llamada abierta a profesionales realizada por la organizaci\u00f3n, el proyecto ha sido seleccionado dentro del programa de Innovaci\u00f3n Social del Ayuntamiento de Val\u00e8ncia, y ha sumado otros apoyos como el de la Universitat de Val\u00e8ncia, Impresum o la asociaci\u00f3n Plena Inclusi\u00f3 CV.<\/p>\n<p>La idea se apoya en el convencimiento de que \u00abtodas las personas son creativas si entrenan y en que las personas con discapacidad intelectual, gracias a su manera de mirar el mundo, tienen mucho que aportar a la industria creativa en campos como la publicidad, la ilustraci\u00f3n o el dise\u00f1o, entre otros\u00bb.<\/p>\n<p>En este sentido, Trampol\u00edn ayuda a potenciar sus capacidades mediante un proceso de formaci\u00f3n y aprendizaje. El mecanismo para dar el salto a la industria Trampol\u00edn se basa en una m\u00e1xima: aprender para ense\u00f1ar.<\/p>\n<p>La plataforma proporciona herramientas creativas y forma equipos de dise\u00f1o para que el resultado de este trabajo aporte valor a la industria. Gimeno Gr\u00e0fic, Luis Demano, Milimbo, Joan Quir\u00f3s y Marta Pina son algunos de los profesionales que ya se han unido a Trampol\u00edn para cocrear y dise\u00f1ar piezas en las sesiones formativas o Colabs, sesiones de trabajo dirigidas por profesionales del dise\u00f1o en las que personas con discapacidad intelectual deben superar un reto y cumplir un objetivo.<\/p>\n<p>En total, se van a realizar cuatro talleres de varios d\u00edas de duraci\u00f3n con grupos de entre 8 y 10 personas en los centros Renaixer C. O, el Patronato Francisco Esteve y pr\u00f3ximamente con Bona Gent.<\/p>\n<p>Desde su creaci\u00f3n en 2020, la puesta en marcha de Trampol\u00edn responde a reivindicaciones de plataformas que trabajan con las personas con discapacidad intelectual en todo el mundo, para su empoderamiento y su participaci\u00f3n real en la sociedad, a todos los niveles.<\/p>\n<p>Yvette Garc\u00eda y Javier La Casta, creadores de Trampol\u00edn, son profesionales del arte y el dise\u00f1o. Ella es bailarina y docente, mientras que \u00e9l trabaja como dise\u00f1ador y es socio fundador de Nectar Estudio.<\/p>\n<p>INTEGRACI\u00d3N EN LA INDUSTRIA<\/p>\n<p>Consideran que Trampol\u00edn es \u00abun espacio para aprovechar las posibilidades del dise\u00f1o para el desarrollo de las personas con discapacidad y su integraci\u00f3n en la industria, y por tanto para mejorar su inclusi\u00f3n en la sociedad\u00bb.<\/p>\n<p>En este sentido, Javier afirma que \u00abel dise\u00f1o lo vertebra todo\u00bb. \u00abSu poder es tan grande, que tambi\u00e9n aporta las herramientas necesarias para el desarrollo personal y la autoestima de las personas con discapacidad intelectual\u00bb, explica.<\/p>\n<p>\u00abTrampol\u00edn puede servir para una concienciaci\u00f3n generalizada, de colegios, otras entidades y grupos sociales que no saben qu\u00e9 es el dise\u00f1o y el poder que tiene como herramienta\u00bb, apunta Yvette Garc\u00eda.<\/p>\n<p>\u00abNo lo queremos hacer nosotros solos, sino que lo queremos hacer comparti\u00e9ndolo. Nuestro modelo se basa en invitar a gente para aprender de estas personas y ense\u00f1ar a su vez a otra gente\u00bb, concluyen.<\/p>\n<p>Fuente: 20minutos <a href=\"https:\/\/www.20minutos.es\/noticia\/4695384\/0\/valencia-capital-mundial-del-diseno-une-a-profesionales-y-personas-con-discapacidad-en-la-plataforma-creativa-trampolin\/\" target=\"_blank\" rel=\"noopener\">Val\u00e8ncia Capital Mundial del Dise\u00f1o une a profesionales y personas con discapacidad en la plataforma creativa Trampol\u00edn<\/a><\/p>\n","protected":false},"excerpt":{"rendered":"<p>Leemos en 20minutos la siguiente noticia que os reproducimos de forma \u00edntegra: La iniciativa est\u00e1 dirigida por Yvette Garc\u00eda y Javier La Casta e impulsado desde varias entidades p\u00fablicas y privadas como son Val\u00e8ncia Capital Mundial del Dise\u00f1o 2022, Las Naves, La Nau de la Universitat de Val\u00e8ncia, Plena Inclusi\u00f3 e Impresum. As\u00ed, Val\u00e8ncia Capital [&hellip;]<\/p>\n","protected":false},"author":1,"featured_media":0,"comment_status":"open","ping_status":"closed","sticky":false,"template":"","format":"standard","meta":{"footnotes":""},"categories":[8],"tags":[31],"class_list":["post-7164","post","type-post","status-publish","format-standard","hentry","category-noticias","tag-discapacidad"],"yoast_head":"<!-- This site is optimized with the Yoast SEO plugin v27.5 - https:\/\/yoast.com\/product\/yoast-seo-wordpress\/ -->\n<title>Val\u00e8ncia Capital Mundial del Dise\u00f1o une a profesionales y personas con discapacidad en la plataforma creativa Trampol\u00edn - Asociaci\u00f3n Espa\u00f1ola S\u00edndrome de Charge<\/title>\n<meta name=\"robots\" content=\"index, follow, max-snippet:-1, max-image-preview:large, max-video-preview:-1\" \/>\n<link rel=\"canonical\" href=\"https:\/\/sindromecharge.es\/index.php\/2021\/05\/13\/valencia-capital-mundial-del-diseno-une-a-profesionales-y-personas-con-discapacidad-en-la-plataforma-creativa-trampolin\/\" \/>\n<meta property=\"og:locale\" content=\"es_ES\" \/>\n<meta property=\"og:type\" content=\"article\" \/>\n<meta property=\"og:title\" content=\"Val\u00e8ncia Capital Mundial del Dise\u00f1o une a profesionales y personas con discapacidad en la plataforma creativa Trampol\u00edn - Asociaci\u00f3n Espa\u00f1ola S\u00edndrome de Charge\" \/>\n<meta property=\"og:description\" content=\"Leemos en 20minutos la siguiente noticia que os reproducimos de forma \u00edntegra: La iniciativa est\u00e1 dirigida por Yvette Garc\u00eda y Javier La Casta e impulsado desde varias entidades p\u00fablicas y privadas como son Val\u00e8ncia Capital Mundial del Dise\u00f1o 2022, Las Naves, La Nau de la Universitat de Val\u00e8ncia, Plena Inclusi\u00f3 e Impresum. As\u00ed, Val\u00e8ncia Capital [&hellip;]\" \/>\n<meta property=\"og:url\" content=\"https:\/\/sindromecharge.es\/index.php\/2021\/05\/13\/valencia-capital-mundial-del-diseno-une-a-profesionales-y-personas-con-discapacidad-en-la-plataforma-creativa-trampolin\/\" \/>\n<meta property=\"og:site_name\" content=\"Asociaci\u00f3n Espa\u00f1ola S\u00edndrome de Charge\" \/>\n<meta property=\"article:publisher\" content=\"https:\/\/www.facebook.com\/asociacionsindromecharge\" \/>\n<meta property=\"article:published_time\" content=\"2021-05-13T11:08:19+00:00\" \/>\n<meta property=\"og:image\" content=\"https:\/\/sindromecharge.es\/wp-content\/uploads\/2013\/09\/logodecharge300x98.png\" \/>\n\t<meta property=\"og:image:width\" content=\"300\" \/>\n\t<meta property=\"og:image:height\" content=\"98\" \/>\n\t<meta property=\"og:image:type\" content=\"image\/png\" \/>\n<meta name=\"author\" content=\"Charge\" \/>\n<meta name=\"twitter:card\" content=\"summary_large_image\" \/>\n<meta name=\"twitter:creator\" content=\"@sindromecharge\" \/>\n<meta name=\"twitter:site\" content=\"@sindromecharge\" \/>\n<meta name=\"twitter:label1\" content=\"Escrito por\" \/>\n\t<meta name=\"twitter:data1\" content=\"Charge\" \/>\n\t<meta name=\"twitter:label2\" content=\"Tiempo de lectura\" \/>\n\t<meta name=\"twitter:data2\" content=\"3 minutos\" \/>\n<script type=\"application\/ld+json\" class=\"yoast-schema-graph\">{\"@context\":\"https:\\\/\\\/schema.org\",\"@graph\":[{\"@type\":\"Article\",\"@id\":\"https:\\\/\\\/sindromecharge.es\\\/index.php\\\/2021\\\/05\\\/13\\\/valencia-capital-mundial-del-diseno-une-a-profesionales-y-personas-con-discapacidad-en-la-plataforma-creativa-trampolin\\\/#article\",\"isPartOf\":{\"@id\":\"https:\\\/\\\/sindromecharge.es\\\/index.php\\\/2021\\\/05\\\/13\\\/valencia-capital-mundial-del-diseno-une-a-profesionales-y-personas-con-discapacidad-en-la-plataforma-creativa-trampolin\\\/\"},\"author\":{\"name\":\"Charge\",\"@id\":\"https:\\\/\\\/sindromecharge.es\\\/#\\\/schema\\\/person\\\/39a60ebe0a2b4d5a11179701e336b039\"},\"headline\":\"Val\u00e8ncia Capital Mundial del Dise\u00f1o une a profesionales y personas con discapacidad en la plataforma creativa Trampol\u00edn\",\"datePublished\":\"2021-05-13T11:08:19+00:00\",\"mainEntityOfPage\":{\"@id\":\"https:\\\/\\\/sindromecharge.es\\\/index.php\\\/2021\\\/05\\\/13\\\/valencia-capital-mundial-del-diseno-une-a-profesionales-y-personas-con-discapacidad-en-la-plataforma-creativa-trampolin\\\/\"},\"wordCount\":695,\"commentCount\":0,\"keywords\":[\"discapacidad\"],\"articleSection\":[\"noticias\"],\"inLanguage\":\"es\",\"potentialAction\":[{\"@type\":\"CommentAction\",\"name\":\"Comment\",\"target\":[\"https:\\\/\\\/sindromecharge.es\\\/index.php\\\/2021\\\/05\\\/13\\\/valencia-capital-mundial-del-diseno-une-a-profesionales-y-personas-con-discapacidad-en-la-plataforma-creativa-trampolin\\\/#respond\"]}]},{\"@type\":\"WebPage\",\"@id\":\"https:\\\/\\\/sindromecharge.es\\\/index.php\\\/2021\\\/05\\\/13\\\/valencia-capital-mundial-del-diseno-une-a-profesionales-y-personas-con-discapacidad-en-la-plataforma-creativa-trampolin\\\/\",\"url\":\"https:\\\/\\\/sindromecharge.es\\\/index.php\\\/2021\\\/05\\\/13\\\/valencia-capital-mundial-del-diseno-une-a-profesionales-y-personas-con-discapacidad-en-la-plataforma-creativa-trampolin\\\/\",\"name\":\"Val\u00e8ncia Capital Mundial del Dise\u00f1o une a profesionales y personas con discapacidad en la plataforma creativa Trampol\u00edn - Asociaci\u00f3n Espa\u00f1ola S\u00edndrome de Charge\",\"isPartOf\":{\"@id\":\"https:\\\/\\\/sindromecharge.es\\\/#website\"},\"datePublished\":\"2021-05-13T11:08:19+00:00\",\"author\":{\"@id\":\"https:\\\/\\\/sindromecharge.es\\\/#\\\/schema\\\/person\\\/39a60ebe0a2b4d5a11179701e336b039\"},\"breadcrumb\":{\"@id\":\"https:\\\/\\\/sindromecharge.es\\\/index.php\\\/2021\\\/05\\\/13\\\/valencia-capital-mundial-del-diseno-une-a-profesionales-y-personas-con-discapacidad-en-la-plataforma-creativa-trampolin\\\/#breadcrumb\"},\"inLanguage\":\"es\",\"potentialAction\":[{\"@type\":\"ReadAction\",\"target\":[\"https:\\\/\\\/sindromecharge.es\\\/index.php\\\/2021\\\/05\\\/13\\\/valencia-capital-mundial-del-diseno-une-a-profesionales-y-personas-con-discapacidad-en-la-plataforma-creativa-trampolin\\\/\"]}]},{\"@type\":\"BreadcrumbList\",\"@id\":\"https:\\\/\\\/sindromecharge.es\\\/index.php\\\/2021\\\/05\\\/13\\\/valencia-capital-mundial-del-diseno-une-a-profesionales-y-personas-con-discapacidad-en-la-plataforma-creativa-trampolin\\\/#breadcrumb\",\"itemListElement\":[{\"@type\":\"ListItem\",\"position\":1,\"name\":\"Portada\",\"item\":\"https:\\\/\\\/sindromecharge.es\\\/\"},{\"@type\":\"ListItem\",\"position\":2,\"name\":\"Val\u00e8ncia Capital Mundial del Dise\u00f1o une a profesionales y personas con discapacidad en la plataforma creativa Trampol\u00edn\"}]},{\"@type\":\"WebSite\",\"@id\":\"https:\\\/\\\/sindromecharge.es\\\/#website\",\"url\":\"https:\\\/\\\/sindromecharge.es\\\/\",\"name\":\"Asociaci\u00f3n Espa\u00f1ola S\u00edndrome de Charge\",\"description\":\"\",\"potentialAction\":[{\"@type\":\"SearchAction\",\"target\":{\"@type\":\"EntryPoint\",\"urlTemplate\":\"https:\\\/\\\/sindromecharge.es\\\/?s={search_term_string}\"},\"query-input\":{\"@type\":\"PropertyValueSpecification\",\"valueRequired\":true,\"valueName\":\"search_term_string\"}}],\"inLanguage\":\"es\"},{\"@type\":\"Person\",\"@id\":\"https:\\\/\\\/sindromecharge.es\\\/#\\\/schema\\\/person\\\/39a60ebe0a2b4d5a11179701e336b039\",\"name\":\"Charge\",\"image\":{\"@type\":\"ImageObject\",\"inLanguage\":\"es\",\"@id\":\"https:\\\/\\\/secure.gravatar.com\\\/avatar\\\/c3b46e32a0fc3b093a0873fb767bf3293de856293065e84ef06b7ec7a8acfb98?s=96&d=identicon&r=x\",\"url\":\"https:\\\/\\\/secure.gravatar.com\\\/avatar\\\/c3b46e32a0fc3b093a0873fb767bf3293de856293065e84ef06b7ec7a8acfb98?s=96&d=identicon&r=x\",\"contentUrl\":\"https:\\\/\\\/secure.gravatar.com\\\/avatar\\\/c3b46e32a0fc3b093a0873fb767bf3293de856293065e84ef06b7ec7a8acfb98?s=96&d=identicon&r=x\",\"caption\":\"Charge\"},\"url\":\"https:\\\/\\\/sindromecharge.es\\\/index.php\\\/author\\\/admin\\\/\"}]}<\/script>\n<!-- \/ Yoast SEO plugin. -->","yoast_head_json":{"title":"Val\u00e8ncia Capital Mundial del Dise\u00f1o une a profesionales y personas con discapacidad en la plataforma creativa Trampol\u00edn - Asociaci\u00f3n Espa\u00f1ola S\u00edndrome de Charge","robots":{"index":"index","follow":"follow","max-snippet":"max-snippet:-1","max-image-preview":"max-image-preview:large","max-video-preview":"max-video-preview:-1"},"canonical":"https:\/\/sindromecharge.es\/index.php\/2021\/05\/13\/valencia-capital-mundial-del-diseno-une-a-profesionales-y-personas-con-discapacidad-en-la-plataforma-creativa-trampolin\/","og_locale":"es_ES","og_type":"article","og_title":"Val\u00e8ncia Capital Mundial del Dise\u00f1o une a profesionales y personas con discapacidad en la plataforma creativa Trampol\u00edn - Asociaci\u00f3n Espa\u00f1ola S\u00edndrome de Charge","og_description":"Leemos en 20minutos la siguiente noticia que os reproducimos de forma \u00edntegra: La iniciativa est\u00e1 dirigida por Yvette Garc\u00eda y Javier La Casta e impulsado desde varias entidades p\u00fablicas y privadas como son Val\u00e8ncia Capital Mundial del Dise\u00f1o 2022, Las Naves, La Nau de la Universitat de Val\u00e8ncia, Plena Inclusi\u00f3 e Impresum. As\u00ed, Val\u00e8ncia Capital [&hellip;]","og_url":"https:\/\/sindromecharge.es\/index.php\/2021\/05\/13\/valencia-capital-mundial-del-diseno-une-a-profesionales-y-personas-con-discapacidad-en-la-plataforma-creativa-trampolin\/","og_site_name":"Asociaci\u00f3n Espa\u00f1ola S\u00edndrome de Charge","article_publisher":"https:\/\/www.facebook.com\/asociacionsindromecharge","article_published_time":"2021-05-13T11:08:19+00:00","og_image":[{"width":300,"height":98,"url":"https:\/\/sindromecharge.es\/wp-content\/uploads\/2013\/09\/logodecharge300x98.png","type":"image\/png"}],"author":"Charge","twitter_card":"summary_large_image","twitter_creator":"@sindromecharge","twitter_site":"@sindromecharge","twitter_misc":{"Escrito por":"Charge","Tiempo de lectura":"3 minutos"},"schema":{"@context":"https:\/\/schema.org","@graph":[{"@type":"Article","@id":"https:\/\/sindromecharge.es\/index.php\/2021\/05\/13\/valencia-capital-mundial-del-diseno-une-a-profesionales-y-personas-con-discapacidad-en-la-plataforma-creativa-trampolin\/#article","isPartOf":{"@id":"https:\/\/sindromecharge.es\/index.php\/2021\/05\/13\/valencia-capital-mundial-del-diseno-une-a-profesionales-y-personas-con-discapacidad-en-la-plataforma-creativa-trampolin\/"},"author":{"name":"Charge","@id":"https:\/\/sindromecharge.es\/#\/schema\/person\/39a60ebe0a2b4d5a11179701e336b039"},"headline":"Val\u00e8ncia Capital Mundial del Dise\u00f1o une a profesionales y personas con discapacidad en la plataforma creativa Trampol\u00edn","datePublished":"2021-05-13T11:08:19+00:00","mainEntityOfPage":{"@id":"https:\/\/sindromecharge.es\/index.php\/2021\/05\/13\/valencia-capital-mundial-del-diseno-une-a-profesionales-y-personas-con-discapacidad-en-la-plataforma-creativa-trampolin\/"},"wordCount":695,"commentCount":0,"keywords":["discapacidad"],"articleSection":["noticias"],"inLanguage":"es","potentialAction":[{"@type":"CommentAction","name":"Comment","target":["https:\/\/sindromecharge.es\/index.php\/2021\/05\/13\/valencia-capital-mundial-del-diseno-une-a-profesionales-y-personas-con-discapacidad-en-la-plataforma-creativa-trampolin\/#respond"]}]},{"@type":"WebPage","@id":"https:\/\/sindromecharge.es\/index.php\/2021\/05\/13\/valencia-capital-mundial-del-diseno-une-a-profesionales-y-personas-con-discapacidad-en-la-plataforma-creativa-trampolin\/","url":"https:\/\/sindromecharge.es\/index.php\/2021\/05\/13\/valencia-capital-mundial-del-diseno-une-a-profesionales-y-personas-con-discapacidad-en-la-plataforma-creativa-trampolin\/","name":"Val\u00e8ncia Capital Mundial del Dise\u00f1o une a profesionales y personas con discapacidad en la plataforma creativa Trampol\u00edn - Asociaci\u00f3n Espa\u00f1ola S\u00edndrome de Charge","isPartOf":{"@id":"https:\/\/sindromecharge.es\/#website"},"datePublished":"2021-05-13T11:08:19+00:00","author":{"@id":"https:\/\/sindromecharge.es\/#\/schema\/person\/39a60ebe0a2b4d5a11179701e336b039"},"breadcrumb":{"@id":"https:\/\/sindromecharge.es\/index.php\/2021\/05\/13\/valencia-capital-mundial-del-diseno-une-a-profesionales-y-personas-con-discapacidad-en-la-plataforma-creativa-trampolin\/#breadcrumb"},"inLanguage":"es","potentialAction":[{"@type":"ReadAction","target":["https:\/\/sindromecharge.es\/index.php\/2021\/05\/13\/valencia-capital-mundial-del-diseno-une-a-profesionales-y-personas-con-discapacidad-en-la-plataforma-creativa-trampolin\/"]}]},{"@type":"BreadcrumbList","@id":"https:\/\/sindromecharge.es\/index.php\/2021\/05\/13\/valencia-capital-mundial-del-diseno-une-a-profesionales-y-personas-con-discapacidad-en-la-plataforma-creativa-trampolin\/#breadcrumb","itemListElement":[{"@type":"ListItem","position":1,"name":"Portada","item":"https:\/\/sindromecharge.es\/"},{"@type":"ListItem","position":2,"name":"Val\u00e8ncia Capital Mundial del Dise\u00f1o une a profesionales y personas con discapacidad en la plataforma creativa Trampol\u00edn"}]},{"@type":"WebSite","@id":"https:\/\/sindromecharge.es\/#website","url":"https:\/\/sindromecharge.es\/","name":"Asociaci\u00f3n Espa\u00f1ola S\u00edndrome de Charge","description":"","potentialAction":[{"@type":"SearchAction","target":{"@type":"EntryPoint","urlTemplate":"https:\/\/sindromecharge.es\/?s={search_term_string}"},"query-input":{"@type":"PropertyValueSpecification","valueRequired":true,"valueName":"search_term_string"}}],"inLanguage":"es"},{"@type":"Person","@id":"https:\/\/sindromecharge.es\/#\/schema\/person\/39a60ebe0a2b4d5a11179701e336b039","name":"Charge","image":{"@type":"ImageObject","inLanguage":"es","@id":"https:\/\/secure.gravatar.com\/avatar\/c3b46e32a0fc3b093a0873fb767bf3293de856293065e84ef06b7ec7a8acfb98?s=96&d=identicon&r=x","url":"https:\/\/secure.gravatar.com\/avatar\/c3b46e32a0fc3b093a0873fb767bf3293de856293065e84ef06b7ec7a8acfb98?s=96&d=identicon&r=x","contentUrl":"https:\/\/secure.gravatar.com\/avatar\/c3b46e32a0fc3b093a0873fb767bf3293de856293065e84ef06b7ec7a8acfb98?s=96&d=identicon&r=x","caption":"Charge"},"url":"https:\/\/sindromecharge.es\/index.php\/author\/admin\/"}]}},"_links":{"self":[{"href":"https:\/\/sindromecharge.es\/index.php\/wp-json\/wp\/v2\/posts\/7164","targetHints":{"allow":["GET"]}}],"collection":[{"href":"https:\/\/sindromecharge.es\/index.php\/wp-json\/wp\/v2\/posts"}],"about":[{"href":"https:\/\/sindromecharge.es\/index.php\/wp-json\/wp\/v2\/types\/post"}],"author":[{"embeddable":true,"href":"https:\/\/sindromecharge.es\/index.php\/wp-json\/wp\/v2\/users\/1"}],"replies":[{"embeddable":true,"href":"https:\/\/sindromecharge.es\/index.php\/wp-json\/wp\/v2\/comments?post=7164"}],"version-history":[{"count":0,"href":"https:\/\/sindromecharge.es\/index.php\/wp-json\/wp\/v2\/posts\/7164\/revisions"}],"wp:attachment":[{"href":"https:\/\/sindromecharge.es\/index.php\/wp-json\/wp\/v2\/media?parent=7164"}],"wp:term":[{"taxonomy":"category","embeddable":true,"href":"https:\/\/sindromecharge.es\/index.php\/wp-json\/wp\/v2\/categories?post=7164"},{"taxonomy":"post_tag","embeddable":true,"href":"https:\/\/sindromecharge.es\/index.php\/wp-json\/wp\/v2\/tags?post=7164"}],"curies":[{"name":"wp","href":"https:\/\/api.w.org\/{rel}","templated":true}]}}