{"id":7162,"date":"2021-05-13T09:23:18","date_gmt":"2021-05-13T09:23:18","guid":{"rendered":"https:\/\/sindromecharge.es\/index.php\/2021\/05\/13\/en-el-dia-del-nino-hospitalizado-nada-detiene-nuestro-carino\/"},"modified":"2021-05-13T09:23:18","modified_gmt":"2021-05-13T09:23:18","slug":"en-el-dia-del-nino-hospitalizado-nada-detiene-nuestro-carino","status":"publish","type":"post","link":"https:\/\/sindromecharge.es\/index.php\/2021\/05\/13\/en-el-dia-del-nino-hospitalizado-nada-detiene-nuestro-carino\/","title":{"rendered":"En el D\u00eda del Ni\u00f1o Hospitalizado, nada detiene nuestro cari\u00f1o"},"content":{"rendered":"<p>Leemos en Menudos Corazones la siguiente noticia que os reproducimos de forma \u00edntegra: <\/p>\n<p>El 13 de mayo es una fecha marcada con miles de besos en nuestro calendario. Desde hace siete a\u00f1os, celebramos el <strong>D\u00eda del Ni\u00f1o Hospitalizado<\/strong> para homenajear a estos<strong> peque\u00f1os pacientes y sus familias, al personal sanitario<\/strong> que les cuida, y a quienes tratan de mejorar el tiempo que pasan en el hospital a trav\u00e9s del <a href=\"https:\/\/www.menudoscorazones.org\/colabora\/voluntariado\/\"><strong>voluntariado<\/strong><\/a>.<\/p>\n<p>Y entre las actividades y gestos de apoyo y gratitud que se les dedica, el gran <strong>lanzamiento de besos<\/strong> a las puertas del hospital, a mediod\u00eda, se ha convertido en una de las tradiciones m\u00e1s significativas. Por segunda vez, la pandemia del <a href=\"https:\/\/www.menudoscorazones.org\/coronavirus-y-cardiopatias-congenitas\/\">coronavirus<\/a> marca la jornada; pero <strong>nada puede detener el cari\u00f1o que\u00a0queremos hacerles llegar.<\/strong><\/p>\n<p><strong>Gracias a Jorge, a Patricia y a sus familias<\/strong> por tan valioso testimonio; <strong>a los voluntarios y las voluntarias<\/strong> de Menudos Corazones; y <strong>al equipo t\u00e9cnico<\/strong> de la Fundaci\u00f3n por participar en este emotivo v\u00eddeo y por <strong>mantener viva la ilusi\u00f3n infantil<\/strong> de los peque\u00f1os pacientes ingresados a trav\u00e9s de nuestra labor en los hospitales.<\/p>\n<\/p>\n<h3>35 a\u00f1os de la Carta de los Derechos del Ni\u00f1o Hospitalizado<\/h3>\n<p>Tal d\u00eda como hoy en 1986, el Parlamento Europeo emiti\u00f3 la resoluci\u00f3n de la <strong>Carta de los Derechos del Ni\u00f1o Hospitalizado <\/strong>para reforzar la idea de que la mejor asistencia m\u00e9dica posible constituye un derecho fundamental tambi\u00e9n para los menores ingresados.<\/p>\n<p>Por ello, una de las acciones centrales de esta celebraci\u00f3n es la <strong>lectura de un manifiesto que promueve su reconocimiento oficial como fiesta nacional.<\/strong> La iniciativa, impulsada por la <a href=\"https:\/\/fundacion.atresmedia.com\/nuestros-proyectos\/humanizacion-hospitales-infantiles\/noticias\/dia-nacional-nino-hospitalizado-movimiento-social_202005075eb444dc08a75d00019bb2d2.html\">Fundaci\u00f3n Atresmedia<\/a> y apoyada desde sus inicios por Menudos Corazones, cuenta con la implicaci\u00f3n de m\u00e1s de 30 organizaciones que trabajan en la humanizaci\u00f3n de los hospitales.<\/p>\n<p>En su s\u00e9ptima edici\u00f3n, embajadores de la causa como <strong>Eva Gonz\u00e1lez, <\/strong>la cantante\u00a0<strong>Conchita <\/strong>y el grupo <strong>Bombai <\/strong>(que le ponen m\u00fasica con sus canciones <a href=\"https:\/\/www.youtube.com\/watch?v=4Q9TFFfDGeE\">\u00abUn beso redondo\u00bb<\/a> y <a href=\"https:\/\/www.youtube.com\/watch?v=z0hIwkrhCNg\">\u00abUn mar de besos\u00bb,<\/a> respectivamente) se har\u00e1n eco de esta fecha tan especial.<\/p>\n<h3>Menudos Corazones, de vuelta en el hospital<\/h3>\n<p>Aunque la pandemia oblig\u00f3 a hacer un par\u00e9ntesis en nuestro trabajo directo en el hospital, a causa de las restricciones de acceso, en este D\u00eda del Ni\u00f1o Hospitalizado tambi\u00e9n celebramos que nuestras compa\u00f1eras Ana Bel\u00e9n Hern\u00e1ndez, psic\u00f3loga de Menudos Corazones, y Mar\u00eda Alonso, educadora social, <a href=\"https:\/\/www.menudoscorazones.org\/2021\/retomamos-nuestro-acompanamiento-presencial-en-el-hospital-la-paz\/\">se han reincorporado en abril, de forma presencial, al Hospital La Paz de Madrid<\/a>.<\/p>\n<p>\u00a1Una raz\u00f3n m\u00e1s para lanzar besos en un d\u00eda tan especial como hoy!<\/p>\n<p>&nbsp;<\/p>\n<p>La entrada <a rel=\"nofollow\" href=\"https:\/\/www.menudoscorazones.org\/2021\/en-el-dia-del-nino-hospitalizado-nada-detiene-nuestro-carino\/\">En el D\u00eda del Ni\u00f1o Hospitalizado, nada detiene nuestro cari\u00f1o<\/a> aparece primero en <a rel=\"nofollow\" href=\"https:\/\/www.menudoscorazones.org\">Menudos Corazones<\/a>.<\/p>\n<p>Fuente: Menudos Corazones <a href=\"https:\/\/www.menudoscorazones.org\/2021\/en-el-dia-del-nino-hospitalizado-nada-detiene-nuestro-carino\/\" target=\"_blank\" rel=\"noopener\">En el D\u00eda del Ni\u00f1o Hospitalizado, nada detiene nuestro cari\u00f1o<\/a><\/p>\n","protected":false},"excerpt":{"rendered":"<p>Leemos en Menudos Corazones la siguiente noticia que os reproducimos de forma \u00edntegra: El 13 de mayo es una fecha marcada con miles de besos en nuestro calendario. Desde hace siete a\u00f1os, celebramos el D\u00eda del Ni\u00f1o Hospitalizado para homenajear a estos peque\u00f1os pacientes y sus familias, al personal sanitario que les cuida, y a [&hellip;]<\/p>\n","protected":false},"author":1,"featured_media":0,"comment_status":"open","ping_status":"closed","sticky":false,"template":"","format":"standard","meta":{"footnotes":""},"categories":[8],"tags":[113],"class_list":["post-7162","post","type-post","status-publish","format-standard","hentry","category-noticias","tag-corazon"],"yoast_head":"<!-- This site is optimized with the Yoast SEO plugin v27.5 - https:\/\/yoast.com\/product\/yoast-seo-wordpress\/ -->\n<title>En el D\u00eda del Ni\u00f1o Hospitalizado, nada detiene nuestro cari\u00f1o - Asociaci\u00f3n Espa\u00f1ola S\u00edndrome de Charge<\/title>\n<meta name=\"robots\" content=\"index, follow, max-snippet:-1, max-image-preview:large, max-video-preview:-1\" \/>\n<link rel=\"canonical\" href=\"https:\/\/sindromecharge.es\/index.php\/2021\/05\/13\/en-el-dia-del-nino-hospitalizado-nada-detiene-nuestro-carino\/\" \/>\n<meta property=\"og:locale\" content=\"es_ES\" \/>\n<meta property=\"og:type\" content=\"article\" \/>\n<meta property=\"og:title\" content=\"En el D\u00eda del Ni\u00f1o Hospitalizado, nada detiene nuestro cari\u00f1o - Asociaci\u00f3n Espa\u00f1ola S\u00edndrome de Charge\" \/>\n<meta property=\"og:description\" content=\"Leemos en Menudos Corazones la siguiente noticia que os reproducimos de forma \u00edntegra: El 13 de mayo es una fecha marcada con miles de besos en nuestro calendario. Desde hace siete a\u00f1os, celebramos el D\u00eda del Ni\u00f1o Hospitalizado para homenajear a estos peque\u00f1os pacientes y sus familias, al personal sanitario que les cuida, y a [&hellip;]\" \/>\n<meta property=\"og:url\" content=\"https:\/\/sindromecharge.es\/index.php\/2021\/05\/13\/en-el-dia-del-nino-hospitalizado-nada-detiene-nuestro-carino\/\" \/>\n<meta property=\"og:site_name\" content=\"Asociaci\u00f3n Espa\u00f1ola S\u00edndrome de Charge\" \/>\n<meta property=\"article:publisher\" content=\"https:\/\/www.facebook.com\/asociacionsindromecharge\" \/>\n<meta property=\"article:published_time\" content=\"2021-05-13T09:23:18+00:00\" \/>\n<meta property=\"og:image\" content=\"https:\/\/sindromecharge.es\/wp-content\/uploads\/2013\/09\/logodecharge300x98.png\" \/>\n\t<meta property=\"og:image:width\" content=\"300\" \/>\n\t<meta property=\"og:image:height\" content=\"98\" \/>\n\t<meta property=\"og:image:type\" content=\"image\/png\" \/>\n<meta name=\"author\" content=\"Charge\" \/>\n<meta name=\"twitter:card\" content=\"summary_large_image\" \/>\n<meta name=\"twitter:creator\" content=\"@sindromecharge\" \/>\n<meta name=\"twitter:site\" content=\"@sindromecharge\" \/>\n<meta name=\"twitter:label1\" content=\"Escrito por\" \/>\n\t<meta name=\"twitter:data1\" content=\"Charge\" \/>\n\t<meta name=\"twitter:label2\" content=\"Tiempo de lectura\" \/>\n\t<meta name=\"twitter:data2\" content=\"2 minutos\" \/>\n<script type=\"application\/ld+json\" class=\"yoast-schema-graph\">{\"@context\":\"https:\\\/\\\/schema.org\",\"@graph\":[{\"@type\":\"Article\",\"@id\":\"https:\\\/\\\/sindromecharge.es\\\/index.php\\\/2021\\\/05\\\/13\\\/en-el-dia-del-nino-hospitalizado-nada-detiene-nuestro-carino\\\/#article\",\"isPartOf\":{\"@id\":\"https:\\\/\\\/sindromecharge.es\\\/index.php\\\/2021\\\/05\\\/13\\\/en-el-dia-del-nino-hospitalizado-nada-detiene-nuestro-carino\\\/\"},\"author\":{\"name\":\"Charge\",\"@id\":\"https:\\\/\\\/sindromecharge.es\\\/#\\\/schema\\\/person\\\/39a60ebe0a2b4d5a11179701e336b039\"},\"headline\":\"En el D\u00eda del Ni\u00f1o Hospitalizado, nada detiene nuestro cari\u00f1o\",\"datePublished\":\"2021-05-13T09:23:18+00:00\",\"mainEntityOfPage\":{\"@id\":\"https:\\\/\\\/sindromecharge.es\\\/index.php\\\/2021\\\/05\\\/13\\\/en-el-dia-del-nino-hospitalizado-nada-detiene-nuestro-carino\\\/\"},\"wordCount\":499,\"commentCount\":0,\"keywords\":[\"corazon\"],\"articleSection\":[\"noticias\"],\"inLanguage\":\"es\",\"potentialAction\":[{\"@type\":\"CommentAction\",\"name\":\"Comment\",\"target\":[\"https:\\\/\\\/sindromecharge.es\\\/index.php\\\/2021\\\/05\\\/13\\\/en-el-dia-del-nino-hospitalizado-nada-detiene-nuestro-carino\\\/#respond\"]}]},{\"@type\":\"WebPage\",\"@id\":\"https:\\\/\\\/sindromecharge.es\\\/index.php\\\/2021\\\/05\\\/13\\\/en-el-dia-del-nino-hospitalizado-nada-detiene-nuestro-carino\\\/\",\"url\":\"https:\\\/\\\/sindromecharge.es\\\/index.php\\\/2021\\\/05\\\/13\\\/en-el-dia-del-nino-hospitalizado-nada-detiene-nuestro-carino\\\/\",\"name\":\"En el D\u00eda del Ni\u00f1o Hospitalizado, nada detiene nuestro cari\u00f1o - Asociaci\u00f3n Espa\u00f1ola S\u00edndrome de Charge\",\"isPartOf\":{\"@id\":\"https:\\\/\\\/sindromecharge.es\\\/#website\"},\"datePublished\":\"2021-05-13T09:23:18+00:00\",\"author\":{\"@id\":\"https:\\\/\\\/sindromecharge.es\\\/#\\\/schema\\\/person\\\/39a60ebe0a2b4d5a11179701e336b039\"},\"breadcrumb\":{\"@id\":\"https:\\\/\\\/sindromecharge.es\\\/index.php\\\/2021\\\/05\\\/13\\\/en-el-dia-del-nino-hospitalizado-nada-detiene-nuestro-carino\\\/#breadcrumb\"},\"inLanguage\":\"es\",\"potentialAction\":[{\"@type\":\"ReadAction\",\"target\":[\"https:\\\/\\\/sindromecharge.es\\\/index.php\\\/2021\\\/05\\\/13\\\/en-el-dia-del-nino-hospitalizado-nada-detiene-nuestro-carino\\\/\"]}]},{\"@type\":\"BreadcrumbList\",\"@id\":\"https:\\\/\\\/sindromecharge.es\\\/index.php\\\/2021\\\/05\\\/13\\\/en-el-dia-del-nino-hospitalizado-nada-detiene-nuestro-carino\\\/#breadcrumb\",\"itemListElement\":[{\"@type\":\"ListItem\",\"position\":1,\"name\":\"Portada\",\"item\":\"https:\\\/\\\/sindromecharge.es\\\/\"},{\"@type\":\"ListItem\",\"position\":2,\"name\":\"En el D\u00eda del Ni\u00f1o Hospitalizado, nada detiene nuestro cari\u00f1o\"}]},{\"@type\":\"WebSite\",\"@id\":\"https:\\\/\\\/sindromecharge.es\\\/#website\",\"url\":\"https:\\\/\\\/sindromecharge.es\\\/\",\"name\":\"Asociaci\u00f3n Espa\u00f1ola S\u00edndrome de Charge\",\"description\":\"\",\"potentialAction\":[{\"@type\":\"SearchAction\",\"target\":{\"@type\":\"EntryPoint\",\"urlTemplate\":\"https:\\\/\\\/sindromecharge.es\\\/?s={search_term_string}\"},\"query-input\":{\"@type\":\"PropertyValueSpecification\",\"valueRequired\":true,\"valueName\":\"search_term_string\"}}],\"inLanguage\":\"es\"},{\"@type\":\"Person\",\"@id\":\"https:\\\/\\\/sindromecharge.es\\\/#\\\/schema\\\/person\\\/39a60ebe0a2b4d5a11179701e336b039\",\"name\":\"Charge\",\"image\":{\"@type\":\"ImageObject\",\"inLanguage\":\"es\",\"@id\":\"https:\\\/\\\/secure.gravatar.com\\\/avatar\\\/c3b46e32a0fc3b093a0873fb767bf3293de856293065e84ef06b7ec7a8acfb98?s=96&d=identicon&r=x\",\"url\":\"https:\\\/\\\/secure.gravatar.com\\\/avatar\\\/c3b46e32a0fc3b093a0873fb767bf3293de856293065e84ef06b7ec7a8acfb98?s=96&d=identicon&r=x\",\"contentUrl\":\"https:\\\/\\\/secure.gravatar.com\\\/avatar\\\/c3b46e32a0fc3b093a0873fb767bf3293de856293065e84ef06b7ec7a8acfb98?s=96&d=identicon&r=x\",\"caption\":\"Charge\"},\"url\":\"https:\\\/\\\/sindromecharge.es\\\/index.php\\\/author\\\/admin\\\/\"}]}<\/script>\n<!-- \/ Yoast SEO plugin. -->","yoast_head_json":{"title":"En el D\u00eda del Ni\u00f1o Hospitalizado, nada detiene nuestro cari\u00f1o - Asociaci\u00f3n Espa\u00f1ola S\u00edndrome de Charge","robots":{"index":"index","follow":"follow","max-snippet":"max-snippet:-1","max-image-preview":"max-image-preview:large","max-video-preview":"max-video-preview:-1"},"canonical":"https:\/\/sindromecharge.es\/index.php\/2021\/05\/13\/en-el-dia-del-nino-hospitalizado-nada-detiene-nuestro-carino\/","og_locale":"es_ES","og_type":"article","og_title":"En el D\u00eda del Ni\u00f1o Hospitalizado, nada detiene nuestro cari\u00f1o - Asociaci\u00f3n Espa\u00f1ola S\u00edndrome de Charge","og_description":"Leemos en Menudos Corazones la siguiente noticia que os reproducimos de forma \u00edntegra: El 13 de mayo es una fecha marcada con miles de besos en nuestro calendario. Desde hace siete a\u00f1os, celebramos el D\u00eda del Ni\u00f1o Hospitalizado para homenajear a estos peque\u00f1os pacientes y sus familias, al personal sanitario que les cuida, y a [&hellip;]","og_url":"https:\/\/sindromecharge.es\/index.php\/2021\/05\/13\/en-el-dia-del-nino-hospitalizado-nada-detiene-nuestro-carino\/","og_site_name":"Asociaci\u00f3n Espa\u00f1ola S\u00edndrome de Charge","article_publisher":"https:\/\/www.facebook.com\/asociacionsindromecharge","article_published_time":"2021-05-13T09:23:18+00:00","og_image":[{"width":300,"height":98,"url":"https:\/\/sindromecharge.es\/wp-content\/uploads\/2013\/09\/logodecharge300x98.png","type":"image\/png"}],"author":"Charge","twitter_card":"summary_large_image","twitter_creator":"@sindromecharge","twitter_site":"@sindromecharge","twitter_misc":{"Escrito por":"Charge","Tiempo de lectura":"2 minutos"},"schema":{"@context":"https:\/\/schema.org","@graph":[{"@type":"Article","@id":"https:\/\/sindromecharge.es\/index.php\/2021\/05\/13\/en-el-dia-del-nino-hospitalizado-nada-detiene-nuestro-carino\/#article","isPartOf":{"@id":"https:\/\/sindromecharge.es\/index.php\/2021\/05\/13\/en-el-dia-del-nino-hospitalizado-nada-detiene-nuestro-carino\/"},"author":{"name":"Charge","@id":"https:\/\/sindromecharge.es\/#\/schema\/person\/39a60ebe0a2b4d5a11179701e336b039"},"headline":"En el D\u00eda del Ni\u00f1o Hospitalizado, nada detiene nuestro cari\u00f1o","datePublished":"2021-05-13T09:23:18+00:00","mainEntityOfPage":{"@id":"https:\/\/sindromecharge.es\/index.php\/2021\/05\/13\/en-el-dia-del-nino-hospitalizado-nada-detiene-nuestro-carino\/"},"wordCount":499,"commentCount":0,"keywords":["corazon"],"articleSection":["noticias"],"inLanguage":"es","potentialAction":[{"@type":"CommentAction","name":"Comment","target":["https:\/\/sindromecharge.es\/index.php\/2021\/05\/13\/en-el-dia-del-nino-hospitalizado-nada-detiene-nuestro-carino\/#respond"]}]},{"@type":"WebPage","@id":"https:\/\/sindromecharge.es\/index.php\/2021\/05\/13\/en-el-dia-del-nino-hospitalizado-nada-detiene-nuestro-carino\/","url":"https:\/\/sindromecharge.es\/index.php\/2021\/05\/13\/en-el-dia-del-nino-hospitalizado-nada-detiene-nuestro-carino\/","name":"En el D\u00eda del Ni\u00f1o Hospitalizado, nada detiene nuestro cari\u00f1o - Asociaci\u00f3n Espa\u00f1ola S\u00edndrome de Charge","isPartOf":{"@id":"https:\/\/sindromecharge.es\/#website"},"datePublished":"2021-05-13T09:23:18+00:00","author":{"@id":"https:\/\/sindromecharge.es\/#\/schema\/person\/39a60ebe0a2b4d5a11179701e336b039"},"breadcrumb":{"@id":"https:\/\/sindromecharge.es\/index.php\/2021\/05\/13\/en-el-dia-del-nino-hospitalizado-nada-detiene-nuestro-carino\/#breadcrumb"},"inLanguage":"es","potentialAction":[{"@type":"ReadAction","target":["https:\/\/sindromecharge.es\/index.php\/2021\/05\/13\/en-el-dia-del-nino-hospitalizado-nada-detiene-nuestro-carino\/"]}]},{"@type":"BreadcrumbList","@id":"https:\/\/sindromecharge.es\/index.php\/2021\/05\/13\/en-el-dia-del-nino-hospitalizado-nada-detiene-nuestro-carino\/#breadcrumb","itemListElement":[{"@type":"ListItem","position":1,"name":"Portada","item":"https:\/\/sindromecharge.es\/"},{"@type":"ListItem","position":2,"name":"En el D\u00eda del Ni\u00f1o Hospitalizado, nada detiene nuestro cari\u00f1o"}]},{"@type":"WebSite","@id":"https:\/\/sindromecharge.es\/#website","url":"https:\/\/sindromecharge.es\/","name":"Asociaci\u00f3n Espa\u00f1ola S\u00edndrome de Charge","description":"","potentialAction":[{"@type":"SearchAction","target":{"@type":"EntryPoint","urlTemplate":"https:\/\/sindromecharge.es\/?s={search_term_string}"},"query-input":{"@type":"PropertyValueSpecification","valueRequired":true,"valueName":"search_term_string"}}],"inLanguage":"es"},{"@type":"Person","@id":"https:\/\/sindromecharge.es\/#\/schema\/person\/39a60ebe0a2b4d5a11179701e336b039","name":"Charge","image":{"@type":"ImageObject","inLanguage":"es","@id":"https:\/\/secure.gravatar.com\/avatar\/c3b46e32a0fc3b093a0873fb767bf3293de856293065e84ef06b7ec7a8acfb98?s=96&d=identicon&r=x","url":"https:\/\/secure.gravatar.com\/avatar\/c3b46e32a0fc3b093a0873fb767bf3293de856293065e84ef06b7ec7a8acfb98?s=96&d=identicon&r=x","contentUrl":"https:\/\/secure.gravatar.com\/avatar\/c3b46e32a0fc3b093a0873fb767bf3293de856293065e84ef06b7ec7a8acfb98?s=96&d=identicon&r=x","caption":"Charge"},"url":"https:\/\/sindromecharge.es\/index.php\/author\/admin\/"}]}},"_links":{"self":[{"href":"https:\/\/sindromecharge.es\/index.php\/wp-json\/wp\/v2\/posts\/7162","targetHints":{"allow":["GET"]}}],"collection":[{"href":"https:\/\/sindromecharge.es\/index.php\/wp-json\/wp\/v2\/posts"}],"about":[{"href":"https:\/\/sindromecharge.es\/index.php\/wp-json\/wp\/v2\/types\/post"}],"author":[{"embeddable":true,"href":"https:\/\/sindromecharge.es\/index.php\/wp-json\/wp\/v2\/users\/1"}],"replies":[{"embeddable":true,"href":"https:\/\/sindromecharge.es\/index.php\/wp-json\/wp\/v2\/comments?post=7162"}],"version-history":[{"count":0,"href":"https:\/\/sindromecharge.es\/index.php\/wp-json\/wp\/v2\/posts\/7162\/revisions"}],"wp:attachment":[{"href":"https:\/\/sindromecharge.es\/index.php\/wp-json\/wp\/v2\/media?parent=7162"}],"wp:term":[{"taxonomy":"category","embeddable":true,"href":"https:\/\/sindromecharge.es\/index.php\/wp-json\/wp\/v2\/categories?post=7162"},{"taxonomy":"post_tag","embeddable":true,"href":"https:\/\/sindromecharge.es\/index.php\/wp-json\/wp\/v2\/tags?post=7162"}],"curies":[{"name":"wp","href":"https:\/\/api.w.org\/{rel}","templated":true}]}}