{"id":7161,"date":"2021-05-13T06:55:04","date_gmt":"2021-05-13T06:55:04","guid":{"rendered":"https:\/\/sindromecharge.es\/index.php\/2021\/05\/13\/fundacion-atresmedia-lanza-un-manifiesto-por-el-dia-del-nino-hospitalizado\/"},"modified":"2021-05-13T06:55:04","modified_gmt":"2021-05-13T06:55:04","slug":"fundacion-atresmedia-lanza-un-manifiesto-por-el-dia-del-nino-hospitalizado","status":"publish","type":"post","link":"https:\/\/sindromecharge.es\/index.php\/2021\/05\/13\/fundacion-atresmedia-lanza-un-manifiesto-por-el-dia-del-nino-hospitalizado\/","title":{"rendered":"Fundaci\u00f3n Atresmedia lanza un manifiesto por el D\u00eda del Ni\u00f1o Hospitalizado"},"content":{"rendered":"<p>Leemos en FEDER la siguiente noticia que os reproducimos de forma \u00edntegra: <\/p>\n<p><p>Fuente: Fundaci\u00f3n Atresmedia. Hoy se celebra, por quinto a\u00f1o consecutivo, el D\u00eda del Ni\u00f1o Hospitalizado.<\/p>\n<p>Un d\u00eda dedicado a rendir homenaje a todos los ni\u00f1os ingresados, a sus familias, a los profesionales del hospital que les curan y cuidan y a los voluntarios que les acompa\u00f1an cada d\u00eda.<\/p>\n<p>El 13 de mayo de 1986 el Parlamento Europeo emiti\u00f3 la resoluci\u00f3n de la Carta de los Derechos del Ni\u00f1o Hospitalizado, para asentar y reforzar la idea de que el derecho a la mejor asistencia m\u00e9dica posible, constituye un derecho fundamental tambi\u00e9n para ellos.<\/p>\n<p>Hoy m\u00e1s de 200 hospitales y 30 entidades sociales lanzan besos en honor a todos los ni\u00f1os que est\u00e1n o han estado alguna vez hospitalizados. Es un d\u00eda para ellos.<\/p>\n<p>Todos nosotros y tambi\u00e9n la sociedad civil, hacen un llamamiento a trav\u00e9s de este manifiesto para que se reconozca oficialmente esta jornada como el D\u00eda NACIONAL del Ni\u00f1o Hospitalizado.<\/p>\n<p>Gracias a todos los que form\u00e1is parte de este movimiento en el que cada uno sumamos y el agradecimiento tambi\u00e9n: a Conchita y a Bombai por poner m\u00fasica y alegr\u00eda al D\u00eda del Ni\u00f1o Hospitalizado con \u201cun beso redondo\u201d y \u201cun mar de besos\u201d; al apoyo de las entidades amigas, comprometidas con la humanizaci\u00f3n de hospitales infantiles y, por supuesto, a todos los que hoy lanz\u00e1is besos.<\/p>\n<p>PORQUE QUE SONR\u00cdAN, TAMBIEN ES URGENTE<\/p>\n<p style=\"text-align: center\"><span style=\"font-size: 14pt\">\u00a1FELIZ D\u00cdA DEL NI\u00d1O HOSPITALIZADO, UN MAR DE BESOS REDONDOS PARA TODOS!<\/span><\/p>\n<p>\u00daltima actualizaci\u00f3n 13\/05\/2021<\/p>\n<\/p>\n<p>Fuente: FEDER <a href=\"https:\/\/enfermedades-raras.org\/index.php\/actualidad\/noticias-eventos\/2-feder\/15352-fundaci%C3%B3n-atresmedia-lanza-un-manifiesto-por-el-d%C3%ADa-del-ni%C3%B1o-hospitalizado\" target=\"_blank\" rel=\"noopener\">Fundaci\u00f3n Atresmedia lanza un manifiesto por el D\u00eda del Ni\u00f1o Hospitalizado<\/a><\/p>\n","protected":false},"excerpt":{"rendered":"<p>Leemos en FEDER la siguiente noticia que os reproducimos de forma \u00edntegra: Fuente: Fundaci\u00f3n Atresmedia. Hoy se celebra, por quinto a\u00f1o consecutivo, el D\u00eda del Ni\u00f1o Hospitalizado. Un d\u00eda dedicado a rendir homenaje a todos los ni\u00f1os ingresados, a sus familias, a los profesionales del hospital que les curan y cuidan y a los voluntarios [&hellip;]<\/p>\n","protected":false},"author":1,"featured_media":0,"comment_status":"open","ping_status":"closed","sticky":false,"template":"","format":"standard","meta":{"footnotes":""},"categories":[8],"tags":[36],"class_list":["post-7161","post","type-post","status-publish","format-standard","hentry","category-noticias","tag-enfermedades-raras"],"yoast_head":"<!-- This site is optimized with the Yoast SEO plugin v27.5 - https:\/\/yoast.com\/product\/yoast-seo-wordpress\/ -->\n<title>Fundaci\u00f3n Atresmedia lanza un manifiesto por el D\u00eda del Ni\u00f1o Hospitalizado - Asociaci\u00f3n Espa\u00f1ola S\u00edndrome de Charge<\/title>\n<meta name=\"robots\" content=\"index, follow, max-snippet:-1, max-image-preview:large, max-video-preview:-1\" \/>\n<link rel=\"canonical\" href=\"https:\/\/sindromecharge.es\/index.php\/2021\/05\/13\/fundacion-atresmedia-lanza-un-manifiesto-por-el-dia-del-nino-hospitalizado\/\" \/>\n<meta property=\"og:locale\" content=\"es_ES\" \/>\n<meta property=\"og:type\" content=\"article\" \/>\n<meta property=\"og:title\" content=\"Fundaci\u00f3n Atresmedia lanza un manifiesto por el D\u00eda del Ni\u00f1o Hospitalizado - Asociaci\u00f3n Espa\u00f1ola S\u00edndrome de Charge\" \/>\n<meta property=\"og:description\" content=\"Leemos en FEDER la siguiente noticia que os reproducimos de forma \u00edntegra: Fuente: Fundaci\u00f3n Atresmedia. Hoy se celebra, por quinto a\u00f1o consecutivo, el D\u00eda del Ni\u00f1o Hospitalizado. Un d\u00eda dedicado a rendir homenaje a todos los ni\u00f1os ingresados, a sus familias, a los profesionales del hospital que les curan y cuidan y a los voluntarios [&hellip;]\" \/>\n<meta property=\"og:url\" content=\"https:\/\/sindromecharge.es\/index.php\/2021\/05\/13\/fundacion-atresmedia-lanza-un-manifiesto-por-el-dia-del-nino-hospitalizado\/\" \/>\n<meta property=\"og:site_name\" content=\"Asociaci\u00f3n Espa\u00f1ola S\u00edndrome de Charge\" \/>\n<meta property=\"article:publisher\" content=\"https:\/\/www.facebook.com\/asociacionsindromecharge\" \/>\n<meta property=\"article:published_time\" content=\"2021-05-13T06:55:04+00:00\" \/>\n<meta property=\"og:image\" content=\"https:\/\/sindromecharge.es\/wp-content\/uploads\/2013\/09\/logodecharge300x98.png\" \/>\n\t<meta property=\"og:image:width\" content=\"300\" \/>\n\t<meta property=\"og:image:height\" content=\"98\" \/>\n\t<meta property=\"og:image:type\" content=\"image\/png\" \/>\n<meta name=\"author\" content=\"Charge\" \/>\n<meta name=\"twitter:card\" content=\"summary_large_image\" \/>\n<meta name=\"twitter:creator\" content=\"@sindromecharge\" \/>\n<meta name=\"twitter:site\" content=\"@sindromecharge\" \/>\n<meta name=\"twitter:label1\" content=\"Escrito por\" \/>\n\t<meta name=\"twitter:data1\" content=\"Charge\" \/>\n\t<meta name=\"twitter:label2\" content=\"Tiempo de lectura\" \/>\n\t<meta name=\"twitter:data2\" content=\"1 minuto\" \/>\n<script type=\"application\/ld+json\" class=\"yoast-schema-graph\">{\"@context\":\"https:\\\/\\\/schema.org\",\"@graph\":[{\"@type\":\"Article\",\"@id\":\"https:\\\/\\\/sindromecharge.es\\\/index.php\\\/2021\\\/05\\\/13\\\/fundacion-atresmedia-lanza-un-manifiesto-por-el-dia-del-nino-hospitalizado\\\/#article\",\"isPartOf\":{\"@id\":\"https:\\\/\\\/sindromecharge.es\\\/index.php\\\/2021\\\/05\\\/13\\\/fundacion-atresmedia-lanza-un-manifiesto-por-el-dia-del-nino-hospitalizado\\\/\"},\"author\":{\"name\":\"Charge\",\"@id\":\"https:\\\/\\\/sindromecharge.es\\\/#\\\/schema\\\/person\\\/39a60ebe0a2b4d5a11179701e336b039\"},\"headline\":\"Fundaci\u00f3n Atresmedia lanza un manifiesto por el D\u00eda del Ni\u00f1o Hospitalizado\",\"datePublished\":\"2021-05-13T06:55:04+00:00\",\"mainEntityOfPage\":{\"@id\":\"https:\\\/\\\/sindromecharge.es\\\/index.php\\\/2021\\\/05\\\/13\\\/fundacion-atresmedia-lanza-un-manifiesto-por-el-dia-del-nino-hospitalizado\\\/\"},\"wordCount\":308,\"commentCount\":0,\"keywords\":[\"enfermedades raras\"],\"articleSection\":[\"noticias\"],\"inLanguage\":\"es\",\"potentialAction\":[{\"@type\":\"CommentAction\",\"name\":\"Comment\",\"target\":[\"https:\\\/\\\/sindromecharge.es\\\/index.php\\\/2021\\\/05\\\/13\\\/fundacion-atresmedia-lanza-un-manifiesto-por-el-dia-del-nino-hospitalizado\\\/#respond\"]}]},{\"@type\":\"WebPage\",\"@id\":\"https:\\\/\\\/sindromecharge.es\\\/index.php\\\/2021\\\/05\\\/13\\\/fundacion-atresmedia-lanza-un-manifiesto-por-el-dia-del-nino-hospitalizado\\\/\",\"url\":\"https:\\\/\\\/sindromecharge.es\\\/index.php\\\/2021\\\/05\\\/13\\\/fundacion-atresmedia-lanza-un-manifiesto-por-el-dia-del-nino-hospitalizado\\\/\",\"name\":\"Fundaci\u00f3n Atresmedia lanza un manifiesto por el D\u00eda del Ni\u00f1o Hospitalizado - Asociaci\u00f3n Espa\u00f1ola S\u00edndrome de Charge\",\"isPartOf\":{\"@id\":\"https:\\\/\\\/sindromecharge.es\\\/#website\"},\"datePublished\":\"2021-05-13T06:55:04+00:00\",\"author\":{\"@id\":\"https:\\\/\\\/sindromecharge.es\\\/#\\\/schema\\\/person\\\/39a60ebe0a2b4d5a11179701e336b039\"},\"breadcrumb\":{\"@id\":\"https:\\\/\\\/sindromecharge.es\\\/index.php\\\/2021\\\/05\\\/13\\\/fundacion-atresmedia-lanza-un-manifiesto-por-el-dia-del-nino-hospitalizado\\\/#breadcrumb\"},\"inLanguage\":\"es\",\"potentialAction\":[{\"@type\":\"ReadAction\",\"target\":[\"https:\\\/\\\/sindromecharge.es\\\/index.php\\\/2021\\\/05\\\/13\\\/fundacion-atresmedia-lanza-un-manifiesto-por-el-dia-del-nino-hospitalizado\\\/\"]}]},{\"@type\":\"BreadcrumbList\",\"@id\":\"https:\\\/\\\/sindromecharge.es\\\/index.php\\\/2021\\\/05\\\/13\\\/fundacion-atresmedia-lanza-un-manifiesto-por-el-dia-del-nino-hospitalizado\\\/#breadcrumb\",\"itemListElement\":[{\"@type\":\"ListItem\",\"position\":1,\"name\":\"Portada\",\"item\":\"https:\\\/\\\/sindromecharge.es\\\/\"},{\"@type\":\"ListItem\",\"position\":2,\"name\":\"Fundaci\u00f3n Atresmedia lanza un manifiesto por el D\u00eda del Ni\u00f1o Hospitalizado\"}]},{\"@type\":\"WebSite\",\"@id\":\"https:\\\/\\\/sindromecharge.es\\\/#website\",\"url\":\"https:\\\/\\\/sindromecharge.es\\\/\",\"name\":\"Asociaci\u00f3n Espa\u00f1ola S\u00edndrome de Charge\",\"description\":\"\",\"potentialAction\":[{\"@type\":\"SearchAction\",\"target\":{\"@type\":\"EntryPoint\",\"urlTemplate\":\"https:\\\/\\\/sindromecharge.es\\\/?s={search_term_string}\"},\"query-input\":{\"@type\":\"PropertyValueSpecification\",\"valueRequired\":true,\"valueName\":\"search_term_string\"}}],\"inLanguage\":\"es\"},{\"@type\":\"Person\",\"@id\":\"https:\\\/\\\/sindromecharge.es\\\/#\\\/schema\\\/person\\\/39a60ebe0a2b4d5a11179701e336b039\",\"name\":\"Charge\",\"image\":{\"@type\":\"ImageObject\",\"inLanguage\":\"es\",\"@id\":\"https:\\\/\\\/secure.gravatar.com\\\/avatar\\\/c3b46e32a0fc3b093a0873fb767bf3293de856293065e84ef06b7ec7a8acfb98?s=96&d=identicon&r=x\",\"url\":\"https:\\\/\\\/secure.gravatar.com\\\/avatar\\\/c3b46e32a0fc3b093a0873fb767bf3293de856293065e84ef06b7ec7a8acfb98?s=96&d=identicon&r=x\",\"contentUrl\":\"https:\\\/\\\/secure.gravatar.com\\\/avatar\\\/c3b46e32a0fc3b093a0873fb767bf3293de856293065e84ef06b7ec7a8acfb98?s=96&d=identicon&r=x\",\"caption\":\"Charge\"},\"url\":\"https:\\\/\\\/sindromecharge.es\\\/index.php\\\/author\\\/admin\\\/\"}]}<\/script>\n<!-- \/ Yoast SEO plugin. -->","yoast_head_json":{"title":"Fundaci\u00f3n Atresmedia lanza un manifiesto por el D\u00eda del Ni\u00f1o Hospitalizado - Asociaci\u00f3n Espa\u00f1ola S\u00edndrome de Charge","robots":{"index":"index","follow":"follow","max-snippet":"max-snippet:-1","max-image-preview":"max-image-preview:large","max-video-preview":"max-video-preview:-1"},"canonical":"https:\/\/sindromecharge.es\/index.php\/2021\/05\/13\/fundacion-atresmedia-lanza-un-manifiesto-por-el-dia-del-nino-hospitalizado\/","og_locale":"es_ES","og_type":"article","og_title":"Fundaci\u00f3n Atresmedia lanza un manifiesto por el D\u00eda del Ni\u00f1o Hospitalizado - Asociaci\u00f3n Espa\u00f1ola S\u00edndrome de Charge","og_description":"Leemos en FEDER la siguiente noticia que os reproducimos de forma \u00edntegra: Fuente: Fundaci\u00f3n Atresmedia. Hoy se celebra, por quinto a\u00f1o consecutivo, el D\u00eda del Ni\u00f1o Hospitalizado. Un d\u00eda dedicado a rendir homenaje a todos los ni\u00f1os ingresados, a sus familias, a los profesionales del hospital que les curan y cuidan y a los voluntarios [&hellip;]","og_url":"https:\/\/sindromecharge.es\/index.php\/2021\/05\/13\/fundacion-atresmedia-lanza-un-manifiesto-por-el-dia-del-nino-hospitalizado\/","og_site_name":"Asociaci\u00f3n Espa\u00f1ola S\u00edndrome de Charge","article_publisher":"https:\/\/www.facebook.com\/asociacionsindromecharge","article_published_time":"2021-05-13T06:55:04+00:00","og_image":[{"width":300,"height":98,"url":"https:\/\/sindromecharge.es\/wp-content\/uploads\/2013\/09\/logodecharge300x98.png","type":"image\/png"}],"author":"Charge","twitter_card":"summary_large_image","twitter_creator":"@sindromecharge","twitter_site":"@sindromecharge","twitter_misc":{"Escrito por":"Charge","Tiempo de lectura":"1 minuto"},"schema":{"@context":"https:\/\/schema.org","@graph":[{"@type":"Article","@id":"https:\/\/sindromecharge.es\/index.php\/2021\/05\/13\/fundacion-atresmedia-lanza-un-manifiesto-por-el-dia-del-nino-hospitalizado\/#article","isPartOf":{"@id":"https:\/\/sindromecharge.es\/index.php\/2021\/05\/13\/fundacion-atresmedia-lanza-un-manifiesto-por-el-dia-del-nino-hospitalizado\/"},"author":{"name":"Charge","@id":"https:\/\/sindromecharge.es\/#\/schema\/person\/39a60ebe0a2b4d5a11179701e336b039"},"headline":"Fundaci\u00f3n Atresmedia lanza un manifiesto por el D\u00eda del Ni\u00f1o Hospitalizado","datePublished":"2021-05-13T06:55:04+00:00","mainEntityOfPage":{"@id":"https:\/\/sindromecharge.es\/index.php\/2021\/05\/13\/fundacion-atresmedia-lanza-un-manifiesto-por-el-dia-del-nino-hospitalizado\/"},"wordCount":308,"commentCount":0,"keywords":["enfermedades raras"],"articleSection":["noticias"],"inLanguage":"es","potentialAction":[{"@type":"CommentAction","name":"Comment","target":["https:\/\/sindromecharge.es\/index.php\/2021\/05\/13\/fundacion-atresmedia-lanza-un-manifiesto-por-el-dia-del-nino-hospitalizado\/#respond"]}]},{"@type":"WebPage","@id":"https:\/\/sindromecharge.es\/index.php\/2021\/05\/13\/fundacion-atresmedia-lanza-un-manifiesto-por-el-dia-del-nino-hospitalizado\/","url":"https:\/\/sindromecharge.es\/index.php\/2021\/05\/13\/fundacion-atresmedia-lanza-un-manifiesto-por-el-dia-del-nino-hospitalizado\/","name":"Fundaci\u00f3n Atresmedia lanza un manifiesto por el D\u00eda del Ni\u00f1o Hospitalizado - Asociaci\u00f3n Espa\u00f1ola S\u00edndrome de Charge","isPartOf":{"@id":"https:\/\/sindromecharge.es\/#website"},"datePublished":"2021-05-13T06:55:04+00:00","author":{"@id":"https:\/\/sindromecharge.es\/#\/schema\/person\/39a60ebe0a2b4d5a11179701e336b039"},"breadcrumb":{"@id":"https:\/\/sindromecharge.es\/index.php\/2021\/05\/13\/fundacion-atresmedia-lanza-un-manifiesto-por-el-dia-del-nino-hospitalizado\/#breadcrumb"},"inLanguage":"es","potentialAction":[{"@type":"ReadAction","target":["https:\/\/sindromecharge.es\/index.php\/2021\/05\/13\/fundacion-atresmedia-lanza-un-manifiesto-por-el-dia-del-nino-hospitalizado\/"]}]},{"@type":"BreadcrumbList","@id":"https:\/\/sindromecharge.es\/index.php\/2021\/05\/13\/fundacion-atresmedia-lanza-un-manifiesto-por-el-dia-del-nino-hospitalizado\/#breadcrumb","itemListElement":[{"@type":"ListItem","position":1,"name":"Portada","item":"https:\/\/sindromecharge.es\/"},{"@type":"ListItem","position":2,"name":"Fundaci\u00f3n Atresmedia lanza un manifiesto por el D\u00eda del Ni\u00f1o Hospitalizado"}]},{"@type":"WebSite","@id":"https:\/\/sindromecharge.es\/#website","url":"https:\/\/sindromecharge.es\/","name":"Asociaci\u00f3n Espa\u00f1ola S\u00edndrome de Charge","description":"","potentialAction":[{"@type":"SearchAction","target":{"@type":"EntryPoint","urlTemplate":"https:\/\/sindromecharge.es\/?s={search_term_string}"},"query-input":{"@type":"PropertyValueSpecification","valueRequired":true,"valueName":"search_term_string"}}],"inLanguage":"es"},{"@type":"Person","@id":"https:\/\/sindromecharge.es\/#\/schema\/person\/39a60ebe0a2b4d5a11179701e336b039","name":"Charge","image":{"@type":"ImageObject","inLanguage":"es","@id":"https:\/\/secure.gravatar.com\/avatar\/c3b46e32a0fc3b093a0873fb767bf3293de856293065e84ef06b7ec7a8acfb98?s=96&d=identicon&r=x","url":"https:\/\/secure.gravatar.com\/avatar\/c3b46e32a0fc3b093a0873fb767bf3293de856293065e84ef06b7ec7a8acfb98?s=96&d=identicon&r=x","contentUrl":"https:\/\/secure.gravatar.com\/avatar\/c3b46e32a0fc3b093a0873fb767bf3293de856293065e84ef06b7ec7a8acfb98?s=96&d=identicon&r=x","caption":"Charge"},"url":"https:\/\/sindromecharge.es\/index.php\/author\/admin\/"}]}},"_links":{"self":[{"href":"https:\/\/sindromecharge.es\/index.php\/wp-json\/wp\/v2\/posts\/7161","targetHints":{"allow":["GET"]}}],"collection":[{"href":"https:\/\/sindromecharge.es\/index.php\/wp-json\/wp\/v2\/posts"}],"about":[{"href":"https:\/\/sindromecharge.es\/index.php\/wp-json\/wp\/v2\/types\/post"}],"author":[{"embeddable":true,"href":"https:\/\/sindromecharge.es\/index.php\/wp-json\/wp\/v2\/users\/1"}],"replies":[{"embeddable":true,"href":"https:\/\/sindromecharge.es\/index.php\/wp-json\/wp\/v2\/comments?post=7161"}],"version-history":[{"count":0,"href":"https:\/\/sindromecharge.es\/index.php\/wp-json\/wp\/v2\/posts\/7161\/revisions"}],"wp:attachment":[{"href":"https:\/\/sindromecharge.es\/index.php\/wp-json\/wp\/v2\/media?parent=7161"}],"wp:term":[{"taxonomy":"category","embeddable":true,"href":"https:\/\/sindromecharge.es\/index.php\/wp-json\/wp\/v2\/categories?post=7161"},{"taxonomy":"post_tag","embeddable":true,"href":"https:\/\/sindromecharge.es\/index.php\/wp-json\/wp\/v2\/tags?post=7161"}],"curies":[{"name":"wp","href":"https:\/\/api.w.org\/{rel}","templated":true}]}}