{"id":7159,"date":"2021-05-12T16:56:30","date_gmt":"2021-05-12T16:56:30","guid":{"rendered":"https:\/\/sindromecharge.es\/index.php\/2021\/05\/12\/el-psoe-pide-que-se-reuna-el-consejo-de-discapacidad-para-abordar-asuntos-como-la-paralisis-de-la-ope\/"},"modified":"2021-05-12T16:56:30","modified_gmt":"2021-05-12T16:56:30","slug":"el-psoe-pide-que-se-reuna-el-consejo-de-discapacidad-para-abordar-asuntos-como-la-paralisis-de-la-ope","status":"publish","type":"post","link":"https:\/\/sindromecharge.es\/index.php\/2021\/05\/12\/el-psoe-pide-que-se-reuna-el-consejo-de-discapacidad-para-abordar-asuntos-como-la-paralisis-de-la-ope\/","title":{"rendered":"El PSOE pide que se re\u00fana el Consejo de Discapacidad para abordar asuntos como &quot;la par\u00e1lisis&quot; de la OPE"},"content":{"rendered":"<p>Leemos en 20minutos la siguiente noticia que os reproducimos de forma \u00edntegra: <\/p>\n<p>Seg\u00fan ha expuesto la representante socialista en una nota, \u00abeste \u00f3rgano debe analizar y debatir sobre asuntos pendientes que afectan a esta materia, como por ejemplo la par\u00e1lisis de la Oferta P\u00fablica de Empleo (OPE) del Ayuntamiento por incumplir con la obligaci\u00f3n legal de reserva de plazas para personas con discapacidad\u00bb.<\/p>\n<p>\u00abHay muchos colectivos que nos han trasladado su inquietud por la decisi\u00f3n tomada en su d\u00eda y por esta situaci\u00f3n que, a d\u00eda de hoy y hasta donde sabemos, sigue enquistada y no se ha resuelto judicialmente\u00bb, ha explicado Moya.<\/p>\n<p>As\u00ed, ha indicado que \u00abya se sabe que para el gobierno de Bellido no es una prioridad respetar el reglamento y los \u00f3rganos de participaci\u00f3n ciudadana, pero que un criterio sobre las plazas de discapacidad mantenga paralizada toda la Oferta P\u00fablica de un Consistorio con tanta necesidad de personal deber\u00eda hacerles dejar la soberbia a un lado y escuchar a los afectados su opini\u00f3n, propuestas y necesidades\u00bb.<\/p>\n<p>Tal y como ha explicado en el documento que ha registrado por escrito, \u00abel PSOE lleva denunciando desde diciembre de 2020 la decisi\u00f3n del gobierno municipal de no convocar el Consejo de Discapacidad\u00bb.<\/p>\n<p>Desde entonces, est\u00e1 a la espera del informe que desde la Delegaci\u00f3n de Inclusi\u00f3n se han comprometido a realizar para \u00abjustificar una decisi\u00f3n que desprecia el potencial que tiene un \u00f3rgano donde la puesta en com\u00fan y colaboraci\u00f3n entre asociaciones y Ayuntamiento pueden multiplicar las propuestas de mejora del d\u00eda a d\u00eda de quien a diario se encuentra con continuos obst\u00e1culos\u00bb, ha se\u00f1alado Moya.<\/p>\n<p>De hecho, en la \u00faltima Comisi\u00f3n de lo Social, celebrada el d\u00eda 6 de mayo, seis meses despu\u00e9s de la primera petici\u00f3n, \u00abse confirm\u00f3 que el informe a\u00fan no est\u00e1 listo\u00bb, ha apostillado la edil.<\/p>\n<p>Fuente: 20minutos <a href=\"https:\/\/www.20minutos.es\/noticia\/4694836\/0\/el-psoe-pide-que-se-reuna-el-consejo-de-discapacidad-para-abordar-asuntos-como-la-paralisis-de-la-ope\/\" target=\"_blank\" rel=\"noopener\">El PSOE pide que se re\u00fana el Consejo de Discapacidad para abordar asuntos como &quot;la par\u00e1lisis&quot; de la OPE<\/a><\/p>\n","protected":false},"excerpt":{"rendered":"<p>Leemos en 20minutos la siguiente noticia que os reproducimos de forma \u00edntegra: Seg\u00fan ha expuesto la representante socialista en una nota, \u00abeste \u00f3rgano debe analizar y debatir sobre asuntos pendientes que afectan a esta materia, como por ejemplo la par\u00e1lisis de la Oferta P\u00fablica de Empleo (OPE) del Ayuntamiento por incumplir con la obligaci\u00f3n legal [&hellip;]<\/p>\n","protected":false},"author":1,"featured_media":0,"comment_status":"open","ping_status":"closed","sticky":false,"template":"","format":"standard","meta":{"footnotes":""},"categories":[8],"tags":[31],"class_list":["post-7159","post","type-post","status-publish","format-standard","hentry","category-noticias","tag-discapacidad"],"yoast_head":"<!-- This site is optimized with the Yoast SEO plugin v27.5 - https:\/\/yoast.com\/product\/yoast-seo-wordpress\/ -->\n<title>El PSOE pide que se re\u00fana el Consejo de Discapacidad para abordar asuntos como &quot;la par\u00e1lisis&quot; de la OPE - Asociaci\u00f3n Espa\u00f1ola S\u00edndrome de Charge<\/title>\n<meta name=\"robots\" content=\"index, follow, max-snippet:-1, max-image-preview:large, max-video-preview:-1\" \/>\n<link rel=\"canonical\" href=\"https:\/\/sindromecharge.es\/index.php\/2021\/05\/12\/el-psoe-pide-que-se-reuna-el-consejo-de-discapacidad-para-abordar-asuntos-como-la-paralisis-de-la-ope\/\" \/>\n<meta property=\"og:locale\" content=\"es_ES\" \/>\n<meta property=\"og:type\" content=\"article\" \/>\n<meta property=\"og:title\" content=\"El PSOE pide que se re\u00fana el Consejo de Discapacidad para abordar asuntos como &quot;la par\u00e1lisis&quot; de la OPE - Asociaci\u00f3n Espa\u00f1ola S\u00edndrome de Charge\" \/>\n<meta property=\"og:description\" content=\"Leemos en 20minutos la siguiente noticia que os reproducimos de forma \u00edntegra: Seg\u00fan ha expuesto la representante socialista en una nota, \u00abeste \u00f3rgano debe analizar y debatir sobre asuntos pendientes que afectan a esta materia, como por ejemplo la par\u00e1lisis de la Oferta P\u00fablica de Empleo (OPE) del Ayuntamiento por incumplir con la obligaci\u00f3n legal [&hellip;]\" \/>\n<meta property=\"og:url\" content=\"https:\/\/sindromecharge.es\/index.php\/2021\/05\/12\/el-psoe-pide-que-se-reuna-el-consejo-de-discapacidad-para-abordar-asuntos-como-la-paralisis-de-la-ope\/\" \/>\n<meta property=\"og:site_name\" content=\"Asociaci\u00f3n Espa\u00f1ola S\u00edndrome de Charge\" \/>\n<meta property=\"article:publisher\" content=\"https:\/\/www.facebook.com\/asociacionsindromecharge\" \/>\n<meta property=\"article:published_time\" content=\"2021-05-12T16:56:30+00:00\" \/>\n<meta property=\"og:image\" content=\"https:\/\/sindromecharge.es\/wp-content\/uploads\/2013\/09\/logodecharge300x98.png\" \/>\n\t<meta property=\"og:image:width\" content=\"300\" \/>\n\t<meta property=\"og:image:height\" content=\"98\" \/>\n\t<meta property=\"og:image:type\" content=\"image\/png\" \/>\n<meta name=\"author\" content=\"Charge\" \/>\n<meta name=\"twitter:card\" content=\"summary_large_image\" \/>\n<meta name=\"twitter:creator\" content=\"@sindromecharge\" \/>\n<meta name=\"twitter:site\" content=\"@sindromecharge\" \/>\n<meta name=\"twitter:label1\" content=\"Escrito por\" \/>\n\t<meta name=\"twitter:data1\" content=\"Charge\" \/>\n\t<meta name=\"twitter:label2\" content=\"Tiempo de lectura\" \/>\n\t<meta name=\"twitter:data2\" content=\"2 minutos\" \/>\n<script type=\"application\/ld+json\" class=\"yoast-schema-graph\">{\"@context\":\"https:\\\/\\\/schema.org\",\"@graph\":[{\"@type\":\"Article\",\"@id\":\"https:\\\/\\\/sindromecharge.es\\\/index.php\\\/2021\\\/05\\\/12\\\/el-psoe-pide-que-se-reuna-el-consejo-de-discapacidad-para-abordar-asuntos-como-la-paralisis-de-la-ope\\\/#article\",\"isPartOf\":{\"@id\":\"https:\\\/\\\/sindromecharge.es\\\/index.php\\\/2021\\\/05\\\/12\\\/el-psoe-pide-que-se-reuna-el-consejo-de-discapacidad-para-abordar-asuntos-como-la-paralisis-de-la-ope\\\/\"},\"author\":{\"name\":\"Charge\",\"@id\":\"https:\\\/\\\/sindromecharge.es\\\/#\\\/schema\\\/person\\\/39a60ebe0a2b4d5a11179701e336b039\"},\"headline\":\"El PSOE pide que se re\u00fana el Consejo de Discapacidad para abordar asuntos como &quot;la par\u00e1lisis&quot; de la OPE\",\"datePublished\":\"2021-05-12T16:56:30+00:00\",\"mainEntityOfPage\":{\"@id\":\"https:\\\/\\\/sindromecharge.es\\\/index.php\\\/2021\\\/05\\\/12\\\/el-psoe-pide-que-se-reuna-el-consejo-de-discapacidad-para-abordar-asuntos-como-la-paralisis-de-la-ope\\\/\"},\"wordCount\":375,\"commentCount\":0,\"keywords\":[\"discapacidad\"],\"articleSection\":[\"noticias\"],\"inLanguage\":\"es\",\"potentialAction\":[{\"@type\":\"CommentAction\",\"name\":\"Comment\",\"target\":[\"https:\\\/\\\/sindromecharge.es\\\/index.php\\\/2021\\\/05\\\/12\\\/el-psoe-pide-que-se-reuna-el-consejo-de-discapacidad-para-abordar-asuntos-como-la-paralisis-de-la-ope\\\/#respond\"]}]},{\"@type\":\"WebPage\",\"@id\":\"https:\\\/\\\/sindromecharge.es\\\/index.php\\\/2021\\\/05\\\/12\\\/el-psoe-pide-que-se-reuna-el-consejo-de-discapacidad-para-abordar-asuntos-como-la-paralisis-de-la-ope\\\/\",\"url\":\"https:\\\/\\\/sindromecharge.es\\\/index.php\\\/2021\\\/05\\\/12\\\/el-psoe-pide-que-se-reuna-el-consejo-de-discapacidad-para-abordar-asuntos-como-la-paralisis-de-la-ope\\\/\",\"name\":\"El PSOE pide que se re\u00fana el Consejo de Discapacidad para abordar asuntos como &quot;la par\u00e1lisis&quot; de la OPE - Asociaci\u00f3n Espa\u00f1ola S\u00edndrome de Charge\",\"isPartOf\":{\"@id\":\"https:\\\/\\\/sindromecharge.es\\\/#website\"},\"datePublished\":\"2021-05-12T16:56:30+00:00\",\"author\":{\"@id\":\"https:\\\/\\\/sindromecharge.es\\\/#\\\/schema\\\/person\\\/39a60ebe0a2b4d5a11179701e336b039\"},\"breadcrumb\":{\"@id\":\"https:\\\/\\\/sindromecharge.es\\\/index.php\\\/2021\\\/05\\\/12\\\/el-psoe-pide-que-se-reuna-el-consejo-de-discapacidad-para-abordar-asuntos-como-la-paralisis-de-la-ope\\\/#breadcrumb\"},\"inLanguage\":\"es\",\"potentialAction\":[{\"@type\":\"ReadAction\",\"target\":[\"https:\\\/\\\/sindromecharge.es\\\/index.php\\\/2021\\\/05\\\/12\\\/el-psoe-pide-que-se-reuna-el-consejo-de-discapacidad-para-abordar-asuntos-como-la-paralisis-de-la-ope\\\/\"]}]},{\"@type\":\"BreadcrumbList\",\"@id\":\"https:\\\/\\\/sindromecharge.es\\\/index.php\\\/2021\\\/05\\\/12\\\/el-psoe-pide-que-se-reuna-el-consejo-de-discapacidad-para-abordar-asuntos-como-la-paralisis-de-la-ope\\\/#breadcrumb\",\"itemListElement\":[{\"@type\":\"ListItem\",\"position\":1,\"name\":\"Portada\",\"item\":\"https:\\\/\\\/sindromecharge.es\\\/\"},{\"@type\":\"ListItem\",\"position\":2,\"name\":\"El PSOE pide que se re\u00fana el Consejo de Discapacidad para abordar asuntos como &quot;la par\u00e1lisis&quot; de la OPE\"}]},{\"@type\":\"WebSite\",\"@id\":\"https:\\\/\\\/sindromecharge.es\\\/#website\",\"url\":\"https:\\\/\\\/sindromecharge.es\\\/\",\"name\":\"Asociaci\u00f3n Espa\u00f1ola S\u00edndrome de Charge\",\"description\":\"\",\"potentialAction\":[{\"@type\":\"SearchAction\",\"target\":{\"@type\":\"EntryPoint\",\"urlTemplate\":\"https:\\\/\\\/sindromecharge.es\\\/?s={search_term_string}\"},\"query-input\":{\"@type\":\"PropertyValueSpecification\",\"valueRequired\":true,\"valueName\":\"search_term_string\"}}],\"inLanguage\":\"es\"},{\"@type\":\"Person\",\"@id\":\"https:\\\/\\\/sindromecharge.es\\\/#\\\/schema\\\/person\\\/39a60ebe0a2b4d5a11179701e336b039\",\"name\":\"Charge\",\"image\":{\"@type\":\"ImageObject\",\"inLanguage\":\"es\",\"@id\":\"https:\\\/\\\/secure.gravatar.com\\\/avatar\\\/c3b46e32a0fc3b093a0873fb767bf3293de856293065e84ef06b7ec7a8acfb98?s=96&d=identicon&r=x\",\"url\":\"https:\\\/\\\/secure.gravatar.com\\\/avatar\\\/c3b46e32a0fc3b093a0873fb767bf3293de856293065e84ef06b7ec7a8acfb98?s=96&d=identicon&r=x\",\"contentUrl\":\"https:\\\/\\\/secure.gravatar.com\\\/avatar\\\/c3b46e32a0fc3b093a0873fb767bf3293de856293065e84ef06b7ec7a8acfb98?s=96&d=identicon&r=x\",\"caption\":\"Charge\"},\"url\":\"https:\\\/\\\/sindromecharge.es\\\/index.php\\\/author\\\/admin\\\/\"}]}<\/script>\n<!-- \/ Yoast SEO plugin. -->","yoast_head_json":{"title":"El PSOE pide que se re\u00fana el Consejo de Discapacidad para abordar asuntos como &quot;la par\u00e1lisis&quot; de la OPE - Asociaci\u00f3n Espa\u00f1ola S\u00edndrome de Charge","robots":{"index":"index","follow":"follow","max-snippet":"max-snippet:-1","max-image-preview":"max-image-preview:large","max-video-preview":"max-video-preview:-1"},"canonical":"https:\/\/sindromecharge.es\/index.php\/2021\/05\/12\/el-psoe-pide-que-se-reuna-el-consejo-de-discapacidad-para-abordar-asuntos-como-la-paralisis-de-la-ope\/","og_locale":"es_ES","og_type":"article","og_title":"El PSOE pide que se re\u00fana el Consejo de Discapacidad para abordar asuntos como &quot;la par\u00e1lisis&quot; de la OPE - Asociaci\u00f3n Espa\u00f1ola S\u00edndrome de Charge","og_description":"Leemos en 20minutos la siguiente noticia que os reproducimos de forma \u00edntegra: Seg\u00fan ha expuesto la representante socialista en una nota, \u00abeste \u00f3rgano debe analizar y debatir sobre asuntos pendientes que afectan a esta materia, como por ejemplo la par\u00e1lisis de la Oferta P\u00fablica de Empleo (OPE) del Ayuntamiento por incumplir con la obligaci\u00f3n legal [&hellip;]","og_url":"https:\/\/sindromecharge.es\/index.php\/2021\/05\/12\/el-psoe-pide-que-se-reuna-el-consejo-de-discapacidad-para-abordar-asuntos-como-la-paralisis-de-la-ope\/","og_site_name":"Asociaci\u00f3n Espa\u00f1ola S\u00edndrome de Charge","article_publisher":"https:\/\/www.facebook.com\/asociacionsindromecharge","article_published_time":"2021-05-12T16:56:30+00:00","og_image":[{"width":300,"height":98,"url":"https:\/\/sindromecharge.es\/wp-content\/uploads\/2013\/09\/logodecharge300x98.png","type":"image\/png"}],"author":"Charge","twitter_card":"summary_large_image","twitter_creator":"@sindromecharge","twitter_site":"@sindromecharge","twitter_misc":{"Escrito por":"Charge","Tiempo de lectura":"2 minutos"},"schema":{"@context":"https:\/\/schema.org","@graph":[{"@type":"Article","@id":"https:\/\/sindromecharge.es\/index.php\/2021\/05\/12\/el-psoe-pide-que-se-reuna-el-consejo-de-discapacidad-para-abordar-asuntos-como-la-paralisis-de-la-ope\/#article","isPartOf":{"@id":"https:\/\/sindromecharge.es\/index.php\/2021\/05\/12\/el-psoe-pide-que-se-reuna-el-consejo-de-discapacidad-para-abordar-asuntos-como-la-paralisis-de-la-ope\/"},"author":{"name":"Charge","@id":"https:\/\/sindromecharge.es\/#\/schema\/person\/39a60ebe0a2b4d5a11179701e336b039"},"headline":"El PSOE pide que se re\u00fana el Consejo de Discapacidad para abordar asuntos como &quot;la par\u00e1lisis&quot; de la OPE","datePublished":"2021-05-12T16:56:30+00:00","mainEntityOfPage":{"@id":"https:\/\/sindromecharge.es\/index.php\/2021\/05\/12\/el-psoe-pide-que-se-reuna-el-consejo-de-discapacidad-para-abordar-asuntos-como-la-paralisis-de-la-ope\/"},"wordCount":375,"commentCount":0,"keywords":["discapacidad"],"articleSection":["noticias"],"inLanguage":"es","potentialAction":[{"@type":"CommentAction","name":"Comment","target":["https:\/\/sindromecharge.es\/index.php\/2021\/05\/12\/el-psoe-pide-que-se-reuna-el-consejo-de-discapacidad-para-abordar-asuntos-como-la-paralisis-de-la-ope\/#respond"]}]},{"@type":"WebPage","@id":"https:\/\/sindromecharge.es\/index.php\/2021\/05\/12\/el-psoe-pide-que-se-reuna-el-consejo-de-discapacidad-para-abordar-asuntos-como-la-paralisis-de-la-ope\/","url":"https:\/\/sindromecharge.es\/index.php\/2021\/05\/12\/el-psoe-pide-que-se-reuna-el-consejo-de-discapacidad-para-abordar-asuntos-como-la-paralisis-de-la-ope\/","name":"El PSOE pide que se re\u00fana el Consejo de Discapacidad para abordar asuntos como &quot;la par\u00e1lisis&quot; de la OPE - Asociaci\u00f3n Espa\u00f1ola S\u00edndrome de Charge","isPartOf":{"@id":"https:\/\/sindromecharge.es\/#website"},"datePublished":"2021-05-12T16:56:30+00:00","author":{"@id":"https:\/\/sindromecharge.es\/#\/schema\/person\/39a60ebe0a2b4d5a11179701e336b039"},"breadcrumb":{"@id":"https:\/\/sindromecharge.es\/index.php\/2021\/05\/12\/el-psoe-pide-que-se-reuna-el-consejo-de-discapacidad-para-abordar-asuntos-como-la-paralisis-de-la-ope\/#breadcrumb"},"inLanguage":"es","potentialAction":[{"@type":"ReadAction","target":["https:\/\/sindromecharge.es\/index.php\/2021\/05\/12\/el-psoe-pide-que-se-reuna-el-consejo-de-discapacidad-para-abordar-asuntos-como-la-paralisis-de-la-ope\/"]}]},{"@type":"BreadcrumbList","@id":"https:\/\/sindromecharge.es\/index.php\/2021\/05\/12\/el-psoe-pide-que-se-reuna-el-consejo-de-discapacidad-para-abordar-asuntos-como-la-paralisis-de-la-ope\/#breadcrumb","itemListElement":[{"@type":"ListItem","position":1,"name":"Portada","item":"https:\/\/sindromecharge.es\/"},{"@type":"ListItem","position":2,"name":"El PSOE pide que se re\u00fana el Consejo de Discapacidad para abordar asuntos como &quot;la par\u00e1lisis&quot; de la OPE"}]},{"@type":"WebSite","@id":"https:\/\/sindromecharge.es\/#website","url":"https:\/\/sindromecharge.es\/","name":"Asociaci\u00f3n Espa\u00f1ola S\u00edndrome de Charge","description":"","potentialAction":[{"@type":"SearchAction","target":{"@type":"EntryPoint","urlTemplate":"https:\/\/sindromecharge.es\/?s={search_term_string}"},"query-input":{"@type":"PropertyValueSpecification","valueRequired":true,"valueName":"search_term_string"}}],"inLanguage":"es"},{"@type":"Person","@id":"https:\/\/sindromecharge.es\/#\/schema\/person\/39a60ebe0a2b4d5a11179701e336b039","name":"Charge","image":{"@type":"ImageObject","inLanguage":"es","@id":"https:\/\/secure.gravatar.com\/avatar\/c3b46e32a0fc3b093a0873fb767bf3293de856293065e84ef06b7ec7a8acfb98?s=96&d=identicon&r=x","url":"https:\/\/secure.gravatar.com\/avatar\/c3b46e32a0fc3b093a0873fb767bf3293de856293065e84ef06b7ec7a8acfb98?s=96&d=identicon&r=x","contentUrl":"https:\/\/secure.gravatar.com\/avatar\/c3b46e32a0fc3b093a0873fb767bf3293de856293065e84ef06b7ec7a8acfb98?s=96&d=identicon&r=x","caption":"Charge"},"url":"https:\/\/sindromecharge.es\/index.php\/author\/admin\/"}]}},"_links":{"self":[{"href":"https:\/\/sindromecharge.es\/index.php\/wp-json\/wp\/v2\/posts\/7159","targetHints":{"allow":["GET"]}}],"collection":[{"href":"https:\/\/sindromecharge.es\/index.php\/wp-json\/wp\/v2\/posts"}],"about":[{"href":"https:\/\/sindromecharge.es\/index.php\/wp-json\/wp\/v2\/types\/post"}],"author":[{"embeddable":true,"href":"https:\/\/sindromecharge.es\/index.php\/wp-json\/wp\/v2\/users\/1"}],"replies":[{"embeddable":true,"href":"https:\/\/sindromecharge.es\/index.php\/wp-json\/wp\/v2\/comments?post=7159"}],"version-history":[{"count":0,"href":"https:\/\/sindromecharge.es\/index.php\/wp-json\/wp\/v2\/posts\/7159\/revisions"}],"wp:attachment":[{"href":"https:\/\/sindromecharge.es\/index.php\/wp-json\/wp\/v2\/media?parent=7159"}],"wp:term":[{"taxonomy":"category","embeddable":true,"href":"https:\/\/sindromecharge.es\/index.php\/wp-json\/wp\/v2\/categories?post=7159"},{"taxonomy":"post_tag","embeddable":true,"href":"https:\/\/sindromecharge.es\/index.php\/wp-json\/wp\/v2\/tags?post=7159"}],"curies":[{"name":"wp","href":"https:\/\/api.w.org\/{rel}","templated":true}]}}