{"id":7158,"date":"2021-05-12T16:18:55","date_gmt":"2021-05-12T16:18:55","guid":{"rendered":"https:\/\/sindromecharge.es\/index.php\/2021\/05\/12\/las-diputaciones-forales-y-el-gobierno-vasco-acuerdan-garantizar-los-contactos-diarios-en-las-residencias\/"},"modified":"2021-05-12T16:18:55","modified_gmt":"2021-05-12T16:18:55","slug":"las-diputaciones-forales-y-el-gobierno-vasco-acuerdan-garantizar-los-contactos-diarios-en-las-residencias","status":"publish","type":"post","link":"https:\/\/sindromecharge.es\/index.php\/2021\/05\/12\/las-diputaciones-forales-y-el-gobierno-vasco-acuerdan-garantizar-los-contactos-diarios-en-las-residencias\/","title":{"rendered":"Las diputaciones forales y el Gobierno Vasco acuerdan garantizar los contactos diarios en las residencias"},"content":{"rendered":"<p>Leemos en 20minutos la siguiente noticia que os reproducimos de forma \u00edntegra: <\/p>\n<p>Las nuevas medidas se adaptan al nuevo escenario planteado por el avance en la vacunaci\u00f3n de los residentes, de las plantillas de los centros y de la poblaci\u00f3n mayor de 60 a\u00f1os, as\u00ed como por la finalizaci\u00f3n de estado de alarma, seg\u00fan han informado las diputaciones en un comunicado conjunto.<\/p>\n<p>Las usuarios de estos centros podr\u00e1n salir del recinto todos los d\u00edas, s\u00ed as\u00ed lo desean, y se priorizar\u00e1n las salidas a las visitas. No obstante, se deber\u00e1n extremar las medidas de seguridad en todomomento, como el uso de la mascarilla y la higiene de manos.<\/p>\n<p>Cada centro ser\u00e1 el encargado de determinar los horarios para establecer el control de las entrada y salidas. Asimismo, se priorizar\u00e1n los paseos terap\u00e9uticos, evitando en las salidas espacios cerrados y concurridos.<\/p>\n<p>Independientemente de la incidencia comunitaria del municipio donde est\u00e9 ubicada la residencia, las salidas no se suspender\u00e1n. \u00danicamente se impedir\u00e1n las salidas en caso de que surja un brote en la residencia o que se produzca una circunstancia similar.<\/p>\n<p>BURBUJAS DE CONVIVENCIA<\/p>\n<p>En el caso de que la persona residente quiera reunirse con familiares o personas allegadas en el propio centro, podr\u00e1 recibir, al menos, tres visitas a la semana. Durante estos encuentros, se extremar\u00e1n las medidas de seguridad, as\u00ed como el uso de la mascarilla y la higiene de manos.<\/p>\n<p>Con el objetivo de preservar las burbujas de convivencia, las visitas se realizar\u00e1n en los espacios destinados espec\u00edficamente para ello, y en ellas podr\u00e1 participar un m\u00e1ximo de dos personas al mismo tiempo. En este caso tambi\u00e9n ser\u00e1 el centro el que determine los horarios, si bien las visitas tendr\u00e1n un duraci\u00f3n m\u00e1xima de una hora.<\/p>\n<p>EXCEPCIONES<\/p>\n<p>Estas condiciones podr\u00e1n ser exceptuadas cuando la persona residente se encuentre en proceso de final de vida, o sus situaciones cognitivas imposibiliten la comprensi\u00f3n de la situaci\u00f3n. En esos supuestos se podr\u00e1n autorizar mayores frecuencias, duraciones, as\u00ed como visitas en la habitaci\u00f3n.<\/p>\n<p>Las diputaciones han destacado que el avance en la vacunaci\u00f3n ha reducido notablemente el registro de casos positivos de coronavirus, la gravedad de la enfermedad, as\u00ed como su letalidad.<\/p>\n<p>Por ese motivo, las instituciones forales, con la colaboraci\u00f3n del Departamento de Salud del Gobierno Vasco, han tomado la determinaci\u00f3n de ampliar los contactos presenciales de los residentes con sus familiares, al considerarlos \u00abelementos esenciales en la salud f\u00edsica y emocional\u00bb de los usuarios de estos centros.<\/p>\n<p>Los responsables de estas instituciones han recordado que resultanecesario seguir adoptando medidas de precauci\u00f3n, dado que la vacunaci\u00f3n \u00abno supone la eliminaci\u00f3n total del riesgo de contagio\u00bb. De esa forma, se mantienen las medidas preventivas, incorpor\u00e1ndose la recomendaci\u00f3n de una prueba PCR semanal a los usuarios y trabajadores no vacunados.<\/p>\n<p>Fuente: 20minutos <a href=\"https:\/\/www.20minutos.es\/noticia\/4694771\/0\/las-diputaciones-forales-y-el-gobierno-vasco-acuerdan-garantizar-los-contactos-diarios-en-las-residencias\/\" target=\"_blank\" rel=\"noopener\">Las diputaciones forales y el Gobierno Vasco acuerdan garantizar los contactos diarios en las residencias<\/a><\/p>\n","protected":false},"excerpt":{"rendered":"<p>Leemos en 20minutos la siguiente noticia que os reproducimos de forma \u00edntegra: Las nuevas medidas se adaptan al nuevo escenario planteado por el avance en la vacunaci\u00f3n de los residentes, de las plantillas de los centros y de la poblaci\u00f3n mayor de 60 a\u00f1os, as\u00ed como por la finalizaci\u00f3n de estado de alarma, seg\u00fan han [&hellip;]<\/p>\n","protected":false},"author":1,"featured_media":0,"comment_status":"open","ping_status":"closed","sticky":false,"template":"","format":"standard","meta":{"footnotes":""},"categories":[8],"tags":[31],"class_list":["post-7158","post","type-post","status-publish","format-standard","hentry","category-noticias","tag-discapacidad"],"yoast_head":"<!-- This site is optimized with the Yoast SEO plugin v27.5 - https:\/\/yoast.com\/product\/yoast-seo-wordpress\/ -->\n<title>Las diputaciones forales y el Gobierno Vasco acuerdan garantizar los contactos diarios en las residencias - Asociaci\u00f3n Espa\u00f1ola S\u00edndrome de Charge<\/title>\n<meta name=\"robots\" content=\"index, follow, max-snippet:-1, max-image-preview:large, max-video-preview:-1\" \/>\n<link rel=\"canonical\" href=\"https:\/\/sindromecharge.es\/index.php\/2021\/05\/12\/las-diputaciones-forales-y-el-gobierno-vasco-acuerdan-garantizar-los-contactos-diarios-en-las-residencias\/\" \/>\n<meta property=\"og:locale\" content=\"es_ES\" \/>\n<meta property=\"og:type\" content=\"article\" \/>\n<meta property=\"og:title\" content=\"Las diputaciones forales y el Gobierno Vasco acuerdan garantizar los contactos diarios en las residencias - Asociaci\u00f3n Espa\u00f1ola S\u00edndrome de Charge\" \/>\n<meta property=\"og:description\" content=\"Leemos en 20minutos la siguiente noticia que os reproducimos de forma \u00edntegra: Las nuevas medidas se adaptan al nuevo escenario planteado por el avance en la vacunaci\u00f3n de los residentes, de las plantillas de los centros y de la poblaci\u00f3n mayor de 60 a\u00f1os, as\u00ed como por la finalizaci\u00f3n de estado de alarma, seg\u00fan han [&hellip;]\" \/>\n<meta property=\"og:url\" content=\"https:\/\/sindromecharge.es\/index.php\/2021\/05\/12\/las-diputaciones-forales-y-el-gobierno-vasco-acuerdan-garantizar-los-contactos-diarios-en-las-residencias\/\" \/>\n<meta property=\"og:site_name\" content=\"Asociaci\u00f3n Espa\u00f1ola S\u00edndrome de Charge\" \/>\n<meta property=\"article:publisher\" content=\"https:\/\/www.facebook.com\/asociacionsindromecharge\" \/>\n<meta property=\"article:published_time\" content=\"2021-05-12T16:18:55+00:00\" \/>\n<meta property=\"og:image\" content=\"https:\/\/sindromecharge.es\/wp-content\/uploads\/2013\/09\/logodecharge300x98.png\" \/>\n\t<meta property=\"og:image:width\" content=\"300\" \/>\n\t<meta property=\"og:image:height\" content=\"98\" \/>\n\t<meta property=\"og:image:type\" content=\"image\/png\" \/>\n<meta name=\"author\" content=\"Charge\" \/>\n<meta name=\"twitter:card\" content=\"summary_large_image\" \/>\n<meta name=\"twitter:creator\" content=\"@sindromecharge\" \/>\n<meta name=\"twitter:site\" content=\"@sindromecharge\" \/>\n<meta name=\"twitter:label1\" content=\"Escrito por\" \/>\n\t<meta name=\"twitter:data1\" content=\"Charge\" \/>\n\t<meta name=\"twitter:label2\" content=\"Tiempo de lectura\" \/>\n\t<meta name=\"twitter:data2\" content=\"3 minutos\" \/>\n<script type=\"application\/ld+json\" class=\"yoast-schema-graph\">{\"@context\":\"https:\\\/\\\/schema.org\",\"@graph\":[{\"@type\":\"Article\",\"@id\":\"https:\\\/\\\/sindromecharge.es\\\/index.php\\\/2021\\\/05\\\/12\\\/las-diputaciones-forales-y-el-gobierno-vasco-acuerdan-garantizar-los-contactos-diarios-en-las-residencias\\\/#article\",\"isPartOf\":{\"@id\":\"https:\\\/\\\/sindromecharge.es\\\/index.php\\\/2021\\\/05\\\/12\\\/las-diputaciones-forales-y-el-gobierno-vasco-acuerdan-garantizar-los-contactos-diarios-en-las-residencias\\\/\"},\"author\":{\"name\":\"Charge\",\"@id\":\"https:\\\/\\\/sindromecharge.es\\\/#\\\/schema\\\/person\\\/39a60ebe0a2b4d5a11179701e336b039\"},\"headline\":\"Las diputaciones forales y el Gobierno Vasco acuerdan garantizar los contactos diarios en las residencias\",\"datePublished\":\"2021-05-12T16:18:55+00:00\",\"mainEntityOfPage\":{\"@id\":\"https:\\\/\\\/sindromecharge.es\\\/index.php\\\/2021\\\/05\\\/12\\\/las-diputaciones-forales-y-el-gobierno-vasco-acuerdan-garantizar-los-contactos-diarios-en-las-residencias\\\/\"},\"wordCount\":522,\"commentCount\":0,\"keywords\":[\"discapacidad\"],\"articleSection\":[\"noticias\"],\"inLanguage\":\"es\",\"potentialAction\":[{\"@type\":\"CommentAction\",\"name\":\"Comment\",\"target\":[\"https:\\\/\\\/sindromecharge.es\\\/index.php\\\/2021\\\/05\\\/12\\\/las-diputaciones-forales-y-el-gobierno-vasco-acuerdan-garantizar-los-contactos-diarios-en-las-residencias\\\/#respond\"]}]},{\"@type\":\"WebPage\",\"@id\":\"https:\\\/\\\/sindromecharge.es\\\/index.php\\\/2021\\\/05\\\/12\\\/las-diputaciones-forales-y-el-gobierno-vasco-acuerdan-garantizar-los-contactos-diarios-en-las-residencias\\\/\",\"url\":\"https:\\\/\\\/sindromecharge.es\\\/index.php\\\/2021\\\/05\\\/12\\\/las-diputaciones-forales-y-el-gobierno-vasco-acuerdan-garantizar-los-contactos-diarios-en-las-residencias\\\/\",\"name\":\"Las diputaciones forales y el Gobierno Vasco acuerdan garantizar los contactos diarios en las residencias - Asociaci\u00f3n Espa\u00f1ola S\u00edndrome de Charge\",\"isPartOf\":{\"@id\":\"https:\\\/\\\/sindromecharge.es\\\/#website\"},\"datePublished\":\"2021-05-12T16:18:55+00:00\",\"author\":{\"@id\":\"https:\\\/\\\/sindromecharge.es\\\/#\\\/schema\\\/person\\\/39a60ebe0a2b4d5a11179701e336b039\"},\"breadcrumb\":{\"@id\":\"https:\\\/\\\/sindromecharge.es\\\/index.php\\\/2021\\\/05\\\/12\\\/las-diputaciones-forales-y-el-gobierno-vasco-acuerdan-garantizar-los-contactos-diarios-en-las-residencias\\\/#breadcrumb\"},\"inLanguage\":\"es\",\"potentialAction\":[{\"@type\":\"ReadAction\",\"target\":[\"https:\\\/\\\/sindromecharge.es\\\/index.php\\\/2021\\\/05\\\/12\\\/las-diputaciones-forales-y-el-gobierno-vasco-acuerdan-garantizar-los-contactos-diarios-en-las-residencias\\\/\"]}]},{\"@type\":\"BreadcrumbList\",\"@id\":\"https:\\\/\\\/sindromecharge.es\\\/index.php\\\/2021\\\/05\\\/12\\\/las-diputaciones-forales-y-el-gobierno-vasco-acuerdan-garantizar-los-contactos-diarios-en-las-residencias\\\/#breadcrumb\",\"itemListElement\":[{\"@type\":\"ListItem\",\"position\":1,\"name\":\"Portada\",\"item\":\"https:\\\/\\\/sindromecharge.es\\\/\"},{\"@type\":\"ListItem\",\"position\":2,\"name\":\"Las diputaciones forales y el Gobierno Vasco acuerdan garantizar los contactos diarios en las residencias\"}]},{\"@type\":\"WebSite\",\"@id\":\"https:\\\/\\\/sindromecharge.es\\\/#website\",\"url\":\"https:\\\/\\\/sindromecharge.es\\\/\",\"name\":\"Asociaci\u00f3n Espa\u00f1ola S\u00edndrome de Charge\",\"description\":\"\",\"potentialAction\":[{\"@type\":\"SearchAction\",\"target\":{\"@type\":\"EntryPoint\",\"urlTemplate\":\"https:\\\/\\\/sindromecharge.es\\\/?s={search_term_string}\"},\"query-input\":{\"@type\":\"PropertyValueSpecification\",\"valueRequired\":true,\"valueName\":\"search_term_string\"}}],\"inLanguage\":\"es\"},{\"@type\":\"Person\",\"@id\":\"https:\\\/\\\/sindromecharge.es\\\/#\\\/schema\\\/person\\\/39a60ebe0a2b4d5a11179701e336b039\",\"name\":\"Charge\",\"image\":{\"@type\":\"ImageObject\",\"inLanguage\":\"es\",\"@id\":\"https:\\\/\\\/secure.gravatar.com\\\/avatar\\\/c3b46e32a0fc3b093a0873fb767bf3293de856293065e84ef06b7ec7a8acfb98?s=96&d=identicon&r=x\",\"url\":\"https:\\\/\\\/secure.gravatar.com\\\/avatar\\\/c3b46e32a0fc3b093a0873fb767bf3293de856293065e84ef06b7ec7a8acfb98?s=96&d=identicon&r=x\",\"contentUrl\":\"https:\\\/\\\/secure.gravatar.com\\\/avatar\\\/c3b46e32a0fc3b093a0873fb767bf3293de856293065e84ef06b7ec7a8acfb98?s=96&d=identicon&r=x\",\"caption\":\"Charge\"},\"url\":\"https:\\\/\\\/sindromecharge.es\\\/index.php\\\/author\\\/admin\\\/\"}]}<\/script>\n<!-- \/ Yoast SEO plugin. -->","yoast_head_json":{"title":"Las diputaciones forales y el Gobierno Vasco acuerdan garantizar los contactos diarios en las residencias - Asociaci\u00f3n Espa\u00f1ola S\u00edndrome de Charge","robots":{"index":"index","follow":"follow","max-snippet":"max-snippet:-1","max-image-preview":"max-image-preview:large","max-video-preview":"max-video-preview:-1"},"canonical":"https:\/\/sindromecharge.es\/index.php\/2021\/05\/12\/las-diputaciones-forales-y-el-gobierno-vasco-acuerdan-garantizar-los-contactos-diarios-en-las-residencias\/","og_locale":"es_ES","og_type":"article","og_title":"Las diputaciones forales y el Gobierno Vasco acuerdan garantizar los contactos diarios en las residencias - Asociaci\u00f3n Espa\u00f1ola S\u00edndrome de Charge","og_description":"Leemos en 20minutos la siguiente noticia que os reproducimos de forma \u00edntegra: Las nuevas medidas se adaptan al nuevo escenario planteado por el avance en la vacunaci\u00f3n de los residentes, de las plantillas de los centros y de la poblaci\u00f3n mayor de 60 a\u00f1os, as\u00ed como por la finalizaci\u00f3n de estado de alarma, seg\u00fan han [&hellip;]","og_url":"https:\/\/sindromecharge.es\/index.php\/2021\/05\/12\/las-diputaciones-forales-y-el-gobierno-vasco-acuerdan-garantizar-los-contactos-diarios-en-las-residencias\/","og_site_name":"Asociaci\u00f3n Espa\u00f1ola S\u00edndrome de Charge","article_publisher":"https:\/\/www.facebook.com\/asociacionsindromecharge","article_published_time":"2021-05-12T16:18:55+00:00","og_image":[{"width":300,"height":98,"url":"https:\/\/sindromecharge.es\/wp-content\/uploads\/2013\/09\/logodecharge300x98.png","type":"image\/png"}],"author":"Charge","twitter_card":"summary_large_image","twitter_creator":"@sindromecharge","twitter_site":"@sindromecharge","twitter_misc":{"Escrito por":"Charge","Tiempo de lectura":"3 minutos"},"schema":{"@context":"https:\/\/schema.org","@graph":[{"@type":"Article","@id":"https:\/\/sindromecharge.es\/index.php\/2021\/05\/12\/las-diputaciones-forales-y-el-gobierno-vasco-acuerdan-garantizar-los-contactos-diarios-en-las-residencias\/#article","isPartOf":{"@id":"https:\/\/sindromecharge.es\/index.php\/2021\/05\/12\/las-diputaciones-forales-y-el-gobierno-vasco-acuerdan-garantizar-los-contactos-diarios-en-las-residencias\/"},"author":{"name":"Charge","@id":"https:\/\/sindromecharge.es\/#\/schema\/person\/39a60ebe0a2b4d5a11179701e336b039"},"headline":"Las diputaciones forales y el Gobierno Vasco acuerdan garantizar los contactos diarios en las residencias","datePublished":"2021-05-12T16:18:55+00:00","mainEntityOfPage":{"@id":"https:\/\/sindromecharge.es\/index.php\/2021\/05\/12\/las-diputaciones-forales-y-el-gobierno-vasco-acuerdan-garantizar-los-contactos-diarios-en-las-residencias\/"},"wordCount":522,"commentCount":0,"keywords":["discapacidad"],"articleSection":["noticias"],"inLanguage":"es","potentialAction":[{"@type":"CommentAction","name":"Comment","target":["https:\/\/sindromecharge.es\/index.php\/2021\/05\/12\/las-diputaciones-forales-y-el-gobierno-vasco-acuerdan-garantizar-los-contactos-diarios-en-las-residencias\/#respond"]}]},{"@type":"WebPage","@id":"https:\/\/sindromecharge.es\/index.php\/2021\/05\/12\/las-diputaciones-forales-y-el-gobierno-vasco-acuerdan-garantizar-los-contactos-diarios-en-las-residencias\/","url":"https:\/\/sindromecharge.es\/index.php\/2021\/05\/12\/las-diputaciones-forales-y-el-gobierno-vasco-acuerdan-garantizar-los-contactos-diarios-en-las-residencias\/","name":"Las diputaciones forales y el Gobierno Vasco acuerdan garantizar los contactos diarios en las residencias - Asociaci\u00f3n Espa\u00f1ola S\u00edndrome de Charge","isPartOf":{"@id":"https:\/\/sindromecharge.es\/#website"},"datePublished":"2021-05-12T16:18:55+00:00","author":{"@id":"https:\/\/sindromecharge.es\/#\/schema\/person\/39a60ebe0a2b4d5a11179701e336b039"},"breadcrumb":{"@id":"https:\/\/sindromecharge.es\/index.php\/2021\/05\/12\/las-diputaciones-forales-y-el-gobierno-vasco-acuerdan-garantizar-los-contactos-diarios-en-las-residencias\/#breadcrumb"},"inLanguage":"es","potentialAction":[{"@type":"ReadAction","target":["https:\/\/sindromecharge.es\/index.php\/2021\/05\/12\/las-diputaciones-forales-y-el-gobierno-vasco-acuerdan-garantizar-los-contactos-diarios-en-las-residencias\/"]}]},{"@type":"BreadcrumbList","@id":"https:\/\/sindromecharge.es\/index.php\/2021\/05\/12\/las-diputaciones-forales-y-el-gobierno-vasco-acuerdan-garantizar-los-contactos-diarios-en-las-residencias\/#breadcrumb","itemListElement":[{"@type":"ListItem","position":1,"name":"Portada","item":"https:\/\/sindromecharge.es\/"},{"@type":"ListItem","position":2,"name":"Las diputaciones forales y el Gobierno Vasco acuerdan garantizar los contactos diarios en las residencias"}]},{"@type":"WebSite","@id":"https:\/\/sindromecharge.es\/#website","url":"https:\/\/sindromecharge.es\/","name":"Asociaci\u00f3n Espa\u00f1ola S\u00edndrome de Charge","description":"","potentialAction":[{"@type":"SearchAction","target":{"@type":"EntryPoint","urlTemplate":"https:\/\/sindromecharge.es\/?s={search_term_string}"},"query-input":{"@type":"PropertyValueSpecification","valueRequired":true,"valueName":"search_term_string"}}],"inLanguage":"es"},{"@type":"Person","@id":"https:\/\/sindromecharge.es\/#\/schema\/person\/39a60ebe0a2b4d5a11179701e336b039","name":"Charge","image":{"@type":"ImageObject","inLanguage":"es","@id":"https:\/\/secure.gravatar.com\/avatar\/c3b46e32a0fc3b093a0873fb767bf3293de856293065e84ef06b7ec7a8acfb98?s=96&d=identicon&r=x","url":"https:\/\/secure.gravatar.com\/avatar\/c3b46e32a0fc3b093a0873fb767bf3293de856293065e84ef06b7ec7a8acfb98?s=96&d=identicon&r=x","contentUrl":"https:\/\/secure.gravatar.com\/avatar\/c3b46e32a0fc3b093a0873fb767bf3293de856293065e84ef06b7ec7a8acfb98?s=96&d=identicon&r=x","caption":"Charge"},"url":"https:\/\/sindromecharge.es\/index.php\/author\/admin\/"}]}},"_links":{"self":[{"href":"https:\/\/sindromecharge.es\/index.php\/wp-json\/wp\/v2\/posts\/7158","targetHints":{"allow":["GET"]}}],"collection":[{"href":"https:\/\/sindromecharge.es\/index.php\/wp-json\/wp\/v2\/posts"}],"about":[{"href":"https:\/\/sindromecharge.es\/index.php\/wp-json\/wp\/v2\/types\/post"}],"author":[{"embeddable":true,"href":"https:\/\/sindromecharge.es\/index.php\/wp-json\/wp\/v2\/users\/1"}],"replies":[{"embeddable":true,"href":"https:\/\/sindromecharge.es\/index.php\/wp-json\/wp\/v2\/comments?post=7158"}],"version-history":[{"count":0,"href":"https:\/\/sindromecharge.es\/index.php\/wp-json\/wp\/v2\/posts\/7158\/revisions"}],"wp:attachment":[{"href":"https:\/\/sindromecharge.es\/index.php\/wp-json\/wp\/v2\/media?parent=7158"}],"wp:term":[{"taxonomy":"category","embeddable":true,"href":"https:\/\/sindromecharge.es\/index.php\/wp-json\/wp\/v2\/categories?post=7158"},{"taxonomy":"post_tag","embeddable":true,"href":"https:\/\/sindromecharge.es\/index.php\/wp-json\/wp\/v2\/tags?post=7158"}],"curies":[{"name":"wp","href":"https:\/\/api.w.org\/{rel}","templated":true}]}}