{"id":7157,"date":"2021-05-12T11:17:14","date_gmt":"2021-05-12T11:17:14","guid":{"rendered":"https:\/\/sindromecharge.es\/index.php\/2021\/05\/12\/inserta-imparte-en-sevilla-dos-cursos-especializados-de-hosteleria-para-personas-con-discapacidad\/"},"modified":"2021-05-12T11:17:14","modified_gmt":"2021-05-12T11:17:14","slug":"inserta-imparte-en-sevilla-dos-cursos-especializados-de-hosteleria-para-personas-con-discapacidad","status":"publish","type":"post","link":"https:\/\/sindromecharge.es\/index.php\/2021\/05\/12\/inserta-imparte-en-sevilla-dos-cursos-especializados-de-hosteleria-para-personas-con-discapacidad\/","title":{"rendered":"Inserta imparte en Sevilla dos cursos especializados de hosteler\u00eda para personas con discapacidad"},"content":{"rendered":"<p>Leemos en 20minutos la siguiente noticia que os reproducimos de forma \u00edntegra: <\/p>\n<p>Ambos cursos son impartidos por la Fundaci\u00f3n Cruzcampo, de la mano de los profesionales de su Escuela de Hosteler\u00eda, con amplia experiencia en la formaci\u00f3n de colectivos con dificultad para la inserci\u00f3n laboral y la celebraci\u00f3n de programas de mejora de la empleabilidad, estos \u00faltimos especialmente dise\u00f1ados para ayudar a j\u00f3venes inspir\u00e1ndoles y ofreci\u00e9ndoles oportunidades para despertar sus talentos y desarrollar sus mejores versiones, detalla la entidad en una nota de prensa.<\/p>\n<p>En este caso, la primera formaci\u00f3n, que se imparte hasta el d\u00eda 9 de julio, tiene como objetivo asistir en el servicio b\u00e1sico de restaurante-bar, ejecutando y aplicando operaciones, t\u00e9cnicas y normas b\u00e1sicas de manipulaci\u00f3n, preparaci\u00f3n y conservaci\u00f3n de alimentos y bebidas.<\/p>\n<p>El segundo cuso Operaciones b\u00e1sicas de cocina, que finaliza el d\u00eda 13 de julio, capacita a los alumnos para desarrollar elaboraciones culinarias, mejorar su atenci\u00f3n cliente, consiguiendo la calidad y objetivos econ\u00f3micos establecidos y respetando las normas y pr\u00e1cticas de seguridad e higiene en la manipulaci\u00f3n alimentaria.<\/p>\n<p>Inserta proporciona a los alumnos las destrezas profesionales que les permitan un rendimiento competitivo en el mercado de trabajo y el desarrollo de aptitudes y habilidades personales para conseguir la plena participaci\u00f3n en su entorno laboral y social.<\/p>\n<p>Una misi\u00f3n compartida por la Fundaci\u00f3n Cruzcampo, que dedica su acci\u00f3n social al impulso del acento de los j\u00f3venes, ese talento que les hace \u00fanicos y les ayudar\u00e1 a salir adelante, a trav\u00e9s de programas como Talento Cruzcampo. \u00abSe trata de una plataforma social cuyo objetivo es mejorar la empleabilidad de sus participantes becados, form\u00e1ndoles e inspir\u00e1ndoles para mejorar su empleabilidad en hosteler\u00eda\u00bb.<\/p>\n<p>Dentro de ese proceso de aprendizaje, la sensibilizaci\u00f3n por ladiversidad es un valor fundamental \u00abque se trabaja de manera transversal, y sumar nuevos colectivos a Talento Cruzcampo enriquece personal y profesionalmente a los beneficiarios de su programa de actividades\u00bb.<\/p>\n<p>Este curso se enmarca en los programas operativos de Inclusi\u00f3n Social y de la Econom\u00eda Social (Poises) y de Empleo Juvenil (POEJ), que est\u00e1 desarrollando Fundaci\u00f3n ONCE a trav\u00e9s de Inserta, con la cofinanciaci\u00f3n del Fondo Social Europeo y la Iniciativa de Empleo Juvenil, para incrementar la formaci\u00f3n y el empleo de las personas con discapacidad.<\/p>\n<p>Fuente: 20minutos <a href=\"https:\/\/www.20minutos.es\/noticia\/4694099\/0\/inserta-imparte-en-sevilla-dos-cursos-especializados-de-hosteleria-para-personas-con-discapacidad\/\" target=\"_blank\" rel=\"noopener\">Inserta imparte en Sevilla dos cursos especializados de hosteler\u00eda para personas con discapacidad<\/a><\/p>\n","protected":false},"excerpt":{"rendered":"<p>Leemos en 20minutos la siguiente noticia que os reproducimos de forma \u00edntegra: Ambos cursos son impartidos por la Fundaci\u00f3n Cruzcampo, de la mano de los profesionales de su Escuela de Hosteler\u00eda, con amplia experiencia en la formaci\u00f3n de colectivos con dificultad para la inserci\u00f3n laboral y la celebraci\u00f3n de programas de mejora de la empleabilidad, [&hellip;]<\/p>\n","protected":false},"author":1,"featured_media":0,"comment_status":"open","ping_status":"closed","sticky":false,"template":"","format":"standard","meta":{"footnotes":""},"categories":[8],"tags":[31],"class_list":["post-7157","post","type-post","status-publish","format-standard","hentry","category-noticias","tag-discapacidad"],"yoast_head":"<!-- This site is optimized with the Yoast SEO plugin v27.5 - https:\/\/yoast.com\/product\/yoast-seo-wordpress\/ -->\n<title>Inserta imparte en Sevilla dos cursos especializados de hosteler\u00eda para personas con discapacidad - Asociaci\u00f3n Espa\u00f1ola S\u00edndrome de Charge<\/title>\n<meta name=\"robots\" content=\"index, follow, max-snippet:-1, max-image-preview:large, max-video-preview:-1\" \/>\n<link rel=\"canonical\" href=\"https:\/\/sindromecharge.es\/index.php\/2021\/05\/12\/inserta-imparte-en-sevilla-dos-cursos-especializados-de-hosteleria-para-personas-con-discapacidad\/\" \/>\n<meta property=\"og:locale\" content=\"es_ES\" \/>\n<meta property=\"og:type\" content=\"article\" \/>\n<meta property=\"og:title\" content=\"Inserta imparte en Sevilla dos cursos especializados de hosteler\u00eda para personas con discapacidad - Asociaci\u00f3n Espa\u00f1ola S\u00edndrome de Charge\" \/>\n<meta property=\"og:description\" content=\"Leemos en 20minutos la siguiente noticia que os reproducimos de forma \u00edntegra: Ambos cursos son impartidos por la Fundaci\u00f3n Cruzcampo, de la mano de los profesionales de su Escuela de Hosteler\u00eda, con amplia experiencia en la formaci\u00f3n de colectivos con dificultad para la inserci\u00f3n laboral y la celebraci\u00f3n de programas de mejora de la empleabilidad, [&hellip;]\" \/>\n<meta property=\"og:url\" content=\"https:\/\/sindromecharge.es\/index.php\/2021\/05\/12\/inserta-imparte-en-sevilla-dos-cursos-especializados-de-hosteleria-para-personas-con-discapacidad\/\" \/>\n<meta property=\"og:site_name\" content=\"Asociaci\u00f3n Espa\u00f1ola S\u00edndrome de Charge\" \/>\n<meta property=\"article:publisher\" content=\"https:\/\/www.facebook.com\/asociacionsindromecharge\" \/>\n<meta property=\"article:published_time\" content=\"2021-05-12T11:17:14+00:00\" \/>\n<meta property=\"og:image\" content=\"https:\/\/sindromecharge.es\/wp-content\/uploads\/2013\/09\/logodecharge300x98.png\" \/>\n\t<meta property=\"og:image:width\" content=\"300\" \/>\n\t<meta property=\"og:image:height\" content=\"98\" \/>\n\t<meta property=\"og:image:type\" content=\"image\/png\" \/>\n<meta name=\"author\" content=\"Charge\" \/>\n<meta name=\"twitter:card\" content=\"summary_large_image\" \/>\n<meta name=\"twitter:creator\" content=\"@sindromecharge\" \/>\n<meta name=\"twitter:site\" content=\"@sindromecharge\" \/>\n<meta name=\"twitter:label1\" content=\"Escrito por\" \/>\n\t<meta name=\"twitter:data1\" content=\"Charge\" \/>\n\t<meta name=\"twitter:label2\" content=\"Tiempo de lectura\" \/>\n\t<meta name=\"twitter:data2\" content=\"2 minutos\" \/>\n<script type=\"application\/ld+json\" class=\"yoast-schema-graph\">{\"@context\":\"https:\\\/\\\/schema.org\",\"@graph\":[{\"@type\":\"Article\",\"@id\":\"https:\\\/\\\/sindromecharge.es\\\/index.php\\\/2021\\\/05\\\/12\\\/inserta-imparte-en-sevilla-dos-cursos-especializados-de-hosteleria-para-personas-con-discapacidad\\\/#article\",\"isPartOf\":{\"@id\":\"https:\\\/\\\/sindromecharge.es\\\/index.php\\\/2021\\\/05\\\/12\\\/inserta-imparte-en-sevilla-dos-cursos-especializados-de-hosteleria-para-personas-con-discapacidad\\\/\"},\"author\":{\"name\":\"Charge\",\"@id\":\"https:\\\/\\\/sindromecharge.es\\\/#\\\/schema\\\/person\\\/39a60ebe0a2b4d5a11179701e336b039\"},\"headline\":\"Inserta imparte en Sevilla dos cursos especializados de hosteler\u00eda para personas con discapacidad\",\"datePublished\":\"2021-05-12T11:17:14+00:00\",\"mainEntityOfPage\":{\"@id\":\"https:\\\/\\\/sindromecharge.es\\\/index.php\\\/2021\\\/05\\\/12\\\/inserta-imparte-en-sevilla-dos-cursos-especializados-de-hosteleria-para-personas-con-discapacidad\\\/\"},\"wordCount\":436,\"commentCount\":0,\"keywords\":[\"discapacidad\"],\"articleSection\":[\"noticias\"],\"inLanguage\":\"es\",\"potentialAction\":[{\"@type\":\"CommentAction\",\"name\":\"Comment\",\"target\":[\"https:\\\/\\\/sindromecharge.es\\\/index.php\\\/2021\\\/05\\\/12\\\/inserta-imparte-en-sevilla-dos-cursos-especializados-de-hosteleria-para-personas-con-discapacidad\\\/#respond\"]}]},{\"@type\":\"WebPage\",\"@id\":\"https:\\\/\\\/sindromecharge.es\\\/index.php\\\/2021\\\/05\\\/12\\\/inserta-imparte-en-sevilla-dos-cursos-especializados-de-hosteleria-para-personas-con-discapacidad\\\/\",\"url\":\"https:\\\/\\\/sindromecharge.es\\\/index.php\\\/2021\\\/05\\\/12\\\/inserta-imparte-en-sevilla-dos-cursos-especializados-de-hosteleria-para-personas-con-discapacidad\\\/\",\"name\":\"Inserta imparte en Sevilla dos cursos especializados de hosteler\u00eda para personas con discapacidad - Asociaci\u00f3n Espa\u00f1ola S\u00edndrome de Charge\",\"isPartOf\":{\"@id\":\"https:\\\/\\\/sindromecharge.es\\\/#website\"},\"datePublished\":\"2021-05-12T11:17:14+00:00\",\"author\":{\"@id\":\"https:\\\/\\\/sindromecharge.es\\\/#\\\/schema\\\/person\\\/39a60ebe0a2b4d5a11179701e336b039\"},\"breadcrumb\":{\"@id\":\"https:\\\/\\\/sindromecharge.es\\\/index.php\\\/2021\\\/05\\\/12\\\/inserta-imparte-en-sevilla-dos-cursos-especializados-de-hosteleria-para-personas-con-discapacidad\\\/#breadcrumb\"},\"inLanguage\":\"es\",\"potentialAction\":[{\"@type\":\"ReadAction\",\"target\":[\"https:\\\/\\\/sindromecharge.es\\\/index.php\\\/2021\\\/05\\\/12\\\/inserta-imparte-en-sevilla-dos-cursos-especializados-de-hosteleria-para-personas-con-discapacidad\\\/\"]}]},{\"@type\":\"BreadcrumbList\",\"@id\":\"https:\\\/\\\/sindromecharge.es\\\/index.php\\\/2021\\\/05\\\/12\\\/inserta-imparte-en-sevilla-dos-cursos-especializados-de-hosteleria-para-personas-con-discapacidad\\\/#breadcrumb\",\"itemListElement\":[{\"@type\":\"ListItem\",\"position\":1,\"name\":\"Portada\",\"item\":\"https:\\\/\\\/sindromecharge.es\\\/\"},{\"@type\":\"ListItem\",\"position\":2,\"name\":\"Inserta imparte en Sevilla dos cursos especializados de hosteler\u00eda para personas con discapacidad\"}]},{\"@type\":\"WebSite\",\"@id\":\"https:\\\/\\\/sindromecharge.es\\\/#website\",\"url\":\"https:\\\/\\\/sindromecharge.es\\\/\",\"name\":\"Asociaci\u00f3n Espa\u00f1ola S\u00edndrome de Charge\",\"description\":\"\",\"potentialAction\":[{\"@type\":\"SearchAction\",\"target\":{\"@type\":\"EntryPoint\",\"urlTemplate\":\"https:\\\/\\\/sindromecharge.es\\\/?s={search_term_string}\"},\"query-input\":{\"@type\":\"PropertyValueSpecification\",\"valueRequired\":true,\"valueName\":\"search_term_string\"}}],\"inLanguage\":\"es\"},{\"@type\":\"Person\",\"@id\":\"https:\\\/\\\/sindromecharge.es\\\/#\\\/schema\\\/person\\\/39a60ebe0a2b4d5a11179701e336b039\",\"name\":\"Charge\",\"image\":{\"@type\":\"ImageObject\",\"inLanguage\":\"es\",\"@id\":\"https:\\\/\\\/secure.gravatar.com\\\/avatar\\\/c3b46e32a0fc3b093a0873fb767bf3293de856293065e84ef06b7ec7a8acfb98?s=96&d=identicon&r=x\",\"url\":\"https:\\\/\\\/secure.gravatar.com\\\/avatar\\\/c3b46e32a0fc3b093a0873fb767bf3293de856293065e84ef06b7ec7a8acfb98?s=96&d=identicon&r=x\",\"contentUrl\":\"https:\\\/\\\/secure.gravatar.com\\\/avatar\\\/c3b46e32a0fc3b093a0873fb767bf3293de856293065e84ef06b7ec7a8acfb98?s=96&d=identicon&r=x\",\"caption\":\"Charge\"},\"url\":\"https:\\\/\\\/sindromecharge.es\\\/index.php\\\/author\\\/admin\\\/\"}]}<\/script>\n<!-- \/ Yoast SEO plugin. -->","yoast_head_json":{"title":"Inserta imparte en Sevilla dos cursos especializados de hosteler\u00eda para personas con discapacidad - Asociaci\u00f3n Espa\u00f1ola S\u00edndrome de Charge","robots":{"index":"index","follow":"follow","max-snippet":"max-snippet:-1","max-image-preview":"max-image-preview:large","max-video-preview":"max-video-preview:-1"},"canonical":"https:\/\/sindromecharge.es\/index.php\/2021\/05\/12\/inserta-imparte-en-sevilla-dos-cursos-especializados-de-hosteleria-para-personas-con-discapacidad\/","og_locale":"es_ES","og_type":"article","og_title":"Inserta imparte en Sevilla dos cursos especializados de hosteler\u00eda para personas con discapacidad - Asociaci\u00f3n Espa\u00f1ola S\u00edndrome de Charge","og_description":"Leemos en 20minutos la siguiente noticia que os reproducimos de forma \u00edntegra: Ambos cursos son impartidos por la Fundaci\u00f3n Cruzcampo, de la mano de los profesionales de su Escuela de Hosteler\u00eda, con amplia experiencia en la formaci\u00f3n de colectivos con dificultad para la inserci\u00f3n laboral y la celebraci\u00f3n de programas de mejora de la empleabilidad, [&hellip;]","og_url":"https:\/\/sindromecharge.es\/index.php\/2021\/05\/12\/inserta-imparte-en-sevilla-dos-cursos-especializados-de-hosteleria-para-personas-con-discapacidad\/","og_site_name":"Asociaci\u00f3n Espa\u00f1ola S\u00edndrome de Charge","article_publisher":"https:\/\/www.facebook.com\/asociacionsindromecharge","article_published_time":"2021-05-12T11:17:14+00:00","og_image":[{"width":300,"height":98,"url":"https:\/\/sindromecharge.es\/wp-content\/uploads\/2013\/09\/logodecharge300x98.png","type":"image\/png"}],"author":"Charge","twitter_card":"summary_large_image","twitter_creator":"@sindromecharge","twitter_site":"@sindromecharge","twitter_misc":{"Escrito por":"Charge","Tiempo de lectura":"2 minutos"},"schema":{"@context":"https:\/\/schema.org","@graph":[{"@type":"Article","@id":"https:\/\/sindromecharge.es\/index.php\/2021\/05\/12\/inserta-imparte-en-sevilla-dos-cursos-especializados-de-hosteleria-para-personas-con-discapacidad\/#article","isPartOf":{"@id":"https:\/\/sindromecharge.es\/index.php\/2021\/05\/12\/inserta-imparte-en-sevilla-dos-cursos-especializados-de-hosteleria-para-personas-con-discapacidad\/"},"author":{"name":"Charge","@id":"https:\/\/sindromecharge.es\/#\/schema\/person\/39a60ebe0a2b4d5a11179701e336b039"},"headline":"Inserta imparte en Sevilla dos cursos especializados de hosteler\u00eda para personas con discapacidad","datePublished":"2021-05-12T11:17:14+00:00","mainEntityOfPage":{"@id":"https:\/\/sindromecharge.es\/index.php\/2021\/05\/12\/inserta-imparte-en-sevilla-dos-cursos-especializados-de-hosteleria-para-personas-con-discapacidad\/"},"wordCount":436,"commentCount":0,"keywords":["discapacidad"],"articleSection":["noticias"],"inLanguage":"es","potentialAction":[{"@type":"CommentAction","name":"Comment","target":["https:\/\/sindromecharge.es\/index.php\/2021\/05\/12\/inserta-imparte-en-sevilla-dos-cursos-especializados-de-hosteleria-para-personas-con-discapacidad\/#respond"]}]},{"@type":"WebPage","@id":"https:\/\/sindromecharge.es\/index.php\/2021\/05\/12\/inserta-imparte-en-sevilla-dos-cursos-especializados-de-hosteleria-para-personas-con-discapacidad\/","url":"https:\/\/sindromecharge.es\/index.php\/2021\/05\/12\/inserta-imparte-en-sevilla-dos-cursos-especializados-de-hosteleria-para-personas-con-discapacidad\/","name":"Inserta imparte en Sevilla dos cursos especializados de hosteler\u00eda para personas con discapacidad - Asociaci\u00f3n Espa\u00f1ola S\u00edndrome de Charge","isPartOf":{"@id":"https:\/\/sindromecharge.es\/#website"},"datePublished":"2021-05-12T11:17:14+00:00","author":{"@id":"https:\/\/sindromecharge.es\/#\/schema\/person\/39a60ebe0a2b4d5a11179701e336b039"},"breadcrumb":{"@id":"https:\/\/sindromecharge.es\/index.php\/2021\/05\/12\/inserta-imparte-en-sevilla-dos-cursos-especializados-de-hosteleria-para-personas-con-discapacidad\/#breadcrumb"},"inLanguage":"es","potentialAction":[{"@type":"ReadAction","target":["https:\/\/sindromecharge.es\/index.php\/2021\/05\/12\/inserta-imparte-en-sevilla-dos-cursos-especializados-de-hosteleria-para-personas-con-discapacidad\/"]}]},{"@type":"BreadcrumbList","@id":"https:\/\/sindromecharge.es\/index.php\/2021\/05\/12\/inserta-imparte-en-sevilla-dos-cursos-especializados-de-hosteleria-para-personas-con-discapacidad\/#breadcrumb","itemListElement":[{"@type":"ListItem","position":1,"name":"Portada","item":"https:\/\/sindromecharge.es\/"},{"@type":"ListItem","position":2,"name":"Inserta imparte en Sevilla dos cursos especializados de hosteler\u00eda para personas con discapacidad"}]},{"@type":"WebSite","@id":"https:\/\/sindromecharge.es\/#website","url":"https:\/\/sindromecharge.es\/","name":"Asociaci\u00f3n Espa\u00f1ola S\u00edndrome de Charge","description":"","potentialAction":[{"@type":"SearchAction","target":{"@type":"EntryPoint","urlTemplate":"https:\/\/sindromecharge.es\/?s={search_term_string}"},"query-input":{"@type":"PropertyValueSpecification","valueRequired":true,"valueName":"search_term_string"}}],"inLanguage":"es"},{"@type":"Person","@id":"https:\/\/sindromecharge.es\/#\/schema\/person\/39a60ebe0a2b4d5a11179701e336b039","name":"Charge","image":{"@type":"ImageObject","inLanguage":"es","@id":"https:\/\/secure.gravatar.com\/avatar\/c3b46e32a0fc3b093a0873fb767bf3293de856293065e84ef06b7ec7a8acfb98?s=96&d=identicon&r=x","url":"https:\/\/secure.gravatar.com\/avatar\/c3b46e32a0fc3b093a0873fb767bf3293de856293065e84ef06b7ec7a8acfb98?s=96&d=identicon&r=x","contentUrl":"https:\/\/secure.gravatar.com\/avatar\/c3b46e32a0fc3b093a0873fb767bf3293de856293065e84ef06b7ec7a8acfb98?s=96&d=identicon&r=x","caption":"Charge"},"url":"https:\/\/sindromecharge.es\/index.php\/author\/admin\/"}]}},"_links":{"self":[{"href":"https:\/\/sindromecharge.es\/index.php\/wp-json\/wp\/v2\/posts\/7157","targetHints":{"allow":["GET"]}}],"collection":[{"href":"https:\/\/sindromecharge.es\/index.php\/wp-json\/wp\/v2\/posts"}],"about":[{"href":"https:\/\/sindromecharge.es\/index.php\/wp-json\/wp\/v2\/types\/post"}],"author":[{"embeddable":true,"href":"https:\/\/sindromecharge.es\/index.php\/wp-json\/wp\/v2\/users\/1"}],"replies":[{"embeddable":true,"href":"https:\/\/sindromecharge.es\/index.php\/wp-json\/wp\/v2\/comments?post=7157"}],"version-history":[{"count":0,"href":"https:\/\/sindromecharge.es\/index.php\/wp-json\/wp\/v2\/posts\/7157\/revisions"}],"wp:attachment":[{"href":"https:\/\/sindromecharge.es\/index.php\/wp-json\/wp\/v2\/media?parent=7157"}],"wp:term":[{"taxonomy":"category","embeddable":true,"href":"https:\/\/sindromecharge.es\/index.php\/wp-json\/wp\/v2\/categories?post=7157"},{"taxonomy":"post_tag","embeddable":true,"href":"https:\/\/sindromecharge.es\/index.php\/wp-json\/wp\/v2\/tags?post=7157"}],"curies":[{"name":"wp","href":"https:\/\/api.w.org\/{rel}","templated":true}]}}