{"id":7153,"date":"2021-05-12T09:52:17","date_gmt":"2021-05-12T09:52:17","guid":{"rendered":"https:\/\/sindromecharge.es\/index.php\/2021\/05\/12\/conartritis-ayuda-a-las-personas-recien-diagnosticadas-de-una-enfermedad-reumatica-inmunomediada-a-situarse-en-esta-nueva-etapa-de-su-vida\/"},"modified":"2021-05-12T09:52:17","modified_gmt":"2021-05-12T09:52:17","slug":"conartritis-ayuda-a-las-personas-recien-diagnosticadas-de-una-enfermedad-reumatica-inmunomediada-a-situarse-en-esta-nueva-etapa-de-su-vida","status":"publish","type":"post","link":"https:\/\/sindromecharge.es\/index.php\/2021\/05\/12\/conartritis-ayuda-a-las-personas-recien-diagnosticadas-de-una-enfermedad-reumatica-inmunomediada-a-situarse-en-esta-nueva-etapa-de-su-vida\/","title":{"rendered":"ConArtritis ayuda a las personas reci\u00e9n diagnosticadas de  una enfermedad reum\u00e1tica inmunomediada a situarse en esta nueva etapa de su vida"},"content":{"rendered":"<p>Leemos en FEDER la siguiente noticia que os reproducimos de forma \u00edntegra: <\/p>\n<p><p>La Coordinadora Nacional de Artritis, ConArtritis, presenta la campa\u00f1a \u201cEncuentra el camino\u201d con una serie de materiales dirigidos a las personas reci\u00e9n diagn\u00f3sticas de una enfermedad reum\u00e1tica inmunomediada como son la artritis reumatoide, la artritis psori\u00e1sica, la artritis idiop\u00e1tica juvenil, la espondilitis anquilosante o la espondiloartritis. El objetivo de la campa\u00f1a es situar a la persona en el punto de partida de una nueva etapa de su vida en la que va a tener que convivir con una patolog\u00eda cr\u00f3nica.<\/p>\n<p>Material de acompa\u00f1amiento<\/p>\n<p>Cuando a una persona le diagnostican una enfermedad cr\u00f3nica y discapacitante, como son las reum\u00e1ticas inmunomediadas, se encuentra en una nueva realidad en la que le surgen muchas dudas y miedos. Aunque en la consulta m\u00e9dica se le proporciona informaci\u00f3n, es necesario ofrecer otros recursos que le ayuden a adaptarse a esta situaci\u00f3n, que le gu\u00ede en los siguientes pasos que debe dar, y que le apoye en cada proceso que surja, como pueden ser cambios de medicaci\u00f3n, agravamiento de alg\u00fan efecto de la enfermedad, o problemas psicol\u00f3gicos.<\/p>\n<p>Bajo esta necesidad se lanza la campa\u00f1a \u201cEncuentra el camino\u201d con la que ConArtritis ha dise\u00f1ado un d\u00edptico informativo y un folleto con informaci\u00f3n sobre los principales efectos de estas enfermedades, la labor del especialista en reumatolog\u00eda y del profesional de enfermer\u00eda de reumatolog\u00eda, as\u00ed como de otros sanitarios como son los fisioterapeutas o los farmac\u00e9uticos de farmacia hospitalaria; una descripci\u00f3n de los medicamentos antiinflamatorios no esteroideos, de los f\u00e1rmacos modificadores de la enfermedad tradicionales, de los sint\u00e9ticos dirigidos y de los biol\u00f3gicos; y del trabajo que se realiza desde las asociaciones de pacientes para afrontar este nuevo camino.<\/p>\n<p>La campa\u00f1a se completa con material digital que se publicar\u00e1 en las diferentes redes sociales de ConArtritis con el hashtag #EncuentraelCamino y en su p\u00e1gina web.<\/p>\n<p>\u201cNuestra experiencia nos muestra que las personas se encuentran muy perdidas cuando les diagnostican una enfermedad reum\u00e1tica inmunomediada. La gran mayor\u00eda desconoce los tratamientos que va a necesitar y mucho menos su efecto, tampoco son conscientes que, junto con el especialista en reumatolog\u00eda, hay otros profesionales sanitarios y socio-sanitarios que les pueden ayudar, o que existen asociaciones de pacientes que les ofrecen apoyo y acompa\u00f1amiento en este nueva etapa de su vida\u201d indica Laly Alcaide, directora de ConArtritis. \u201cCon esta campa\u00f1a pretendemos que dispongan de informaci\u00f3n b\u00e1sica que les ayude a situarse para afrontar cualquier cambio en su tratamiento o la aparici\u00f3n de diferentes efectos de la enfermedad, entre otros\u201d, apunta Laly Alcaide.<\/p>\n<p>\u201cColaborar en una iniciativa como esta, que pretende estar cerca de las personas, complementa absolutamente la filosof\u00eda de nuestra compa\u00f1\u00eda de dar apoyo a los pacientes mejorando su autonom\u00eda y su vida diaria\u201d, explica Rafael Mella, Vice President Southern &amp; Western Europe de Nordic Pharma, a lo que a\u00f1ade \u201cNuestro compromiso es aportar soluciones que permitan mejorar la salud y facilitar la vida a los pacientes, y que supongan adem\u00e1s una herramienta clave para los profesionales. La puesta a disposici\u00f3n de pacientes y profesionales sanitarios de dispositivos innovadores es, sin duda, una de nuestras principales apuestas en el campo de la patolog\u00eda reum\u00e1tica, porque da cobertura al mencionado compromiso, a\u00f1adiendo al proceso de aplicaci\u00f3n del tratamiento calidad y seguridad\u00bb.<\/p>\n<p>Acerca de ConArtritis<\/p>\n<p>La Coordinadora Nacional de Artritis, ConArtritis, es una asociaci\u00f3n sin \u00e1nimo de lucro que engloba a 15 asociaciones de personas con artritis de toda Espa\u00f1a y dispone de 14 delegaciones. Tiene como misi\u00f3n integrar y representar a dichas asociaciones ante las administraciones y los gestores sanitarios a fin de promover iniciativas p\u00fablicas y legislativas que redunden en la plena integraci\u00f3n social y laboral y en la mejora de la calidad de vida de los pacientes. ConArtritis proporciona a las asociaciones de personas con artritis que engloba, su experiencia y asesor\u00eda, as\u00ed como informaci\u00f3n de relevancia sobre la enfermedad y los \u00faltimos avances m\u00e9dicos y cient\u00edficos para su tratamiento. De manera continuada, ConArtritis promueve el conocimiento de la artritis y sus consecuencias entre la sociedad en general. www.conartritis.org<\/p>\n<p>\u00daltima actualizaci\u00f3n 12\/05\/2021<\/p>\n<\/p>\n<p>Fuente: FEDER <a href=\"https:\/\/enfermedades-raras.org\/index.php\/actualidad\/noticias-eventos\/2-feder\/15342-conartritis-ayuda-a-las-personas-reci%C3%A9n-diagnosticadas-de-una-enfermedad-reum%C3%A1tica-inmunomediada-a-situarse-en-esta-nueva-etapa-de-su-vida\" target=\"_blank\" rel=\"noopener\">ConArtritis ayuda a las personas reci\u00e9n diagnosticadas de  una enfermedad reum\u00e1tica inmunomediada a situarse en esta nueva etapa de su vida<\/a><\/p>\n","protected":false},"excerpt":{"rendered":"<p>Leemos en FEDER la siguiente noticia que os reproducimos de forma \u00edntegra: La Coordinadora Nacional de Artritis, ConArtritis, presenta la campa\u00f1a \u201cEncuentra el camino\u201d con una serie de materiales dirigidos a las personas reci\u00e9n diagn\u00f3sticas de una enfermedad reum\u00e1tica inmunomediada como son la artritis reumatoide, la artritis psori\u00e1sica, la artritis idiop\u00e1tica juvenil, la espondilitis anquilosante [&hellip;]<\/p>\n","protected":false},"author":1,"featured_media":0,"comment_status":"open","ping_status":"closed","sticky":false,"template":"","format":"standard","meta":{"footnotes":""},"categories":[8],"tags":[36],"class_list":["post-7153","post","type-post","status-publish","format-standard","hentry","category-noticias","tag-enfermedades-raras"],"yoast_head":"<!-- This site is optimized with the Yoast SEO plugin v27.5 - https:\/\/yoast.com\/product\/yoast-seo-wordpress\/ -->\n<title>ConArtritis ayuda a las personas reci\u00e9n diagnosticadas de una enfermedad reum\u00e1tica inmunomediada a situarse en esta nueva etapa de su vida - Asociaci\u00f3n Espa\u00f1ola S\u00edndrome de Charge<\/title>\n<meta name=\"robots\" content=\"index, follow, max-snippet:-1, max-image-preview:large, max-video-preview:-1\" \/>\n<link rel=\"canonical\" href=\"https:\/\/sindromecharge.es\/index.php\/2021\/05\/12\/conartritis-ayuda-a-las-personas-recien-diagnosticadas-de-una-enfermedad-reumatica-inmunomediada-a-situarse-en-esta-nueva-etapa-de-su-vida\/\" \/>\n<meta property=\"og:locale\" content=\"es_ES\" \/>\n<meta property=\"og:type\" content=\"article\" \/>\n<meta property=\"og:title\" content=\"ConArtritis ayuda a las personas reci\u00e9n diagnosticadas de una enfermedad reum\u00e1tica inmunomediada a situarse en esta nueva etapa de su vida - Asociaci\u00f3n Espa\u00f1ola S\u00edndrome de Charge\" \/>\n<meta property=\"og:description\" content=\"Leemos en FEDER la siguiente noticia que os reproducimos de forma \u00edntegra: La Coordinadora Nacional de Artritis, ConArtritis, presenta la campa\u00f1a \u201cEncuentra el camino\u201d con una serie de materiales dirigidos a las personas reci\u00e9n diagn\u00f3sticas de una enfermedad reum\u00e1tica inmunomediada como son la artritis reumatoide, la artritis psori\u00e1sica, la artritis idiop\u00e1tica juvenil, la espondilitis anquilosante [&hellip;]\" \/>\n<meta property=\"og:url\" content=\"https:\/\/sindromecharge.es\/index.php\/2021\/05\/12\/conartritis-ayuda-a-las-personas-recien-diagnosticadas-de-una-enfermedad-reumatica-inmunomediada-a-situarse-en-esta-nueva-etapa-de-su-vida\/\" \/>\n<meta property=\"og:site_name\" content=\"Asociaci\u00f3n Espa\u00f1ola S\u00edndrome de Charge\" \/>\n<meta property=\"article:publisher\" content=\"https:\/\/www.facebook.com\/asociacionsindromecharge\" \/>\n<meta property=\"article:published_time\" content=\"2021-05-12T09:52:17+00:00\" \/>\n<meta property=\"og:image\" content=\"https:\/\/sindromecharge.es\/wp-content\/uploads\/2013\/09\/logodecharge300x98.png\" \/>\n\t<meta property=\"og:image:width\" content=\"300\" \/>\n\t<meta property=\"og:image:height\" content=\"98\" \/>\n\t<meta property=\"og:image:type\" content=\"image\/png\" \/>\n<meta name=\"author\" content=\"Charge\" \/>\n<meta name=\"twitter:card\" content=\"summary_large_image\" \/>\n<meta name=\"twitter:creator\" content=\"@sindromecharge\" \/>\n<meta name=\"twitter:site\" content=\"@sindromecharge\" \/>\n<meta name=\"twitter:label1\" content=\"Escrito por\" \/>\n\t<meta name=\"twitter:data1\" content=\"Charge\" \/>\n\t<meta name=\"twitter:label2\" content=\"Tiempo de lectura\" \/>\n\t<meta name=\"twitter:data2\" content=\"4 minutos\" \/>\n<script type=\"application\/ld+json\" class=\"yoast-schema-graph\">{\"@context\":\"https:\\\/\\\/schema.org\",\"@graph\":[{\"@type\":\"Article\",\"@id\":\"https:\\\/\\\/sindromecharge.es\\\/index.php\\\/2021\\\/05\\\/12\\\/conartritis-ayuda-a-las-personas-recien-diagnosticadas-de-una-enfermedad-reumatica-inmunomediada-a-situarse-en-esta-nueva-etapa-de-su-vida\\\/#article\",\"isPartOf\":{\"@id\":\"https:\\\/\\\/sindromecharge.es\\\/index.php\\\/2021\\\/05\\\/12\\\/conartritis-ayuda-a-las-personas-recien-diagnosticadas-de-una-enfermedad-reumatica-inmunomediada-a-situarse-en-esta-nueva-etapa-de-su-vida\\\/\"},\"author\":{\"name\":\"Charge\",\"@id\":\"https:\\\/\\\/sindromecharge.es\\\/#\\\/schema\\\/person\\\/39a60ebe0a2b4d5a11179701e336b039\"},\"headline\":\"ConArtritis ayuda a las personas reci\u00e9n diagnosticadas de una enfermedad reum\u00e1tica inmunomediada a situarse en esta nueva etapa de su vida\",\"datePublished\":\"2021-05-12T09:52:17+00:00\",\"mainEntityOfPage\":{\"@id\":\"https:\\\/\\\/sindromecharge.es\\\/index.php\\\/2021\\\/05\\\/12\\\/conartritis-ayuda-a-las-personas-recien-diagnosticadas-de-una-enfermedad-reumatica-inmunomediada-a-situarse-en-esta-nueva-etapa-de-su-vida\\\/\"},\"wordCount\":781,\"commentCount\":0,\"keywords\":[\"enfermedades raras\"],\"articleSection\":[\"noticias\"],\"inLanguage\":\"es\",\"potentialAction\":[{\"@type\":\"CommentAction\",\"name\":\"Comment\",\"target\":[\"https:\\\/\\\/sindromecharge.es\\\/index.php\\\/2021\\\/05\\\/12\\\/conartritis-ayuda-a-las-personas-recien-diagnosticadas-de-una-enfermedad-reumatica-inmunomediada-a-situarse-en-esta-nueva-etapa-de-su-vida\\\/#respond\"]}]},{\"@type\":\"WebPage\",\"@id\":\"https:\\\/\\\/sindromecharge.es\\\/index.php\\\/2021\\\/05\\\/12\\\/conartritis-ayuda-a-las-personas-recien-diagnosticadas-de-una-enfermedad-reumatica-inmunomediada-a-situarse-en-esta-nueva-etapa-de-su-vida\\\/\",\"url\":\"https:\\\/\\\/sindromecharge.es\\\/index.php\\\/2021\\\/05\\\/12\\\/conartritis-ayuda-a-las-personas-recien-diagnosticadas-de-una-enfermedad-reumatica-inmunomediada-a-situarse-en-esta-nueva-etapa-de-su-vida\\\/\",\"name\":\"ConArtritis ayuda a las personas reci\u00e9n diagnosticadas de una enfermedad reum\u00e1tica inmunomediada a situarse en esta nueva etapa de su vida - Asociaci\u00f3n Espa\u00f1ola S\u00edndrome de Charge\",\"isPartOf\":{\"@id\":\"https:\\\/\\\/sindromecharge.es\\\/#website\"},\"datePublished\":\"2021-05-12T09:52:17+00:00\",\"author\":{\"@id\":\"https:\\\/\\\/sindromecharge.es\\\/#\\\/schema\\\/person\\\/39a60ebe0a2b4d5a11179701e336b039\"},\"breadcrumb\":{\"@id\":\"https:\\\/\\\/sindromecharge.es\\\/index.php\\\/2021\\\/05\\\/12\\\/conartritis-ayuda-a-las-personas-recien-diagnosticadas-de-una-enfermedad-reumatica-inmunomediada-a-situarse-en-esta-nueva-etapa-de-su-vida\\\/#breadcrumb\"},\"inLanguage\":\"es\",\"potentialAction\":[{\"@type\":\"ReadAction\",\"target\":[\"https:\\\/\\\/sindromecharge.es\\\/index.php\\\/2021\\\/05\\\/12\\\/conartritis-ayuda-a-las-personas-recien-diagnosticadas-de-una-enfermedad-reumatica-inmunomediada-a-situarse-en-esta-nueva-etapa-de-su-vida\\\/\"]}]},{\"@type\":\"BreadcrumbList\",\"@id\":\"https:\\\/\\\/sindromecharge.es\\\/index.php\\\/2021\\\/05\\\/12\\\/conartritis-ayuda-a-las-personas-recien-diagnosticadas-de-una-enfermedad-reumatica-inmunomediada-a-situarse-en-esta-nueva-etapa-de-su-vida\\\/#breadcrumb\",\"itemListElement\":[{\"@type\":\"ListItem\",\"position\":1,\"name\":\"Portada\",\"item\":\"https:\\\/\\\/sindromecharge.es\\\/\"},{\"@type\":\"ListItem\",\"position\":2,\"name\":\"ConArtritis ayuda a las personas reci\u00e9n diagnosticadas de una enfermedad reum\u00e1tica inmunomediada a situarse en esta nueva etapa de su vida\"}]},{\"@type\":\"WebSite\",\"@id\":\"https:\\\/\\\/sindromecharge.es\\\/#website\",\"url\":\"https:\\\/\\\/sindromecharge.es\\\/\",\"name\":\"Asociaci\u00f3n Espa\u00f1ola S\u00edndrome de Charge\",\"description\":\"\",\"potentialAction\":[{\"@type\":\"SearchAction\",\"target\":{\"@type\":\"EntryPoint\",\"urlTemplate\":\"https:\\\/\\\/sindromecharge.es\\\/?s={search_term_string}\"},\"query-input\":{\"@type\":\"PropertyValueSpecification\",\"valueRequired\":true,\"valueName\":\"search_term_string\"}}],\"inLanguage\":\"es\"},{\"@type\":\"Person\",\"@id\":\"https:\\\/\\\/sindromecharge.es\\\/#\\\/schema\\\/person\\\/39a60ebe0a2b4d5a11179701e336b039\",\"name\":\"Charge\",\"image\":{\"@type\":\"ImageObject\",\"inLanguage\":\"es\",\"@id\":\"https:\\\/\\\/secure.gravatar.com\\\/avatar\\\/c3b46e32a0fc3b093a0873fb767bf3293de856293065e84ef06b7ec7a8acfb98?s=96&d=identicon&r=x\",\"url\":\"https:\\\/\\\/secure.gravatar.com\\\/avatar\\\/c3b46e32a0fc3b093a0873fb767bf3293de856293065e84ef06b7ec7a8acfb98?s=96&d=identicon&r=x\",\"contentUrl\":\"https:\\\/\\\/secure.gravatar.com\\\/avatar\\\/c3b46e32a0fc3b093a0873fb767bf3293de856293065e84ef06b7ec7a8acfb98?s=96&d=identicon&r=x\",\"caption\":\"Charge\"},\"url\":\"https:\\\/\\\/sindromecharge.es\\\/index.php\\\/author\\\/admin\\\/\"}]}<\/script>\n<!-- \/ Yoast SEO plugin. -->","yoast_head_json":{"title":"ConArtritis ayuda a las personas reci\u00e9n diagnosticadas de una enfermedad reum\u00e1tica inmunomediada a situarse en esta nueva etapa de su vida - Asociaci\u00f3n Espa\u00f1ola S\u00edndrome de Charge","robots":{"index":"index","follow":"follow","max-snippet":"max-snippet:-1","max-image-preview":"max-image-preview:large","max-video-preview":"max-video-preview:-1"},"canonical":"https:\/\/sindromecharge.es\/index.php\/2021\/05\/12\/conartritis-ayuda-a-las-personas-recien-diagnosticadas-de-una-enfermedad-reumatica-inmunomediada-a-situarse-en-esta-nueva-etapa-de-su-vida\/","og_locale":"es_ES","og_type":"article","og_title":"ConArtritis ayuda a las personas reci\u00e9n diagnosticadas de una enfermedad reum\u00e1tica inmunomediada a situarse en esta nueva etapa de su vida - Asociaci\u00f3n Espa\u00f1ola S\u00edndrome de Charge","og_description":"Leemos en FEDER la siguiente noticia que os reproducimos de forma \u00edntegra: La Coordinadora Nacional de Artritis, ConArtritis, presenta la campa\u00f1a \u201cEncuentra el camino\u201d con una serie de materiales dirigidos a las personas reci\u00e9n diagn\u00f3sticas de una enfermedad reum\u00e1tica inmunomediada como son la artritis reumatoide, la artritis psori\u00e1sica, la artritis idiop\u00e1tica juvenil, la espondilitis anquilosante [&hellip;]","og_url":"https:\/\/sindromecharge.es\/index.php\/2021\/05\/12\/conartritis-ayuda-a-las-personas-recien-diagnosticadas-de-una-enfermedad-reumatica-inmunomediada-a-situarse-en-esta-nueva-etapa-de-su-vida\/","og_site_name":"Asociaci\u00f3n Espa\u00f1ola S\u00edndrome de Charge","article_publisher":"https:\/\/www.facebook.com\/asociacionsindromecharge","article_published_time":"2021-05-12T09:52:17+00:00","og_image":[{"width":300,"height":98,"url":"https:\/\/sindromecharge.es\/wp-content\/uploads\/2013\/09\/logodecharge300x98.png","type":"image\/png"}],"author":"Charge","twitter_card":"summary_large_image","twitter_creator":"@sindromecharge","twitter_site":"@sindromecharge","twitter_misc":{"Escrito por":"Charge","Tiempo de lectura":"4 minutos"},"schema":{"@context":"https:\/\/schema.org","@graph":[{"@type":"Article","@id":"https:\/\/sindromecharge.es\/index.php\/2021\/05\/12\/conartritis-ayuda-a-las-personas-recien-diagnosticadas-de-una-enfermedad-reumatica-inmunomediada-a-situarse-en-esta-nueva-etapa-de-su-vida\/#article","isPartOf":{"@id":"https:\/\/sindromecharge.es\/index.php\/2021\/05\/12\/conartritis-ayuda-a-las-personas-recien-diagnosticadas-de-una-enfermedad-reumatica-inmunomediada-a-situarse-en-esta-nueva-etapa-de-su-vida\/"},"author":{"name":"Charge","@id":"https:\/\/sindromecharge.es\/#\/schema\/person\/39a60ebe0a2b4d5a11179701e336b039"},"headline":"ConArtritis ayuda a las personas reci\u00e9n diagnosticadas de una enfermedad reum\u00e1tica inmunomediada a situarse en esta nueva etapa de su vida","datePublished":"2021-05-12T09:52:17+00:00","mainEntityOfPage":{"@id":"https:\/\/sindromecharge.es\/index.php\/2021\/05\/12\/conartritis-ayuda-a-las-personas-recien-diagnosticadas-de-una-enfermedad-reumatica-inmunomediada-a-situarse-en-esta-nueva-etapa-de-su-vida\/"},"wordCount":781,"commentCount":0,"keywords":["enfermedades raras"],"articleSection":["noticias"],"inLanguage":"es","potentialAction":[{"@type":"CommentAction","name":"Comment","target":["https:\/\/sindromecharge.es\/index.php\/2021\/05\/12\/conartritis-ayuda-a-las-personas-recien-diagnosticadas-de-una-enfermedad-reumatica-inmunomediada-a-situarse-en-esta-nueva-etapa-de-su-vida\/#respond"]}]},{"@type":"WebPage","@id":"https:\/\/sindromecharge.es\/index.php\/2021\/05\/12\/conartritis-ayuda-a-las-personas-recien-diagnosticadas-de-una-enfermedad-reumatica-inmunomediada-a-situarse-en-esta-nueva-etapa-de-su-vida\/","url":"https:\/\/sindromecharge.es\/index.php\/2021\/05\/12\/conartritis-ayuda-a-las-personas-recien-diagnosticadas-de-una-enfermedad-reumatica-inmunomediada-a-situarse-en-esta-nueva-etapa-de-su-vida\/","name":"ConArtritis ayuda a las personas reci\u00e9n diagnosticadas de una enfermedad reum\u00e1tica inmunomediada a situarse en esta nueva etapa de su vida - Asociaci\u00f3n Espa\u00f1ola S\u00edndrome de Charge","isPartOf":{"@id":"https:\/\/sindromecharge.es\/#website"},"datePublished":"2021-05-12T09:52:17+00:00","author":{"@id":"https:\/\/sindromecharge.es\/#\/schema\/person\/39a60ebe0a2b4d5a11179701e336b039"},"breadcrumb":{"@id":"https:\/\/sindromecharge.es\/index.php\/2021\/05\/12\/conartritis-ayuda-a-las-personas-recien-diagnosticadas-de-una-enfermedad-reumatica-inmunomediada-a-situarse-en-esta-nueva-etapa-de-su-vida\/#breadcrumb"},"inLanguage":"es","potentialAction":[{"@type":"ReadAction","target":["https:\/\/sindromecharge.es\/index.php\/2021\/05\/12\/conartritis-ayuda-a-las-personas-recien-diagnosticadas-de-una-enfermedad-reumatica-inmunomediada-a-situarse-en-esta-nueva-etapa-de-su-vida\/"]}]},{"@type":"BreadcrumbList","@id":"https:\/\/sindromecharge.es\/index.php\/2021\/05\/12\/conartritis-ayuda-a-las-personas-recien-diagnosticadas-de-una-enfermedad-reumatica-inmunomediada-a-situarse-en-esta-nueva-etapa-de-su-vida\/#breadcrumb","itemListElement":[{"@type":"ListItem","position":1,"name":"Portada","item":"https:\/\/sindromecharge.es\/"},{"@type":"ListItem","position":2,"name":"ConArtritis ayuda a las personas reci\u00e9n diagnosticadas de una enfermedad reum\u00e1tica inmunomediada a situarse en esta nueva etapa de su vida"}]},{"@type":"WebSite","@id":"https:\/\/sindromecharge.es\/#website","url":"https:\/\/sindromecharge.es\/","name":"Asociaci\u00f3n Espa\u00f1ola S\u00edndrome de Charge","description":"","potentialAction":[{"@type":"SearchAction","target":{"@type":"EntryPoint","urlTemplate":"https:\/\/sindromecharge.es\/?s={search_term_string}"},"query-input":{"@type":"PropertyValueSpecification","valueRequired":true,"valueName":"search_term_string"}}],"inLanguage":"es"},{"@type":"Person","@id":"https:\/\/sindromecharge.es\/#\/schema\/person\/39a60ebe0a2b4d5a11179701e336b039","name":"Charge","image":{"@type":"ImageObject","inLanguage":"es","@id":"https:\/\/secure.gravatar.com\/avatar\/c3b46e32a0fc3b093a0873fb767bf3293de856293065e84ef06b7ec7a8acfb98?s=96&d=identicon&r=x","url":"https:\/\/secure.gravatar.com\/avatar\/c3b46e32a0fc3b093a0873fb767bf3293de856293065e84ef06b7ec7a8acfb98?s=96&d=identicon&r=x","contentUrl":"https:\/\/secure.gravatar.com\/avatar\/c3b46e32a0fc3b093a0873fb767bf3293de856293065e84ef06b7ec7a8acfb98?s=96&d=identicon&r=x","caption":"Charge"},"url":"https:\/\/sindromecharge.es\/index.php\/author\/admin\/"}]}},"_links":{"self":[{"href":"https:\/\/sindromecharge.es\/index.php\/wp-json\/wp\/v2\/posts\/7153","targetHints":{"allow":["GET"]}}],"collection":[{"href":"https:\/\/sindromecharge.es\/index.php\/wp-json\/wp\/v2\/posts"}],"about":[{"href":"https:\/\/sindromecharge.es\/index.php\/wp-json\/wp\/v2\/types\/post"}],"author":[{"embeddable":true,"href":"https:\/\/sindromecharge.es\/index.php\/wp-json\/wp\/v2\/users\/1"}],"replies":[{"embeddable":true,"href":"https:\/\/sindromecharge.es\/index.php\/wp-json\/wp\/v2\/comments?post=7153"}],"version-history":[{"count":0,"href":"https:\/\/sindromecharge.es\/index.php\/wp-json\/wp\/v2\/posts\/7153\/revisions"}],"wp:attachment":[{"href":"https:\/\/sindromecharge.es\/index.php\/wp-json\/wp\/v2\/media?parent=7153"}],"wp:term":[{"taxonomy":"category","embeddable":true,"href":"https:\/\/sindromecharge.es\/index.php\/wp-json\/wp\/v2\/categories?post=7153"},{"taxonomy":"post_tag","embeddable":true,"href":"https:\/\/sindromecharge.es\/index.php\/wp-json\/wp\/v2\/tags?post=7153"}],"curies":[{"name":"wp","href":"https:\/\/api.w.org\/{rel}","templated":true}]}}