{"id":7152,"date":"2021-05-12T08:38:01","date_gmt":"2021-05-12T08:38:01","guid":{"rendered":"https:\/\/sindromecharge.es\/index.php\/2021\/05\/12\/nos-adherimos-al-dia-mundial-de-la-fibromialgia-sfc-y-sqm\/"},"modified":"2021-05-12T08:38:01","modified_gmt":"2021-05-12T08:38:01","slug":"nos-adherimos-al-dia-mundial-de-la-fibromialgia-sfc-y-sqm","status":"publish","type":"post","link":"https:\/\/sindromecharge.es\/index.php\/2021\/05\/12\/nos-adherimos-al-dia-mundial-de-la-fibromialgia-sfc-y-sqm\/","title":{"rendered":"Nos adherimos al D\u00eda Mundial de la Fibromialgia, SFC y SQM"},"content":{"rendered":"<p>Leemos en FEDER la siguiente noticia que os reproducimos de forma \u00edntegra: <\/p>\n<p>&nbsp;<\/p>\n<p>El 12 de mayo se celebra el D\u00eda Mundial de la Fibromialgia, el S\u00edndrome de Fatiga Cr\u00f3nica y el S\u00edndrome de Sensibilidad Qu\u00edmica M\u00faltiple. Desde FEDER, nos sumamos a este d\u00eda con el fin de apoyar a quienes conviven con FM, SFC y SQM, ayudar a la sensibilizaci\u00f3n y dar visibilidad a este grupo de patolog\u00edas.<\/p>\n<p>El S\u00edndrome de la Fatiga Cr\u00f3nica- Encefalomielitis Mi\u00e1lgica (SFC-EM) es una enfermedad neuro-endocrino-inmunol\u00f3gica, que implica un importante desarreglo bioqu\u00edmico, causa una gran fatiga f\u00edsica y mental que no se alivia con descanso y produce, entre otros s\u00edntomas: faringitis o amigdalitis y otras infecciones cr\u00f3nicas, n\u00f3dulos linf\u00e1ticos sensibles, mialgias, artralgias, cefaleas, alteraci\u00f3n del sue\u00f1o y malestar que persiste m\u00e1s de veinticuatro horas despu\u00e9s de un esfuerzo (&#8230;)<\/p>\n<p>En la enfermedad de las Sensibilidades Qu\u00edmicas M\u00faltiples la persona afectada pierde la tolerancia a sustancias qu\u00edmicas presentes en el medio ambiente y que habitualmente son toleradas por otras personas. Por eso se considera una patolog\u00eda de \u201cdosis bajas\u201d. Esta patolog\u00eda se desencadena en personas con una predisposici\u00f3n gen\u00e9tica similar a la de la FM y el SFC a partir de la exposici\u00f3n a sustancias qu\u00edmicas, casi siempre en concentraciones que no son consideradas t\u00f3xicas por la toxicolog\u00eda cl\u00e1sicas. Los s\u00edntomas de las SQM pueden ser desde leves hasta graves y discapacitantes.<\/p>\n<p>La fibromialgia es una enfermedad invalidante y cr\u00f3nica, caracterizada principalmente por dolor constante generalizado acompa\u00f1ado de fatiga y otros s\u00edntomas que os detallamos m\u00e1s adelante. Esta enfermedad radica en un mal funcionamiento de los sistemas nervioso, inmunol\u00f3gico y endocrino y tiene un fuerte componente bio-psico-social.<\/p>\n<p>Desde FEDER aplaudimos la labor del teijdo asociativo vinculado a estas patolog\u00edas ya que, gracias a su labor se consigue mejorar la calidad de vida del colectivo y garantizar el bienestar de pacientes y familiares. Todo ello es gracias a su labor vinculada a la orientaci\u00f3n, informaci\u00f3n, defensa de derechos y sensibilizaci\u00f3n social. Todo ello es gracias a la Associaci\u00f3 d&#8217; Afectats per Productes Qu\u00edmics i Radiacions Ambientals, a la Asociaci\u00f3n de Afectados por SFC y por el S\u00edndrome de Sensibilidad Qu\u00edmica M\u00faltiple de Madrid y a la Asociaci\u00f3n SQAMB Sensibilidad Qu\u00edmica y Ambiental M\u00faltiple Baleares.<\/p>\n<p>Adem\u00e1s, con motivo de esta jornada, la Asociaci\u00f3n SFC-SQM Madrid prepara unos \u00abencuentros con&#8230;\u00bb para hablar sobre estas patolog\u00edas a trav\u00e9s de la experiencia de profesionales.<\/p>\n<p>\u00daltima actualizaci\u00f3n 12\/05\/2021<\/p>\n<p>&nbsp;<\/p>\n<p>Fuente: FEDER <a href=\"https:\/\/enfermedades-raras.org\/index.php\/actualidad\/noticias-eventos\/2-feder\/15339-nos-adherimos-al-d%C3%ADa-mundial-de-la-fibromialgia%2C-sfc-y-sqm\" target=\"_blank\" rel=\"noopener\">Nos adherimos al D\u00eda Mundial de la Fibromialgia, SFC y SQM<\/a><\/p>\n","protected":false},"excerpt":{"rendered":"<p>Leemos en FEDER la siguiente noticia que os reproducimos de forma \u00edntegra: &nbsp; El 12 de mayo se celebra el D\u00eda Mundial de la Fibromialgia, el S\u00edndrome de Fatiga Cr\u00f3nica y el S\u00edndrome de Sensibilidad Qu\u00edmica M\u00faltiple. Desde FEDER, nos sumamos a este d\u00eda con el fin de apoyar a quienes conviven con FM, SFC [&hellip;]<\/p>\n","protected":false},"author":1,"featured_media":0,"comment_status":"open","ping_status":"closed","sticky":false,"template":"","format":"standard","meta":{"footnotes":""},"categories":[8],"tags":[36],"class_list":["post-7152","post","type-post","status-publish","format-standard","hentry","category-noticias","tag-enfermedades-raras"],"yoast_head":"<!-- This site is optimized with the Yoast SEO plugin v27.5 - https:\/\/yoast.com\/product\/yoast-seo-wordpress\/ -->\n<title>Nos adherimos al D\u00eda Mundial de la Fibromialgia, SFC y SQM - Asociaci\u00f3n Espa\u00f1ola S\u00edndrome de Charge<\/title>\n<meta name=\"robots\" content=\"index, follow, max-snippet:-1, max-image-preview:large, max-video-preview:-1\" \/>\n<link rel=\"canonical\" href=\"https:\/\/sindromecharge.es\/index.php\/2021\/05\/12\/nos-adherimos-al-dia-mundial-de-la-fibromialgia-sfc-y-sqm\/\" \/>\n<meta property=\"og:locale\" content=\"es_ES\" \/>\n<meta property=\"og:type\" content=\"article\" \/>\n<meta property=\"og:title\" content=\"Nos adherimos al D\u00eda Mundial de la Fibromialgia, SFC y SQM - Asociaci\u00f3n Espa\u00f1ola S\u00edndrome de Charge\" \/>\n<meta property=\"og:description\" content=\"Leemos en FEDER la siguiente noticia que os reproducimos de forma \u00edntegra: &nbsp; El 12 de mayo se celebra el D\u00eda Mundial de la Fibromialgia, el S\u00edndrome de Fatiga Cr\u00f3nica y el S\u00edndrome de Sensibilidad Qu\u00edmica M\u00faltiple. Desde FEDER, nos sumamos a este d\u00eda con el fin de apoyar a quienes conviven con FM, SFC [&hellip;]\" \/>\n<meta property=\"og:url\" content=\"https:\/\/sindromecharge.es\/index.php\/2021\/05\/12\/nos-adherimos-al-dia-mundial-de-la-fibromialgia-sfc-y-sqm\/\" \/>\n<meta property=\"og:site_name\" content=\"Asociaci\u00f3n Espa\u00f1ola S\u00edndrome de Charge\" \/>\n<meta property=\"article:publisher\" content=\"https:\/\/www.facebook.com\/asociacionsindromecharge\" \/>\n<meta property=\"article:published_time\" content=\"2021-05-12T08:38:01+00:00\" \/>\n<meta property=\"og:image\" content=\"https:\/\/sindromecharge.es\/wp-content\/uploads\/2013\/09\/logodecharge300x98.png\" \/>\n\t<meta property=\"og:image:width\" content=\"300\" \/>\n\t<meta property=\"og:image:height\" content=\"98\" \/>\n\t<meta property=\"og:image:type\" content=\"image\/png\" \/>\n<meta name=\"author\" content=\"Charge\" \/>\n<meta name=\"twitter:card\" content=\"summary_large_image\" \/>\n<meta name=\"twitter:creator\" content=\"@sindromecharge\" \/>\n<meta name=\"twitter:site\" content=\"@sindromecharge\" \/>\n<meta name=\"twitter:label1\" content=\"Escrito por\" \/>\n\t<meta name=\"twitter:data1\" content=\"Charge\" \/>\n\t<meta name=\"twitter:label2\" content=\"Tiempo de lectura\" \/>\n\t<meta name=\"twitter:data2\" content=\"2 minutos\" \/>\n<script type=\"application\/ld+json\" class=\"yoast-schema-graph\">{\"@context\":\"https:\\\/\\\/schema.org\",\"@graph\":[{\"@type\":\"Article\",\"@id\":\"https:\\\/\\\/sindromecharge.es\\\/index.php\\\/2021\\\/05\\\/12\\\/nos-adherimos-al-dia-mundial-de-la-fibromialgia-sfc-y-sqm\\\/#article\",\"isPartOf\":{\"@id\":\"https:\\\/\\\/sindromecharge.es\\\/index.php\\\/2021\\\/05\\\/12\\\/nos-adherimos-al-dia-mundial-de-la-fibromialgia-sfc-y-sqm\\\/\"},\"author\":{\"name\":\"Charge\",\"@id\":\"https:\\\/\\\/sindromecharge.es\\\/#\\\/schema\\\/person\\\/39a60ebe0a2b4d5a11179701e336b039\"},\"headline\":\"Nos adherimos al D\u00eda Mundial de la Fibromialgia, SFC y SQM\",\"datePublished\":\"2021-05-12T08:38:01+00:00\",\"mainEntityOfPage\":{\"@id\":\"https:\\\/\\\/sindromecharge.es\\\/index.php\\\/2021\\\/05\\\/12\\\/nos-adherimos-al-dia-mundial-de-la-fibromialgia-sfc-y-sqm\\\/\"},\"wordCount\":479,\"commentCount\":0,\"keywords\":[\"enfermedades raras\"],\"articleSection\":[\"noticias\"],\"inLanguage\":\"es\",\"potentialAction\":[{\"@type\":\"CommentAction\",\"name\":\"Comment\",\"target\":[\"https:\\\/\\\/sindromecharge.es\\\/index.php\\\/2021\\\/05\\\/12\\\/nos-adherimos-al-dia-mundial-de-la-fibromialgia-sfc-y-sqm\\\/#respond\"]}]},{\"@type\":\"WebPage\",\"@id\":\"https:\\\/\\\/sindromecharge.es\\\/index.php\\\/2021\\\/05\\\/12\\\/nos-adherimos-al-dia-mundial-de-la-fibromialgia-sfc-y-sqm\\\/\",\"url\":\"https:\\\/\\\/sindromecharge.es\\\/index.php\\\/2021\\\/05\\\/12\\\/nos-adherimos-al-dia-mundial-de-la-fibromialgia-sfc-y-sqm\\\/\",\"name\":\"Nos adherimos al D\u00eda Mundial de la Fibromialgia, SFC y SQM - Asociaci\u00f3n Espa\u00f1ola S\u00edndrome de Charge\",\"isPartOf\":{\"@id\":\"https:\\\/\\\/sindromecharge.es\\\/#website\"},\"datePublished\":\"2021-05-12T08:38:01+00:00\",\"author\":{\"@id\":\"https:\\\/\\\/sindromecharge.es\\\/#\\\/schema\\\/person\\\/39a60ebe0a2b4d5a11179701e336b039\"},\"breadcrumb\":{\"@id\":\"https:\\\/\\\/sindromecharge.es\\\/index.php\\\/2021\\\/05\\\/12\\\/nos-adherimos-al-dia-mundial-de-la-fibromialgia-sfc-y-sqm\\\/#breadcrumb\"},\"inLanguage\":\"es\",\"potentialAction\":[{\"@type\":\"ReadAction\",\"target\":[\"https:\\\/\\\/sindromecharge.es\\\/index.php\\\/2021\\\/05\\\/12\\\/nos-adherimos-al-dia-mundial-de-la-fibromialgia-sfc-y-sqm\\\/\"]}]},{\"@type\":\"BreadcrumbList\",\"@id\":\"https:\\\/\\\/sindromecharge.es\\\/index.php\\\/2021\\\/05\\\/12\\\/nos-adherimos-al-dia-mundial-de-la-fibromialgia-sfc-y-sqm\\\/#breadcrumb\",\"itemListElement\":[{\"@type\":\"ListItem\",\"position\":1,\"name\":\"Portada\",\"item\":\"https:\\\/\\\/sindromecharge.es\\\/\"},{\"@type\":\"ListItem\",\"position\":2,\"name\":\"Nos adherimos al D\u00eda Mundial de la Fibromialgia, SFC y SQM\"}]},{\"@type\":\"WebSite\",\"@id\":\"https:\\\/\\\/sindromecharge.es\\\/#website\",\"url\":\"https:\\\/\\\/sindromecharge.es\\\/\",\"name\":\"Asociaci\u00f3n Espa\u00f1ola S\u00edndrome de Charge\",\"description\":\"\",\"potentialAction\":[{\"@type\":\"SearchAction\",\"target\":{\"@type\":\"EntryPoint\",\"urlTemplate\":\"https:\\\/\\\/sindromecharge.es\\\/?s={search_term_string}\"},\"query-input\":{\"@type\":\"PropertyValueSpecification\",\"valueRequired\":true,\"valueName\":\"search_term_string\"}}],\"inLanguage\":\"es\"},{\"@type\":\"Person\",\"@id\":\"https:\\\/\\\/sindromecharge.es\\\/#\\\/schema\\\/person\\\/39a60ebe0a2b4d5a11179701e336b039\",\"name\":\"Charge\",\"image\":{\"@type\":\"ImageObject\",\"inLanguage\":\"es\",\"@id\":\"https:\\\/\\\/secure.gravatar.com\\\/avatar\\\/c3b46e32a0fc3b093a0873fb767bf3293de856293065e84ef06b7ec7a8acfb98?s=96&d=identicon&r=x\",\"url\":\"https:\\\/\\\/secure.gravatar.com\\\/avatar\\\/c3b46e32a0fc3b093a0873fb767bf3293de856293065e84ef06b7ec7a8acfb98?s=96&d=identicon&r=x\",\"contentUrl\":\"https:\\\/\\\/secure.gravatar.com\\\/avatar\\\/c3b46e32a0fc3b093a0873fb767bf3293de856293065e84ef06b7ec7a8acfb98?s=96&d=identicon&r=x\",\"caption\":\"Charge\"},\"url\":\"https:\\\/\\\/sindromecharge.es\\\/index.php\\\/author\\\/admin\\\/\"}]}<\/script>\n<!-- \/ Yoast SEO plugin. -->","yoast_head_json":{"title":"Nos adherimos al D\u00eda Mundial de la Fibromialgia, SFC y SQM - Asociaci\u00f3n Espa\u00f1ola S\u00edndrome de Charge","robots":{"index":"index","follow":"follow","max-snippet":"max-snippet:-1","max-image-preview":"max-image-preview:large","max-video-preview":"max-video-preview:-1"},"canonical":"https:\/\/sindromecharge.es\/index.php\/2021\/05\/12\/nos-adherimos-al-dia-mundial-de-la-fibromialgia-sfc-y-sqm\/","og_locale":"es_ES","og_type":"article","og_title":"Nos adherimos al D\u00eda Mundial de la Fibromialgia, SFC y SQM - Asociaci\u00f3n Espa\u00f1ola S\u00edndrome de Charge","og_description":"Leemos en FEDER la siguiente noticia que os reproducimos de forma \u00edntegra: &nbsp; El 12 de mayo se celebra el D\u00eda Mundial de la Fibromialgia, el S\u00edndrome de Fatiga Cr\u00f3nica y el S\u00edndrome de Sensibilidad Qu\u00edmica M\u00faltiple. Desde FEDER, nos sumamos a este d\u00eda con el fin de apoyar a quienes conviven con FM, SFC [&hellip;]","og_url":"https:\/\/sindromecharge.es\/index.php\/2021\/05\/12\/nos-adherimos-al-dia-mundial-de-la-fibromialgia-sfc-y-sqm\/","og_site_name":"Asociaci\u00f3n Espa\u00f1ola S\u00edndrome de Charge","article_publisher":"https:\/\/www.facebook.com\/asociacionsindromecharge","article_published_time":"2021-05-12T08:38:01+00:00","og_image":[{"width":300,"height":98,"url":"https:\/\/sindromecharge.es\/wp-content\/uploads\/2013\/09\/logodecharge300x98.png","type":"image\/png"}],"author":"Charge","twitter_card":"summary_large_image","twitter_creator":"@sindromecharge","twitter_site":"@sindromecharge","twitter_misc":{"Escrito por":"Charge","Tiempo de lectura":"2 minutos"},"schema":{"@context":"https:\/\/schema.org","@graph":[{"@type":"Article","@id":"https:\/\/sindromecharge.es\/index.php\/2021\/05\/12\/nos-adherimos-al-dia-mundial-de-la-fibromialgia-sfc-y-sqm\/#article","isPartOf":{"@id":"https:\/\/sindromecharge.es\/index.php\/2021\/05\/12\/nos-adherimos-al-dia-mundial-de-la-fibromialgia-sfc-y-sqm\/"},"author":{"name":"Charge","@id":"https:\/\/sindromecharge.es\/#\/schema\/person\/39a60ebe0a2b4d5a11179701e336b039"},"headline":"Nos adherimos al D\u00eda Mundial de la Fibromialgia, SFC y SQM","datePublished":"2021-05-12T08:38:01+00:00","mainEntityOfPage":{"@id":"https:\/\/sindromecharge.es\/index.php\/2021\/05\/12\/nos-adherimos-al-dia-mundial-de-la-fibromialgia-sfc-y-sqm\/"},"wordCount":479,"commentCount":0,"keywords":["enfermedades raras"],"articleSection":["noticias"],"inLanguage":"es","potentialAction":[{"@type":"CommentAction","name":"Comment","target":["https:\/\/sindromecharge.es\/index.php\/2021\/05\/12\/nos-adherimos-al-dia-mundial-de-la-fibromialgia-sfc-y-sqm\/#respond"]}]},{"@type":"WebPage","@id":"https:\/\/sindromecharge.es\/index.php\/2021\/05\/12\/nos-adherimos-al-dia-mundial-de-la-fibromialgia-sfc-y-sqm\/","url":"https:\/\/sindromecharge.es\/index.php\/2021\/05\/12\/nos-adherimos-al-dia-mundial-de-la-fibromialgia-sfc-y-sqm\/","name":"Nos adherimos al D\u00eda Mundial de la Fibromialgia, SFC y SQM - Asociaci\u00f3n Espa\u00f1ola S\u00edndrome de Charge","isPartOf":{"@id":"https:\/\/sindromecharge.es\/#website"},"datePublished":"2021-05-12T08:38:01+00:00","author":{"@id":"https:\/\/sindromecharge.es\/#\/schema\/person\/39a60ebe0a2b4d5a11179701e336b039"},"breadcrumb":{"@id":"https:\/\/sindromecharge.es\/index.php\/2021\/05\/12\/nos-adherimos-al-dia-mundial-de-la-fibromialgia-sfc-y-sqm\/#breadcrumb"},"inLanguage":"es","potentialAction":[{"@type":"ReadAction","target":["https:\/\/sindromecharge.es\/index.php\/2021\/05\/12\/nos-adherimos-al-dia-mundial-de-la-fibromialgia-sfc-y-sqm\/"]}]},{"@type":"BreadcrumbList","@id":"https:\/\/sindromecharge.es\/index.php\/2021\/05\/12\/nos-adherimos-al-dia-mundial-de-la-fibromialgia-sfc-y-sqm\/#breadcrumb","itemListElement":[{"@type":"ListItem","position":1,"name":"Portada","item":"https:\/\/sindromecharge.es\/"},{"@type":"ListItem","position":2,"name":"Nos adherimos al D\u00eda Mundial de la Fibromialgia, SFC y SQM"}]},{"@type":"WebSite","@id":"https:\/\/sindromecharge.es\/#website","url":"https:\/\/sindromecharge.es\/","name":"Asociaci\u00f3n Espa\u00f1ola S\u00edndrome de Charge","description":"","potentialAction":[{"@type":"SearchAction","target":{"@type":"EntryPoint","urlTemplate":"https:\/\/sindromecharge.es\/?s={search_term_string}"},"query-input":{"@type":"PropertyValueSpecification","valueRequired":true,"valueName":"search_term_string"}}],"inLanguage":"es"},{"@type":"Person","@id":"https:\/\/sindromecharge.es\/#\/schema\/person\/39a60ebe0a2b4d5a11179701e336b039","name":"Charge","image":{"@type":"ImageObject","inLanguage":"es","@id":"https:\/\/secure.gravatar.com\/avatar\/c3b46e32a0fc3b093a0873fb767bf3293de856293065e84ef06b7ec7a8acfb98?s=96&d=identicon&r=x","url":"https:\/\/secure.gravatar.com\/avatar\/c3b46e32a0fc3b093a0873fb767bf3293de856293065e84ef06b7ec7a8acfb98?s=96&d=identicon&r=x","contentUrl":"https:\/\/secure.gravatar.com\/avatar\/c3b46e32a0fc3b093a0873fb767bf3293de856293065e84ef06b7ec7a8acfb98?s=96&d=identicon&r=x","caption":"Charge"},"url":"https:\/\/sindromecharge.es\/index.php\/author\/admin\/"}]}},"_links":{"self":[{"href":"https:\/\/sindromecharge.es\/index.php\/wp-json\/wp\/v2\/posts\/7152","targetHints":{"allow":["GET"]}}],"collection":[{"href":"https:\/\/sindromecharge.es\/index.php\/wp-json\/wp\/v2\/posts"}],"about":[{"href":"https:\/\/sindromecharge.es\/index.php\/wp-json\/wp\/v2\/types\/post"}],"author":[{"embeddable":true,"href":"https:\/\/sindromecharge.es\/index.php\/wp-json\/wp\/v2\/users\/1"}],"replies":[{"embeddable":true,"href":"https:\/\/sindromecharge.es\/index.php\/wp-json\/wp\/v2\/comments?post=7152"}],"version-history":[{"count":0,"href":"https:\/\/sindromecharge.es\/index.php\/wp-json\/wp\/v2\/posts\/7152\/revisions"}],"wp:attachment":[{"href":"https:\/\/sindromecharge.es\/index.php\/wp-json\/wp\/v2\/media?parent=7152"}],"wp:term":[{"taxonomy":"category","embeddable":true,"href":"https:\/\/sindromecharge.es\/index.php\/wp-json\/wp\/v2\/categories?post=7152"},{"taxonomy":"post_tag","embeddable":true,"href":"https:\/\/sindromecharge.es\/index.php\/wp-json\/wp\/v2\/tags?post=7152"}],"curies":[{"name":"wp","href":"https:\/\/api.w.org\/{rel}","templated":true}]}}