{"id":7151,"date":"2021-05-12T07:04:52","date_gmt":"2021-05-12T07:04:52","guid":{"rendered":"https:\/\/sindromecharge.es\/index.php\/2021\/05\/12\/reconocemos-la-labor-del-personal-de-enfermeria-en-su-dia-internacional\/"},"modified":"2021-05-12T07:04:52","modified_gmt":"2021-05-12T07:04:52","slug":"reconocemos-la-labor-del-personal-de-enfermeria-en-su-dia-internacional","status":"publish","type":"post","link":"https:\/\/sindromecharge.es\/index.php\/2021\/05\/12\/reconocemos-la-labor-del-personal-de-enfermeria-en-su-dia-internacional\/","title":{"rendered":"Reconocemos la labor del personal de enfermer\u00eda en su D\u00eda Internacional"},"content":{"rendered":"<p>Leemos en FEDER la siguiente noticia que os reproducimos de forma \u00edntegra: <\/p>\n<p><p>Hoy se celebra el D\u00eda Internacional de la Enfermer\u00eda y la Federaci\u00f3n Espa\u00f1ola de Enfermedades Raras (FEDER) se une para aplaudir y reconocer la labor diaria que realiza el personal de enfermer\u00eda para mejorar la calidad de vida de la sociedad, siendo un pilar fundamental para el colectivo de enfermedades poco frecuentes compuesto por m\u00e1s de tres millones de personas que conviven en Espa\u00f1a.<\/p>\n<p>La enfermer\u00eda juega un papel fundamental en el abordaje de las enfermedades poco frecuentes ya que, prestan servicios especializados que garantizan el bienestar de pacientes y familiares, facilitan informaci\u00f3n sobre la patolog\u00eda al colectivo para un correcto abordaje y garantizan la accesibilidad a la atenci\u00f3n y cuidados diarios. Adem\u00e1s, contribuyen a la investigaci\u00f3n ya que, contribuyen activamente en el impulso de esta, trasladando su experiencia y conocimiento.<\/p>\n<p>\u201cToda la familia FEDER queremos dar las gracias a todas las personas que dedican su vida a la enfermer\u00eda, sobre todo, en estos momentos en lo que est\u00e1n en primera l\u00ednea haciendo frente a la COVID-19. Adem\u00e1s, siempre han estado al lado de nuestro colectivo, involucr\u00e1ndose directamente en el abordaje de las patolog\u00edas y en proyectos como nuestra iniciativa \u201cAcogER + Enfermera\u201d afirma Juan Carri\u00f3n, presidente de FEDER y su Fundaci\u00f3n.<\/p>\n<p>Y es que, desde 2019, la Federaci\u00f3n y el Consejo General de Enfermer\u00eda trabaja en coordinaci\u00f3n a trav\u00e9s del proyecto \u2018AcogER+Enfermera\u2019, con el que personal de enfermer\u00eda acoge en sus casas, de manera temporal o definitiva, a menores que se encuentran en un centro de acogida y que, adem\u00e1s, conviven con una enfermedad poco frecuente.<\/p>\n<p>A lo largo de estos dos a\u00f1os, m\u00e1s de 30 profesionales han participado en esta iniciativa, realizando un acogimiento familiar de menores con enfermedades raras, repercutiendo de manera positiva en el d\u00eda a d\u00eda de estos j\u00f3venes, ya que a trav\u00e9s de sus conocimientos se mejora su desarrollo. Adem\u00e1s, esta acci\u00f3n ha continuado durante la pandemia, momento en el que estos menores se han posicionado como un colectivo especialmente vulnerable.<\/p>\n<p>\u201cM\u00e1s all\u00e1 de la problem\u00e1tica com\u00fan de su enfermedad, se han tenido que enfrentar a miedo, incertidumbre y soledad ante una situaci\u00f3n nueva como es la pandemia. Ante esto, el personal de enfermer\u00eda se ha posicionado como un pilar fundamental, proporcion\u00e1ndoles cari\u00f1o, compa\u00f1\u00eda, pero, sobre todo, una correcta atenci\u00f3n y seguimiento de su patolog\u00eda\u201d explica Carri\u00f3n.<\/p>\n<p><span style=\"font-size: 12pt\">Un minuto de silencio como homenaje en el D\u00eda Internacional<\/span><\/p>\n<p>El Consejo General de Enfermer\u00eda, con motivo del D\u00eda Internacional, ha programado un minuto de silencio el 12 de mayo a las 12:00 de la ma\u00f1ana como homenaje a todos los sanitarios fallecidos por la COVID-19 y a los que contin\u00faan luchando contra la pandemia. Esta acci\u00f3n se desarrollar\u00e1 en puertas de hospitales, centros de salud, residencias, edificios oficiales y comercios.<\/p>\n<p>Esta acci\u00f3n, se enmarca dentro de su campa\u00f1a \u2018Somos enfermeras\u2019 que tiene como objetivo visibilizar y dar el reconocimiento que merece el personal sanitario, quienes no dudaron en hacer frente a la COVID-19 y contin\u00faan trabajando con el objetivo de cuidar diariamente a la sociedad.<\/p>\n<p>\u00daltima actualizaci\u00f3n 12\/05\/2021<\/p>\n<p>\u202f<\/p>\n<p>\u202f<\/p>\n<\/p>\n<p>Fuente: FEDER <a href=\"https:\/\/enfermedades-raras.org\/index.php\/actualidad\/noticias-eventos\/2-feder\/15337-reconocemos-la-labor-del-personal-de-enfermer%C3%ADa-en-su-d%C3%ADa-internacional\" target=\"_blank\" rel=\"noopener\">Reconocemos la labor del personal de enfermer\u00eda en su D\u00eda Internacional<\/a><\/p>\n","protected":false},"excerpt":{"rendered":"<p>Leemos en FEDER la siguiente noticia que os reproducimos de forma \u00edntegra: Hoy se celebra el D\u00eda Internacional de la Enfermer\u00eda y la Federaci\u00f3n Espa\u00f1ola de Enfermedades Raras (FEDER) se une para aplaudir y reconocer la labor diaria que realiza el personal de enfermer\u00eda para mejorar la calidad de vida de la sociedad, siendo un [&hellip;]<\/p>\n","protected":false},"author":1,"featured_media":0,"comment_status":"open","ping_status":"closed","sticky":false,"template":"","format":"standard","meta":{"footnotes":""},"categories":[8],"tags":[36],"class_list":["post-7151","post","type-post","status-publish","format-standard","hentry","category-noticias","tag-enfermedades-raras"],"yoast_head":"<!-- This site is optimized with the Yoast SEO plugin v27.5 - https:\/\/yoast.com\/product\/yoast-seo-wordpress\/ -->\n<title>Reconocemos la labor del personal de enfermer\u00eda en su D\u00eda Internacional - Asociaci\u00f3n Espa\u00f1ola S\u00edndrome de Charge<\/title>\n<meta name=\"robots\" content=\"index, follow, max-snippet:-1, max-image-preview:large, max-video-preview:-1\" \/>\n<link rel=\"canonical\" href=\"https:\/\/sindromecharge.es\/index.php\/2021\/05\/12\/reconocemos-la-labor-del-personal-de-enfermeria-en-su-dia-internacional\/\" \/>\n<meta property=\"og:locale\" content=\"es_ES\" \/>\n<meta property=\"og:type\" content=\"article\" \/>\n<meta property=\"og:title\" content=\"Reconocemos la labor del personal de enfermer\u00eda en su D\u00eda Internacional - Asociaci\u00f3n Espa\u00f1ola S\u00edndrome de Charge\" \/>\n<meta property=\"og:description\" content=\"Leemos en FEDER la siguiente noticia que os reproducimos de forma \u00edntegra: Hoy se celebra el D\u00eda Internacional de la Enfermer\u00eda y la Federaci\u00f3n Espa\u00f1ola de Enfermedades Raras (FEDER) se une para aplaudir y reconocer la labor diaria que realiza el personal de enfermer\u00eda para mejorar la calidad de vida de la sociedad, siendo un [&hellip;]\" \/>\n<meta property=\"og:url\" content=\"https:\/\/sindromecharge.es\/index.php\/2021\/05\/12\/reconocemos-la-labor-del-personal-de-enfermeria-en-su-dia-internacional\/\" \/>\n<meta property=\"og:site_name\" content=\"Asociaci\u00f3n Espa\u00f1ola S\u00edndrome de Charge\" \/>\n<meta property=\"article:publisher\" content=\"https:\/\/www.facebook.com\/asociacionsindromecharge\" \/>\n<meta property=\"article:published_time\" content=\"2021-05-12T07:04:52+00:00\" \/>\n<meta property=\"og:image\" content=\"https:\/\/sindromecharge.es\/wp-content\/uploads\/2013\/09\/logodecharge300x98.png\" \/>\n\t<meta property=\"og:image:width\" content=\"300\" \/>\n\t<meta property=\"og:image:height\" content=\"98\" \/>\n\t<meta property=\"og:image:type\" content=\"image\/png\" \/>\n<meta name=\"author\" content=\"Charge\" \/>\n<meta name=\"twitter:card\" content=\"summary_large_image\" \/>\n<meta name=\"twitter:creator\" content=\"@sindromecharge\" \/>\n<meta name=\"twitter:site\" content=\"@sindromecharge\" \/>\n<meta name=\"twitter:label1\" content=\"Escrito por\" \/>\n\t<meta name=\"twitter:data1\" content=\"Charge\" \/>\n\t<meta name=\"twitter:label2\" content=\"Tiempo de lectura\" \/>\n\t<meta name=\"twitter:data2\" content=\"3 minutos\" \/>\n<script type=\"application\/ld+json\" class=\"yoast-schema-graph\">{\"@context\":\"https:\\\/\\\/schema.org\",\"@graph\":[{\"@type\":\"Article\",\"@id\":\"https:\\\/\\\/sindromecharge.es\\\/index.php\\\/2021\\\/05\\\/12\\\/reconocemos-la-labor-del-personal-de-enfermeria-en-su-dia-internacional\\\/#article\",\"isPartOf\":{\"@id\":\"https:\\\/\\\/sindromecharge.es\\\/index.php\\\/2021\\\/05\\\/12\\\/reconocemos-la-labor-del-personal-de-enfermeria-en-su-dia-internacional\\\/\"},\"author\":{\"name\":\"Charge\",\"@id\":\"https:\\\/\\\/sindromecharge.es\\\/#\\\/schema\\\/person\\\/39a60ebe0a2b4d5a11179701e336b039\"},\"headline\":\"Reconocemos la labor del personal de enfermer\u00eda en su D\u00eda Internacional\",\"datePublished\":\"2021-05-12T07:04:52+00:00\",\"mainEntityOfPage\":{\"@id\":\"https:\\\/\\\/sindromecharge.es\\\/index.php\\\/2021\\\/05\\\/12\\\/reconocemos-la-labor-del-personal-de-enfermeria-en-su-dia-internacional\\\/\"},\"wordCount\":593,\"commentCount\":0,\"keywords\":[\"enfermedades raras\"],\"articleSection\":[\"noticias\"],\"inLanguage\":\"es\",\"potentialAction\":[{\"@type\":\"CommentAction\",\"name\":\"Comment\",\"target\":[\"https:\\\/\\\/sindromecharge.es\\\/index.php\\\/2021\\\/05\\\/12\\\/reconocemos-la-labor-del-personal-de-enfermeria-en-su-dia-internacional\\\/#respond\"]}]},{\"@type\":\"WebPage\",\"@id\":\"https:\\\/\\\/sindromecharge.es\\\/index.php\\\/2021\\\/05\\\/12\\\/reconocemos-la-labor-del-personal-de-enfermeria-en-su-dia-internacional\\\/\",\"url\":\"https:\\\/\\\/sindromecharge.es\\\/index.php\\\/2021\\\/05\\\/12\\\/reconocemos-la-labor-del-personal-de-enfermeria-en-su-dia-internacional\\\/\",\"name\":\"Reconocemos la labor del personal de enfermer\u00eda en su D\u00eda Internacional - Asociaci\u00f3n Espa\u00f1ola S\u00edndrome de Charge\",\"isPartOf\":{\"@id\":\"https:\\\/\\\/sindromecharge.es\\\/#website\"},\"datePublished\":\"2021-05-12T07:04:52+00:00\",\"author\":{\"@id\":\"https:\\\/\\\/sindromecharge.es\\\/#\\\/schema\\\/person\\\/39a60ebe0a2b4d5a11179701e336b039\"},\"breadcrumb\":{\"@id\":\"https:\\\/\\\/sindromecharge.es\\\/index.php\\\/2021\\\/05\\\/12\\\/reconocemos-la-labor-del-personal-de-enfermeria-en-su-dia-internacional\\\/#breadcrumb\"},\"inLanguage\":\"es\",\"potentialAction\":[{\"@type\":\"ReadAction\",\"target\":[\"https:\\\/\\\/sindromecharge.es\\\/index.php\\\/2021\\\/05\\\/12\\\/reconocemos-la-labor-del-personal-de-enfermeria-en-su-dia-internacional\\\/\"]}]},{\"@type\":\"BreadcrumbList\",\"@id\":\"https:\\\/\\\/sindromecharge.es\\\/index.php\\\/2021\\\/05\\\/12\\\/reconocemos-la-labor-del-personal-de-enfermeria-en-su-dia-internacional\\\/#breadcrumb\",\"itemListElement\":[{\"@type\":\"ListItem\",\"position\":1,\"name\":\"Portada\",\"item\":\"https:\\\/\\\/sindromecharge.es\\\/\"},{\"@type\":\"ListItem\",\"position\":2,\"name\":\"Reconocemos la labor del personal de enfermer\u00eda en su D\u00eda Internacional\"}]},{\"@type\":\"WebSite\",\"@id\":\"https:\\\/\\\/sindromecharge.es\\\/#website\",\"url\":\"https:\\\/\\\/sindromecharge.es\\\/\",\"name\":\"Asociaci\u00f3n Espa\u00f1ola S\u00edndrome de Charge\",\"description\":\"\",\"potentialAction\":[{\"@type\":\"SearchAction\",\"target\":{\"@type\":\"EntryPoint\",\"urlTemplate\":\"https:\\\/\\\/sindromecharge.es\\\/?s={search_term_string}\"},\"query-input\":{\"@type\":\"PropertyValueSpecification\",\"valueRequired\":true,\"valueName\":\"search_term_string\"}}],\"inLanguage\":\"es\"},{\"@type\":\"Person\",\"@id\":\"https:\\\/\\\/sindromecharge.es\\\/#\\\/schema\\\/person\\\/39a60ebe0a2b4d5a11179701e336b039\",\"name\":\"Charge\",\"image\":{\"@type\":\"ImageObject\",\"inLanguage\":\"es\",\"@id\":\"https:\\\/\\\/secure.gravatar.com\\\/avatar\\\/c3b46e32a0fc3b093a0873fb767bf3293de856293065e84ef06b7ec7a8acfb98?s=96&d=identicon&r=x\",\"url\":\"https:\\\/\\\/secure.gravatar.com\\\/avatar\\\/c3b46e32a0fc3b093a0873fb767bf3293de856293065e84ef06b7ec7a8acfb98?s=96&d=identicon&r=x\",\"contentUrl\":\"https:\\\/\\\/secure.gravatar.com\\\/avatar\\\/c3b46e32a0fc3b093a0873fb767bf3293de856293065e84ef06b7ec7a8acfb98?s=96&d=identicon&r=x\",\"caption\":\"Charge\"},\"url\":\"https:\\\/\\\/sindromecharge.es\\\/index.php\\\/author\\\/admin\\\/\"}]}<\/script>\n<!-- \/ Yoast SEO plugin. -->","yoast_head_json":{"title":"Reconocemos la labor del personal de enfermer\u00eda en su D\u00eda Internacional - Asociaci\u00f3n Espa\u00f1ola S\u00edndrome de Charge","robots":{"index":"index","follow":"follow","max-snippet":"max-snippet:-1","max-image-preview":"max-image-preview:large","max-video-preview":"max-video-preview:-1"},"canonical":"https:\/\/sindromecharge.es\/index.php\/2021\/05\/12\/reconocemos-la-labor-del-personal-de-enfermeria-en-su-dia-internacional\/","og_locale":"es_ES","og_type":"article","og_title":"Reconocemos la labor del personal de enfermer\u00eda en su D\u00eda Internacional - Asociaci\u00f3n Espa\u00f1ola S\u00edndrome de Charge","og_description":"Leemos en FEDER la siguiente noticia que os reproducimos de forma \u00edntegra: Hoy se celebra el D\u00eda Internacional de la Enfermer\u00eda y la Federaci\u00f3n Espa\u00f1ola de Enfermedades Raras (FEDER) se une para aplaudir y reconocer la labor diaria que realiza el personal de enfermer\u00eda para mejorar la calidad de vida de la sociedad, siendo un [&hellip;]","og_url":"https:\/\/sindromecharge.es\/index.php\/2021\/05\/12\/reconocemos-la-labor-del-personal-de-enfermeria-en-su-dia-internacional\/","og_site_name":"Asociaci\u00f3n Espa\u00f1ola S\u00edndrome de Charge","article_publisher":"https:\/\/www.facebook.com\/asociacionsindromecharge","article_published_time":"2021-05-12T07:04:52+00:00","og_image":[{"width":300,"height":98,"url":"https:\/\/sindromecharge.es\/wp-content\/uploads\/2013\/09\/logodecharge300x98.png","type":"image\/png"}],"author":"Charge","twitter_card":"summary_large_image","twitter_creator":"@sindromecharge","twitter_site":"@sindromecharge","twitter_misc":{"Escrito por":"Charge","Tiempo de lectura":"3 minutos"},"schema":{"@context":"https:\/\/schema.org","@graph":[{"@type":"Article","@id":"https:\/\/sindromecharge.es\/index.php\/2021\/05\/12\/reconocemos-la-labor-del-personal-de-enfermeria-en-su-dia-internacional\/#article","isPartOf":{"@id":"https:\/\/sindromecharge.es\/index.php\/2021\/05\/12\/reconocemos-la-labor-del-personal-de-enfermeria-en-su-dia-internacional\/"},"author":{"name":"Charge","@id":"https:\/\/sindromecharge.es\/#\/schema\/person\/39a60ebe0a2b4d5a11179701e336b039"},"headline":"Reconocemos la labor del personal de enfermer\u00eda en su D\u00eda Internacional","datePublished":"2021-05-12T07:04:52+00:00","mainEntityOfPage":{"@id":"https:\/\/sindromecharge.es\/index.php\/2021\/05\/12\/reconocemos-la-labor-del-personal-de-enfermeria-en-su-dia-internacional\/"},"wordCount":593,"commentCount":0,"keywords":["enfermedades raras"],"articleSection":["noticias"],"inLanguage":"es","potentialAction":[{"@type":"CommentAction","name":"Comment","target":["https:\/\/sindromecharge.es\/index.php\/2021\/05\/12\/reconocemos-la-labor-del-personal-de-enfermeria-en-su-dia-internacional\/#respond"]}]},{"@type":"WebPage","@id":"https:\/\/sindromecharge.es\/index.php\/2021\/05\/12\/reconocemos-la-labor-del-personal-de-enfermeria-en-su-dia-internacional\/","url":"https:\/\/sindromecharge.es\/index.php\/2021\/05\/12\/reconocemos-la-labor-del-personal-de-enfermeria-en-su-dia-internacional\/","name":"Reconocemos la labor del personal de enfermer\u00eda en su D\u00eda Internacional - Asociaci\u00f3n Espa\u00f1ola S\u00edndrome de Charge","isPartOf":{"@id":"https:\/\/sindromecharge.es\/#website"},"datePublished":"2021-05-12T07:04:52+00:00","author":{"@id":"https:\/\/sindromecharge.es\/#\/schema\/person\/39a60ebe0a2b4d5a11179701e336b039"},"breadcrumb":{"@id":"https:\/\/sindromecharge.es\/index.php\/2021\/05\/12\/reconocemos-la-labor-del-personal-de-enfermeria-en-su-dia-internacional\/#breadcrumb"},"inLanguage":"es","potentialAction":[{"@type":"ReadAction","target":["https:\/\/sindromecharge.es\/index.php\/2021\/05\/12\/reconocemos-la-labor-del-personal-de-enfermeria-en-su-dia-internacional\/"]}]},{"@type":"BreadcrumbList","@id":"https:\/\/sindromecharge.es\/index.php\/2021\/05\/12\/reconocemos-la-labor-del-personal-de-enfermeria-en-su-dia-internacional\/#breadcrumb","itemListElement":[{"@type":"ListItem","position":1,"name":"Portada","item":"https:\/\/sindromecharge.es\/"},{"@type":"ListItem","position":2,"name":"Reconocemos la labor del personal de enfermer\u00eda en su D\u00eda Internacional"}]},{"@type":"WebSite","@id":"https:\/\/sindromecharge.es\/#website","url":"https:\/\/sindromecharge.es\/","name":"Asociaci\u00f3n Espa\u00f1ola S\u00edndrome de Charge","description":"","potentialAction":[{"@type":"SearchAction","target":{"@type":"EntryPoint","urlTemplate":"https:\/\/sindromecharge.es\/?s={search_term_string}"},"query-input":{"@type":"PropertyValueSpecification","valueRequired":true,"valueName":"search_term_string"}}],"inLanguage":"es"},{"@type":"Person","@id":"https:\/\/sindromecharge.es\/#\/schema\/person\/39a60ebe0a2b4d5a11179701e336b039","name":"Charge","image":{"@type":"ImageObject","inLanguage":"es","@id":"https:\/\/secure.gravatar.com\/avatar\/c3b46e32a0fc3b093a0873fb767bf3293de856293065e84ef06b7ec7a8acfb98?s=96&d=identicon&r=x","url":"https:\/\/secure.gravatar.com\/avatar\/c3b46e32a0fc3b093a0873fb767bf3293de856293065e84ef06b7ec7a8acfb98?s=96&d=identicon&r=x","contentUrl":"https:\/\/secure.gravatar.com\/avatar\/c3b46e32a0fc3b093a0873fb767bf3293de856293065e84ef06b7ec7a8acfb98?s=96&d=identicon&r=x","caption":"Charge"},"url":"https:\/\/sindromecharge.es\/index.php\/author\/admin\/"}]}},"_links":{"self":[{"href":"https:\/\/sindromecharge.es\/index.php\/wp-json\/wp\/v2\/posts\/7151","targetHints":{"allow":["GET"]}}],"collection":[{"href":"https:\/\/sindromecharge.es\/index.php\/wp-json\/wp\/v2\/posts"}],"about":[{"href":"https:\/\/sindromecharge.es\/index.php\/wp-json\/wp\/v2\/types\/post"}],"author":[{"embeddable":true,"href":"https:\/\/sindromecharge.es\/index.php\/wp-json\/wp\/v2\/users\/1"}],"replies":[{"embeddable":true,"href":"https:\/\/sindromecharge.es\/index.php\/wp-json\/wp\/v2\/comments?post=7151"}],"version-history":[{"count":0,"href":"https:\/\/sindromecharge.es\/index.php\/wp-json\/wp\/v2\/posts\/7151\/revisions"}],"wp:attachment":[{"href":"https:\/\/sindromecharge.es\/index.php\/wp-json\/wp\/v2\/media?parent=7151"}],"wp:term":[{"taxonomy":"category","embeddable":true,"href":"https:\/\/sindromecharge.es\/index.php\/wp-json\/wp\/v2\/categories?post=7151"},{"taxonomy":"post_tag","embeddable":true,"href":"https:\/\/sindromecharge.es\/index.php\/wp-json\/wp\/v2\/tags?post=7151"}],"curies":[{"name":"wp","href":"https:\/\/api.w.org\/{rel}","templated":true}]}}