{"id":7149,"date":"2021-05-11T07:40:46","date_gmt":"2021-05-11T07:40:46","guid":{"rendered":"https:\/\/sindromecharge.es\/index.php\/2021\/05\/11\/elevamos-al-congreso-la-necesidad-de-tomar-medidas-urgentes-para-que-personas-con-er-se-vacunen-frente-a-la-covid-19\/"},"modified":"2021-05-11T07:40:46","modified_gmt":"2021-05-11T07:40:46","slug":"elevamos-al-congreso-la-necesidad-de-tomar-medidas-urgentes-para-que-personas-con-er-se-vacunen-frente-a-la-covid-19","status":"publish","type":"post","link":"https:\/\/sindromecharge.es\/index.php\/2021\/05\/11\/elevamos-al-congreso-la-necesidad-de-tomar-medidas-urgentes-para-que-personas-con-er-se-vacunen-frente-a-la-covid-19\/","title":{"rendered":"Elevamos al Congreso la necesidad de tomar medidas urgentes para que personas con ER se vacunen frente a la COVID-19"},"content":{"rendered":"<p>Leemos en FEDER la siguiente noticia que os reproducimos de forma \u00edntegra: <\/p>\n<p><b>\u00bbJuan Carri\u00f3n, presidente de nuestra Federaci\u00f3n y Fundaci\u00f3n, ha comparecido ante la Comisi\u00f3n de Sanidad del Congreso de los Diputados para trasladar las preocupaciones actuales del colectivo: vacunaci\u00f3n, investigaci\u00f3n, diagn\u00f3stico, tratamiento y atenci\u00f3n.<\/b><\/p>\n<p><b>\u00bb La Estrategia de vacunaci\u00f3n ha integrado a personas vulnerables como las trasplantadas o con enfermedades oncohematol\u00f3gicas, una noticia que celebramos. Instamos a dar continuidad a este paso para cubrir a este colectivo, as\u00ed como a sus cuidadores.<\/b><\/p>\n<p><b>\u00bb \u00abComo viene ocurriendo hist\u00f3ricamente, los criterios de la Estrategia se fundamentan en criterios basados en la experiencia, pero en nuestro colectivo es muy dif\u00edcil contar con ella. De ah\u00ed que sea fundamental contar con esta perspectiva en la pr\u00f3xima actualizaci\u00f3n\u00bb ha subrayado Carri\u00f3n.<\/b><\/p>\n<p><b>\u00bb Adem\u00e1s, \u00abdesde FEDER tenemos constancia de algunas Comunidades Aut\u00f3nomas s\u00ed est\u00e1n integrando en la vacunaci\u00f3n a cuidadores, pero se constatan situaciones en las que es necesaria una mayor equidad\u00bb.<\/b><\/p>\n<p>Nota de prensa: La Federaci\u00f3n Espa\u00f1ola de Enfermedades Raras (FEDER) ha elevado al Congreso de los Diputados la necesidad de tomar medidas urgentes hacia el acceso a las vacunas frente al COVID-19 por parte de quienes conviven con estas patolog\u00edas, adem\u00e1s de sus dificultades hist\u00f3ricas en el acceso a la innovaci\u00f3n en el diagn\u00f3stico y tratamiento de las enfermedades raras.<\/p>\n<p>Lo ha hecho a trav\u00e9s de la comparecencia de Juan Carri\u00f3n, presidente de FEDER y su Fundaci\u00f3n, ante la Comisi\u00f3n de Sanidad y Consumo, que ha estado representada por Rosa Mar\u00eda Romero S\u00e1nchez (G. Popular), presidenta, Mar\u00eda Teresa Angulo Romero (G. Popular), secretaria segunda, Elvira Velasco (G. Popular) portavoz, I\u00f1aki Ruiz de Pinedo Undiano (GEH Bildu), portavoz, Antonio Salv\u00e1 Verd (GVOX), portavoz adjunto. y Carmen Andr\u00e9s A\u00f1\u00f3n (G. Socialista), portavoz adjunta.<\/p>\n<p>Entre las necesidades m\u00e1s urgentes, FEDER ha trasladado la preocupaci\u00f3n existente respecto a la Estrategia de Vacunaci\u00f3n frente a la COVID-19. Desde el inicio de la Estrategia, desde FEDER, \u00abhemos trasladado desde el inicio esta problem\u00e1tica de forma directa a los \u00f3rganos del Ministerio y de las Comunidades Aut\u00f3nomas. Sin embargo, las \u00faltimas actualizaciones a\u00fan no contemplan nuestra realidad\u00bb explica el presidente de FEDER.<\/p>\n<p>Y es que, si bien ha integrado a personas vulnerables como las trasplantadas o con enfermedades oncohematol\u00f3gicas en sus \u00faltimas actualizaciones, \u00abes necesario dar continuidad a este paso para cubrir a quienes conviven comorbilidades y enfermedades raras especialmente sensibles a los efectos adversos y consecuencias de la COVID-19\u00bb ha resumido Carri\u00f3n.<br \/>\nEn este sentido, ha aludido a los criterios establecidos en el informe desarrollado por los expertos de las Redes Europeas de Referencia, que han proporcionado orientaci\u00f3n espec\u00edfica sobre las enfermedades raras y los grupos de patolog\u00edas que deben priorizarse en los planes de implementaci\u00f3n de vacunas de los diferentes pa\u00edses.<\/p>\n<p><h3>Vulnerabilidad m\u00e1s all\u00e1 de la edad<\/h3>\n<p>Ahora, \u00aben un momento en que se est\u00e1 consiguiendo vacunar a las personas con m\u00e1s riesgo que son nuestros mayores, quiz\u00e1 sea el momento de ampliar la estrategia m\u00e1s all\u00e1 del criterio de edad, tomando en especial consideraci\u00f3n a colectivos especialmente vulnerables como el nuestro\u00bb ha subrayado el presidente de FEDER.<\/p>\n<p>En este sentido, adem\u00e1s, Carri\u00f3n ha recordado ante los parlamentarios que en enfermedades raras generar evidencia es muy dif\u00edcil dada su baja prevalencia. Es decir, \u00abcomo viene ocurriendo hist\u00f3ricamente, los criterios de la Estrategia se fundamentan en criterios basados en la experiencia, pero en nuestro colectivo es muy dif\u00edcil contar con ella. De ah\u00ed que sea fundamental contar con esta perspectiva en la pr\u00f3xima actualizaci\u00f3n\u00bb ha concluido.<\/p>\n<p><h3>Heterogeneidad en la vacunaci\u00f3n a figuras de cuidado<\/h3>\n<p>La organizaci\u00f3n contin\u00faa insistiendo en esta necesidad a la par que incide en la importancia de garantizar un entorno seguro para el paciente, sobre todo para aquellos menores que no pueden optar a la vacunaci\u00f3n. En este sentido, \u00abqueremos incidir en que es fundamental proteger a las figuras de cuidado, que ofrecen una labor muy dif\u00edcil de sustituir\u00bb, en palabras de Carri\u00f3n. <\/p>\n<p>\u00abDesde FEDER tenemos constancia de algunas Comunidades Aut\u00f3nomas s\u00ed est\u00e1n integrando en la vacunaci\u00f3n a cuidadores, pero se constatan situaciones en las que es necesaria una mayor equidad\u00bb ha recordado Carri\u00f3n. De ah\u00ed que la estrategia de incidencia pol\u00edtica se haya ce\u00f1ido a las Consejer\u00edas de Sanidad en el marco de sus competencias.<\/p>\n<p>\u00daltima actualizaci\u00f3n: 11\/05\/2021.<\/p>\n<p>Fuente: FEDER <a href=\"https:\/\/enfermedades-raras.org\/index.php\/actualidad\/noticias-eventos\/2-feder\/15334-elevamos-al-congreso-la-necesidad-de-tomar-medidas-urgentes-para-que-personas-con-er-se-vacunen-frente-a-la-covid-19\" target=\"_blank\" rel=\"noopener\">Elevamos al Congreso la necesidad de tomar medidas urgentes para que personas con ER se vacunen frente a la COVID-19<\/a><\/p>\n","protected":false},"excerpt":{"rendered":"<p>Leemos en FEDER la siguiente noticia que os reproducimos de forma \u00edntegra: \u00bbJuan Carri\u00f3n, presidente de nuestra Federaci\u00f3n y Fundaci\u00f3n, ha comparecido ante la Comisi\u00f3n de Sanidad del Congreso de los Diputados para trasladar las preocupaciones actuales del colectivo: vacunaci\u00f3n, investigaci\u00f3n, diagn\u00f3stico, tratamiento y atenci\u00f3n. \u00bb La Estrategia de vacunaci\u00f3n ha integrado a personas vulnerables [&hellip;]<\/p>\n","protected":false},"author":1,"featured_media":0,"comment_status":"open","ping_status":"closed","sticky":false,"template":"","format":"standard","meta":{"footnotes":""},"categories":[8],"tags":[36],"class_list":["post-7149","post","type-post","status-publish","format-standard","hentry","category-noticias","tag-enfermedades-raras"],"yoast_head":"<!-- This site is optimized with the Yoast SEO plugin v27.5 - https:\/\/yoast.com\/product\/yoast-seo-wordpress\/ -->\n<title>Elevamos al Congreso la necesidad de tomar medidas urgentes para que personas con ER se vacunen frente a la COVID-19 - Asociaci\u00f3n Espa\u00f1ola S\u00edndrome de Charge<\/title>\n<meta name=\"robots\" content=\"index, follow, max-snippet:-1, max-image-preview:large, max-video-preview:-1\" \/>\n<link rel=\"canonical\" href=\"https:\/\/sindromecharge.es\/index.php\/2021\/05\/11\/elevamos-al-congreso-la-necesidad-de-tomar-medidas-urgentes-para-que-personas-con-er-se-vacunen-frente-a-la-covid-19\/\" \/>\n<meta property=\"og:locale\" content=\"es_ES\" \/>\n<meta property=\"og:type\" content=\"article\" \/>\n<meta property=\"og:title\" content=\"Elevamos al Congreso la necesidad de tomar medidas urgentes para que personas con ER se vacunen frente a la COVID-19 - Asociaci\u00f3n Espa\u00f1ola S\u00edndrome de Charge\" \/>\n<meta property=\"og:description\" content=\"Leemos en FEDER la siguiente noticia que os reproducimos de forma \u00edntegra: \u00bbJuan Carri\u00f3n, presidente de nuestra Federaci\u00f3n y Fundaci\u00f3n, ha comparecido ante la Comisi\u00f3n de Sanidad del Congreso de los Diputados para trasladar las preocupaciones actuales del colectivo: vacunaci\u00f3n, investigaci\u00f3n, diagn\u00f3stico, tratamiento y atenci\u00f3n. \u00bb La Estrategia de vacunaci\u00f3n ha integrado a personas vulnerables [&hellip;]\" \/>\n<meta property=\"og:url\" content=\"https:\/\/sindromecharge.es\/index.php\/2021\/05\/11\/elevamos-al-congreso-la-necesidad-de-tomar-medidas-urgentes-para-que-personas-con-er-se-vacunen-frente-a-la-covid-19\/\" \/>\n<meta property=\"og:site_name\" content=\"Asociaci\u00f3n Espa\u00f1ola S\u00edndrome de Charge\" \/>\n<meta property=\"article:publisher\" content=\"https:\/\/www.facebook.com\/asociacionsindromecharge\" \/>\n<meta property=\"article:published_time\" content=\"2021-05-11T07:40:46+00:00\" \/>\n<meta property=\"og:image\" content=\"https:\/\/sindromecharge.es\/wp-content\/uploads\/2013\/09\/logodecharge300x98.png\" \/>\n\t<meta property=\"og:image:width\" content=\"300\" \/>\n\t<meta property=\"og:image:height\" content=\"98\" \/>\n\t<meta property=\"og:image:type\" content=\"image\/png\" \/>\n<meta name=\"author\" content=\"Charge\" \/>\n<meta name=\"twitter:card\" content=\"summary_large_image\" \/>\n<meta name=\"twitter:creator\" content=\"@sindromecharge\" \/>\n<meta name=\"twitter:site\" content=\"@sindromecharge\" \/>\n<meta name=\"twitter:label1\" content=\"Escrito por\" \/>\n\t<meta name=\"twitter:data1\" content=\"Charge\" \/>\n\t<meta name=\"twitter:label2\" content=\"Tiempo de lectura\" \/>\n\t<meta name=\"twitter:data2\" content=\"4 minutos\" \/>\n<script type=\"application\/ld+json\" class=\"yoast-schema-graph\">{\"@context\":\"https:\\\/\\\/schema.org\",\"@graph\":[{\"@type\":\"Article\",\"@id\":\"https:\\\/\\\/sindromecharge.es\\\/index.php\\\/2021\\\/05\\\/11\\\/elevamos-al-congreso-la-necesidad-de-tomar-medidas-urgentes-para-que-personas-con-er-se-vacunen-frente-a-la-covid-19\\\/#article\",\"isPartOf\":{\"@id\":\"https:\\\/\\\/sindromecharge.es\\\/index.php\\\/2021\\\/05\\\/11\\\/elevamos-al-congreso-la-necesidad-de-tomar-medidas-urgentes-para-que-personas-con-er-se-vacunen-frente-a-la-covid-19\\\/\"},\"author\":{\"name\":\"Charge\",\"@id\":\"https:\\\/\\\/sindromecharge.es\\\/#\\\/schema\\\/person\\\/39a60ebe0a2b4d5a11179701e336b039\"},\"headline\":\"Elevamos al Congreso la necesidad de tomar medidas urgentes para que personas con ER se vacunen frente a la COVID-19\",\"datePublished\":\"2021-05-11T07:40:46+00:00\",\"mainEntityOfPage\":{\"@id\":\"https:\\\/\\\/sindromecharge.es\\\/index.php\\\/2021\\\/05\\\/11\\\/elevamos-al-congreso-la-necesidad-de-tomar-medidas-urgentes-para-que-personas-con-er-se-vacunen-frente-a-la-covid-19\\\/\"},\"wordCount\":815,\"commentCount\":0,\"keywords\":[\"enfermedades raras\"],\"articleSection\":[\"noticias\"],\"inLanguage\":\"es\",\"potentialAction\":[{\"@type\":\"CommentAction\",\"name\":\"Comment\",\"target\":[\"https:\\\/\\\/sindromecharge.es\\\/index.php\\\/2021\\\/05\\\/11\\\/elevamos-al-congreso-la-necesidad-de-tomar-medidas-urgentes-para-que-personas-con-er-se-vacunen-frente-a-la-covid-19\\\/#respond\"]}]},{\"@type\":\"WebPage\",\"@id\":\"https:\\\/\\\/sindromecharge.es\\\/index.php\\\/2021\\\/05\\\/11\\\/elevamos-al-congreso-la-necesidad-de-tomar-medidas-urgentes-para-que-personas-con-er-se-vacunen-frente-a-la-covid-19\\\/\",\"url\":\"https:\\\/\\\/sindromecharge.es\\\/index.php\\\/2021\\\/05\\\/11\\\/elevamos-al-congreso-la-necesidad-de-tomar-medidas-urgentes-para-que-personas-con-er-se-vacunen-frente-a-la-covid-19\\\/\",\"name\":\"Elevamos al Congreso la necesidad de tomar medidas urgentes para que personas con ER se vacunen frente a la COVID-19 - Asociaci\u00f3n Espa\u00f1ola S\u00edndrome de Charge\",\"isPartOf\":{\"@id\":\"https:\\\/\\\/sindromecharge.es\\\/#website\"},\"datePublished\":\"2021-05-11T07:40:46+00:00\",\"author\":{\"@id\":\"https:\\\/\\\/sindromecharge.es\\\/#\\\/schema\\\/person\\\/39a60ebe0a2b4d5a11179701e336b039\"},\"breadcrumb\":{\"@id\":\"https:\\\/\\\/sindromecharge.es\\\/index.php\\\/2021\\\/05\\\/11\\\/elevamos-al-congreso-la-necesidad-de-tomar-medidas-urgentes-para-que-personas-con-er-se-vacunen-frente-a-la-covid-19\\\/#breadcrumb\"},\"inLanguage\":\"es\",\"potentialAction\":[{\"@type\":\"ReadAction\",\"target\":[\"https:\\\/\\\/sindromecharge.es\\\/index.php\\\/2021\\\/05\\\/11\\\/elevamos-al-congreso-la-necesidad-de-tomar-medidas-urgentes-para-que-personas-con-er-se-vacunen-frente-a-la-covid-19\\\/\"]}]},{\"@type\":\"BreadcrumbList\",\"@id\":\"https:\\\/\\\/sindromecharge.es\\\/index.php\\\/2021\\\/05\\\/11\\\/elevamos-al-congreso-la-necesidad-de-tomar-medidas-urgentes-para-que-personas-con-er-se-vacunen-frente-a-la-covid-19\\\/#breadcrumb\",\"itemListElement\":[{\"@type\":\"ListItem\",\"position\":1,\"name\":\"Portada\",\"item\":\"https:\\\/\\\/sindromecharge.es\\\/\"},{\"@type\":\"ListItem\",\"position\":2,\"name\":\"Elevamos al Congreso la necesidad de tomar medidas urgentes para que personas con ER se vacunen frente a la COVID-19\"}]},{\"@type\":\"WebSite\",\"@id\":\"https:\\\/\\\/sindromecharge.es\\\/#website\",\"url\":\"https:\\\/\\\/sindromecharge.es\\\/\",\"name\":\"Asociaci\u00f3n Espa\u00f1ola S\u00edndrome de Charge\",\"description\":\"\",\"potentialAction\":[{\"@type\":\"SearchAction\",\"target\":{\"@type\":\"EntryPoint\",\"urlTemplate\":\"https:\\\/\\\/sindromecharge.es\\\/?s={search_term_string}\"},\"query-input\":{\"@type\":\"PropertyValueSpecification\",\"valueRequired\":true,\"valueName\":\"search_term_string\"}}],\"inLanguage\":\"es\"},{\"@type\":\"Person\",\"@id\":\"https:\\\/\\\/sindromecharge.es\\\/#\\\/schema\\\/person\\\/39a60ebe0a2b4d5a11179701e336b039\",\"name\":\"Charge\",\"image\":{\"@type\":\"ImageObject\",\"inLanguage\":\"es\",\"@id\":\"https:\\\/\\\/secure.gravatar.com\\\/avatar\\\/c3b46e32a0fc3b093a0873fb767bf3293de856293065e84ef06b7ec7a8acfb98?s=96&d=identicon&r=x\",\"url\":\"https:\\\/\\\/secure.gravatar.com\\\/avatar\\\/c3b46e32a0fc3b093a0873fb767bf3293de856293065e84ef06b7ec7a8acfb98?s=96&d=identicon&r=x\",\"contentUrl\":\"https:\\\/\\\/secure.gravatar.com\\\/avatar\\\/c3b46e32a0fc3b093a0873fb767bf3293de856293065e84ef06b7ec7a8acfb98?s=96&d=identicon&r=x\",\"caption\":\"Charge\"},\"url\":\"https:\\\/\\\/sindromecharge.es\\\/index.php\\\/author\\\/admin\\\/\"}]}<\/script>\n<!-- \/ Yoast SEO plugin. -->","yoast_head_json":{"title":"Elevamos al Congreso la necesidad de tomar medidas urgentes para que personas con ER se vacunen frente a la COVID-19 - Asociaci\u00f3n Espa\u00f1ola S\u00edndrome de Charge","robots":{"index":"index","follow":"follow","max-snippet":"max-snippet:-1","max-image-preview":"max-image-preview:large","max-video-preview":"max-video-preview:-1"},"canonical":"https:\/\/sindromecharge.es\/index.php\/2021\/05\/11\/elevamos-al-congreso-la-necesidad-de-tomar-medidas-urgentes-para-que-personas-con-er-se-vacunen-frente-a-la-covid-19\/","og_locale":"es_ES","og_type":"article","og_title":"Elevamos al Congreso la necesidad de tomar medidas urgentes para que personas con ER se vacunen frente a la COVID-19 - Asociaci\u00f3n Espa\u00f1ola S\u00edndrome de Charge","og_description":"Leemos en FEDER la siguiente noticia que os reproducimos de forma \u00edntegra: \u00bbJuan Carri\u00f3n, presidente de nuestra Federaci\u00f3n y Fundaci\u00f3n, ha comparecido ante la Comisi\u00f3n de Sanidad del Congreso de los Diputados para trasladar las preocupaciones actuales del colectivo: vacunaci\u00f3n, investigaci\u00f3n, diagn\u00f3stico, tratamiento y atenci\u00f3n. \u00bb La Estrategia de vacunaci\u00f3n ha integrado a personas vulnerables [&hellip;]","og_url":"https:\/\/sindromecharge.es\/index.php\/2021\/05\/11\/elevamos-al-congreso-la-necesidad-de-tomar-medidas-urgentes-para-que-personas-con-er-se-vacunen-frente-a-la-covid-19\/","og_site_name":"Asociaci\u00f3n Espa\u00f1ola S\u00edndrome de Charge","article_publisher":"https:\/\/www.facebook.com\/asociacionsindromecharge","article_published_time":"2021-05-11T07:40:46+00:00","og_image":[{"width":300,"height":98,"url":"https:\/\/sindromecharge.es\/wp-content\/uploads\/2013\/09\/logodecharge300x98.png","type":"image\/png"}],"author":"Charge","twitter_card":"summary_large_image","twitter_creator":"@sindromecharge","twitter_site":"@sindromecharge","twitter_misc":{"Escrito por":"Charge","Tiempo de lectura":"4 minutos"},"schema":{"@context":"https:\/\/schema.org","@graph":[{"@type":"Article","@id":"https:\/\/sindromecharge.es\/index.php\/2021\/05\/11\/elevamos-al-congreso-la-necesidad-de-tomar-medidas-urgentes-para-que-personas-con-er-se-vacunen-frente-a-la-covid-19\/#article","isPartOf":{"@id":"https:\/\/sindromecharge.es\/index.php\/2021\/05\/11\/elevamos-al-congreso-la-necesidad-de-tomar-medidas-urgentes-para-que-personas-con-er-se-vacunen-frente-a-la-covid-19\/"},"author":{"name":"Charge","@id":"https:\/\/sindromecharge.es\/#\/schema\/person\/39a60ebe0a2b4d5a11179701e336b039"},"headline":"Elevamos al Congreso la necesidad de tomar medidas urgentes para que personas con ER se vacunen frente a la COVID-19","datePublished":"2021-05-11T07:40:46+00:00","mainEntityOfPage":{"@id":"https:\/\/sindromecharge.es\/index.php\/2021\/05\/11\/elevamos-al-congreso-la-necesidad-de-tomar-medidas-urgentes-para-que-personas-con-er-se-vacunen-frente-a-la-covid-19\/"},"wordCount":815,"commentCount":0,"keywords":["enfermedades raras"],"articleSection":["noticias"],"inLanguage":"es","potentialAction":[{"@type":"CommentAction","name":"Comment","target":["https:\/\/sindromecharge.es\/index.php\/2021\/05\/11\/elevamos-al-congreso-la-necesidad-de-tomar-medidas-urgentes-para-que-personas-con-er-se-vacunen-frente-a-la-covid-19\/#respond"]}]},{"@type":"WebPage","@id":"https:\/\/sindromecharge.es\/index.php\/2021\/05\/11\/elevamos-al-congreso-la-necesidad-de-tomar-medidas-urgentes-para-que-personas-con-er-se-vacunen-frente-a-la-covid-19\/","url":"https:\/\/sindromecharge.es\/index.php\/2021\/05\/11\/elevamos-al-congreso-la-necesidad-de-tomar-medidas-urgentes-para-que-personas-con-er-se-vacunen-frente-a-la-covid-19\/","name":"Elevamos al Congreso la necesidad de tomar medidas urgentes para que personas con ER se vacunen frente a la COVID-19 - Asociaci\u00f3n Espa\u00f1ola S\u00edndrome de Charge","isPartOf":{"@id":"https:\/\/sindromecharge.es\/#website"},"datePublished":"2021-05-11T07:40:46+00:00","author":{"@id":"https:\/\/sindromecharge.es\/#\/schema\/person\/39a60ebe0a2b4d5a11179701e336b039"},"breadcrumb":{"@id":"https:\/\/sindromecharge.es\/index.php\/2021\/05\/11\/elevamos-al-congreso-la-necesidad-de-tomar-medidas-urgentes-para-que-personas-con-er-se-vacunen-frente-a-la-covid-19\/#breadcrumb"},"inLanguage":"es","potentialAction":[{"@type":"ReadAction","target":["https:\/\/sindromecharge.es\/index.php\/2021\/05\/11\/elevamos-al-congreso-la-necesidad-de-tomar-medidas-urgentes-para-que-personas-con-er-se-vacunen-frente-a-la-covid-19\/"]}]},{"@type":"BreadcrumbList","@id":"https:\/\/sindromecharge.es\/index.php\/2021\/05\/11\/elevamos-al-congreso-la-necesidad-de-tomar-medidas-urgentes-para-que-personas-con-er-se-vacunen-frente-a-la-covid-19\/#breadcrumb","itemListElement":[{"@type":"ListItem","position":1,"name":"Portada","item":"https:\/\/sindromecharge.es\/"},{"@type":"ListItem","position":2,"name":"Elevamos al Congreso la necesidad de tomar medidas urgentes para que personas con ER se vacunen frente a la COVID-19"}]},{"@type":"WebSite","@id":"https:\/\/sindromecharge.es\/#website","url":"https:\/\/sindromecharge.es\/","name":"Asociaci\u00f3n Espa\u00f1ola S\u00edndrome de Charge","description":"","potentialAction":[{"@type":"SearchAction","target":{"@type":"EntryPoint","urlTemplate":"https:\/\/sindromecharge.es\/?s={search_term_string}"},"query-input":{"@type":"PropertyValueSpecification","valueRequired":true,"valueName":"search_term_string"}}],"inLanguage":"es"},{"@type":"Person","@id":"https:\/\/sindromecharge.es\/#\/schema\/person\/39a60ebe0a2b4d5a11179701e336b039","name":"Charge","image":{"@type":"ImageObject","inLanguage":"es","@id":"https:\/\/secure.gravatar.com\/avatar\/c3b46e32a0fc3b093a0873fb767bf3293de856293065e84ef06b7ec7a8acfb98?s=96&d=identicon&r=x","url":"https:\/\/secure.gravatar.com\/avatar\/c3b46e32a0fc3b093a0873fb767bf3293de856293065e84ef06b7ec7a8acfb98?s=96&d=identicon&r=x","contentUrl":"https:\/\/secure.gravatar.com\/avatar\/c3b46e32a0fc3b093a0873fb767bf3293de856293065e84ef06b7ec7a8acfb98?s=96&d=identicon&r=x","caption":"Charge"},"url":"https:\/\/sindromecharge.es\/index.php\/author\/admin\/"}]}},"_links":{"self":[{"href":"https:\/\/sindromecharge.es\/index.php\/wp-json\/wp\/v2\/posts\/7149","targetHints":{"allow":["GET"]}}],"collection":[{"href":"https:\/\/sindromecharge.es\/index.php\/wp-json\/wp\/v2\/posts"}],"about":[{"href":"https:\/\/sindromecharge.es\/index.php\/wp-json\/wp\/v2\/types\/post"}],"author":[{"embeddable":true,"href":"https:\/\/sindromecharge.es\/index.php\/wp-json\/wp\/v2\/users\/1"}],"replies":[{"embeddable":true,"href":"https:\/\/sindromecharge.es\/index.php\/wp-json\/wp\/v2\/comments?post=7149"}],"version-history":[{"count":0,"href":"https:\/\/sindromecharge.es\/index.php\/wp-json\/wp\/v2\/posts\/7149\/revisions"}],"wp:attachment":[{"href":"https:\/\/sindromecharge.es\/index.php\/wp-json\/wp\/v2\/media?parent=7149"}],"wp:term":[{"taxonomy":"category","embeddable":true,"href":"https:\/\/sindromecharge.es\/index.php\/wp-json\/wp\/v2\/categories?post=7149"},{"taxonomy":"post_tag","embeddable":true,"href":"https:\/\/sindromecharge.es\/index.php\/wp-json\/wp\/v2\/tags?post=7149"}],"curies":[{"name":"wp","href":"https:\/\/api.w.org\/{rel}","templated":true}]}}